{"id":39621,"date":"2023-03-17T12:29:44","date_gmt":"2023-03-17T12:29:44","guid":{"rendered":"https:\/\/www.africa-press.net\/cameroun\/politique\/remember-le-sejour-de-lapiro-de-mbanga-a-la-prison-de-new-bell"},"modified":"2023-03-17T12:43:38","modified_gmt":"2023-03-17T12:43:38","slug":"remember-le-sejour-de-lapiro-de-mbanga-a-la-prison-de-new-bell","status":"publish","type":"post","link":"https:\/\/www.africa-press.net\/cameroun\/politique\/remember-le-sejour-de-lapiro-de-mbanga-a-la-prison-de-new-bell","title":{"rendered":"Remember : Le s\u00e9jour de Lapiro de Mbanga \u00e0 la prison de New Bell"},"content":{"rendered":"<p><span style=\"color: #ff6600\"><strong>Africa-Press &#8211; Cameroun. <\/strong><\/span>Fin 2007, Paul Biya veut amender la Constitution du Cameroun pour faire sauter le verrou de la limitation des mandats. En re\u0301ponse, Lapiro de Mbanga compose la chanson Constitution constipe\u0301e qui, interdite d\u2019antenne, fut reprise lors des manifestations de fe\u0301vrier 2008 contre cet amendement.<\/p>\n<p>Accuse\u0301 d&rsquo;avoir participe\u0301 aux e\u0301meutes de la faim,vLapiro de Mbanga est arre\u0302te\u0301 le 9 avril 2008 et condamne\u0301 a\u0300 trois ans de prison par le Tribunal de Grande Instance. Incarce\u0301re\u0301 a\u0300 la prison de New Bell, a\u0300 Douala, il contracte la fie\u0300vre typhoi\u0308de en de\u0301cembre 2009.<\/p>\n<p>En prison, il re\u0301dige un ouvrage \u00ab Cabale politico judiciaire ou la mort programme\u0301e d\u2019un combattant de la liberte\u0301 \u00bb qui ne trouvera pas d&rsquo;e\u0301diteur avant son de\u0301ce\u0300s.<\/p>\n<p>Il refuse la libe\u0301ration conditionnelle qui lui fu\u0302t propose\u0301e et purge cette peine qui prit fin le 8 avril 2011. Il fut contraint a\u0300 l\u2019exil aux USA ou\u0300 il fut terrasse\u0301 par un cancer . Il est libe\u0301re\u0301 le 8 avril 2011.<\/p>\n<p>Il fut tellement de\u0301c\u0327u par son pays et ses dirigeants qu\u2019avant de mourir, il souhaita e\u0302tre incine\u0301re\u0301 et exigea que ses restes ne soient jamais ramene\u0301s au Cameroun.<\/p>\n<p><strong>Pour plus d&rsquo;informations et d&rsquo;analyses sur la <a href=\"https:\/\/www.africa-press.net\/cameroun\">Cameroun<\/a>, suivez <a href=\"https:\/\/www.africa-press.net\/\">Africa-Press<\/a><\/strong><\/p>\n","protected":false},"excerpt":{"rendered":"<p>Africa-Press &#8211; Cameroun. Fin 2007, Paul Biya veut amender la Constitution du Cameroun pour faire sauter le verrou de la limitation des mandats. En re\u0301ponse, Lapiro de Mbanga compose la chanson Constitution constipe\u0301e qui, interdite d\u2019antenne, fut reprise lors des manifestations de fe\u0301vrier 2008 contre cet amendement. Accuse\u0301 d&rsquo;avoir participe\u0301 aux e\u0301meutes de la faim,vLapiro [&hellip;]<\/p>\n","protected":false},"author":82,"featured_media":39618,"comment_status":"open","ping_status":"closed","sticky":false,"template":"","format":"standard","meta":{"footnotes":""},"categories":[2,10],"tags":[36,50,49],"class_list":["post-39621","post","type-post","status-publish","format-standard","has-post-thumbnail","hentry","category-politique","category-toutes-les-actualites","tag-africa-press","tag-africa-press-cameroun","tag-cameroun"],"yoast_head":"<!-- This site is optimized with the Yoast SEO Premium plugin v26.1 (Yoast SEO v27.0) - https:\/\/yoast.com\/product\/yoast-seo-premium-wordpress\/ -->\n<title>Remember : Le s\u00e9jour de Lapiro de Mbanga \u00e0 la prison de New Bell - Cameroun<\/title>\n<meta name=\"description\" content=\"Fin 2007, Paul Biya veut amender la Constitution du Cameroun pour faire sauter le verrou de la limitation des mandats. E ...\" \/>\n<meta name=\"robots\" content=\"index, follow, max-snippet:-1, max-image-preview:large, max-video-preview:-1\" \/>\n<link rel=\"canonical\" href=\"https:\/\/www.africa-press.net\/cameroun\/politique\/remember-le-sejour-de-lapiro-de-mbanga-a-la-prison-de-new-bell\" \/>\n<meta property=\"og:locale\" content=\"fr_FR\" \/>\n<meta property=\"og:type\" content=\"article\" \/>\n<meta property=\"og:title\" content=\"Remember : Le s\u00e9jour de Lapiro de Mbanga \u00e0 la prison de New Bell\" \/>\n<meta property=\"og:description\" content=\"Fin 2007, Paul Biya veut amender la Constitution du Cameroun pour faire sauter le verrou de la limitation des mandats. E ...\" \/>\n<meta property=\"og:url\" content=\"https:\/\/www.africa-press.net\/cameroun\/politique\/remember-le-sejour-de-lapiro-de-mbanga-a-la-prison-de-new-bell\" \/>\n<meta property=\"og:site_name\" content=\"Cameroun\" \/>\n<meta property=\"article:published_time\" content=\"2023-03-17T12:29:44+00:00\" \/>\n<meta property=\"article:modified_time\" content=\"2023-03-17T12:43:38+00:00\" \/>\n<meta property=\"og:image\" content=\"https:\/\/static.africa-press.net\/cameroun\/sites\/57\/2023\/03\/postQueueImg_1679043588.93.jpg\" \/>\n\t<meta property=\"og:image:width\" content=\"1280\" \/>\n\t<meta property=\"og:image:height\" content=\"720\" \/>\n\t<meta property=\"og:image:type\" content=\"image\/jpeg\" \/>\n<meta name=\"author\" content=\"cfeditorfr\" \/>\n<meta name=\"twitter:card\" content=\"summary_large_image\" \/>\n<meta name=\"twitter:label1\" content=\"\u00c9crit par\" \/>\n\t<meta name=\"twitter:data1\" content=\"cfeditorfr\" \/>\n\t<meta name=\"twitter:label2\" content=\"Dur\u00e9e de lecture estim\u00e9e\" \/>\n\t<meta name=\"twitter:data2\" content=\"1 minute\" \/>\n<script type=\"application\/ld+json\" class=\"yoast-schema-graph\">{\"@context\":\"https:\/\/schema.org\",\"@graph\":[{\"@type\":\"Article\",\"@id\":\"https:\/\/www.africa-press.net\/cameroun\/politique\/remember-le-sejour-de-lapiro-de-mbanga-a-la-prison-de-new-bell#article\",\"isPartOf\":{\"@id\":\"https:\/\/www.africa-press.net\/cameroun\/politique\/remember-le-sejour-de-lapiro-de-mbanga-a-la-prison-de-new-bell\"},\"author\":{\"name\":\"cfeditorfr\",\"@id\":\"https:\/\/www.africa-press.net\/cameroun\/#\/schema\/person\/2b1cf3cd81a31e3cd26889ca66d677f1\"},\"headline\":\"Remember : Le s\u00e9jour de Lapiro de Mbanga \u00e0 la prison de New Bell\",\"datePublished\":\"2023-03-17T12:29:44+00:00\",\"dateModified\":\"2023-03-17T12:43:38+00:00\",\"mainEntityOfPage\":{\"@id\":\"https:\/\/www.africa-press.net\/cameroun\/politique\/remember-le-sejour-de-lapiro-de-mbanga-a-la-prison-de-new-bell\"},\"wordCount\":234,\"commentCount\":0,\"image\":{\"@id\":\"https:\/\/www.africa-press.net\/cameroun\/politique\/remember-le-sejour-de-lapiro-de-mbanga-a-la-prison-de-new-bell#primaryimage\"},\"thumbnailUrl\":\"https:\/\/static.africa-press.net\/cameroun\/sites\/57\/2023\/03\/postQueueImg_1679043588.93.jpg\",\"keywords\":[\"Africa Press\",\"Africa Press-Cameroun\",\"Cameroun\"],\"articleSection\":[\"Politique\",\"Toutes les actualit\u00e9s\"],\"inLanguage\":\"fr-FR\",\"potentialAction\":[{\"@type\":\"CommentAction\",\"name\":\"Comment\",\"target\":[\"https:\/\/www.africa-press.net\/cameroun\/politique\/remember-le-sejour-de-lapiro-de-mbanga-a-la-prison-de-new-bell#respond\"]}]},{\"@type\":\"WebPage\",\"@id\":\"https:\/\/www.africa-press.net\/cameroun\/politique\/remember-le-sejour-de-lapiro-de-mbanga-a-la-prison-de-new-bell\",\"url\":\"https:\/\/www.africa-press.net\/cameroun\/politique\/remember-le-sejour-de-lapiro-de-mbanga-a-la-prison-de-new-bell\",\"name\":\"Remember : Le s\u00e9jour de Lapiro de Mbanga \u00e0 la prison de New Bell - Cameroun\",\"isPartOf\":{\"@id\":\"https:\/\/www.africa-press.net\/cameroun\/#website\"},\"primaryImageOfPage\":{\"@id\":\"https:\/\/www.africa-press.net\/cameroun\/politique\/remember-le-sejour-de-lapiro-de-mbanga-a-la-prison-de-new-bell#primaryimage\"},\"image\":{\"@id\":\"https:\/\/www.africa-press.net\/cameroun\/politique\/remember-le-sejour-de-lapiro-de-mbanga-a-la-prison-de-new-bell#primaryimage\"},\"thumbnailUrl\":\"https:\/\/static.africa-press.net\/cameroun\/sites\/57\/2023\/03\/postQueueImg_1679043588.93.jpg\",\"datePublished\":\"2023-03-17T12:29:44+00:00\",\"dateModified\":\"2023-03-17T12:43:38+00:00\",\"author\":{\"@id\":\"https:\/\/www.africa-press.net\/cameroun\/#\/schema\/person\/2b1cf3cd81a31e3cd26889ca66d677f1\"},\"description\":\"Fin 2007, Paul Biya veut amender la Constitution du Cameroun pour faire sauter le verrou de la limitation des mandats. E ...\",\"breadcrumb\":{\"@id\":\"https:\/\/www.africa-press.net\/cameroun\/politique\/remember-le-sejour-de-lapiro-de-mbanga-a-la-prison-de-new-bell#breadcrumb\"},\"inLanguage\":\"fr-FR\",\"potentialAction\":[{\"@type\":\"ReadAction\",\"target\":[\"https:\/\/www.africa-press.net\/cameroun\/politique\/remember-le-sejour-de-lapiro-de-mbanga-a-la-prison-de-new-bell\"]}]},{\"@type\":\"ImageObject\",\"inLanguage\":\"fr-FR\",\"@id\":\"https:\/\/www.africa-press.net\/cameroun\/politique\/remember-le-sejour-de-lapiro-de-mbanga-a-la-prison-de-new-bell#primaryimage\",\"url\":\"https:\/\/static.africa-press.net\/cameroun\/sites\/57\/2023\/03\/postQueueImg_1679043588.93.jpg\",\"contentUrl\":\"https:\/\/static.africa-press.net\/cameroun\/sites\/57\/2023\/03\/postQueueImg_1679043588.93.jpg\",\"width\":1280,\"height\":720,\"caption\":\"Remember : Le s\u00e9jour de Lapiro de Mbanga \u00e0 la prison de New Bell\"},{\"@type\":\"BreadcrumbList\",\"@id\":\"https:\/\/www.africa-press.net\/cameroun\/politique\/remember-le-sejour-de-lapiro-de-mbanga-a-la-prison-de-new-bell#breadcrumb\",\"itemListElement\":[{\"@type\":\"ListItem\",\"position\":1,\"name\":\"Accueil\",\"item\":\"https:\/\/www.africa-press.net\/cameroun\/\"},{\"@type\":\"ListItem\",\"position\":2,\"name\":\"Remember : Le s\u00e9jour de Lapiro de Mbanga \u00e0 la prison de New Bell\"}]},{\"@type\":\"WebSite\",\"@id\":\"https:\/\/www.africa-press.net\/cameroun\/#website\",\"url\":\"https:\/\/www.africa-press.net\/cameroun\/\",\"name\":\"Cameroun\",\"description\":\"Just another Africa News Agency Sites site\",\"potentialAction\":[{\"@type\":\"SearchAction\",\"target\":{\"@type\":\"EntryPoint\",\"urlTemplate\":\"https:\/\/www.africa-press.net\/cameroun\/?s={search_term_string}\"},\"query-input\":{\"@type\":\"PropertyValueSpecification\",\"valueRequired\":true,\"valueName\":\"search_term_string\"}}],\"inLanguage\":\"fr-FR\"},{\"@type\":\"Person\",\"@id\":\"https:\/\/www.africa-press.net\/cameroun\/#\/schema\/person\/2b1cf3cd81a31e3cd26889ca66d677f1\",\"name\":\"cfeditorfr\"}]}<\/script>\n<!-- \/ Yoast SEO Premium plugin. -->","yoast_head_json":{"title":"Remember : Le s\u00e9jour de Lapiro de Mbanga \u00e0 la prison de New Bell - Cameroun","description":"Fin 2007, Paul Biya veut amender la Constitution du Cameroun pour faire sauter le verrou de la limitation des mandats. E ...","robots":{"index":"index","follow":"follow","max-snippet":"max-snippet:-1","max-image-preview":"max-image-preview:large","max-video-preview":"max-video-preview:-1"},"canonical":"https:\/\/www.africa-press.net\/cameroun\/politique\/remember-le-sejour-de-lapiro-de-mbanga-a-la-prison-de-new-bell","og_locale":"fr_FR","og_type":"article","og_title":"Remember : Le s\u00e9jour de Lapiro de Mbanga \u00e0 la prison de New Bell","og_description":"Fin 2007, Paul Biya veut amender la Constitution du Cameroun pour faire sauter le verrou de la limitation des mandats. E ...","og_url":"https:\/\/www.africa-press.net\/cameroun\/politique\/remember-le-sejour-de-lapiro-de-mbanga-a-la-prison-de-new-bell","og_site_name":"Cameroun","article_published_time":"2023-03-17T12:29:44+00:00","article_modified_time":"2023-03-17T12:43:38+00:00","og_image":[{"width":1280,"height":720,"url":"https:\/\/static.africa-press.net\/cameroun\/sites\/57\/2023\/03\/postQueueImg_1679043588.93.jpg","type":"image\/jpeg"}],"author":"cfeditorfr","twitter_card":"summary_large_image","twitter_misc":{"\u00c9crit par":"cfeditorfr","Dur\u00e9e de lecture estim\u00e9e":"1 minute"},"schema":{"@context":"https:\/\/schema.org","@graph":[{"@type":"Article","@id":"https:\/\/www.africa-press.net\/cameroun\/politique\/remember-le-sejour-de-lapiro-de-mbanga-a-la-prison-de-new-bell#article","isPartOf":{"@id":"https:\/\/www.africa-press.net\/cameroun\/politique\/remember-le-sejour-de-lapiro-de-mbanga-a-la-prison-de-new-bell"},"author":{"name":"cfeditorfr","@id":"https:\/\/www.africa-press.net\/cameroun\/#\/schema\/person\/2b1cf3cd81a31e3cd26889ca66d677f1"},"headline":"Remember : Le s\u00e9jour de Lapiro de Mbanga \u00e0 la prison de New Bell","datePublished":"2023-03-17T12:29:44+00:00","dateModified":"2023-03-17T12:43:38+00:00","mainEntityOfPage":{"@id":"https:\/\/www.africa-press.net\/cameroun\/politique\/remember-le-sejour-de-lapiro-de-mbanga-a-la-prison-de-new-bell"},"wordCount":234,"commentCount":0,"image":{"@id":"https:\/\/www.africa-press.net\/cameroun\/politique\/remember-le-sejour-de-lapiro-de-mbanga-a-la-prison-de-new-bell#primaryimage"},"thumbnailUrl":"https:\/\/static.africa-press.net\/cameroun\/sites\/57\/2023\/03\/postQueueImg_1679043588.93.jpg","keywords":["Africa Press","Africa Press-Cameroun","Cameroun"],"articleSection":["Politique","Toutes les actualit\u00e9s"],"inLanguage":"fr-FR","potentialAction":[{"@type":"CommentAction","name":"Comment","target":["https:\/\/www.africa-press.net\/cameroun\/politique\/remember-le-sejour-de-lapiro-de-mbanga-a-la-prison-de-new-bell#respond"]}]},{"@type":"WebPage","@id":"https:\/\/www.africa-press.net\/cameroun\/politique\/remember-le-sejour-de-lapiro-de-mbanga-a-la-prison-de-new-bell","url":"https:\/\/www.africa-press.net\/cameroun\/politique\/remember-le-sejour-de-lapiro-de-mbanga-a-la-prison-de-new-bell","name":"Remember : Le s\u00e9jour de Lapiro de Mbanga \u00e0 la prison de New Bell - Cameroun","isPartOf":{"@id":"https:\/\/www.africa-press.net\/cameroun\/#website"},"primaryImageOfPage":{"@id":"https:\/\/www.africa-press.net\/cameroun\/politique\/remember-le-sejour-de-lapiro-de-mbanga-a-la-prison-de-new-bell#primaryimage"},"image":{"@id":"https:\/\/www.africa-press.net\/cameroun\/politique\/remember-le-sejour-de-lapiro-de-mbanga-a-la-prison-de-new-bell#primaryimage"},"thumbnailUrl":"https:\/\/static.africa-press.net\/cameroun\/sites\/57\/2023\/03\/postQueueImg_1679043588.93.jpg","datePublished":"2023-03-17T12:29:44+00:00","dateModified":"2023-03-17T12:43:38+00:00","author":{"@id":"https:\/\/www.africa-press.net\/cameroun\/#\/schema\/person\/2b1cf3cd81a31e3cd26889ca66d677f1"},"description":"Fin 2007, Paul Biya veut amender la Constitution du Cameroun pour faire sauter le verrou de la limitation des mandats. E ...","breadcrumb":{"@id":"https:\/\/www.africa-press.net\/cameroun\/politique\/remember-le-sejour-de-lapiro-de-mbanga-a-la-prison-de-new-bell#breadcrumb"},"inLanguage":"fr-FR","potentialAction":[{"@type":"ReadAction","target":["https:\/\/www.africa-press.net\/cameroun\/politique\/remember-le-sejour-de-lapiro-de-mbanga-a-la-prison-de-new-bell"]}]},{"@type":"ImageObject","inLanguage":"fr-FR","@id":"https:\/\/www.africa-press.net\/cameroun\/politique\/remember-le-sejour-de-lapiro-de-mbanga-a-la-prison-de-new-bell#primaryimage","url":"https:\/\/static.africa-press.net\/cameroun\/sites\/57\/2023\/03\/postQueueImg_1679043588.93.jpg","contentUrl":"https:\/\/static.africa-press.net\/cameroun\/sites\/57\/2023\/03\/postQueueImg_1679043588.93.jpg","width":1280,"height":720,"caption":"Remember : Le s\u00e9jour de Lapiro de Mbanga \u00e0 la prison de New Bell"},{"@type":"BreadcrumbList","@id":"https:\/\/www.africa-press.net\/cameroun\/politique\/remember-le-sejour-de-lapiro-de-mbanga-a-la-prison-de-new-bell#breadcrumb","itemListElement":[{"@type":"ListItem","position":1,"name":"Accueil","item":"https:\/\/www.africa-press.net\/cameroun\/"},{"@type":"ListItem","position":2,"name":"Remember : Le s\u00e9jour de Lapiro de Mbanga \u00e0 la prison de New Bell"}]},{"@type":"WebSite","@id":"https:\/\/www.africa-press.net\/cameroun\/#website","url":"https:\/\/www.africa-press.net\/cameroun\/","name":"Cameroun","description":"Just another Africa News Agency Sites site","potentialAction":[{"@type":"SearchAction","target":{"@type":"EntryPoint","urlTemplate":"https:\/\/www.africa-press.net\/cameroun\/?s={search_term_string}"},"query-input":{"@type":"PropertyValueSpecification","valueRequired":true,"valueName":"search_term_string"}}],"inLanguage":"fr-FR"},{"@type":"Person","@id":"https:\/\/www.africa-press.net\/cameroun\/#\/schema\/person\/2b1cf3cd81a31e3cd26889ca66d677f1","name":"cfeditorfr"}]}},"_links":{"self":[{"href":"https:\/\/www.africa-press.net\/cameroun\/wp-json\/wp\/v2\/posts\/39621","targetHints":{"allow":["GET"]}}],"collection":[{"href":"https:\/\/www.africa-press.net\/cameroun\/wp-json\/wp\/v2\/posts"}],"about":[{"href":"https:\/\/www.africa-press.net\/cameroun\/wp-json\/wp\/v2\/types\/post"}],"author":[{"embeddable":true,"href":"https:\/\/www.africa-press.net\/cameroun\/wp-json\/wp\/v2\/users\/82"}],"replies":[{"embeddable":true,"href":"https:\/\/www.africa-press.net\/cameroun\/wp-json\/wp\/v2\/comments?post=39621"}],"version-history":[{"count":0,"href":"https:\/\/www.africa-press.net\/cameroun\/wp-json\/wp\/v2\/posts\/39621\/revisions"}],"wp:featuredmedia":[{"embeddable":true,"href":"https:\/\/www.africa-press.net\/cameroun\/wp-json\/wp\/v2\/media\/39618"}],"wp:attachment":[{"href":"https:\/\/www.africa-press.net\/cameroun\/wp-json\/wp\/v2\/media?parent=39621"}],"wp:term":[{"taxonomy":"category","embeddable":true,"href":"https:\/\/www.africa-press.net\/cameroun\/wp-json\/wp\/v2\/categories?post=39621"},{"taxonomy":"post_tag","embeddable":true,"href":"https:\/\/www.africa-press.net\/cameroun\/wp-json\/wp\/v2\/tags?post=39621"}],"curies":[{"name":"wp","href":"https:\/\/api.w.org\/{rel}","templated":true}]}}