{"id":39628,"date":"2023-03-17T12:29:50","date_gmt":"2023-03-17T12:29:50","guid":{"rendered":"https:\/\/www.africa-press.net\/cameroun\/politique\/il-sagit-dune-injustice-flagrante-et-inadmissible-les-enseignants-en-colere-contre-paul-biya"},"modified":"2023-03-17T12:44:28","modified_gmt":"2023-03-17T12:44:28","slug":"il-sagit-dune-injustice-flagrante-et-inadmissible-les-enseignants-en-colere-contre-paul-biya","status":"publish","type":"post","link":"https:\/\/www.africa-press.net\/cameroun\/politique\/il-sagit-dune-injustice-flagrante-et-inadmissible-les-enseignants-en-colere-contre-paul-biya","title":{"rendered":"\u2018Il s\u2019agit d\u2019une injustice flagrante et inadmissible\u2019 : les enseignants en col\u00e8re contre Paul Biya"},"content":{"rendered":"<p><span style=\"color: #ff6600\"><strong>Africa-Press &#8211; Cameroun. <\/strong><\/span>Le 6 mars 2023, dans un de\u0301cret, le Chef de l\u2019Etat Paul Biya a annonce\u0301 la revalorisation de la re\u0301mune\u0301ration mensuelle de base des personnels civils et militaire a\u0300 un taux de 5,2%. La revalorisation en question s\u2019applique sur le salaire de base et est effective depuis le mois de fe\u0301vrier 2023.<\/p>\n<p>Apre\u0300s analyse du de\u0301cret pre\u0301sidentiel, les syndicats d\u2019enseignants de\u0301noncent une discrimination. En effet, re\u0301unis le 15 mars 2023 Yaounde\u0301, les syndicats affirment que l\u2019Etat a d\u2019une manie\u0300re inacceptable discrimine\u0301 l\u2019ensemble des personnels civils a\u0300 l\u2019exception des magistrats.<\/p>\n<p>\u00ab Alors que les enseignants des colle\u0300ges et Lyce\u0301es plafonnent a\u0300 l\u2019indice 1140, qu\u2019ils attendent depuis plus de deux de\u0301cennies en vain un re\u0301e\u0301chelonnement indiciaire, les personnels militaires ont vu leurs plafonds indiciaires porte\u0301s a\u0300 1300 (fonctionnaires de l\u2019administration pe\u0301nitentiaire), a\u0300 1400 (fonctionnaires de police) et a\u0300 1600(sous-officiers et officiers de l\u2019arme\u0301e de la gendarmerie) \u00bb, ont critique\u0301 les syndicats d\u2019enseignants.<\/p>\n<p>Ces derniers ont e\u0301galement fait pas de la diffe\u0301rence de re\u0301mune\u0301ration \u00ab surprenante et choquante \u00bb qu\u2019il y a entre les deux groupes (civil et militaire). Cette diffe\u0301rence salariale de\u0301montre\u0301e par les enseignants, va de 14 889 francs CFA a\u0300 214 911 francs CFA en fonction de l\u2019indice solde.<\/p>\n<p>Mais aussi, il en ressort de leur re\u0301union que \u00ab les personnels a\u0300 la retraite ont e\u0301te\u0301 exclus du modeste ajustement ayant profite\u0301 aux actifs alors que tous subissent paralle\u0300lement les effets de la hausse des prix \u00bb.<\/p>\n<p>In fine, pour les syndicats des enseignants, rien n\u2019explique ni ne justifie cette discrimination dans les re\u0301mune\u0301rations. \u00ab Il s\u2019agit donc d\u2019une injustice flagrante et inadmissible, contraire a\u0300 la volonte\u0301 du peuple camerounais inscrite dans la Constitution \u00bb, soulignent-t-ils.<\/p>\n<p>Ceux-ci ont donc pose\u0301 des exigences sur la table que les autorite\u0301s devraient s\u2019en presser de respecter a\u0300 l\u2019instar du re\u0301e\u0301chelonnement indiciaire pour toutes les cate\u0301gories.<\/p>\n<p><strong>Pour plus d&rsquo;informations et d&rsquo;analyses sur la <a href=\"https:\/\/www.africa-press.net\/cameroun\">Cameroun<\/a>, suivez <a href=\"https:\/\/www.africa-press.net\/\">Africa-Press<\/a><\/strong><\/p>\n","protected":false},"excerpt":{"rendered":"<p>Africa-Press &#8211; Cameroun. Le 6 mars 2023, dans un de\u0301cret, le Chef de l\u2019Etat Paul Biya a annonce\u0301 la revalorisation de la re\u0301mune\u0301ration mensuelle de base des personnels civils et militaire a\u0300 un taux de 5,2%. La revalorisation en question s\u2019applique sur le salaire de base et est effective depuis le mois de fe\u0301vrier 2023. [&hellip;]<\/p>\n","protected":false},"author":82,"featured_media":39625,"comment_status":"open","ping_status":"closed","sticky":false,"template":"","format":"standard","meta":{"footnotes":""},"categories":[2,10],"tags":[36,50,49],"class_list":["post-39628","post","type-post","status-publish","format-standard","has-post-thumbnail","hentry","category-politique","category-toutes-les-actualites","tag-africa-press","tag-africa-press-cameroun","tag-cameroun"],"yoast_head":"<!-- This site is optimized with the Yoast SEO Premium plugin v26.1 (Yoast SEO v27.0) - https:\/\/yoast.com\/product\/yoast-seo-premium-wordpress\/ -->\n<title>\u2018Il s\u2019agit d\u2019une injustice flagrante et inadmissible\u2019 : les enseignants en col\u00e8re contre Paul Biya - Cameroun<\/title>\n<meta name=\"description\" content=\"Le 6 mars 2023, dans un de\u0301cret, le Chef de l\u2019Etat Paul Biya a annonce\u0301 la revalorisation de la re\u0301mune\u0301ration mensuelle ...\" \/>\n<meta name=\"robots\" content=\"index, follow, max-snippet:-1, max-image-preview:large, max-video-preview:-1\" \/>\n<link rel=\"canonical\" href=\"https:\/\/www.africa-press.net\/cameroun\/politique\/il-sagit-dune-injustice-flagrante-et-inadmissible-les-enseignants-en-colere-contre-paul-biya\" \/>\n<meta property=\"og:locale\" content=\"fr_FR\" \/>\n<meta property=\"og:type\" content=\"article\" \/>\n<meta property=\"og:title\" content=\"\u2018Il s\u2019agit d\u2019une injustice flagrante et inadmissible\u2019 : les enseignants en col\u00e8re contre Paul Biya\" \/>\n<meta property=\"og:description\" content=\"Le 6 mars 2023, dans un de\u0301cret, le Chef de l\u2019Etat Paul Biya a annonce\u0301 la revalorisation de la re\u0301mune\u0301ration mensuelle ...\" \/>\n<meta property=\"og:url\" content=\"https:\/\/www.africa-press.net\/cameroun\/politique\/il-sagit-dune-injustice-flagrante-et-inadmissible-les-enseignants-en-colere-contre-paul-biya\" \/>\n<meta property=\"og:site_name\" content=\"Cameroun\" \/>\n<meta property=\"article:published_time\" content=\"2023-03-17T12:29:50+00:00\" \/>\n<meta property=\"article:modified_time\" content=\"2023-03-17T12:44:28+00:00\" \/>\n<meta property=\"og:image\" content=\"https:\/\/static.africa-press.net\/cameroun\/sites\/57\/2023\/03\/postQueueImg_1679043593.75.jpg\" \/>\n\t<meta property=\"og:image:width\" content=\"720\" \/>\n\t<meta property=\"og:image:height\" content=\"478\" \/>\n\t<meta property=\"og:image:type\" content=\"image\/jpeg\" \/>\n<meta name=\"author\" content=\"cfeditorfr\" \/>\n<meta name=\"twitter:card\" content=\"summary_large_image\" \/>\n<meta name=\"twitter:label1\" content=\"\u00c9crit par\" \/>\n\t<meta name=\"twitter:data1\" content=\"cfeditorfr\" \/>\n\t<meta name=\"twitter:label2\" content=\"Dur\u00e9e de lecture estim\u00e9e\" \/>\n\t<meta name=\"twitter:data2\" content=\"2 minutes\" \/>\n<script type=\"application\/ld+json\" class=\"yoast-schema-graph\">{\"@context\":\"https:\/\/schema.org\",\"@graph\":[{\"@type\":\"Article\",\"@id\":\"https:\/\/www.africa-press.net\/cameroun\/politique\/il-sagit-dune-injustice-flagrante-et-inadmissible-les-enseignants-en-colere-contre-paul-biya#article\",\"isPartOf\":{\"@id\":\"https:\/\/www.africa-press.net\/cameroun\/politique\/il-sagit-dune-injustice-flagrante-et-inadmissible-les-enseignants-en-colere-contre-paul-biya\"},\"author\":{\"name\":\"cfeditorfr\",\"@id\":\"https:\/\/www.africa-press.net\/cameroun\/#\/schema\/person\/2b1cf3cd81a31e3cd26889ca66d677f1\"},\"headline\":\"\u2018Il s\u2019agit d\u2019une injustice flagrante et inadmissible\u2019 : les enseignants en col\u00e8re contre Paul Biya\",\"datePublished\":\"2023-03-17T12:29:50+00:00\",\"dateModified\":\"2023-03-17T12:44:28+00:00\",\"mainEntityOfPage\":{\"@id\":\"https:\/\/www.africa-press.net\/cameroun\/politique\/il-sagit-dune-injustice-flagrante-et-inadmissible-les-enseignants-en-colere-contre-paul-biya\"},\"wordCount\":366,\"commentCount\":0,\"image\":{\"@id\":\"https:\/\/www.africa-press.net\/cameroun\/politique\/il-sagit-dune-injustice-flagrante-et-inadmissible-les-enseignants-en-colere-contre-paul-biya#primaryimage\"},\"thumbnailUrl\":\"https:\/\/static.africa-press.net\/cameroun\/sites\/57\/2023\/03\/postQueueImg_1679043593.75.jpg\",\"keywords\":[\"Africa Press\",\"Africa Press-Cameroun\",\"Cameroun\"],\"articleSection\":[\"Politique\",\"Toutes les actualit\u00e9s\"],\"inLanguage\":\"fr-FR\",\"potentialAction\":[{\"@type\":\"CommentAction\",\"name\":\"Comment\",\"target\":[\"https:\/\/www.africa-press.net\/cameroun\/politique\/il-sagit-dune-injustice-flagrante-et-inadmissible-les-enseignants-en-colere-contre-paul-biya#respond\"]}]},{\"@type\":\"WebPage\",\"@id\":\"https:\/\/www.africa-press.net\/cameroun\/politique\/il-sagit-dune-injustice-flagrante-et-inadmissible-les-enseignants-en-colere-contre-paul-biya\",\"url\":\"https:\/\/www.africa-press.net\/cameroun\/politique\/il-sagit-dune-injustice-flagrante-et-inadmissible-les-enseignants-en-colere-contre-paul-biya\",\"name\":\"\u2018Il s\u2019agit d\u2019une injustice flagrante et inadmissible\u2019 : les enseignants en col\u00e8re contre Paul Biya - Cameroun\",\"isPartOf\":{\"@id\":\"https:\/\/www.africa-press.net\/cameroun\/#website\"},\"primaryImageOfPage\":{\"@id\":\"https:\/\/www.africa-press.net\/cameroun\/politique\/il-sagit-dune-injustice-flagrante-et-inadmissible-les-enseignants-en-colere-contre-paul-biya#primaryimage\"},\"image\":{\"@id\":\"https:\/\/www.africa-press.net\/cameroun\/politique\/il-sagit-dune-injustice-flagrante-et-inadmissible-les-enseignants-en-colere-contre-paul-biya#primaryimage\"},\"thumbnailUrl\":\"https:\/\/static.africa-press.net\/cameroun\/sites\/57\/2023\/03\/postQueueImg_1679043593.75.jpg\",\"datePublished\":\"2023-03-17T12:29:50+00:00\",\"dateModified\":\"2023-03-17T12:44:28+00:00\",\"author\":{\"@id\":\"https:\/\/www.africa-press.net\/cameroun\/#\/schema\/person\/2b1cf3cd81a31e3cd26889ca66d677f1\"},\"description\":\"Le 6 mars 2023, dans un de\u0301cret, le Chef de l\u2019Etat Paul Biya a annonce\u0301 la revalorisation de la re\u0301mune\u0301ration mensuelle ...\",\"breadcrumb\":{\"@id\":\"https:\/\/www.africa-press.net\/cameroun\/politique\/il-sagit-dune-injustice-flagrante-et-inadmissible-les-enseignants-en-colere-contre-paul-biya#breadcrumb\"},\"inLanguage\":\"fr-FR\",\"potentialAction\":[{\"@type\":\"ReadAction\",\"target\":[\"https:\/\/www.africa-press.net\/cameroun\/politique\/il-sagit-dune-injustice-flagrante-et-inadmissible-les-enseignants-en-colere-contre-paul-biya\"]}]},{\"@type\":\"ImageObject\",\"inLanguage\":\"fr-FR\",\"@id\":\"https:\/\/www.africa-press.net\/cameroun\/politique\/il-sagit-dune-injustice-flagrante-et-inadmissible-les-enseignants-en-colere-contre-paul-biya#primaryimage\",\"url\":\"https:\/\/static.africa-press.net\/cameroun\/sites\/57\/2023\/03\/postQueueImg_1679043593.75.jpg\",\"contentUrl\":\"https:\/\/static.africa-press.net\/cameroun\/sites\/57\/2023\/03\/postQueueImg_1679043593.75.jpg\",\"width\":720,\"height\":478,\"caption\":\"\u2018Il s\u2019agit d\u2019une injustice flagrante et inadmissible\u2019 : les enseignants en col\u00e8re contre Paul Biya\"},{\"@type\":\"BreadcrumbList\",\"@id\":\"https:\/\/www.africa-press.net\/cameroun\/politique\/il-sagit-dune-injustice-flagrante-et-inadmissible-les-enseignants-en-colere-contre-paul-biya#breadcrumb\",\"itemListElement\":[{\"@type\":\"ListItem\",\"position\":1,\"name\":\"Accueil\",\"item\":\"https:\/\/www.africa-press.net\/cameroun\/\"},{\"@type\":\"ListItem\",\"position\":2,\"name\":\"\u2018Il s\u2019agit d\u2019une injustice flagrante et inadmissible\u2019 : les enseignants en col\u00e8re contre Paul Biya\"}]},{\"@type\":\"WebSite\",\"@id\":\"https:\/\/www.africa-press.net\/cameroun\/#website\",\"url\":\"https:\/\/www.africa-press.net\/cameroun\/\",\"name\":\"Cameroun\",\"description\":\"Just another Africa News Agency Sites site\",\"potentialAction\":[{\"@type\":\"SearchAction\",\"target\":{\"@type\":\"EntryPoint\",\"urlTemplate\":\"https:\/\/www.africa-press.net\/cameroun\/?s={search_term_string}\"},\"query-input\":{\"@type\":\"PropertyValueSpecification\",\"valueRequired\":true,\"valueName\":\"search_term_string\"}}],\"inLanguage\":\"fr-FR\"},{\"@type\":\"Person\",\"@id\":\"https:\/\/www.africa-press.net\/cameroun\/#\/schema\/person\/2b1cf3cd81a31e3cd26889ca66d677f1\",\"name\":\"cfeditorfr\"}]}<\/script>\n<!-- \/ Yoast SEO Premium plugin. -->","yoast_head_json":{"title":"\u2018Il s\u2019agit d\u2019une injustice flagrante et inadmissible\u2019 : les enseignants en col\u00e8re contre Paul Biya - Cameroun","description":"Le 6 mars 2023, dans un de\u0301cret, le Chef de l\u2019Etat Paul Biya a annonce\u0301 la revalorisation de la re\u0301mune\u0301ration mensuelle ...","robots":{"index":"index","follow":"follow","max-snippet":"max-snippet:-1","max-image-preview":"max-image-preview:large","max-video-preview":"max-video-preview:-1"},"canonical":"https:\/\/www.africa-press.net\/cameroun\/politique\/il-sagit-dune-injustice-flagrante-et-inadmissible-les-enseignants-en-colere-contre-paul-biya","og_locale":"fr_FR","og_type":"article","og_title":"\u2018Il s\u2019agit d\u2019une injustice flagrante et inadmissible\u2019 : les enseignants en col\u00e8re contre Paul Biya","og_description":"Le 6 mars 2023, dans un de\u0301cret, le Chef de l\u2019Etat Paul Biya a annonce\u0301 la revalorisation de la re\u0301mune\u0301ration mensuelle ...","og_url":"https:\/\/www.africa-press.net\/cameroun\/politique\/il-sagit-dune-injustice-flagrante-et-inadmissible-les-enseignants-en-colere-contre-paul-biya","og_site_name":"Cameroun","article_published_time":"2023-03-17T12:29:50+00:00","article_modified_time":"2023-03-17T12:44:28+00:00","og_image":[{"width":720,"height":478,"url":"https:\/\/static.africa-press.net\/cameroun\/sites\/57\/2023\/03\/postQueueImg_1679043593.75.jpg","type":"image\/jpeg"}],"author":"cfeditorfr","twitter_card":"summary_large_image","twitter_misc":{"\u00c9crit par":"cfeditorfr","Dur\u00e9e de lecture estim\u00e9e":"2 minutes"},"schema":{"@context":"https:\/\/schema.org","@graph":[{"@type":"Article","@id":"https:\/\/www.africa-press.net\/cameroun\/politique\/il-sagit-dune-injustice-flagrante-et-inadmissible-les-enseignants-en-colere-contre-paul-biya#article","isPartOf":{"@id":"https:\/\/www.africa-press.net\/cameroun\/politique\/il-sagit-dune-injustice-flagrante-et-inadmissible-les-enseignants-en-colere-contre-paul-biya"},"author":{"name":"cfeditorfr","@id":"https:\/\/www.africa-press.net\/cameroun\/#\/schema\/person\/2b1cf3cd81a31e3cd26889ca66d677f1"},"headline":"\u2018Il s\u2019agit d\u2019une injustice flagrante et inadmissible\u2019 : les enseignants en col\u00e8re contre Paul Biya","datePublished":"2023-03-17T12:29:50+00:00","dateModified":"2023-03-17T12:44:28+00:00","mainEntityOfPage":{"@id":"https:\/\/www.africa-press.net\/cameroun\/politique\/il-sagit-dune-injustice-flagrante-et-inadmissible-les-enseignants-en-colere-contre-paul-biya"},"wordCount":366,"commentCount":0,"image":{"@id":"https:\/\/www.africa-press.net\/cameroun\/politique\/il-sagit-dune-injustice-flagrante-et-inadmissible-les-enseignants-en-colere-contre-paul-biya#primaryimage"},"thumbnailUrl":"https:\/\/static.africa-press.net\/cameroun\/sites\/57\/2023\/03\/postQueueImg_1679043593.75.jpg","keywords":["Africa Press","Africa Press-Cameroun","Cameroun"],"articleSection":["Politique","Toutes les actualit\u00e9s"],"inLanguage":"fr-FR","potentialAction":[{"@type":"CommentAction","name":"Comment","target":["https:\/\/www.africa-press.net\/cameroun\/politique\/il-sagit-dune-injustice-flagrante-et-inadmissible-les-enseignants-en-colere-contre-paul-biya#respond"]}]},{"@type":"WebPage","@id":"https:\/\/www.africa-press.net\/cameroun\/politique\/il-sagit-dune-injustice-flagrante-et-inadmissible-les-enseignants-en-colere-contre-paul-biya","url":"https:\/\/www.africa-press.net\/cameroun\/politique\/il-sagit-dune-injustice-flagrante-et-inadmissible-les-enseignants-en-colere-contre-paul-biya","name":"\u2018Il s\u2019agit d\u2019une injustice flagrante et inadmissible\u2019 : les enseignants en col\u00e8re contre Paul Biya - Cameroun","isPartOf":{"@id":"https:\/\/www.africa-press.net\/cameroun\/#website"},"primaryImageOfPage":{"@id":"https:\/\/www.africa-press.net\/cameroun\/politique\/il-sagit-dune-injustice-flagrante-et-inadmissible-les-enseignants-en-colere-contre-paul-biya#primaryimage"},"image":{"@id":"https:\/\/www.africa-press.net\/cameroun\/politique\/il-sagit-dune-injustice-flagrante-et-inadmissible-les-enseignants-en-colere-contre-paul-biya#primaryimage"},"thumbnailUrl":"https:\/\/static.africa-press.net\/cameroun\/sites\/57\/2023\/03\/postQueueImg_1679043593.75.jpg","datePublished":"2023-03-17T12:29:50+00:00","dateModified":"2023-03-17T12:44:28+00:00","author":{"@id":"https:\/\/www.africa-press.net\/cameroun\/#\/schema\/person\/2b1cf3cd81a31e3cd26889ca66d677f1"},"description":"Le 6 mars 2023, dans un de\u0301cret, le Chef de l\u2019Etat Paul Biya a annonce\u0301 la revalorisation de la re\u0301mune\u0301ration mensuelle ...","breadcrumb":{"@id":"https:\/\/www.africa-press.net\/cameroun\/politique\/il-sagit-dune-injustice-flagrante-et-inadmissible-les-enseignants-en-colere-contre-paul-biya#breadcrumb"},"inLanguage":"fr-FR","potentialAction":[{"@type":"ReadAction","target":["https:\/\/www.africa-press.net\/cameroun\/politique\/il-sagit-dune-injustice-flagrante-et-inadmissible-les-enseignants-en-colere-contre-paul-biya"]}]},{"@type":"ImageObject","inLanguage":"fr-FR","@id":"https:\/\/www.africa-press.net\/cameroun\/politique\/il-sagit-dune-injustice-flagrante-et-inadmissible-les-enseignants-en-colere-contre-paul-biya#primaryimage","url":"https:\/\/static.africa-press.net\/cameroun\/sites\/57\/2023\/03\/postQueueImg_1679043593.75.jpg","contentUrl":"https:\/\/static.africa-press.net\/cameroun\/sites\/57\/2023\/03\/postQueueImg_1679043593.75.jpg","width":720,"height":478,"caption":"\u2018Il s\u2019agit d\u2019une injustice flagrante et inadmissible\u2019 : les enseignants en col\u00e8re contre Paul Biya"},{"@type":"BreadcrumbList","@id":"https:\/\/www.africa-press.net\/cameroun\/politique\/il-sagit-dune-injustice-flagrante-et-inadmissible-les-enseignants-en-colere-contre-paul-biya#breadcrumb","itemListElement":[{"@type":"ListItem","position":1,"name":"Accueil","item":"https:\/\/www.africa-press.net\/cameroun\/"},{"@type":"ListItem","position":2,"name":"\u2018Il s\u2019agit d\u2019une injustice flagrante et inadmissible\u2019 : les enseignants en col\u00e8re contre Paul Biya"}]},{"@type":"WebSite","@id":"https:\/\/www.africa-press.net\/cameroun\/#website","url":"https:\/\/www.africa-press.net\/cameroun\/","name":"Cameroun","description":"Just another Africa News Agency Sites site","potentialAction":[{"@type":"SearchAction","target":{"@type":"EntryPoint","urlTemplate":"https:\/\/www.africa-press.net\/cameroun\/?s={search_term_string}"},"query-input":{"@type":"PropertyValueSpecification","valueRequired":true,"valueName":"search_term_string"}}],"inLanguage":"fr-FR"},{"@type":"Person","@id":"https:\/\/www.africa-press.net\/cameroun\/#\/schema\/person\/2b1cf3cd81a31e3cd26889ca66d677f1","name":"cfeditorfr"}]}},"_links":{"self":[{"href":"https:\/\/www.africa-press.net\/cameroun\/wp-json\/wp\/v2\/posts\/39628","targetHints":{"allow":["GET"]}}],"collection":[{"href":"https:\/\/www.africa-press.net\/cameroun\/wp-json\/wp\/v2\/posts"}],"about":[{"href":"https:\/\/www.africa-press.net\/cameroun\/wp-json\/wp\/v2\/types\/post"}],"author":[{"embeddable":true,"href":"https:\/\/www.africa-press.net\/cameroun\/wp-json\/wp\/v2\/users\/82"}],"replies":[{"embeddable":true,"href":"https:\/\/www.africa-press.net\/cameroun\/wp-json\/wp\/v2\/comments?post=39628"}],"version-history":[{"count":0,"href":"https:\/\/www.africa-press.net\/cameroun\/wp-json\/wp\/v2\/posts\/39628\/revisions"}],"wp:featuredmedia":[{"embeddable":true,"href":"https:\/\/www.africa-press.net\/cameroun\/wp-json\/wp\/v2\/media\/39625"}],"wp:attachment":[{"href":"https:\/\/www.africa-press.net\/cameroun\/wp-json\/wp\/v2\/media?parent=39628"}],"wp:term":[{"taxonomy":"category","embeddable":true,"href":"https:\/\/www.africa-press.net\/cameroun\/wp-json\/wp\/v2\/categories?post=39628"},{"taxonomy":"post_tag","embeddable":true,"href":"https:\/\/www.africa-press.net\/cameroun\/wp-json\/wp\/v2\/tags?post=39628"}],"curies":[{"name":"wp","href":"https:\/\/api.w.org\/{rel}","templated":true}]}}