{"id":39630,"date":"2023-03-17T12:28:47","date_gmt":"2023-03-17T12:28:47","guid":{"rendered":"https:\/\/www.africa-press.net\/cameroun\/politique\/ce-que-mahamat-idriss-deby-et-paul-biya-se-sont-dit-loin-des-cameras"},"modified":"2023-03-17T12:44:39","modified_gmt":"2023-03-17T12:44:39","slug":"ce-que-mahamat-idriss-deby-et-paul-biya-se-sont-dit-loin-des-cameras","status":"publish","type":"post","link":"https:\/\/www.africa-press.net\/cameroun\/politique\/ce-que-mahamat-idriss-deby-et-paul-biya-se-sont-dit-loin-des-cameras","title":{"rendered":"Ce que Mahamat Idriss Deby et Paul Biya se sont dit, loin des cam\u00e9ras"},"content":{"rendered":"<p><span style=\"color: #ff6600\"><strong>Africa-Press &#8211; Cameroun. <\/strong><\/span>Le pre\u0301sident du Conseil militaire de transition du Cameroun du Tchad est le premier chef de l&rsquo;Etat a\u0300 arriver au Cameroun, dans la journe\u0301e du jeudi 16 mars 2023.<\/p>\n<p>Arrive\u0301 a\u0300 Yaounde\u0301 avant midi, la journe\u0301e d&rsquo;hier, le pre\u0301sident tchadien a e\u0301te\u0301 loge\u0301 l&rsquo;ho\u0302tel Hilton de Yaounde\u0301.<\/p>\n<p>Alors qu&rsquo;ils devraient tous rencontrer le chef de l&rsquo;Etat camerounais ce vendredi, a\u0300 l&rsquo;occasion de l&rsquo;ouverture du 15e\u0300 sommet de la Cemac, le ge\u0301ne\u0301ral Mahamat Deby a pre\u0301fe\u0301re\u0301 rencontrer Biya en premier.<\/p>\n<p>Le sujet de cette rencontre sollicite\u0301e par le chef de l&rsquo;Etat tchadien a e\u0301te\u0301 d&rsquo;ailleurs de\u0301voile\u0301<\/p>\n<p>\u00ab\u00a0Effectuant ma premie\u0300re visite a\u0300 Yaounde\u0301, la capitale camerounaise pour participer aux travaux de la 15e\u0300me Confe\u0301rence des Chefs d\u2019E\u0301tat et de Gouvernement de la CEMAC, j\u2019ai eu le plaisir de m\u2019entretenir avec le Pre\u0301sident Paul Biya, au Palais de l&rsquo;Unite\u0301\u00a0\u00bb, e\u0301crit-il.<\/p>\n<p>\u00ab\u00a0Nous avons salue\u0301 les multiples acquis de la coope\u0301ration entre nos deux pays et explore\u0301 de nouvelles perspectives pour porter notre coope\u0301ration a\u0300 des nouveaux paliers. Un large e\u0301ventail des questions re\u0301gionales, continentales et internationales d\u2019inte\u0301re\u0302t mutuel a e\u0301te\u0301 e\u0301galement e\u0301voque\u0301\u00a0\u00bb, a ajoute\u0301 le chef de l&rsquo;Etat du Tchad.<\/p>\n<p><strong>Pour plus d&rsquo;informations et d&rsquo;analyses sur la <a href=\"https:\/\/www.africa-press.net\/cameroun\">Cameroun<\/a>, suivez <a href=\"https:\/\/www.africa-press.net\/\">Africa-Press<\/a><\/strong><\/p>\n","protected":false},"excerpt":{"rendered":"<p>Africa-Press &#8211; Cameroun. Le pre\u0301sident du Conseil militaire de transition du Cameroun du Tchad est le premier chef de l&rsquo;Etat a\u0300 arriver au Cameroun, dans la journe\u0301e du jeudi 16 mars 2023. Arrive\u0301 a\u0300 Yaounde\u0301 avant midi, la journe\u0301e d&rsquo;hier, le pre\u0301sident tchadien a e\u0301te\u0301 loge\u0301 l&rsquo;ho\u0302tel Hilton de Yaounde\u0301. Alors qu&rsquo;ils devraient tous rencontrer [&hellip;]<\/p>\n","protected":false},"author":82,"featured_media":39627,"comment_status":"open","ping_status":"closed","sticky":false,"template":"","format":"standard","meta":{"footnotes":""},"categories":[2,10],"tags":[36,50,49],"class_list":["post-39630","post","type-post","status-publish","format-standard","has-post-thumbnail","hentry","category-politique","category-toutes-les-actualites","tag-africa-press","tag-africa-press-cameroun","tag-cameroun"],"yoast_head":"<!-- This site is optimized with the Yoast SEO Premium plugin v26.1 (Yoast SEO v27.0) - https:\/\/yoast.com\/product\/yoast-seo-premium-wordpress\/ -->\n<title>Ce que Mahamat Idriss Deby et Paul Biya se sont dit, loin des cam\u00e9ras - Cameroun<\/title>\n<meta name=\"description\" content=\"Le pre\u0301sident du Conseil militaire de transition du Cameroun du Tchad est le premier chef de l&#039;Etat a\u0300 arriver au Camero ...\" \/>\n<meta name=\"robots\" content=\"index, follow, max-snippet:-1, max-image-preview:large, max-video-preview:-1\" \/>\n<link rel=\"canonical\" href=\"https:\/\/www.africa-press.net\/cameroun\/politique\/ce-que-mahamat-idriss-deby-et-paul-biya-se-sont-dit-loin-des-cameras\" \/>\n<meta property=\"og:locale\" content=\"fr_FR\" \/>\n<meta property=\"og:type\" content=\"article\" \/>\n<meta property=\"og:title\" content=\"Ce que Mahamat Idriss Deby et Paul Biya se sont dit, loin des cam\u00e9ras\" \/>\n<meta property=\"og:description\" content=\"Le pre\u0301sident du Conseil militaire de transition du Cameroun du Tchad est le premier chef de l&#039;Etat a\u0300 arriver au Camero ...\" \/>\n<meta property=\"og:url\" content=\"https:\/\/www.africa-press.net\/cameroun\/politique\/ce-que-mahamat-idriss-deby-et-paul-biya-se-sont-dit-loin-des-cameras\" \/>\n<meta property=\"og:site_name\" content=\"Cameroun\" \/>\n<meta property=\"article:published_time\" content=\"2023-03-17T12:28:47+00:00\" \/>\n<meta property=\"article:modified_time\" content=\"2023-03-17T12:44:39+00:00\" \/>\n<meta property=\"og:image\" content=\"https:\/\/static.africa-press.net\/cameroun\/sites\/57\/2023\/03\/postQueueImg_1679043530.54.jpg\" \/>\n\t<meta property=\"og:image:width\" content=\"720\" \/>\n\t<meta property=\"og:image:height\" content=\"360\" \/>\n\t<meta property=\"og:image:type\" content=\"image\/jpeg\" \/>\n<meta name=\"author\" content=\"cfeditorfr\" \/>\n<meta name=\"twitter:card\" content=\"summary_large_image\" \/>\n<meta name=\"twitter:label1\" content=\"\u00c9crit par\" \/>\n\t<meta name=\"twitter:data1\" content=\"cfeditorfr\" \/>\n\t<meta name=\"twitter:label2\" content=\"Dur\u00e9e de lecture estim\u00e9e\" \/>\n\t<meta name=\"twitter:data2\" content=\"2 minutes\" \/>\n<script type=\"application\/ld+json\" class=\"yoast-schema-graph\">{\"@context\":\"https:\/\/schema.org\",\"@graph\":[{\"@type\":\"Article\",\"@id\":\"https:\/\/www.africa-press.net\/cameroun\/politique\/ce-que-mahamat-idriss-deby-et-paul-biya-se-sont-dit-loin-des-cameras#article\",\"isPartOf\":{\"@id\":\"https:\/\/www.africa-press.net\/cameroun\/politique\/ce-que-mahamat-idriss-deby-et-paul-biya-se-sont-dit-loin-des-cameras\"},\"author\":{\"name\":\"cfeditorfr\",\"@id\":\"https:\/\/www.africa-press.net\/cameroun\/#\/schema\/person\/2b1cf3cd81a31e3cd26889ca66d677f1\"},\"headline\":\"Ce que Mahamat Idriss Deby et Paul Biya se sont dit, loin des cam\u00e9ras\",\"datePublished\":\"2023-03-17T12:28:47+00:00\",\"dateModified\":\"2023-03-17T12:44:39+00:00\",\"mainEntityOfPage\":{\"@id\":\"https:\/\/www.africa-press.net\/cameroun\/politique\/ce-que-mahamat-idriss-deby-et-paul-biya-se-sont-dit-loin-des-cameras\"},\"wordCount\":257,\"commentCount\":0,\"image\":{\"@id\":\"https:\/\/www.africa-press.net\/cameroun\/politique\/ce-que-mahamat-idriss-deby-et-paul-biya-se-sont-dit-loin-des-cameras#primaryimage\"},\"thumbnailUrl\":\"https:\/\/static.africa-press.net\/cameroun\/sites\/57\/2023\/03\/postQueueImg_1679043530.54.jpg\",\"keywords\":[\"Africa Press\",\"Africa Press-Cameroun\",\"Cameroun\"],\"articleSection\":[\"Politique\",\"Toutes les actualit\u00e9s\"],\"inLanguage\":\"fr-FR\",\"potentialAction\":[{\"@type\":\"CommentAction\",\"name\":\"Comment\",\"target\":[\"https:\/\/www.africa-press.net\/cameroun\/politique\/ce-que-mahamat-idriss-deby-et-paul-biya-se-sont-dit-loin-des-cameras#respond\"]}]},{\"@type\":\"WebPage\",\"@id\":\"https:\/\/www.africa-press.net\/cameroun\/politique\/ce-que-mahamat-idriss-deby-et-paul-biya-se-sont-dit-loin-des-cameras\",\"url\":\"https:\/\/www.africa-press.net\/cameroun\/politique\/ce-que-mahamat-idriss-deby-et-paul-biya-se-sont-dit-loin-des-cameras\",\"name\":\"Ce que Mahamat Idriss Deby et Paul Biya se sont dit, loin des cam\u00e9ras - Cameroun\",\"isPartOf\":{\"@id\":\"https:\/\/www.africa-press.net\/cameroun\/#website\"},\"primaryImageOfPage\":{\"@id\":\"https:\/\/www.africa-press.net\/cameroun\/politique\/ce-que-mahamat-idriss-deby-et-paul-biya-se-sont-dit-loin-des-cameras#primaryimage\"},\"image\":{\"@id\":\"https:\/\/www.africa-press.net\/cameroun\/politique\/ce-que-mahamat-idriss-deby-et-paul-biya-se-sont-dit-loin-des-cameras#primaryimage\"},\"thumbnailUrl\":\"https:\/\/static.africa-press.net\/cameroun\/sites\/57\/2023\/03\/postQueueImg_1679043530.54.jpg\",\"datePublished\":\"2023-03-17T12:28:47+00:00\",\"dateModified\":\"2023-03-17T12:44:39+00:00\",\"author\":{\"@id\":\"https:\/\/www.africa-press.net\/cameroun\/#\/schema\/person\/2b1cf3cd81a31e3cd26889ca66d677f1\"},\"description\":\"Le pre\u0301sident du Conseil militaire de transition du Cameroun du Tchad est le premier chef de l'Etat a\u0300 arriver au Camero ...\",\"breadcrumb\":{\"@id\":\"https:\/\/www.africa-press.net\/cameroun\/politique\/ce-que-mahamat-idriss-deby-et-paul-biya-se-sont-dit-loin-des-cameras#breadcrumb\"},\"inLanguage\":\"fr-FR\",\"potentialAction\":[{\"@type\":\"ReadAction\",\"target\":[\"https:\/\/www.africa-press.net\/cameroun\/politique\/ce-que-mahamat-idriss-deby-et-paul-biya-se-sont-dit-loin-des-cameras\"]}]},{\"@type\":\"ImageObject\",\"inLanguage\":\"fr-FR\",\"@id\":\"https:\/\/www.africa-press.net\/cameroun\/politique\/ce-que-mahamat-idriss-deby-et-paul-biya-se-sont-dit-loin-des-cameras#primaryimage\",\"url\":\"https:\/\/static.africa-press.net\/cameroun\/sites\/57\/2023\/03\/postQueueImg_1679043530.54.jpg\",\"contentUrl\":\"https:\/\/static.africa-press.net\/cameroun\/sites\/57\/2023\/03\/postQueueImg_1679043530.54.jpg\",\"width\":720,\"height\":360,\"caption\":\"Ce que Mahamat Idriss Deby et Paul Biya se sont dit, loin des cam\u00e9ras\"},{\"@type\":\"BreadcrumbList\",\"@id\":\"https:\/\/www.africa-press.net\/cameroun\/politique\/ce-que-mahamat-idriss-deby-et-paul-biya-se-sont-dit-loin-des-cameras#breadcrumb\",\"itemListElement\":[{\"@type\":\"ListItem\",\"position\":1,\"name\":\"Accueil\",\"item\":\"https:\/\/www.africa-press.net\/cameroun\/\"},{\"@type\":\"ListItem\",\"position\":2,\"name\":\"Ce que Mahamat Idriss Deby et Paul Biya se sont dit, loin des cam\u00e9ras\"}]},{\"@type\":\"WebSite\",\"@id\":\"https:\/\/www.africa-press.net\/cameroun\/#website\",\"url\":\"https:\/\/www.africa-press.net\/cameroun\/\",\"name\":\"Cameroun\",\"description\":\"Just another Africa News Agency Sites site\",\"potentialAction\":[{\"@type\":\"SearchAction\",\"target\":{\"@type\":\"EntryPoint\",\"urlTemplate\":\"https:\/\/www.africa-press.net\/cameroun\/?s={search_term_string}\"},\"query-input\":{\"@type\":\"PropertyValueSpecification\",\"valueRequired\":true,\"valueName\":\"search_term_string\"}}],\"inLanguage\":\"fr-FR\"},{\"@type\":\"Person\",\"@id\":\"https:\/\/www.africa-press.net\/cameroun\/#\/schema\/person\/2b1cf3cd81a31e3cd26889ca66d677f1\",\"name\":\"cfeditorfr\"}]}<\/script>\n<!-- \/ Yoast SEO Premium plugin. -->","yoast_head_json":{"title":"Ce que Mahamat Idriss Deby et Paul Biya se sont dit, loin des cam\u00e9ras - Cameroun","description":"Le pre\u0301sident du Conseil militaire de transition du Cameroun du Tchad est le premier chef de l'Etat a\u0300 arriver au Camero ...","robots":{"index":"index","follow":"follow","max-snippet":"max-snippet:-1","max-image-preview":"max-image-preview:large","max-video-preview":"max-video-preview:-1"},"canonical":"https:\/\/www.africa-press.net\/cameroun\/politique\/ce-que-mahamat-idriss-deby-et-paul-biya-se-sont-dit-loin-des-cameras","og_locale":"fr_FR","og_type":"article","og_title":"Ce que Mahamat Idriss Deby et Paul Biya se sont dit, loin des cam\u00e9ras","og_description":"Le pre\u0301sident du Conseil militaire de transition du Cameroun du Tchad est le premier chef de l'Etat a\u0300 arriver au Camero ...","og_url":"https:\/\/www.africa-press.net\/cameroun\/politique\/ce-que-mahamat-idriss-deby-et-paul-biya-se-sont-dit-loin-des-cameras","og_site_name":"Cameroun","article_published_time":"2023-03-17T12:28:47+00:00","article_modified_time":"2023-03-17T12:44:39+00:00","og_image":[{"width":720,"height":360,"url":"https:\/\/static.africa-press.net\/cameroun\/sites\/57\/2023\/03\/postQueueImg_1679043530.54.jpg","type":"image\/jpeg"}],"author":"cfeditorfr","twitter_card":"summary_large_image","twitter_misc":{"\u00c9crit par":"cfeditorfr","Dur\u00e9e de lecture estim\u00e9e":"2 minutes"},"schema":{"@context":"https:\/\/schema.org","@graph":[{"@type":"Article","@id":"https:\/\/www.africa-press.net\/cameroun\/politique\/ce-que-mahamat-idriss-deby-et-paul-biya-se-sont-dit-loin-des-cameras#article","isPartOf":{"@id":"https:\/\/www.africa-press.net\/cameroun\/politique\/ce-que-mahamat-idriss-deby-et-paul-biya-se-sont-dit-loin-des-cameras"},"author":{"name":"cfeditorfr","@id":"https:\/\/www.africa-press.net\/cameroun\/#\/schema\/person\/2b1cf3cd81a31e3cd26889ca66d677f1"},"headline":"Ce que Mahamat Idriss Deby et Paul Biya se sont dit, loin des cam\u00e9ras","datePublished":"2023-03-17T12:28:47+00:00","dateModified":"2023-03-17T12:44:39+00:00","mainEntityOfPage":{"@id":"https:\/\/www.africa-press.net\/cameroun\/politique\/ce-que-mahamat-idriss-deby-et-paul-biya-se-sont-dit-loin-des-cameras"},"wordCount":257,"commentCount":0,"image":{"@id":"https:\/\/www.africa-press.net\/cameroun\/politique\/ce-que-mahamat-idriss-deby-et-paul-biya-se-sont-dit-loin-des-cameras#primaryimage"},"thumbnailUrl":"https:\/\/static.africa-press.net\/cameroun\/sites\/57\/2023\/03\/postQueueImg_1679043530.54.jpg","keywords":["Africa Press","Africa Press-Cameroun","Cameroun"],"articleSection":["Politique","Toutes les actualit\u00e9s"],"inLanguage":"fr-FR","potentialAction":[{"@type":"CommentAction","name":"Comment","target":["https:\/\/www.africa-press.net\/cameroun\/politique\/ce-que-mahamat-idriss-deby-et-paul-biya-se-sont-dit-loin-des-cameras#respond"]}]},{"@type":"WebPage","@id":"https:\/\/www.africa-press.net\/cameroun\/politique\/ce-que-mahamat-idriss-deby-et-paul-biya-se-sont-dit-loin-des-cameras","url":"https:\/\/www.africa-press.net\/cameroun\/politique\/ce-que-mahamat-idriss-deby-et-paul-biya-se-sont-dit-loin-des-cameras","name":"Ce que Mahamat Idriss Deby et Paul Biya se sont dit, loin des cam\u00e9ras - Cameroun","isPartOf":{"@id":"https:\/\/www.africa-press.net\/cameroun\/#website"},"primaryImageOfPage":{"@id":"https:\/\/www.africa-press.net\/cameroun\/politique\/ce-que-mahamat-idriss-deby-et-paul-biya-se-sont-dit-loin-des-cameras#primaryimage"},"image":{"@id":"https:\/\/www.africa-press.net\/cameroun\/politique\/ce-que-mahamat-idriss-deby-et-paul-biya-se-sont-dit-loin-des-cameras#primaryimage"},"thumbnailUrl":"https:\/\/static.africa-press.net\/cameroun\/sites\/57\/2023\/03\/postQueueImg_1679043530.54.jpg","datePublished":"2023-03-17T12:28:47+00:00","dateModified":"2023-03-17T12:44:39+00:00","author":{"@id":"https:\/\/www.africa-press.net\/cameroun\/#\/schema\/person\/2b1cf3cd81a31e3cd26889ca66d677f1"},"description":"Le pre\u0301sident du Conseil militaire de transition du Cameroun du Tchad est le premier chef de l'Etat a\u0300 arriver au Camero ...","breadcrumb":{"@id":"https:\/\/www.africa-press.net\/cameroun\/politique\/ce-que-mahamat-idriss-deby-et-paul-biya-se-sont-dit-loin-des-cameras#breadcrumb"},"inLanguage":"fr-FR","potentialAction":[{"@type":"ReadAction","target":["https:\/\/www.africa-press.net\/cameroun\/politique\/ce-que-mahamat-idriss-deby-et-paul-biya-se-sont-dit-loin-des-cameras"]}]},{"@type":"ImageObject","inLanguage":"fr-FR","@id":"https:\/\/www.africa-press.net\/cameroun\/politique\/ce-que-mahamat-idriss-deby-et-paul-biya-se-sont-dit-loin-des-cameras#primaryimage","url":"https:\/\/static.africa-press.net\/cameroun\/sites\/57\/2023\/03\/postQueueImg_1679043530.54.jpg","contentUrl":"https:\/\/static.africa-press.net\/cameroun\/sites\/57\/2023\/03\/postQueueImg_1679043530.54.jpg","width":720,"height":360,"caption":"Ce que Mahamat Idriss Deby et Paul Biya se sont dit, loin des cam\u00e9ras"},{"@type":"BreadcrumbList","@id":"https:\/\/www.africa-press.net\/cameroun\/politique\/ce-que-mahamat-idriss-deby-et-paul-biya-se-sont-dit-loin-des-cameras#breadcrumb","itemListElement":[{"@type":"ListItem","position":1,"name":"Accueil","item":"https:\/\/www.africa-press.net\/cameroun\/"},{"@type":"ListItem","position":2,"name":"Ce que Mahamat Idriss Deby et Paul Biya se sont dit, loin des cam\u00e9ras"}]},{"@type":"WebSite","@id":"https:\/\/www.africa-press.net\/cameroun\/#website","url":"https:\/\/www.africa-press.net\/cameroun\/","name":"Cameroun","description":"Just another Africa News Agency Sites site","potentialAction":[{"@type":"SearchAction","target":{"@type":"EntryPoint","urlTemplate":"https:\/\/www.africa-press.net\/cameroun\/?s={search_term_string}"},"query-input":{"@type":"PropertyValueSpecification","valueRequired":true,"valueName":"search_term_string"}}],"inLanguage":"fr-FR"},{"@type":"Person","@id":"https:\/\/www.africa-press.net\/cameroun\/#\/schema\/person\/2b1cf3cd81a31e3cd26889ca66d677f1","name":"cfeditorfr"}]}},"_links":{"self":[{"href":"https:\/\/www.africa-press.net\/cameroun\/wp-json\/wp\/v2\/posts\/39630","targetHints":{"allow":["GET"]}}],"collection":[{"href":"https:\/\/www.africa-press.net\/cameroun\/wp-json\/wp\/v2\/posts"}],"about":[{"href":"https:\/\/www.africa-press.net\/cameroun\/wp-json\/wp\/v2\/types\/post"}],"author":[{"embeddable":true,"href":"https:\/\/www.africa-press.net\/cameroun\/wp-json\/wp\/v2\/users\/82"}],"replies":[{"embeddable":true,"href":"https:\/\/www.africa-press.net\/cameroun\/wp-json\/wp\/v2\/comments?post=39630"}],"version-history":[{"count":0,"href":"https:\/\/www.africa-press.net\/cameroun\/wp-json\/wp\/v2\/posts\/39630\/revisions"}],"wp:featuredmedia":[{"embeddable":true,"href":"https:\/\/www.africa-press.net\/cameroun\/wp-json\/wp\/v2\/media\/39627"}],"wp:attachment":[{"href":"https:\/\/www.africa-press.net\/cameroun\/wp-json\/wp\/v2\/media?parent=39630"}],"wp:term":[{"taxonomy":"category","embeddable":true,"href":"https:\/\/www.africa-press.net\/cameroun\/wp-json\/wp\/v2\/categories?post=39630"},{"taxonomy":"post_tag","embeddable":true,"href":"https:\/\/www.africa-press.net\/cameroun\/wp-json\/wp\/v2\/tags?post=39630"}],"curies":[{"name":"wp","href":"https:\/\/api.w.org\/{rel}","templated":true}]}}