{"id":39635,"date":"2023-03-17T12:29:54","date_gmt":"2023-03-17T12:29:54","guid":{"rendered":"https:\/\/www.africa-press.net\/cameroun\/politique\/fin-dune-longue-amitie-paul-biya-ne-fait-plus-confiance-a-laurent-esso"},"modified":"2023-03-17T12:45:24","modified_gmt":"2023-03-17T12:45:24","slug":"fin-dune-longue-amitie-paul-biya-ne-fait-plus-confiance-a-laurent-esso","status":"publish","type":"post","link":"https:\/\/www.africa-press.net\/cameroun\/politique\/fin-dune-longue-amitie-paul-biya-ne-fait-plus-confiance-a-laurent-esso","title":{"rendered":"Fin d\u2019une longue amiti\u00e9 : \u2018Paul Biya ne fait plus confiance \u00e0 Laurent Esso\u2019"},"content":{"rendered":"<p><span style=\"color: #ff6600\"><strong>Africa-Press &#8211; Cameroun. <\/strong><\/span>L\u2019une des re\u0301ve\u0301lations qui a le plus fait du bruit dans l\u2019affaire Martinez Zogo est l\u2019implication du Ministre de la justice Laurent Esso.<\/p>\n<p>Dans le cadre de l\u2019enque\u0302te visant a\u0300 mettre la main sur les assassins de Martinez Zogo, le nom de Laurent Esso a e\u0301te\u0301 cite\u0301 comme complice par le lieutenant-colonel Justin Danwe, directeur des ope\u0301rations de la DGRE. Dans une des versions des faits, Laurent Esso serait me\u0302me celui qui a donne\u0301 l\u2019ordre final pour qu\u2019on abatte le journaliste.<\/p>\n<p>Interviewe\u0301 par Jeune Afrique, l\u2019avocate Alice Nkom estime qu\u2019a\u0300 l\u2019e\u0301tat actuel des choses, Paul Biya ne fait plus confiance a\u0300 Laurent Esso.<\/p>\n<p>\u00ab Le ministre Esso va souffrir d\u2019une pre\u0301somption de culpabilite\u0301 e\u0301tant donne\u0301 que le pre\u0301sident a montre\u0301 qu\u2019il pre\u0301fe\u0301rait faire passer ses instructions par le ministre secre\u0301taire ge\u0301ne\u0301ral de la pre\u0301sidence Ferdinand Ngoh Ngoh, de\u0301clare Alice Nkom. Si les informations selon lesquelles le pre\u0301sident a tous les e\u0301le\u0301ments du dossier sont exactes, chacun peut en tirer ses conclusions. La situation montre en tout cas que dans cette affaire, me\u0302me le pre\u0301sident ne fait pas confiance au ministre de la justice puisqu\u2019il l\u2019a \u2018\u2019by-passe\u0301\u2019\u2019.\u00bb<\/p>\n<p>Me\u0302me si Paul Biya ne fait pas confiance a\u0300 son fide\u0300le ami dans l\u2019affaire Martinez Zogo, il est difficile pour lui de le laisser a\u0300 la merci des enque\u0302teurs dans le cadre de cadre de l\u2019enque\u0302te en cours. Il y a tout juste 1 mois, le 16 fe\u0301vrier 2023, le journaliste Xavier Messe a donne\u0301 les raisons qui motivent ce choix du Chef d\u2019Etat dans un article.<\/p>\n<p>Les enque\u0302tes grippe\u0301es<\/p>\n<p>Mardi 14 fe\u0301vrier 2023 en de\u0301but d\u2019apre\u0300s-midi, les principaux suspects dans l\u2019assassinat de Martinez Zogo, a\u0300 savoir Eko Eko Maxime, Justin Danwe, Jean-Pierre Amougou Belinga, Bruno Bidjang, ont e\u0301te\u0301 pre\u0301sente\u0301s au Commissaire du gouvernement du Tribunal militaire. Nous avons appris ensuite que toutes ces personnes sont retourne\u0301es au Sed \u00ab pour des comple\u0301ments d\u2019informations \u00bb, ou\u0300 leur garde a\u0300 vue a e\u0301te\u0301 prolonge\u0301e.<\/p>\n<p>ASSASSINAT DE MARTINEZ ZOGO<\/p>\n<p>Toute la semaine passe\u0301e, les me\u0301dias traditionnels et les re\u0301seaux sociaux ont abondamment relaye\u0301 un communique\u0301 de presse de l\u2019Ong \u00ab Reporters sans frontie\u0300res \u00bb. Dans ce communique\u0301 dense et finement re\u0301dige\u0301, l\u2019organe de de\u0301fense des inte\u0301re\u0302ts des hommes des me\u0301dias, a\u0300 travers ses envoye\u0301s spe\u0301ciaux et ses correspondants locaux, affirme avoir eu acce\u0300s aux informations contenues dans la de\u0301position du lieutenant-colonel Justin Danwe de la Dgre. Ce dernier est jusque-la\u0300 conside\u0301re\u0301 comme le chef du commando qui a torture\u0301 et assassine\u0301 Martinez Zogo. Cette sortie de Rsf a e\u0301te\u0301 reprise par de tre\u0300s nombreux me\u0301dias occidentaux. Rsf cite nomme\u0301ment Laurent Esso comme ayant partage\u0301 une communication te\u0301le\u0301phonique avec Amougou Belinga, pendant que le commando exe\u0301cutait sa basse besogne sur le corps de Martinez Zogo.<\/p>\n<p>Pour qu\u2019une enque\u0302te de cette nature soit boucle\u0301e, les enque\u0302teurs ont l\u2019obligation d\u2019auditionner toute personne dont le nom est cite\u0301 par un te\u0301moin ou par un suspect. C\u2019est le cas de Laurent Esso, ministre de la Justice. Selon des informations non confirme\u0301es a\u0300 ce jour, le chef de l\u2019E\u0301tat aurait marque\u0301 son accord pour que le garde des Sceaux soit entendu par les enque\u0302teurs. Ce qui n\u2019a pas e\u0301te\u0301 fait au moment ou\u0300 nous terminions d\u2019e\u0301crire ces lignes. Dans ces conditions, il faudrait comprendre que le Commissaire du gouvernement ne disposerait pas de tous les e\u0301le\u0301ments pour commencer son travail ; d\u2019ou\u0300 le retour des suspects au Sed.<\/p>\n<p>Dans les pratiques en de\u0301mocratie, lorsqu\u2019une personnalite\u0301 publique est cite\u0301e pour une affaire en justice, elle se propose spontane\u0301ment de se de\u0301barrasser d\u2019abord de ses attributs officiels afin de de\u0301fendre son honneur. Dans notre re\u0301publique des tropiques, on ne de\u0301missionne pas. Seuls le de\u0301shonneur et l\u2019humiliation arrachent les personnes indexe\u0301es de leur fauteuil.<\/p>\n<p>Paul Biya pourrait-il laisser Laurent Esso a\u0300 la merci des enque\u0302teurs ? C\u2019est un dilemme pour lui. Les deux hommes ont confectionne\u0301 ensemble les institutions du Cameroun depuis 1982. Ils se connaissent un peu trop. Ils ont quelques caracte\u0301ristiques en commun : la froideur, l\u2019insensibilite\u0301, l\u2019indiffe\u0301rence vis-a\u0300-vis de leurs semblables. Dans leur parcours administratif et politique, chacun sait ou\u0300 il tient l\u2019autre. Laurent Esso est le seul membre du gouvernement qui parle a\u0300 Paul Biya en le regardant droit dans les yeux. Le magazine Jeune Afrique, il y a quelque temps, avait fait sa manchette avec le titre et une photographie d\u2019apparat : \u00ab Et si c\u2019e\u0301tait lui ? \u00bb Avait-il pose\u0301 cette question-programme. Connaissant les habitudes de ce journal, une pareille sortie n\u2019e\u0301tait pas fortuite : ce fut une commande ou un ballon d\u2019essai.<\/p>\n<p>Paul Biya va-t-il courir le risque de bloquer l\u2019action de la justice dans cette affaire de crime en prote\u0301geant un compagnon de route ? Re\u0301pondre a\u0300 une convocation en justice n\u2019est pas synonyme d\u2019une culpabilite\u0301. Laurent Esso le sait mieux que tout le monde.<\/p>\n<p>Les Camerounais attendent que Paul Biya ge\u0300re ce dossier de Martinez Zogo avec e\u0301quite\u0301 et impartialite\u0301. La communaute\u0301 internationale le regarde. De sa fac\u0327on de re\u0301pondre a\u0300 ces attentes, il sortirait de son long re\u0300gne par la grande ou par la petite porte.<\/p>\n<p><strong>Pour plus d&rsquo;informations et d&rsquo;analyses sur la <a href=\"https:\/\/www.africa-press.net\/cameroun\">Cameroun<\/a>, suivez <a href=\"https:\/\/www.africa-press.net\/\">Africa-Press<\/a><\/strong><\/p>\n","protected":false},"excerpt":{"rendered":"<p>Africa-Press &#8211; Cameroun. L\u2019une des re\u0301ve\u0301lations qui a le plus fait du bruit dans l\u2019affaire Martinez Zogo est l\u2019implication du Ministre de la justice Laurent Esso. Dans le cadre de l\u2019enque\u0302te visant a\u0300 mettre la main sur les assassins de Martinez Zogo, le nom de Laurent Esso a e\u0301te\u0301 cite\u0301 comme complice par le lieutenant-colonel [&hellip;]<\/p>\n","protected":false},"author":82,"featured_media":39632,"comment_status":"open","ping_status":"closed","sticky":false,"template":"","format":"standard","meta":{"footnotes":""},"categories":[2,10],"tags":[36,50,49],"class_list":["post-39635","post","type-post","status-publish","format-standard","has-post-thumbnail","hentry","category-politique","category-toutes-les-actualites","tag-africa-press","tag-africa-press-cameroun","tag-cameroun"],"yoast_head":"<!-- This site is optimized with the Yoast SEO Premium plugin v26.1 (Yoast SEO v27.0) - https:\/\/yoast.com\/product\/yoast-seo-premium-wordpress\/ -->\n<title>Fin d\u2019une longue amiti\u00e9 : \u2018Paul Biya ne fait plus confiance \u00e0 Laurent Esso\u2019 - Cameroun<\/title>\n<meta name=\"description\" content=\"L\u2019une des re\u0301ve\u0301lations qui a le plus fait du bruit dans l\u2019affaire Martinez Zogo est l\u2019implication du Ministre de la jus ...\" \/>\n<meta name=\"robots\" content=\"index, follow, max-snippet:-1, max-image-preview:large, max-video-preview:-1\" \/>\n<link rel=\"canonical\" href=\"https:\/\/www.africa-press.net\/cameroun\/politique\/fin-dune-longue-amitie-paul-biya-ne-fait-plus-confiance-a-laurent-esso\" \/>\n<meta property=\"og:locale\" content=\"fr_FR\" \/>\n<meta property=\"og:type\" content=\"article\" \/>\n<meta property=\"og:title\" content=\"Fin d\u2019une longue amiti\u00e9 : \u2018Paul Biya ne fait plus confiance \u00e0 Laurent Esso\u2019\" \/>\n<meta property=\"og:description\" content=\"L\u2019une des re\u0301ve\u0301lations qui a le plus fait du bruit dans l\u2019affaire Martinez Zogo est l\u2019implication du Ministre de la jus ...\" \/>\n<meta property=\"og:url\" content=\"https:\/\/www.africa-press.net\/cameroun\/politique\/fin-dune-longue-amitie-paul-biya-ne-fait-plus-confiance-a-laurent-esso\" \/>\n<meta property=\"og:site_name\" content=\"Cameroun\" \/>\n<meta property=\"article:published_time\" content=\"2023-03-17T12:29:54+00:00\" \/>\n<meta property=\"article:modified_time\" content=\"2023-03-17T12:45:24+00:00\" \/>\n<meta property=\"og:image\" content=\"https:\/\/static.africa-press.net\/cameroun\/sites\/57\/2023\/03\/postQueueImg_1679043599.53.jpg\" \/>\n\t<meta property=\"og:image:width\" content=\"720\" \/>\n\t<meta property=\"og:image:height\" content=\"292\" \/>\n\t<meta property=\"og:image:type\" content=\"image\/jpeg\" \/>\n<meta name=\"author\" content=\"cfeditorfr\" \/>\n<meta name=\"twitter:card\" content=\"summary_large_image\" \/>\n<meta name=\"twitter:label1\" content=\"\u00c9crit par\" \/>\n\t<meta name=\"twitter:data1\" content=\"cfeditorfr\" \/>\n\t<meta name=\"twitter:label2\" content=\"Dur\u00e9e de lecture estim\u00e9e\" \/>\n\t<meta name=\"twitter:data2\" content=\"5 minutes\" \/>\n<script type=\"application\/ld+json\" class=\"yoast-schema-graph\">{\"@context\":\"https:\/\/schema.org\",\"@graph\":[{\"@type\":\"Article\",\"@id\":\"https:\/\/www.africa-press.net\/cameroun\/politique\/fin-dune-longue-amitie-paul-biya-ne-fait-plus-confiance-a-laurent-esso#article\",\"isPartOf\":{\"@id\":\"https:\/\/www.africa-press.net\/cameroun\/politique\/fin-dune-longue-amitie-paul-biya-ne-fait-plus-confiance-a-laurent-esso\"},\"author\":{\"name\":\"cfeditorfr\",\"@id\":\"https:\/\/www.africa-press.net\/cameroun\/#\/schema\/person\/2b1cf3cd81a31e3cd26889ca66d677f1\"},\"headline\":\"Fin d\u2019une longue amiti\u00e9 : \u2018Paul Biya ne fait plus confiance \u00e0 Laurent Esso\u2019\",\"datePublished\":\"2023-03-17T12:29:54+00:00\",\"dateModified\":\"2023-03-17T12:45:24+00:00\",\"mainEntityOfPage\":{\"@id\":\"https:\/\/www.africa-press.net\/cameroun\/politique\/fin-dune-longue-amitie-paul-biya-ne-fait-plus-confiance-a-laurent-esso\"},\"wordCount\":975,\"commentCount\":0,\"image\":{\"@id\":\"https:\/\/www.africa-press.net\/cameroun\/politique\/fin-dune-longue-amitie-paul-biya-ne-fait-plus-confiance-a-laurent-esso#primaryimage\"},\"thumbnailUrl\":\"https:\/\/static.africa-press.net\/cameroun\/sites\/57\/2023\/03\/postQueueImg_1679043599.53.jpg\",\"keywords\":[\"Africa Press\",\"Africa Press-Cameroun\",\"Cameroun\"],\"articleSection\":[\"Politique\",\"Toutes les actualit\u00e9s\"],\"inLanguage\":\"fr-FR\",\"potentialAction\":[{\"@type\":\"CommentAction\",\"name\":\"Comment\",\"target\":[\"https:\/\/www.africa-press.net\/cameroun\/politique\/fin-dune-longue-amitie-paul-biya-ne-fait-plus-confiance-a-laurent-esso#respond\"]}]},{\"@type\":\"WebPage\",\"@id\":\"https:\/\/www.africa-press.net\/cameroun\/politique\/fin-dune-longue-amitie-paul-biya-ne-fait-plus-confiance-a-laurent-esso\",\"url\":\"https:\/\/www.africa-press.net\/cameroun\/politique\/fin-dune-longue-amitie-paul-biya-ne-fait-plus-confiance-a-laurent-esso\",\"name\":\"Fin d\u2019une longue amiti\u00e9 : \u2018Paul Biya ne fait plus confiance \u00e0 Laurent Esso\u2019 - Cameroun\",\"isPartOf\":{\"@id\":\"https:\/\/www.africa-press.net\/cameroun\/#website\"},\"primaryImageOfPage\":{\"@id\":\"https:\/\/www.africa-press.net\/cameroun\/politique\/fin-dune-longue-amitie-paul-biya-ne-fait-plus-confiance-a-laurent-esso#primaryimage\"},\"image\":{\"@id\":\"https:\/\/www.africa-press.net\/cameroun\/politique\/fin-dune-longue-amitie-paul-biya-ne-fait-plus-confiance-a-laurent-esso#primaryimage\"},\"thumbnailUrl\":\"https:\/\/static.africa-press.net\/cameroun\/sites\/57\/2023\/03\/postQueueImg_1679043599.53.jpg\",\"datePublished\":\"2023-03-17T12:29:54+00:00\",\"dateModified\":\"2023-03-17T12:45:24+00:00\",\"author\":{\"@id\":\"https:\/\/www.africa-press.net\/cameroun\/#\/schema\/person\/2b1cf3cd81a31e3cd26889ca66d677f1\"},\"description\":\"L\u2019une des re\u0301ve\u0301lations qui a le plus fait du bruit dans l\u2019affaire Martinez Zogo est l\u2019implication du Ministre de la jus ...\",\"breadcrumb\":{\"@id\":\"https:\/\/www.africa-press.net\/cameroun\/politique\/fin-dune-longue-amitie-paul-biya-ne-fait-plus-confiance-a-laurent-esso#breadcrumb\"},\"inLanguage\":\"fr-FR\",\"potentialAction\":[{\"@type\":\"ReadAction\",\"target\":[\"https:\/\/www.africa-press.net\/cameroun\/politique\/fin-dune-longue-amitie-paul-biya-ne-fait-plus-confiance-a-laurent-esso\"]}]},{\"@type\":\"ImageObject\",\"inLanguage\":\"fr-FR\",\"@id\":\"https:\/\/www.africa-press.net\/cameroun\/politique\/fin-dune-longue-amitie-paul-biya-ne-fait-plus-confiance-a-laurent-esso#primaryimage\",\"url\":\"https:\/\/static.africa-press.net\/cameroun\/sites\/57\/2023\/03\/postQueueImg_1679043599.53.jpg\",\"contentUrl\":\"https:\/\/static.africa-press.net\/cameroun\/sites\/57\/2023\/03\/postQueueImg_1679043599.53.jpg\",\"width\":720,\"height\":292,\"caption\":\"Fin d\u2019une longue amiti\u00e9 : \u2018Paul Biya ne fait plus confiance \u00e0 Laurent Esso\u2019\"},{\"@type\":\"BreadcrumbList\",\"@id\":\"https:\/\/www.africa-press.net\/cameroun\/politique\/fin-dune-longue-amitie-paul-biya-ne-fait-plus-confiance-a-laurent-esso#breadcrumb\",\"itemListElement\":[{\"@type\":\"ListItem\",\"position\":1,\"name\":\"Accueil\",\"item\":\"https:\/\/www.africa-press.net\/cameroun\/\"},{\"@type\":\"ListItem\",\"position\":2,\"name\":\"Fin d\u2019une longue amiti\u00e9 : \u2018Paul Biya ne fait plus confiance \u00e0 Laurent Esso\u2019\"}]},{\"@type\":\"WebSite\",\"@id\":\"https:\/\/www.africa-press.net\/cameroun\/#website\",\"url\":\"https:\/\/www.africa-press.net\/cameroun\/\",\"name\":\"Cameroun\",\"description\":\"Just another Africa News Agency Sites site\",\"potentialAction\":[{\"@type\":\"SearchAction\",\"target\":{\"@type\":\"EntryPoint\",\"urlTemplate\":\"https:\/\/www.africa-press.net\/cameroun\/?s={search_term_string}\"},\"query-input\":{\"@type\":\"PropertyValueSpecification\",\"valueRequired\":true,\"valueName\":\"search_term_string\"}}],\"inLanguage\":\"fr-FR\"},{\"@type\":\"Person\",\"@id\":\"https:\/\/www.africa-press.net\/cameroun\/#\/schema\/person\/2b1cf3cd81a31e3cd26889ca66d677f1\",\"name\":\"cfeditorfr\"}]}<\/script>\n<!-- \/ Yoast SEO Premium plugin. -->","yoast_head_json":{"title":"Fin d\u2019une longue amiti\u00e9 : \u2018Paul Biya ne fait plus confiance \u00e0 Laurent Esso\u2019 - Cameroun","description":"L\u2019une des re\u0301ve\u0301lations qui a le plus fait du bruit dans l\u2019affaire Martinez Zogo est l\u2019implication du Ministre de la jus ...","robots":{"index":"index","follow":"follow","max-snippet":"max-snippet:-1","max-image-preview":"max-image-preview:large","max-video-preview":"max-video-preview:-1"},"canonical":"https:\/\/www.africa-press.net\/cameroun\/politique\/fin-dune-longue-amitie-paul-biya-ne-fait-plus-confiance-a-laurent-esso","og_locale":"fr_FR","og_type":"article","og_title":"Fin d\u2019une longue amiti\u00e9 : \u2018Paul Biya ne fait plus confiance \u00e0 Laurent Esso\u2019","og_description":"L\u2019une des re\u0301ve\u0301lations qui a le plus fait du bruit dans l\u2019affaire Martinez Zogo est l\u2019implication du Ministre de la jus ...","og_url":"https:\/\/www.africa-press.net\/cameroun\/politique\/fin-dune-longue-amitie-paul-biya-ne-fait-plus-confiance-a-laurent-esso","og_site_name":"Cameroun","article_published_time":"2023-03-17T12:29:54+00:00","article_modified_time":"2023-03-17T12:45:24+00:00","og_image":[{"width":720,"height":292,"url":"https:\/\/static.africa-press.net\/cameroun\/sites\/57\/2023\/03\/postQueueImg_1679043599.53.jpg","type":"image\/jpeg"}],"author":"cfeditorfr","twitter_card":"summary_large_image","twitter_misc":{"\u00c9crit par":"cfeditorfr","Dur\u00e9e de lecture estim\u00e9e":"5 minutes"},"schema":{"@context":"https:\/\/schema.org","@graph":[{"@type":"Article","@id":"https:\/\/www.africa-press.net\/cameroun\/politique\/fin-dune-longue-amitie-paul-biya-ne-fait-plus-confiance-a-laurent-esso#article","isPartOf":{"@id":"https:\/\/www.africa-press.net\/cameroun\/politique\/fin-dune-longue-amitie-paul-biya-ne-fait-plus-confiance-a-laurent-esso"},"author":{"name":"cfeditorfr","@id":"https:\/\/www.africa-press.net\/cameroun\/#\/schema\/person\/2b1cf3cd81a31e3cd26889ca66d677f1"},"headline":"Fin d\u2019une longue amiti\u00e9 : \u2018Paul Biya ne fait plus confiance \u00e0 Laurent Esso\u2019","datePublished":"2023-03-17T12:29:54+00:00","dateModified":"2023-03-17T12:45:24+00:00","mainEntityOfPage":{"@id":"https:\/\/www.africa-press.net\/cameroun\/politique\/fin-dune-longue-amitie-paul-biya-ne-fait-plus-confiance-a-laurent-esso"},"wordCount":975,"commentCount":0,"image":{"@id":"https:\/\/www.africa-press.net\/cameroun\/politique\/fin-dune-longue-amitie-paul-biya-ne-fait-plus-confiance-a-laurent-esso#primaryimage"},"thumbnailUrl":"https:\/\/static.africa-press.net\/cameroun\/sites\/57\/2023\/03\/postQueueImg_1679043599.53.jpg","keywords":["Africa Press","Africa Press-Cameroun","Cameroun"],"articleSection":["Politique","Toutes les actualit\u00e9s"],"inLanguage":"fr-FR","potentialAction":[{"@type":"CommentAction","name":"Comment","target":["https:\/\/www.africa-press.net\/cameroun\/politique\/fin-dune-longue-amitie-paul-biya-ne-fait-plus-confiance-a-laurent-esso#respond"]}]},{"@type":"WebPage","@id":"https:\/\/www.africa-press.net\/cameroun\/politique\/fin-dune-longue-amitie-paul-biya-ne-fait-plus-confiance-a-laurent-esso","url":"https:\/\/www.africa-press.net\/cameroun\/politique\/fin-dune-longue-amitie-paul-biya-ne-fait-plus-confiance-a-laurent-esso","name":"Fin d\u2019une longue amiti\u00e9 : \u2018Paul Biya ne fait plus confiance \u00e0 Laurent Esso\u2019 - Cameroun","isPartOf":{"@id":"https:\/\/www.africa-press.net\/cameroun\/#website"},"primaryImageOfPage":{"@id":"https:\/\/www.africa-press.net\/cameroun\/politique\/fin-dune-longue-amitie-paul-biya-ne-fait-plus-confiance-a-laurent-esso#primaryimage"},"image":{"@id":"https:\/\/www.africa-press.net\/cameroun\/politique\/fin-dune-longue-amitie-paul-biya-ne-fait-plus-confiance-a-laurent-esso#primaryimage"},"thumbnailUrl":"https:\/\/static.africa-press.net\/cameroun\/sites\/57\/2023\/03\/postQueueImg_1679043599.53.jpg","datePublished":"2023-03-17T12:29:54+00:00","dateModified":"2023-03-17T12:45:24+00:00","author":{"@id":"https:\/\/www.africa-press.net\/cameroun\/#\/schema\/person\/2b1cf3cd81a31e3cd26889ca66d677f1"},"description":"L\u2019une des re\u0301ve\u0301lations qui a le plus fait du bruit dans l\u2019affaire Martinez Zogo est l\u2019implication du Ministre de la jus ...","breadcrumb":{"@id":"https:\/\/www.africa-press.net\/cameroun\/politique\/fin-dune-longue-amitie-paul-biya-ne-fait-plus-confiance-a-laurent-esso#breadcrumb"},"inLanguage":"fr-FR","potentialAction":[{"@type":"ReadAction","target":["https:\/\/www.africa-press.net\/cameroun\/politique\/fin-dune-longue-amitie-paul-biya-ne-fait-plus-confiance-a-laurent-esso"]}]},{"@type":"ImageObject","inLanguage":"fr-FR","@id":"https:\/\/www.africa-press.net\/cameroun\/politique\/fin-dune-longue-amitie-paul-biya-ne-fait-plus-confiance-a-laurent-esso#primaryimage","url":"https:\/\/static.africa-press.net\/cameroun\/sites\/57\/2023\/03\/postQueueImg_1679043599.53.jpg","contentUrl":"https:\/\/static.africa-press.net\/cameroun\/sites\/57\/2023\/03\/postQueueImg_1679043599.53.jpg","width":720,"height":292,"caption":"Fin d\u2019une longue amiti\u00e9 : \u2018Paul Biya ne fait plus confiance \u00e0 Laurent Esso\u2019"},{"@type":"BreadcrumbList","@id":"https:\/\/www.africa-press.net\/cameroun\/politique\/fin-dune-longue-amitie-paul-biya-ne-fait-plus-confiance-a-laurent-esso#breadcrumb","itemListElement":[{"@type":"ListItem","position":1,"name":"Accueil","item":"https:\/\/www.africa-press.net\/cameroun\/"},{"@type":"ListItem","position":2,"name":"Fin d\u2019une longue amiti\u00e9 : \u2018Paul Biya ne fait plus confiance \u00e0 Laurent Esso\u2019"}]},{"@type":"WebSite","@id":"https:\/\/www.africa-press.net\/cameroun\/#website","url":"https:\/\/www.africa-press.net\/cameroun\/","name":"Cameroun","description":"Just another Africa News Agency Sites site","potentialAction":[{"@type":"SearchAction","target":{"@type":"EntryPoint","urlTemplate":"https:\/\/www.africa-press.net\/cameroun\/?s={search_term_string}"},"query-input":{"@type":"PropertyValueSpecification","valueRequired":true,"valueName":"search_term_string"}}],"inLanguage":"fr-FR"},{"@type":"Person","@id":"https:\/\/www.africa-press.net\/cameroun\/#\/schema\/person\/2b1cf3cd81a31e3cd26889ca66d677f1","name":"cfeditorfr"}]}},"_links":{"self":[{"href":"https:\/\/www.africa-press.net\/cameroun\/wp-json\/wp\/v2\/posts\/39635","targetHints":{"allow":["GET"]}}],"collection":[{"href":"https:\/\/www.africa-press.net\/cameroun\/wp-json\/wp\/v2\/posts"}],"about":[{"href":"https:\/\/www.africa-press.net\/cameroun\/wp-json\/wp\/v2\/types\/post"}],"author":[{"embeddable":true,"href":"https:\/\/www.africa-press.net\/cameroun\/wp-json\/wp\/v2\/users\/82"}],"replies":[{"embeddable":true,"href":"https:\/\/www.africa-press.net\/cameroun\/wp-json\/wp\/v2\/comments?post=39635"}],"version-history":[{"count":0,"href":"https:\/\/www.africa-press.net\/cameroun\/wp-json\/wp\/v2\/posts\/39635\/revisions"}],"wp:featuredmedia":[{"embeddable":true,"href":"https:\/\/www.africa-press.net\/cameroun\/wp-json\/wp\/v2\/media\/39632"}],"wp:attachment":[{"href":"https:\/\/www.africa-press.net\/cameroun\/wp-json\/wp\/v2\/media?parent=39635"}],"wp:term":[{"taxonomy":"category","embeddable":true,"href":"https:\/\/www.africa-press.net\/cameroun\/wp-json\/wp\/v2\/categories?post=39635"},{"taxonomy":"post_tag","embeddable":true,"href":"https:\/\/www.africa-press.net\/cameroun\/wp-json\/wp\/v2\/tags?post=39635"}],"curies":[{"name":"wp","href":"https:\/\/api.w.org\/{rel}","templated":true}]}}