{"id":39646,"date":"2023-03-17T12:30:09","date_gmt":"2023-03-17T12:30:09","guid":{"rendered":"https:\/\/www.africa-press.net\/cameroun\/politique\/deces-de-bernard-essomba-comment-le-rdpc-a-immortalise-lhomme-politique-avant-sa-mort"},"modified":"2023-03-17T12:47:29","modified_gmt":"2023-03-17T12:47:29","slug":"deces-de-bernard-essomba-comment-le-rdpc-a-immortalise-lhomme-politique-avant-sa-mort","status":"publish","type":"post","link":"https:\/\/www.africa-press.net\/cameroun\/politique\/deces-de-bernard-essomba-comment-le-rdpc-a-immortalise-lhomme-politique-avant-sa-mort","title":{"rendered":"D\u00e9c\u00e8s de Bernard Essomba: comment le RDPC a immortalis\u00e9 l&rsquo;homme politique avant sa mort"},"content":{"rendered":"<p><span style=\"color: #ff6600\"><strong>Africa-Press &#8211; Cameroun. <\/strong><\/span>Jean-Bernard Ndongo Essomba est de\u0301ce\u0301de\u0301 dans la matine\u0301e de ce vendredi 17 mars 2023, apre\u0300s une tre\u0300s longue maladie. Mais peu de temps avant son de\u0301ce\u0300s, le RDPC a dresse\u0301 le portait de l&rsquo;homme politique qui a e\u0301te\u0301 le pre\u0301sident de son groupe parlementaire.<\/p>\n<p>Portrait<\/p>\n<p>\u00ab\u00a0Jean-Bernard Ndongo Essomba est un homme politique camerounais. Il a e\u0301te\u0301 pre\u0301sident du groupe parlementaire du Rassemblement de\u0301mocratique du peuple camerounais (RDPC) a\u0300 l&rsquo;Assemble\u0301e nationale du Cameroun de 1992 a\u0300 1997 et il occupe a\u0300 nouveau ce poste depuis 2002.<\/p>\n<p>Carrie\u0300re politique avant 2007<\/p>\n<p>Ndongo Essomba, homme d&rsquo;affaires, e\u0301tait le troisie\u0300me vice-pre\u0301sident de la Chambre de commerce, d&rsquo;industrie et des mines (CCIM) a\u0300 partir de 1984. Il a e\u0301te\u0301 nomme\u0301 au Comite\u0301 central de la Union nationale du Cameroun (UNC) par le pre\u0301sident Paul Biya (agissant en sa qualite\u0301 de pre\u0301sident de l&rsquo;UNC) en mai 1984. Lorsque l&rsquo;UNC a e\u0301te\u0301 transforme\u0301e en RDPC lors du congre\u0300s du parti de mars 1985 a\u0300 Bamenda, Ndongo Essomba a e\u0301te\u0301 retenu comme l&rsquo;un des 65 membres titulaires du Comite\u0301 central du RDPC ; il est e\u0301galement de\u0301signe\u0301 deuxie\u0300me sous-secre\u0301taire aux syndicats.<\/p>\n<p>Des e\u0301lections locales ont eu lieu en octobre 1987; ils se distinguaient par le fait que plusieurs listes du RDPC e\u0301taient autorise\u0301es a\u0300 se pre\u0301senter dans les me\u0302mes circonscriptions, offrant ainsi une mesure de concurrence politique dans le contexte du syste\u0300me de parti unique. Ndongo Essomba e\u0301tait te\u0302te de liste dans la commune rurale de Sa\u2019a, situe\u0301e dans la province du Centre.<\/p>\n<p>Lors des e\u0301lections le\u0301gislatives de mars 1992, il est e\u0301lu a\u0300 l&rsquo;Assemble\u0301e nationale en tant que candidat RDPC dans la circonscription de Lekie\u0301 de la province du Centre ; a\u0300 la suite de cette e\u0301lection, il a e\u0301te\u0301 pre\u0301sident du groupe parlementaire RDPC de 1992 a\u0300 1997. Il a cherche\u0301 a\u0300 e\u0302tre a\u0300 nouveau nomme\u0301 candidat RDPC dans la Lekie\u0301 pour les e\u0301lections le\u0301gislatives de 1997 , mais il a e\u0301te\u0301 battu a\u0300 une primaire du parti RDPC par une liste dirige\u0301e par Antoine -Louis Ntsimi.<\/p>\n<p>Avant les e\u0301lections le\u0301gislatives de juin 2002, Ndongo Essomba a de nouveau participe\u0301 a\u0300 la primaire du parti RDPC dans la Lekie\u0301. Lors de la primaire, tenue les 9 et 10 mai 2002, la liste dirige\u0301e par Ndongo Essomba a battu de justesse la liste dirige\u0301e par Ntsimi; il a rec\u0327u 2 587 voix contre 2 505 pour la liste de Ntsimi. Apre\u0300s avoir remporte\u0301 un sie\u0300ge a\u0300 l&rsquo;Assemble\u0301e nationale, Ndongo Essomba a e\u0301te\u0301 e\u0301lu pre\u0301sident du groupe parlementaire RDPC lorsque l&rsquo;Assemble\u0301e nationale a commence\u0301 a\u0300 se re\u0301unir pour son nouveau mandat en aou\u0302t 2002.<\/p>\n<p>Lors des e\u0301lections le\u0301gislatives de juillet 2007, Ndongo Essomba a e\u0301te\u0301 re\u0301e\u0301lu a\u0300 l&rsquo;Assemble\u0301e nationale en tant que candidat du RDPC dans la circonscription de Lekie\u0301 Est. Il a e\u0301te\u0301 maintenu a\u0300 son poste de pre\u0301sident du groupe parlementaire RDPC lorsque l&rsquo;Assemble\u0301e nationale a commence\u0301 a\u0300 se re\u0301unir pour la nouvelle le\u0301gislature.<\/p>\n<p>En avril 2008, lorsque l&rsquo;Assemble\u0301e nationale a approuve\u0301 des changements a\u0300 la constitution qui supprimaient les limites de mandats a\u0300 la pre\u0301sidence, permettant ainsi au pre\u0301sident Biya de se pre\u0301senter pour une re\u0301e\u0301lection en 2011, Ndongo Essomba a de\u0301clare\u0301 que les changements me\u0301ritaient \u00ab le soutien enthousiaste de tous les Camerounais de bonne foi \u00ab\u00a0. Il a fait valoir qu&rsquo;elles \u00ab renforceraient la de\u0301mocratie, maintiendraient la stabilite\u0301 politique, l&rsquo;unite\u0301 nationale et l&rsquo;inte\u0301grite\u0301 territoriale \u00bb et qu&rsquo;elles e\u0301taient \u00ab conformes aux normes internationales accepte\u0301es telles qu&rsquo;elles sont pratique\u0301es dans les vieilles de\u0301mocraties comme la France et le Royaume-Uni \u00bb.<\/p>\n<p>Lors des e\u0301lections le\u0301gislatives de septembre 2013, Ndongo Essomba a e\u0301te\u0301 re\u0301e\u0301lu a\u0300 l&rsquo;Assemble\u0301e nationale\u00a0\u00bb.<\/p>\n<p><strong>Pour plus d&rsquo;informations et d&rsquo;analyses sur la <a href=\"https:\/\/www.africa-press.net\/cameroun\">Cameroun<\/a>, suivez <a href=\"https:\/\/www.africa-press.net\/\">Africa-Press<\/a><\/strong><\/p>\n","protected":false},"excerpt":{"rendered":"<p>Africa-Press &#8211; Cameroun. Jean-Bernard Ndongo Essomba est de\u0301ce\u0301de\u0301 dans la matine\u0301e de ce vendredi 17 mars 2023, apre\u0300s une tre\u0300s longue maladie. Mais peu de temps avant son de\u0301ce\u0300s, le RDPC a dresse\u0301 le portait de l&rsquo;homme politique qui a e\u0301te\u0301 le pre\u0301sident de son groupe parlementaire. Portrait \u00ab\u00a0Jean-Bernard Ndongo Essomba est un homme politique [&hellip;]<\/p>\n","protected":false},"author":82,"featured_media":39644,"comment_status":"open","ping_status":"closed","sticky":false,"template":"","format":"standard","meta":{"footnotes":""},"categories":[2,10],"tags":[36,50,49],"class_list":["post-39646","post","type-post","status-publish","format-standard","has-post-thumbnail","hentry","category-politique","category-toutes-les-actualites","tag-africa-press","tag-africa-press-cameroun","tag-cameroun"],"yoast_head":"<!-- This site is optimized with the Yoast SEO Premium plugin v26.1 (Yoast SEO v27.0) - https:\/\/yoast.com\/product\/yoast-seo-premium-wordpress\/ -->\n<title>D\u00e9c\u00e8s de Bernard Essomba: comment le RDPC a immortalis\u00e9 l&#039;homme politique avant sa mort - Cameroun<\/title>\n<meta name=\"description\" content=\"Jean-Bernard Ndongo Essomba est de\u0301ce\u0301de\u0301 dans la matine\u0301e de ce vendredi 17 mars 2023, apre\u0300s une tre\u0300s longue maladie. ...\" \/>\n<meta name=\"robots\" content=\"index, follow, max-snippet:-1, max-image-preview:large, max-video-preview:-1\" \/>\n<link rel=\"canonical\" href=\"https:\/\/www.africa-press.net\/cameroun\/politique\/deces-de-bernard-essomba-comment-le-rdpc-a-immortalise-lhomme-politique-avant-sa-mort\" \/>\n<meta property=\"og:locale\" content=\"fr_FR\" \/>\n<meta property=\"og:type\" content=\"article\" \/>\n<meta property=\"og:title\" content=\"D\u00e9c\u00e8s de Bernard Essomba: comment le RDPC a immortalis\u00e9 l&#039;homme politique avant sa mort\" \/>\n<meta property=\"og:description\" content=\"Jean-Bernard Ndongo Essomba est de\u0301ce\u0301de\u0301 dans la matine\u0301e de ce vendredi 17 mars 2023, apre\u0300s une tre\u0300s longue maladie. ...\" \/>\n<meta property=\"og:url\" content=\"https:\/\/www.africa-press.net\/cameroun\/politique\/deces-de-bernard-essomba-comment-le-rdpc-a-immortalise-lhomme-politique-avant-sa-mort\" \/>\n<meta property=\"og:site_name\" content=\"Cameroun\" \/>\n<meta property=\"article:published_time\" content=\"2023-03-17T12:30:09+00:00\" \/>\n<meta property=\"article:modified_time\" content=\"2023-03-17T12:47:29+00:00\" \/>\n<meta property=\"og:image\" content=\"https:\/\/static.africa-press.net\/cameroun\/sites\/57\/2023\/03\/postQueueImg_1679043612.22.jpg\" \/>\n\t<meta property=\"og:image:width\" content=\"720\" \/>\n\t<meta property=\"og:image:height\" content=\"360\" \/>\n\t<meta property=\"og:image:type\" content=\"image\/jpeg\" \/>\n<meta name=\"author\" content=\"cfeditorfr\" \/>\n<meta name=\"twitter:card\" content=\"summary_large_image\" \/>\n<meta name=\"twitter:label1\" content=\"\u00c9crit par\" \/>\n\t<meta name=\"twitter:data1\" content=\"cfeditorfr\" \/>\n\t<meta name=\"twitter:label2\" content=\"Dur\u00e9e de lecture estim\u00e9e\" \/>\n\t<meta name=\"twitter:data2\" content=\"3 minutes\" \/>\n<script type=\"application\/ld+json\" class=\"yoast-schema-graph\">{\"@context\":\"https:\/\/schema.org\",\"@graph\":[{\"@type\":\"Article\",\"@id\":\"https:\/\/www.africa-press.net\/cameroun\/politique\/deces-de-bernard-essomba-comment-le-rdpc-a-immortalise-lhomme-politique-avant-sa-mort#article\",\"isPartOf\":{\"@id\":\"https:\/\/www.africa-press.net\/cameroun\/politique\/deces-de-bernard-essomba-comment-le-rdpc-a-immortalise-lhomme-politique-avant-sa-mort\"},\"author\":{\"name\":\"cfeditorfr\",\"@id\":\"https:\/\/www.africa-press.net\/cameroun\/#\/schema\/person\/2b1cf3cd81a31e3cd26889ca66d677f1\"},\"headline\":\"D\u00e9c\u00e8s de Bernard Essomba: comment le RDPC a immortalis\u00e9 l&rsquo;homme politique avant sa mort\",\"datePublished\":\"2023-03-17T12:30:09+00:00\",\"dateModified\":\"2023-03-17T12:47:29+00:00\",\"mainEntityOfPage\":{\"@id\":\"https:\/\/www.africa-press.net\/cameroun\/politique\/deces-de-bernard-essomba-comment-le-rdpc-a-immortalise-lhomme-politique-avant-sa-mort\"},\"wordCount\":700,\"commentCount\":0,\"image\":{\"@id\":\"https:\/\/www.africa-press.net\/cameroun\/politique\/deces-de-bernard-essomba-comment-le-rdpc-a-immortalise-lhomme-politique-avant-sa-mort#primaryimage\"},\"thumbnailUrl\":\"https:\/\/static.africa-press.net\/cameroun\/sites\/57\/2023\/03\/postQueueImg_1679043612.22.jpg\",\"keywords\":[\"Africa Press\",\"Africa Press-Cameroun\",\"Cameroun\"],\"articleSection\":[\"Politique\",\"Toutes les actualit\u00e9s\"],\"inLanguage\":\"fr-FR\",\"potentialAction\":[{\"@type\":\"CommentAction\",\"name\":\"Comment\",\"target\":[\"https:\/\/www.africa-press.net\/cameroun\/politique\/deces-de-bernard-essomba-comment-le-rdpc-a-immortalise-lhomme-politique-avant-sa-mort#respond\"]}]},{\"@type\":\"WebPage\",\"@id\":\"https:\/\/www.africa-press.net\/cameroun\/politique\/deces-de-bernard-essomba-comment-le-rdpc-a-immortalise-lhomme-politique-avant-sa-mort\",\"url\":\"https:\/\/www.africa-press.net\/cameroun\/politique\/deces-de-bernard-essomba-comment-le-rdpc-a-immortalise-lhomme-politique-avant-sa-mort\",\"name\":\"D\u00e9c\u00e8s de Bernard Essomba: comment le RDPC a immortalis\u00e9 l'homme politique avant sa mort - Cameroun\",\"isPartOf\":{\"@id\":\"https:\/\/www.africa-press.net\/cameroun\/#website\"},\"primaryImageOfPage\":{\"@id\":\"https:\/\/www.africa-press.net\/cameroun\/politique\/deces-de-bernard-essomba-comment-le-rdpc-a-immortalise-lhomme-politique-avant-sa-mort#primaryimage\"},\"image\":{\"@id\":\"https:\/\/www.africa-press.net\/cameroun\/politique\/deces-de-bernard-essomba-comment-le-rdpc-a-immortalise-lhomme-politique-avant-sa-mort#primaryimage\"},\"thumbnailUrl\":\"https:\/\/static.africa-press.net\/cameroun\/sites\/57\/2023\/03\/postQueueImg_1679043612.22.jpg\",\"datePublished\":\"2023-03-17T12:30:09+00:00\",\"dateModified\":\"2023-03-17T12:47:29+00:00\",\"author\":{\"@id\":\"https:\/\/www.africa-press.net\/cameroun\/#\/schema\/person\/2b1cf3cd81a31e3cd26889ca66d677f1\"},\"description\":\"Jean-Bernard Ndongo Essomba est de\u0301ce\u0301de\u0301 dans la matine\u0301e de ce vendredi 17 mars 2023, apre\u0300s une tre\u0300s longue maladie. ...\",\"breadcrumb\":{\"@id\":\"https:\/\/www.africa-press.net\/cameroun\/politique\/deces-de-bernard-essomba-comment-le-rdpc-a-immortalise-lhomme-politique-avant-sa-mort#breadcrumb\"},\"inLanguage\":\"fr-FR\",\"potentialAction\":[{\"@type\":\"ReadAction\",\"target\":[\"https:\/\/www.africa-press.net\/cameroun\/politique\/deces-de-bernard-essomba-comment-le-rdpc-a-immortalise-lhomme-politique-avant-sa-mort\"]}]},{\"@type\":\"ImageObject\",\"inLanguage\":\"fr-FR\",\"@id\":\"https:\/\/www.africa-press.net\/cameroun\/politique\/deces-de-bernard-essomba-comment-le-rdpc-a-immortalise-lhomme-politique-avant-sa-mort#primaryimage\",\"url\":\"https:\/\/static.africa-press.net\/cameroun\/sites\/57\/2023\/03\/postQueueImg_1679043612.22.jpg\",\"contentUrl\":\"https:\/\/static.africa-press.net\/cameroun\/sites\/57\/2023\/03\/postQueueImg_1679043612.22.jpg\",\"width\":720,\"height\":360,\"caption\":\"D\u00e9c\u00e8s de Bernard Essomba: comment le RDPC a immortalis\u00e9 l'homme politique avant sa mort\"},{\"@type\":\"BreadcrumbList\",\"@id\":\"https:\/\/www.africa-press.net\/cameroun\/politique\/deces-de-bernard-essomba-comment-le-rdpc-a-immortalise-lhomme-politique-avant-sa-mort#breadcrumb\",\"itemListElement\":[{\"@type\":\"ListItem\",\"position\":1,\"name\":\"Accueil\",\"item\":\"https:\/\/www.africa-press.net\/cameroun\/\"},{\"@type\":\"ListItem\",\"position\":2,\"name\":\"D\u00e9c\u00e8s de Bernard Essomba: comment le RDPC a immortalis\u00e9 l&rsquo;homme politique avant sa mort\"}]},{\"@type\":\"WebSite\",\"@id\":\"https:\/\/www.africa-press.net\/cameroun\/#website\",\"url\":\"https:\/\/www.africa-press.net\/cameroun\/\",\"name\":\"Cameroun\",\"description\":\"Just another Africa News Agency Sites site\",\"potentialAction\":[{\"@type\":\"SearchAction\",\"target\":{\"@type\":\"EntryPoint\",\"urlTemplate\":\"https:\/\/www.africa-press.net\/cameroun\/?s={search_term_string}\"},\"query-input\":{\"@type\":\"PropertyValueSpecification\",\"valueRequired\":true,\"valueName\":\"search_term_string\"}}],\"inLanguage\":\"fr-FR\"},{\"@type\":\"Person\",\"@id\":\"https:\/\/www.africa-press.net\/cameroun\/#\/schema\/person\/2b1cf3cd81a31e3cd26889ca66d677f1\",\"name\":\"cfeditorfr\"}]}<\/script>\n<!-- \/ Yoast SEO Premium plugin. -->","yoast_head_json":{"title":"D\u00e9c\u00e8s de Bernard Essomba: comment le RDPC a immortalis\u00e9 l'homme politique avant sa mort - Cameroun","description":"Jean-Bernard Ndongo Essomba est de\u0301ce\u0301de\u0301 dans la matine\u0301e de ce vendredi 17 mars 2023, apre\u0300s une tre\u0300s longue maladie. ...","robots":{"index":"index","follow":"follow","max-snippet":"max-snippet:-1","max-image-preview":"max-image-preview:large","max-video-preview":"max-video-preview:-1"},"canonical":"https:\/\/www.africa-press.net\/cameroun\/politique\/deces-de-bernard-essomba-comment-le-rdpc-a-immortalise-lhomme-politique-avant-sa-mort","og_locale":"fr_FR","og_type":"article","og_title":"D\u00e9c\u00e8s de Bernard Essomba: comment le RDPC a immortalis\u00e9 l'homme politique avant sa mort","og_description":"Jean-Bernard Ndongo Essomba est de\u0301ce\u0301de\u0301 dans la matine\u0301e de ce vendredi 17 mars 2023, apre\u0300s une tre\u0300s longue maladie. ...","og_url":"https:\/\/www.africa-press.net\/cameroun\/politique\/deces-de-bernard-essomba-comment-le-rdpc-a-immortalise-lhomme-politique-avant-sa-mort","og_site_name":"Cameroun","article_published_time":"2023-03-17T12:30:09+00:00","article_modified_time":"2023-03-17T12:47:29+00:00","og_image":[{"width":720,"height":360,"url":"https:\/\/static.africa-press.net\/cameroun\/sites\/57\/2023\/03\/postQueueImg_1679043612.22.jpg","type":"image\/jpeg"}],"author":"cfeditorfr","twitter_card":"summary_large_image","twitter_misc":{"\u00c9crit par":"cfeditorfr","Dur\u00e9e de lecture estim\u00e9e":"3 minutes"},"schema":{"@context":"https:\/\/schema.org","@graph":[{"@type":"Article","@id":"https:\/\/www.africa-press.net\/cameroun\/politique\/deces-de-bernard-essomba-comment-le-rdpc-a-immortalise-lhomme-politique-avant-sa-mort#article","isPartOf":{"@id":"https:\/\/www.africa-press.net\/cameroun\/politique\/deces-de-bernard-essomba-comment-le-rdpc-a-immortalise-lhomme-politique-avant-sa-mort"},"author":{"name":"cfeditorfr","@id":"https:\/\/www.africa-press.net\/cameroun\/#\/schema\/person\/2b1cf3cd81a31e3cd26889ca66d677f1"},"headline":"D\u00e9c\u00e8s de Bernard Essomba: comment le RDPC a immortalis\u00e9 l&rsquo;homme politique avant sa mort","datePublished":"2023-03-17T12:30:09+00:00","dateModified":"2023-03-17T12:47:29+00:00","mainEntityOfPage":{"@id":"https:\/\/www.africa-press.net\/cameroun\/politique\/deces-de-bernard-essomba-comment-le-rdpc-a-immortalise-lhomme-politique-avant-sa-mort"},"wordCount":700,"commentCount":0,"image":{"@id":"https:\/\/www.africa-press.net\/cameroun\/politique\/deces-de-bernard-essomba-comment-le-rdpc-a-immortalise-lhomme-politique-avant-sa-mort#primaryimage"},"thumbnailUrl":"https:\/\/static.africa-press.net\/cameroun\/sites\/57\/2023\/03\/postQueueImg_1679043612.22.jpg","keywords":["Africa Press","Africa Press-Cameroun","Cameroun"],"articleSection":["Politique","Toutes les actualit\u00e9s"],"inLanguage":"fr-FR","potentialAction":[{"@type":"CommentAction","name":"Comment","target":["https:\/\/www.africa-press.net\/cameroun\/politique\/deces-de-bernard-essomba-comment-le-rdpc-a-immortalise-lhomme-politique-avant-sa-mort#respond"]}]},{"@type":"WebPage","@id":"https:\/\/www.africa-press.net\/cameroun\/politique\/deces-de-bernard-essomba-comment-le-rdpc-a-immortalise-lhomme-politique-avant-sa-mort","url":"https:\/\/www.africa-press.net\/cameroun\/politique\/deces-de-bernard-essomba-comment-le-rdpc-a-immortalise-lhomme-politique-avant-sa-mort","name":"D\u00e9c\u00e8s de Bernard Essomba: comment le RDPC a immortalis\u00e9 l'homme politique avant sa mort - Cameroun","isPartOf":{"@id":"https:\/\/www.africa-press.net\/cameroun\/#website"},"primaryImageOfPage":{"@id":"https:\/\/www.africa-press.net\/cameroun\/politique\/deces-de-bernard-essomba-comment-le-rdpc-a-immortalise-lhomme-politique-avant-sa-mort#primaryimage"},"image":{"@id":"https:\/\/www.africa-press.net\/cameroun\/politique\/deces-de-bernard-essomba-comment-le-rdpc-a-immortalise-lhomme-politique-avant-sa-mort#primaryimage"},"thumbnailUrl":"https:\/\/static.africa-press.net\/cameroun\/sites\/57\/2023\/03\/postQueueImg_1679043612.22.jpg","datePublished":"2023-03-17T12:30:09+00:00","dateModified":"2023-03-17T12:47:29+00:00","author":{"@id":"https:\/\/www.africa-press.net\/cameroun\/#\/schema\/person\/2b1cf3cd81a31e3cd26889ca66d677f1"},"description":"Jean-Bernard Ndongo Essomba est de\u0301ce\u0301de\u0301 dans la matine\u0301e de ce vendredi 17 mars 2023, apre\u0300s une tre\u0300s longue maladie. ...","breadcrumb":{"@id":"https:\/\/www.africa-press.net\/cameroun\/politique\/deces-de-bernard-essomba-comment-le-rdpc-a-immortalise-lhomme-politique-avant-sa-mort#breadcrumb"},"inLanguage":"fr-FR","potentialAction":[{"@type":"ReadAction","target":["https:\/\/www.africa-press.net\/cameroun\/politique\/deces-de-bernard-essomba-comment-le-rdpc-a-immortalise-lhomme-politique-avant-sa-mort"]}]},{"@type":"ImageObject","inLanguage":"fr-FR","@id":"https:\/\/www.africa-press.net\/cameroun\/politique\/deces-de-bernard-essomba-comment-le-rdpc-a-immortalise-lhomme-politique-avant-sa-mort#primaryimage","url":"https:\/\/static.africa-press.net\/cameroun\/sites\/57\/2023\/03\/postQueueImg_1679043612.22.jpg","contentUrl":"https:\/\/static.africa-press.net\/cameroun\/sites\/57\/2023\/03\/postQueueImg_1679043612.22.jpg","width":720,"height":360,"caption":"D\u00e9c\u00e8s de Bernard Essomba: comment le RDPC a immortalis\u00e9 l'homme politique avant sa mort"},{"@type":"BreadcrumbList","@id":"https:\/\/www.africa-press.net\/cameroun\/politique\/deces-de-bernard-essomba-comment-le-rdpc-a-immortalise-lhomme-politique-avant-sa-mort#breadcrumb","itemListElement":[{"@type":"ListItem","position":1,"name":"Accueil","item":"https:\/\/www.africa-press.net\/cameroun\/"},{"@type":"ListItem","position":2,"name":"D\u00e9c\u00e8s de Bernard Essomba: comment le RDPC a immortalis\u00e9 l&rsquo;homme politique avant sa mort"}]},{"@type":"WebSite","@id":"https:\/\/www.africa-press.net\/cameroun\/#website","url":"https:\/\/www.africa-press.net\/cameroun\/","name":"Cameroun","description":"Just another Africa News Agency Sites site","potentialAction":[{"@type":"SearchAction","target":{"@type":"EntryPoint","urlTemplate":"https:\/\/www.africa-press.net\/cameroun\/?s={search_term_string}"},"query-input":{"@type":"PropertyValueSpecification","valueRequired":true,"valueName":"search_term_string"}}],"inLanguage":"fr-FR"},{"@type":"Person","@id":"https:\/\/www.africa-press.net\/cameroun\/#\/schema\/person\/2b1cf3cd81a31e3cd26889ca66d677f1","name":"cfeditorfr"}]}},"_links":{"self":[{"href":"https:\/\/www.africa-press.net\/cameroun\/wp-json\/wp\/v2\/posts\/39646","targetHints":{"allow":["GET"]}}],"collection":[{"href":"https:\/\/www.africa-press.net\/cameroun\/wp-json\/wp\/v2\/posts"}],"about":[{"href":"https:\/\/www.africa-press.net\/cameroun\/wp-json\/wp\/v2\/types\/post"}],"author":[{"embeddable":true,"href":"https:\/\/www.africa-press.net\/cameroun\/wp-json\/wp\/v2\/users\/82"}],"replies":[{"embeddable":true,"href":"https:\/\/www.africa-press.net\/cameroun\/wp-json\/wp\/v2\/comments?post=39646"}],"version-history":[{"count":0,"href":"https:\/\/www.africa-press.net\/cameroun\/wp-json\/wp\/v2\/posts\/39646\/revisions"}],"wp:featuredmedia":[{"embeddable":true,"href":"https:\/\/www.africa-press.net\/cameroun\/wp-json\/wp\/v2\/media\/39644"}],"wp:attachment":[{"href":"https:\/\/www.africa-press.net\/cameroun\/wp-json\/wp\/v2\/media?parent=39646"}],"wp:term":[{"taxonomy":"category","embeddable":true,"href":"https:\/\/www.africa-press.net\/cameroun\/wp-json\/wp\/v2\/categories?post=39646"},{"taxonomy":"post_tag","embeddable":true,"href":"https:\/\/www.africa-press.net\/cameroun\/wp-json\/wp\/v2\/tags?post=39646"}],"curies":[{"name":"wp","href":"https:\/\/api.w.org\/{rel}","templated":true}]}}