{"id":39648,"date":"2023-03-17T12:29:06","date_gmt":"2023-03-17T12:29:06","guid":{"rendered":"https:\/\/www.africa-press.net\/cameroun\/politique\/amougou-belinga-a-encore-une-chance-touadera-est-chez-paul-biya"},"modified":"2023-03-17T12:47:56","modified_gmt":"2023-03-17T12:47:56","slug":"amougou-belinga-a-encore-une-chance-touadera-est-chez-paul-biya","status":"publish","type":"post","link":"https:\/\/www.africa-press.net\/cameroun\/politique\/amougou-belinga-a-encore-une-chance-touadera-est-chez-paul-biya","title":{"rendered":"Amougou Belinga a encore une chance : Touadera est chez Paul Biya"},"content":{"rendered":"<p><span style=\"color: #ff6600\"><strong>Africa-Press &#8211; Cameroun. <\/strong><\/span>Le pre\u0301sident centrafricain Faustin-Archange Touadera est arrive\u0301 jeudi soir a\u0300 Yaounde\u0301 ou\u0300 il participera a\u0300 la 15e\u0300me session ordinaire de la confe\u0301rence des chefs d&rsquo;Etat de la communaute\u0301 e\u0301conomique et mone\u0301taire de l&rsquo;Afrique centrale (CEMAC) qui sera pre\u0301sident par le chef de l&rsquo;Etat Paul Biya. Le patron du Palais de l&rsquo;Unite\u0301 durant ce sommet va s&rsquo;entretenir avec son homologue centrafricain sur des questions d&rsquo;inte\u0301re\u0302t commun. Faustin-Archange Touadera, est un ami de l&rsquo;homme d&rsquo;affaire sulfureux Amougou Belinga. Sa de\u0301tention a\u0300 la prison centrale de Yaounde\u0301 Kondengui dans l&rsquo;affaire de l&rsquo;assassinat du journaliste Martinez Zogo, pourrait e\u0302tre e\u0301voque\u0301e par le dirigeant centrafricain. En effet des sources proches d\u2019Etoudi n\u2019excluent pas la possibilite\u0301 que Touadera plaide pour la cle\u0301mence des autorite\u0301s camerounaise en faveur de son ami Amougou dans cette macabre affaire.<\/p>\n<p>Amougou Belinga a e\u0301norme\u0301ment investi en Re\u0301publique Centrafricaine. Il a installe\u0301 dans ce pays voisin, une chai\u0302ne de te\u0301le\u0301vision et a e\u0301galement contribue\u0301 a\u0300 la modernisation de la te\u0301le\u0301vision nationale de la Centrafrique. Amougou Belinga serait d\u2019ailleurs de\u0301tenteur d\u2019un passeport diplomatique de la Re\u0301publique de la Centrafrique.<\/p>\n<p>Un pre\u0301sident controverse\u0301<\/p>\n<p>Ange pour les uns, de\u0301mon pour les autres. Faustin Archange Touade\u0301ra, le pre\u0301sident de la Re\u0301publique de la Centrafrique conside\u0301re\u0301 par certains panafricanistes comme le libe\u0301rateur de son pays des de\u0301rives impe\u0301rialistes de la France a une re\u0301putation sulfureuse au Cameroun. Avant me\u0302me d\u2019e\u0302tre e\u0301lu pre\u0301sident de la Re\u0301publique, Faustin Archange Touade\u0301ra entretient d\u2019e\u0301troites relations avec les plus grands bandits du Cameroun. Selon les re\u0301ve\u0301lations de J. Remy Ngono, c\u2019est a\u0300 cause de ses pratiques mafieuses que le pre\u0301sident camerounais Paul Biya a toujours refuse\u0301 de le recevoir en audience. \u00ab Touade\u0301ra est le seul chef d&rsquo;Etat qui par hasard, Paul Biya n&rsquo;a jamais voulu recevoir parce qu&rsquo;est un bandit. Paul Biya sait qu&rsquo;il est le plus grand bandit \u00bb, a de\u0301clare\u0301 le journaliste lors de son e\u0301mission \u00ab Les dossiers noirs du samedi \u00bb diffuse\u0301e sur sa chai\u0302ne Youtube.<\/p>\n<p>Amougou Belinga, Parfait Imile Simb<\/p>\n<p>Si les Camerounais sont de plus en plus nombreux a\u0300 douter de la probite\u0301 morale du pre\u0301sident centrafricain, c\u2019est parce que ce dernier a transforme\u0301 son pays en base arrie\u0300re des pre\u0301sume\u0301s criminels camerounais. Loin de vivre en RCA comme des exile\u0301s ces personnes poursuivies pour de graves infractions au Cameroun occupent d\u2019importants postes dans la machine d\u2019Etat en RCA et se voient tous doter de passeport diplomatique centrafricain.<\/p>\n<p>Le cas le plus re\u0301cent est celui d\u2019Emile Parfait Simb. Recherche\u0301 au Cameroun pour avoir arnaque\u0301 des dizaines de milliards de francs CFA a\u0300 ses compatriotes, il fuit le Cameroun alors qu\u2019une proce\u0301dure judiciaire e\u0301tait en cours. Selon les re\u0301ve\u0301lations du journaliste Remy Ngono, il a be\u0301ne\u0301ficie\u0301 de l\u2019appui personnel du pre\u0301sident centrafricain pour traverser la frontie\u0300re par la route. Une fois arrive\u0301 a\u0300 Bangui, Parfait Emile Simb qui avait de\u0301ja\u0300 le passeport diplomatique centrafricain est envoye\u0301 en mission en Russie en qualite\u0301 de conseiller spe\u0301cial du pre\u0301sident de l\u2019Assemble\u0301e nationale.<\/p>\n<p>Bien avant Simb, d\u2019autres Camerounais ont e\u0301galement be\u0301ne\u0301ficie\u0301 des traitements XXL de la pre\u0301sidence de la Re\u0301publique de la Centrafrique. C\u2019est le cas de l\u2019homme d\u2019affaires Amougou Belinga qui de\u0301tiendrait e\u0301galement un passeport diplomatique de la Centrafrique. Jules Njawe le fils du ce\u0301le\u0300bre journaliste Pius Njawe cite\u0301 dans des affaires troubles au Cameroun se pre\u0301sente sur les plateaux de te\u0301le\u0301 comme le repre\u0301sentant du pre\u0301sident centrafricain.<\/p>\n<p><strong>Pour plus d&rsquo;informations et d&rsquo;analyses sur la <a href=\"https:\/\/www.africa-press.net\/cameroun\">Cameroun<\/a>, suivez <a href=\"https:\/\/www.africa-press.net\/\">Africa-Press<\/a><\/strong><\/p>\n","protected":false},"excerpt":{"rendered":"<p>Africa-Press &#8211; Cameroun. Le pre\u0301sident centrafricain Faustin-Archange Touadera est arrive\u0301 jeudi soir a\u0300 Yaounde\u0301 ou\u0300 il participera a\u0300 la 15e\u0300me session ordinaire de la confe\u0301rence des chefs d&rsquo;Etat de la communaute\u0301 e\u0301conomique et mone\u0301taire de l&rsquo;Afrique centrale (CEMAC) qui sera pre\u0301sident par le chef de l&rsquo;Etat Paul Biya. Le patron du Palais de l&rsquo;Unite\u0301 durant [&hellip;]<\/p>\n","protected":false},"author":82,"featured_media":39647,"comment_status":"open","ping_status":"closed","sticky":false,"template":"","format":"standard","meta":{"footnotes":""},"categories":[2,10],"tags":[36,50,49],"class_list":["post-39648","post","type-post","status-publish","format-standard","has-post-thumbnail","hentry","category-politique","category-toutes-les-actualites","tag-africa-press","tag-africa-press-cameroun","tag-cameroun"],"yoast_head":"<!-- This site is optimized with the Yoast SEO Premium plugin v26.1 (Yoast SEO v27.0) - https:\/\/yoast.com\/product\/yoast-seo-premium-wordpress\/ -->\n<title>Amougou Belinga a encore une chance : Touadera est chez Paul Biya - Cameroun<\/title>\n<meta name=\"description\" content=\"Le pre\u0301sident centrafricain Faustin-Archange Touadera est arrive\u0301 jeudi soir a\u0300 Yaounde\u0301 ou\u0300 il participera a\u0300 la 15e\u0300me ...\" \/>\n<meta name=\"robots\" content=\"index, follow, max-snippet:-1, max-image-preview:large, max-video-preview:-1\" \/>\n<link rel=\"canonical\" href=\"https:\/\/www.africa-press.net\/cameroun\/politique\/amougou-belinga-a-encore-une-chance-touadera-est-chez-paul-biya\" \/>\n<meta property=\"og:locale\" content=\"fr_FR\" \/>\n<meta property=\"og:type\" content=\"article\" \/>\n<meta property=\"og:title\" content=\"Amougou Belinga a encore une chance : Touadera est chez Paul Biya\" \/>\n<meta property=\"og:description\" content=\"Le pre\u0301sident centrafricain Faustin-Archange Touadera est arrive\u0301 jeudi soir a\u0300 Yaounde\u0301 ou\u0300 il participera a\u0300 la 15e\u0300me ...\" \/>\n<meta property=\"og:url\" content=\"https:\/\/www.africa-press.net\/cameroun\/politique\/amougou-belinga-a-encore-une-chance-touadera-est-chez-paul-biya\" \/>\n<meta property=\"og:site_name\" content=\"Cameroun\" \/>\n<meta property=\"article:published_time\" content=\"2023-03-17T12:29:06+00:00\" \/>\n<meta property=\"article:modified_time\" content=\"2023-03-17T12:47:56+00:00\" \/>\n<meta property=\"og:image\" content=\"https:\/\/static.africa-press.net\/cameroun\/sites\/57\/2023\/03\/postQueueImg_1679043549.35.jpg\" \/>\n\t<meta property=\"og:image:width\" content=\"720\" \/>\n\t<meta property=\"og:image:height\" content=\"540\" \/>\n\t<meta property=\"og:image:type\" content=\"image\/jpeg\" \/>\n<meta name=\"author\" content=\"cfeditorfr\" \/>\n<meta name=\"twitter:card\" content=\"summary_large_image\" \/>\n<meta name=\"twitter:label1\" content=\"\u00c9crit par\" \/>\n\t<meta name=\"twitter:data1\" content=\"cfeditorfr\" \/>\n\t<meta name=\"twitter:label2\" content=\"Dur\u00e9e de lecture estim\u00e9e\" \/>\n\t<meta name=\"twitter:data2\" content=\"3 minutes\" \/>\n<script type=\"application\/ld+json\" class=\"yoast-schema-graph\">{\"@context\":\"https:\/\/schema.org\",\"@graph\":[{\"@type\":\"Article\",\"@id\":\"https:\/\/www.africa-press.net\/cameroun\/politique\/amougou-belinga-a-encore-une-chance-touadera-est-chez-paul-biya#article\",\"isPartOf\":{\"@id\":\"https:\/\/www.africa-press.net\/cameroun\/politique\/amougou-belinga-a-encore-une-chance-touadera-est-chez-paul-biya\"},\"author\":{\"name\":\"cfeditorfr\",\"@id\":\"https:\/\/www.africa-press.net\/cameroun\/#\/schema\/person\/2b1cf3cd81a31e3cd26889ca66d677f1\"},\"headline\":\"Amougou Belinga a encore une chance : Touadera est chez Paul Biya\",\"datePublished\":\"2023-03-17T12:29:06+00:00\",\"dateModified\":\"2023-03-17T12:47:56+00:00\",\"mainEntityOfPage\":{\"@id\":\"https:\/\/www.africa-press.net\/cameroun\/politique\/amougou-belinga-a-encore-une-chance-touadera-est-chez-paul-biya\"},\"wordCount\":685,\"commentCount\":0,\"image\":{\"@id\":\"https:\/\/www.africa-press.net\/cameroun\/politique\/amougou-belinga-a-encore-une-chance-touadera-est-chez-paul-biya#primaryimage\"},\"thumbnailUrl\":\"https:\/\/static.africa-press.net\/cameroun\/sites\/57\/2023\/03\/postQueueImg_1679043549.35.jpg\",\"keywords\":[\"Africa Press\",\"Africa Press-Cameroun\",\"Cameroun\"],\"articleSection\":[\"Politique\",\"Toutes les actualit\u00e9s\"],\"inLanguage\":\"fr-FR\",\"potentialAction\":[{\"@type\":\"CommentAction\",\"name\":\"Comment\",\"target\":[\"https:\/\/www.africa-press.net\/cameroun\/politique\/amougou-belinga-a-encore-une-chance-touadera-est-chez-paul-biya#respond\"]}]},{\"@type\":\"WebPage\",\"@id\":\"https:\/\/www.africa-press.net\/cameroun\/politique\/amougou-belinga-a-encore-une-chance-touadera-est-chez-paul-biya\",\"url\":\"https:\/\/www.africa-press.net\/cameroun\/politique\/amougou-belinga-a-encore-une-chance-touadera-est-chez-paul-biya\",\"name\":\"Amougou Belinga a encore une chance : Touadera est chez Paul Biya - Cameroun\",\"isPartOf\":{\"@id\":\"https:\/\/www.africa-press.net\/cameroun\/#website\"},\"primaryImageOfPage\":{\"@id\":\"https:\/\/www.africa-press.net\/cameroun\/politique\/amougou-belinga-a-encore-une-chance-touadera-est-chez-paul-biya#primaryimage\"},\"image\":{\"@id\":\"https:\/\/www.africa-press.net\/cameroun\/politique\/amougou-belinga-a-encore-une-chance-touadera-est-chez-paul-biya#primaryimage\"},\"thumbnailUrl\":\"https:\/\/static.africa-press.net\/cameroun\/sites\/57\/2023\/03\/postQueueImg_1679043549.35.jpg\",\"datePublished\":\"2023-03-17T12:29:06+00:00\",\"dateModified\":\"2023-03-17T12:47:56+00:00\",\"author\":{\"@id\":\"https:\/\/www.africa-press.net\/cameroun\/#\/schema\/person\/2b1cf3cd81a31e3cd26889ca66d677f1\"},\"description\":\"Le pre\u0301sident centrafricain Faustin-Archange Touadera est arrive\u0301 jeudi soir a\u0300 Yaounde\u0301 ou\u0300 il participera a\u0300 la 15e\u0300me ...\",\"breadcrumb\":{\"@id\":\"https:\/\/www.africa-press.net\/cameroun\/politique\/amougou-belinga-a-encore-une-chance-touadera-est-chez-paul-biya#breadcrumb\"},\"inLanguage\":\"fr-FR\",\"potentialAction\":[{\"@type\":\"ReadAction\",\"target\":[\"https:\/\/www.africa-press.net\/cameroun\/politique\/amougou-belinga-a-encore-une-chance-touadera-est-chez-paul-biya\"]}]},{\"@type\":\"ImageObject\",\"inLanguage\":\"fr-FR\",\"@id\":\"https:\/\/www.africa-press.net\/cameroun\/politique\/amougou-belinga-a-encore-une-chance-touadera-est-chez-paul-biya#primaryimage\",\"url\":\"https:\/\/static.africa-press.net\/cameroun\/sites\/57\/2023\/03\/postQueueImg_1679043549.35.jpg\",\"contentUrl\":\"https:\/\/static.africa-press.net\/cameroun\/sites\/57\/2023\/03\/postQueueImg_1679043549.35.jpg\",\"width\":720,\"height\":540,\"caption\":\"Amougou Belinga a encore une chance : Touadera est chez Paul Biya\"},{\"@type\":\"BreadcrumbList\",\"@id\":\"https:\/\/www.africa-press.net\/cameroun\/politique\/amougou-belinga-a-encore-une-chance-touadera-est-chez-paul-biya#breadcrumb\",\"itemListElement\":[{\"@type\":\"ListItem\",\"position\":1,\"name\":\"Accueil\",\"item\":\"https:\/\/www.africa-press.net\/cameroun\/\"},{\"@type\":\"ListItem\",\"position\":2,\"name\":\"Amougou Belinga a encore une chance : Touadera est chez Paul Biya\"}]},{\"@type\":\"WebSite\",\"@id\":\"https:\/\/www.africa-press.net\/cameroun\/#website\",\"url\":\"https:\/\/www.africa-press.net\/cameroun\/\",\"name\":\"Cameroun\",\"description\":\"Just another Africa News Agency Sites site\",\"potentialAction\":[{\"@type\":\"SearchAction\",\"target\":{\"@type\":\"EntryPoint\",\"urlTemplate\":\"https:\/\/www.africa-press.net\/cameroun\/?s={search_term_string}\"},\"query-input\":{\"@type\":\"PropertyValueSpecification\",\"valueRequired\":true,\"valueName\":\"search_term_string\"}}],\"inLanguage\":\"fr-FR\"},{\"@type\":\"Person\",\"@id\":\"https:\/\/www.africa-press.net\/cameroun\/#\/schema\/person\/2b1cf3cd81a31e3cd26889ca66d677f1\",\"name\":\"cfeditorfr\"}]}<\/script>\n<!-- \/ Yoast SEO Premium plugin. -->","yoast_head_json":{"title":"Amougou Belinga a encore une chance : Touadera est chez Paul Biya - Cameroun","description":"Le pre\u0301sident centrafricain Faustin-Archange Touadera est arrive\u0301 jeudi soir a\u0300 Yaounde\u0301 ou\u0300 il participera a\u0300 la 15e\u0300me ...","robots":{"index":"index","follow":"follow","max-snippet":"max-snippet:-1","max-image-preview":"max-image-preview:large","max-video-preview":"max-video-preview:-1"},"canonical":"https:\/\/www.africa-press.net\/cameroun\/politique\/amougou-belinga-a-encore-une-chance-touadera-est-chez-paul-biya","og_locale":"fr_FR","og_type":"article","og_title":"Amougou Belinga a encore une chance : Touadera est chez Paul Biya","og_description":"Le pre\u0301sident centrafricain Faustin-Archange Touadera est arrive\u0301 jeudi soir a\u0300 Yaounde\u0301 ou\u0300 il participera a\u0300 la 15e\u0300me ...","og_url":"https:\/\/www.africa-press.net\/cameroun\/politique\/amougou-belinga-a-encore-une-chance-touadera-est-chez-paul-biya","og_site_name":"Cameroun","article_published_time":"2023-03-17T12:29:06+00:00","article_modified_time":"2023-03-17T12:47:56+00:00","og_image":[{"width":720,"height":540,"url":"https:\/\/static.africa-press.net\/cameroun\/sites\/57\/2023\/03\/postQueueImg_1679043549.35.jpg","type":"image\/jpeg"}],"author":"cfeditorfr","twitter_card":"summary_large_image","twitter_misc":{"\u00c9crit par":"cfeditorfr","Dur\u00e9e de lecture estim\u00e9e":"3 minutes"},"schema":{"@context":"https:\/\/schema.org","@graph":[{"@type":"Article","@id":"https:\/\/www.africa-press.net\/cameroun\/politique\/amougou-belinga-a-encore-une-chance-touadera-est-chez-paul-biya#article","isPartOf":{"@id":"https:\/\/www.africa-press.net\/cameroun\/politique\/amougou-belinga-a-encore-une-chance-touadera-est-chez-paul-biya"},"author":{"name":"cfeditorfr","@id":"https:\/\/www.africa-press.net\/cameroun\/#\/schema\/person\/2b1cf3cd81a31e3cd26889ca66d677f1"},"headline":"Amougou Belinga a encore une chance : Touadera est chez Paul Biya","datePublished":"2023-03-17T12:29:06+00:00","dateModified":"2023-03-17T12:47:56+00:00","mainEntityOfPage":{"@id":"https:\/\/www.africa-press.net\/cameroun\/politique\/amougou-belinga-a-encore-une-chance-touadera-est-chez-paul-biya"},"wordCount":685,"commentCount":0,"image":{"@id":"https:\/\/www.africa-press.net\/cameroun\/politique\/amougou-belinga-a-encore-une-chance-touadera-est-chez-paul-biya#primaryimage"},"thumbnailUrl":"https:\/\/static.africa-press.net\/cameroun\/sites\/57\/2023\/03\/postQueueImg_1679043549.35.jpg","keywords":["Africa Press","Africa Press-Cameroun","Cameroun"],"articleSection":["Politique","Toutes les actualit\u00e9s"],"inLanguage":"fr-FR","potentialAction":[{"@type":"CommentAction","name":"Comment","target":["https:\/\/www.africa-press.net\/cameroun\/politique\/amougou-belinga-a-encore-une-chance-touadera-est-chez-paul-biya#respond"]}]},{"@type":"WebPage","@id":"https:\/\/www.africa-press.net\/cameroun\/politique\/amougou-belinga-a-encore-une-chance-touadera-est-chez-paul-biya","url":"https:\/\/www.africa-press.net\/cameroun\/politique\/amougou-belinga-a-encore-une-chance-touadera-est-chez-paul-biya","name":"Amougou Belinga a encore une chance : Touadera est chez Paul Biya - Cameroun","isPartOf":{"@id":"https:\/\/www.africa-press.net\/cameroun\/#website"},"primaryImageOfPage":{"@id":"https:\/\/www.africa-press.net\/cameroun\/politique\/amougou-belinga-a-encore-une-chance-touadera-est-chez-paul-biya#primaryimage"},"image":{"@id":"https:\/\/www.africa-press.net\/cameroun\/politique\/amougou-belinga-a-encore-une-chance-touadera-est-chez-paul-biya#primaryimage"},"thumbnailUrl":"https:\/\/static.africa-press.net\/cameroun\/sites\/57\/2023\/03\/postQueueImg_1679043549.35.jpg","datePublished":"2023-03-17T12:29:06+00:00","dateModified":"2023-03-17T12:47:56+00:00","author":{"@id":"https:\/\/www.africa-press.net\/cameroun\/#\/schema\/person\/2b1cf3cd81a31e3cd26889ca66d677f1"},"description":"Le pre\u0301sident centrafricain Faustin-Archange Touadera est arrive\u0301 jeudi soir a\u0300 Yaounde\u0301 ou\u0300 il participera a\u0300 la 15e\u0300me ...","breadcrumb":{"@id":"https:\/\/www.africa-press.net\/cameroun\/politique\/amougou-belinga-a-encore-une-chance-touadera-est-chez-paul-biya#breadcrumb"},"inLanguage":"fr-FR","potentialAction":[{"@type":"ReadAction","target":["https:\/\/www.africa-press.net\/cameroun\/politique\/amougou-belinga-a-encore-une-chance-touadera-est-chez-paul-biya"]}]},{"@type":"ImageObject","inLanguage":"fr-FR","@id":"https:\/\/www.africa-press.net\/cameroun\/politique\/amougou-belinga-a-encore-une-chance-touadera-est-chez-paul-biya#primaryimage","url":"https:\/\/static.africa-press.net\/cameroun\/sites\/57\/2023\/03\/postQueueImg_1679043549.35.jpg","contentUrl":"https:\/\/static.africa-press.net\/cameroun\/sites\/57\/2023\/03\/postQueueImg_1679043549.35.jpg","width":720,"height":540,"caption":"Amougou Belinga a encore une chance : Touadera est chez Paul Biya"},{"@type":"BreadcrumbList","@id":"https:\/\/www.africa-press.net\/cameroun\/politique\/amougou-belinga-a-encore-une-chance-touadera-est-chez-paul-biya#breadcrumb","itemListElement":[{"@type":"ListItem","position":1,"name":"Accueil","item":"https:\/\/www.africa-press.net\/cameroun\/"},{"@type":"ListItem","position":2,"name":"Amougou Belinga a encore une chance : Touadera est chez Paul Biya"}]},{"@type":"WebSite","@id":"https:\/\/www.africa-press.net\/cameroun\/#website","url":"https:\/\/www.africa-press.net\/cameroun\/","name":"Cameroun","description":"Just another Africa News Agency Sites site","potentialAction":[{"@type":"SearchAction","target":{"@type":"EntryPoint","urlTemplate":"https:\/\/www.africa-press.net\/cameroun\/?s={search_term_string}"},"query-input":{"@type":"PropertyValueSpecification","valueRequired":true,"valueName":"search_term_string"}}],"inLanguage":"fr-FR"},{"@type":"Person","@id":"https:\/\/www.africa-press.net\/cameroun\/#\/schema\/person\/2b1cf3cd81a31e3cd26889ca66d677f1","name":"cfeditorfr"}]}},"_links":{"self":[{"href":"https:\/\/www.africa-press.net\/cameroun\/wp-json\/wp\/v2\/posts\/39648","targetHints":{"allow":["GET"]}}],"collection":[{"href":"https:\/\/www.africa-press.net\/cameroun\/wp-json\/wp\/v2\/posts"}],"about":[{"href":"https:\/\/www.africa-press.net\/cameroun\/wp-json\/wp\/v2\/types\/post"}],"author":[{"embeddable":true,"href":"https:\/\/www.africa-press.net\/cameroun\/wp-json\/wp\/v2\/users\/82"}],"replies":[{"embeddable":true,"href":"https:\/\/www.africa-press.net\/cameroun\/wp-json\/wp\/v2\/comments?post=39648"}],"version-history":[{"count":0,"href":"https:\/\/www.africa-press.net\/cameroun\/wp-json\/wp\/v2\/posts\/39648\/revisions"}],"wp:featuredmedia":[{"embeddable":true,"href":"https:\/\/www.africa-press.net\/cameroun\/wp-json\/wp\/v2\/media\/39647"}],"wp:attachment":[{"href":"https:\/\/www.africa-press.net\/cameroun\/wp-json\/wp\/v2\/media?parent=39648"}],"wp:term":[{"taxonomy":"category","embeddable":true,"href":"https:\/\/www.africa-press.net\/cameroun\/wp-json\/wp\/v2\/categories?post=39648"},{"taxonomy":"post_tag","embeddable":true,"href":"https:\/\/www.africa-press.net\/cameroun\/wp-json\/wp\/v2\/tags?post=39648"}],"curies":[{"name":"wp","href":"https:\/\/api.w.org\/{rel}","templated":true}]}}