{"id":39654,"date":"2023-03-17T12:29:10","date_gmt":"2023-03-17T12:29:10","guid":{"rendered":"https:\/\/www.africa-press.net\/cameroun\/politique\/17-janvier-17-mars-2023-ca-fait-deux-mois-que-martinez-zogo-a-ete-kidnappe-torture-et-assassine"},"modified":"2023-03-17T12:48:53","modified_gmt":"2023-03-17T12:48:53","slug":"17-janvier-17-mars-2023-ca-fait-deux-mois-que-martinez-zogo-a-ete-kidnappe-torture-et-assassine","status":"publish","type":"post","link":"https:\/\/www.africa-press.net\/cameroun\/toutes-les-actualites\/17-janvier-17-mars-2023-ca-fait-deux-mois-que-martinez-zogo-a-ete-kidnappe-torture-et-assassine","title":{"rendered":"17 janvier &#8211; 17 mars 2023 :  \u00c7a fait deux mois que Martinez Zogo a \u00e9t\u00e9 kidnapp\u00e9, tortur\u00e9 et assassin\u00e9"},"content":{"rendered":"<p><span style=\"color: #ff6600\"><strong>Africa-Press &#8211; Cameroun. <\/strong><\/span>Selon les e\u0301le\u0301ments informatifs publie\u0301s par le quotidien \u00ab\u00a0Le jour\u00a0\u00bb en date du mardi, 31 janvier 2023 en page 3, des hommes en tenue ont cherche\u0301 a\u0300 repe\u0301rer le domicile du chef Martinez Zogo la veille du jour de son kidnapping.<\/p>\n<p>\u00ab\u00a0Ou\u0300 est la maison du journaliste ?\u00a0\u00bb C&rsquo;est la question que des gendarmes ont pose\u0301e aux habitants de\u0300s qu&rsquo;ils sont arrive\u0301s en fin de journe\u0301e du lundi, 16 janvier 2023 au lieu-dit \u00ab\u00a0entre\u0301e procureur\u00a0\u00bb. C&rsquo;est un secteur situe\u0301 au quartier Fougerolles sis a\u0300 Ngousso, ou\u0300 habite un e\u0301minent magistrat de Yaounde\u0301. C&rsquo;est l&rsquo;un des pionniers qui s&rsquo;y est installe\u0301 parmi les premiers.<\/p>\n<p>Le journal de Haman Mana nous renseigne que ce jour-la\u0300, deux ve\u0301hicules roulant lentement se dirigent vers une ruelle non-bitume\u0301e. Un ve\u0301hicule Toyota Rav 4 sillonne sur ce sentier et est suivi par un pick-up aux couleurs de la gendarmerie nationale. Dans la voiture Rav 4, un homme au volant et une dame a\u0300 co\u0302te\u0301. Dans le pick-up, deux gendarmes en cabine et deux autres juche\u0301s a\u0300 l&rsquo;arrie\u0300re. \u00ab\u00a0Ou\u0300 est la maison du journaliste ?\u00a0\u00bb Question pose\u0301e par ces hommes en tenue a\u0300 quelques habitants qui trai\u0302nent dans la rue \u00ab\u00a0Entre\u0301e procureur \u00a0\u00bb ou qui rentrent chez eux a\u0300 pieds. Un attroupement se forme, nous indique Chantal Kenfack. Puis, un des gendarmes descend du pick-up et apporte des pre\u0301cisions. \u00ab\u00a0Nous cherchons la maison de Martinez Zogo\u00a0\u00bb, lance-t-il. Dans la foule, un jeune croit savoir que le chef de chai\u0302ne de Amplitude Fm n&rsquo;habite pas a\u0300 l&rsquo;entre\u0301e procureur, mais pluto\u0302t a\u0300 l&rsquo;entre\u0301e commandant, ou\u0300 se situe une congre\u0301gation religieuse de\u0301nomme\u0301e \u00ab\u00a0Autel de la vie\u00a0\u00bb. La plaque de cette e\u0301glise est, d&rsquo;ailleurs, situe\u0301e a\u0300 l&rsquo;entre\u0301e commandant. Alors, les deux ve\u0301hicules rebroussent chemin et continuent de rechercher le lieu indique\u0301.<\/p>\n<p>Au moment ou\u0300 l&rsquo;on reconstitue le puzzle de l&rsquo;assassinat de Martinez Zogo, des questions et interrogations foisonnent :<\/p>\n<p>1. Pourquoi des e\u0301le\u0301ments de la gendarmerie nationale cherchaient-ils la re\u0301sidence du pre\u0301sentateur de l&rsquo;e\u0301mission \u00ab\u00a0Embouteillages\u00a0\u00bb le lundi, 16 janvier 2023, veille du jour de son kidnapping suivi, 24 heures apre\u0300s, de son assassinat ?<\/p>\n<p>2. Ces hommes en tenue avaient-ils un mandat d&rsquo;amener dont la cible e\u0301tait Martinez Zogo ?<\/p>\n<p>3. Le drame s&rsquo;est de\u0301roule\u0301 le mardi, 17 janvier 2023 devant la brigade de gendarmerie de Nkolfon a\u0300 quelques encablures du lieu-dit \u00ab\u00a0Entre\u0301e commandant\u00a0\u00bb, ou\u0300 reste M. Zogo.<\/p>\n<p>4. Quel est, en re\u0301alite\u0301, le ro\u0302le de la gendarmerie nationale ou, du moins, le ro\u0302le des hommes en tenue dans l&rsquo;acte crapuleux ayant emporte\u0301 tragiquement l&rsquo;ancien animateur de la Radio te\u0301le\u0301vision siantou(Rts)?<\/p>\n<p>5. Ces quatre e\u0301le\u0301ments de la gendarmerie nationale, qui e\u0301taient a\u0300 la recherche de M. Zogo la veille du jour de son enle\u0300vement, ont-ils e\u0301te\u0301 auditionne\u0301s durant le de\u0301roulement de l&rsquo;enque\u0302te pre\u0301liminaire boucle\u0301e le samedi, 4 mars 2023?<\/p>\n<p>Pluto\u0302t que de s&rsquo;attarder sur un pseudo de\u0301bat autour des biens immobiliers du confre\u0300re assassine\u0301, il vaut mieux s&rsquo;appesantir, deux mois apre\u0300s, sur les zones d&rsquo;ombre entourant l&rsquo;enque\u0302te pre\u0301liminaire ayant de\u0301ja\u0300 e\u0301te\u0301 termine\u0301e puisque jusqu&rsquo;a\u0300 pre\u0301sent, personne ne sait qui a tue\u0301 Martinez Zogo. Qui a tue\u0301 Martinez Zogo ? Au regard questionnement formule\u0301 supra, les zones d&rsquo;ombre demeurent autour de l&rsquo;enque\u0302te pre\u0301liminaire.<\/p>\n<p>Serge Aime\u0301 Bikoi<\/p>\n<p><strong>Pour plus d&rsquo;informations et d&rsquo;analyses sur la <a href=\"https:\/\/www.africa-press.net\/cameroun\">Cameroun<\/a>, suivez <a href=\"https:\/\/www.africa-press.net\/\">Africa-Press<\/a><\/strong><\/p>\n","protected":false},"excerpt":{"rendered":"<p>Africa-Press &#8211; Cameroun. Selon les e\u0301le\u0301ments informatifs publie\u0301s par le quotidien \u00ab\u00a0Le jour\u00a0\u00bb en date du mardi, 31 janvier 2023 en page 3, des hommes en tenue ont cherche\u0301 a\u0300 repe\u0301rer le domicile du chef Martinez Zogo la veille du jour de son kidnapping. \u00ab\u00a0Ou\u0300 est la maison du journaliste ?\u00a0\u00bb C&rsquo;est la question que [&hellip;]<\/p>\n","protected":false},"author":82,"featured_media":39651,"comment_status":"open","ping_status":"closed","sticky":false,"template":"","format":"standard","meta":{"footnotes":""},"categories":[21,10],"tags":[36,50,49],"class_list":["post-39654","post","type-post","status-publish","format-standard","has-post-thumbnail","hentry","category-communaute","category-toutes-les-actualites","tag-africa-press","tag-africa-press-cameroun","tag-cameroun"],"yoast_head":"<!-- This site is optimized with the Yoast SEO Premium plugin v26.1 (Yoast SEO v27.0) - https:\/\/yoast.com\/product\/yoast-seo-premium-wordpress\/ -->\n<title>17 janvier - 17 mars 2023 : \u00c7a fait deux mois que Martinez Zogo a \u00e9t\u00e9 kidnapp\u00e9, tortur\u00e9 et assassin\u00e9 - Cameroun<\/title>\n<meta name=\"description\" content=\"Selon les e\u0301le\u0301ments informatifs publie\u0301s par le quotidien &quot;Le jour&quot; en date du mardi, 31 janvier 2023 en page 3, des ho ...\" \/>\n<meta name=\"robots\" content=\"index, follow, max-snippet:-1, max-image-preview:large, max-video-preview:-1\" \/>\n<link rel=\"canonical\" href=\"https:\/\/www.africa-press.net\/cameroun\/toutes-les-actualites\/17-janvier-17-mars-2023-ca-fait-deux-mois-que-martinez-zogo-a-ete-kidnappe-torture-et-assassine\" \/>\n<meta property=\"og:locale\" content=\"fr_FR\" \/>\n<meta property=\"og:type\" content=\"article\" \/>\n<meta property=\"og:title\" content=\"17 janvier - 17 mars 2023 : \u00c7a fait deux mois que Martinez Zogo a \u00e9t\u00e9 kidnapp\u00e9, tortur\u00e9 et assassin\u00e9\" \/>\n<meta property=\"og:description\" content=\"Selon les e\u0301le\u0301ments informatifs publie\u0301s par le quotidien &quot;Le jour&quot; en date du mardi, 31 janvier 2023 en page 3, des ho ...\" \/>\n<meta property=\"og:url\" content=\"https:\/\/www.africa-press.net\/cameroun\/toutes-les-actualites\/17-janvier-17-mars-2023-ca-fait-deux-mois-que-martinez-zogo-a-ete-kidnappe-torture-et-assassine\" \/>\n<meta property=\"og:site_name\" content=\"Cameroun\" \/>\n<meta property=\"article:published_time\" content=\"2023-03-17T12:29:10+00:00\" \/>\n<meta property=\"article:modified_time\" content=\"2023-03-17T12:48:53+00:00\" \/>\n<meta property=\"og:image\" content=\"https:\/\/static.africa-press.net\/cameroun\/sites\/57\/2023\/03\/postQueueImg_1679043553.26.jpg\" \/>\n\t<meta property=\"og:image:width\" content=\"720\" \/>\n\t<meta property=\"og:image:height\" content=\"471\" \/>\n\t<meta property=\"og:image:type\" content=\"image\/jpeg\" \/>\n<meta name=\"author\" content=\"cfeditorfr\" \/>\n<meta name=\"twitter:card\" content=\"summary_large_image\" \/>\n<meta name=\"twitter:label1\" content=\"\u00c9crit par\" \/>\n\t<meta name=\"twitter:data1\" content=\"cfeditorfr\" \/>\n\t<meta name=\"twitter:label2\" content=\"Dur\u00e9e de lecture estim\u00e9e\" \/>\n\t<meta name=\"twitter:data2\" content=\"3 minutes\" \/>\n<script type=\"application\/ld+json\" class=\"yoast-schema-graph\">{\"@context\":\"https:\/\/schema.org\",\"@graph\":[{\"@type\":\"Article\",\"@id\":\"https:\/\/www.africa-press.net\/cameroun\/toutes-les-actualites\/17-janvier-17-mars-2023-ca-fait-deux-mois-que-martinez-zogo-a-ete-kidnappe-torture-et-assassine#article\",\"isPartOf\":{\"@id\":\"https:\/\/www.africa-press.net\/cameroun\/toutes-les-actualites\/17-janvier-17-mars-2023-ca-fait-deux-mois-que-martinez-zogo-a-ete-kidnappe-torture-et-assassine\"},\"author\":{\"name\":\"cfeditorfr\",\"@id\":\"https:\/\/www.africa-press.net\/cameroun\/#\/schema\/person\/2b1cf3cd81a31e3cd26889ca66d677f1\"},\"headline\":\"17 janvier &#8211; 17 mars 2023 : \u00c7a fait deux mois que Martinez Zogo a \u00e9t\u00e9 kidnapp\u00e9, tortur\u00e9 et assassin\u00e9\",\"datePublished\":\"2023-03-17T12:29:10+00:00\",\"dateModified\":\"2023-03-17T12:48:53+00:00\",\"mainEntityOfPage\":{\"@id\":\"https:\/\/www.africa-press.net\/cameroun\/toutes-les-actualites\/17-janvier-17-mars-2023-ca-fait-deux-mois-que-martinez-zogo-a-ete-kidnappe-torture-et-assassine\"},\"wordCount\":624,\"commentCount\":0,\"image\":{\"@id\":\"https:\/\/www.africa-press.net\/cameroun\/toutes-les-actualites\/17-janvier-17-mars-2023-ca-fait-deux-mois-que-martinez-zogo-a-ete-kidnappe-torture-et-assassine#primaryimage\"},\"thumbnailUrl\":\"https:\/\/static.africa-press.net\/cameroun\/sites\/57\/2023\/03\/postQueueImg_1679043553.26.jpg\",\"keywords\":[\"Africa Press\",\"Africa Press-Cameroun\",\"Cameroun\"],\"articleSection\":[\"Communaut\u00e9\",\"Toutes les actualit\u00e9s\"],\"inLanguage\":\"fr-FR\",\"potentialAction\":[{\"@type\":\"CommentAction\",\"name\":\"Comment\",\"target\":[\"https:\/\/www.africa-press.net\/cameroun\/toutes-les-actualites\/17-janvier-17-mars-2023-ca-fait-deux-mois-que-martinez-zogo-a-ete-kidnappe-torture-et-assassine#respond\"]}]},{\"@type\":\"WebPage\",\"@id\":\"https:\/\/www.africa-press.net\/cameroun\/toutes-les-actualites\/17-janvier-17-mars-2023-ca-fait-deux-mois-que-martinez-zogo-a-ete-kidnappe-torture-et-assassine\",\"url\":\"https:\/\/www.africa-press.net\/cameroun\/toutes-les-actualites\/17-janvier-17-mars-2023-ca-fait-deux-mois-que-martinez-zogo-a-ete-kidnappe-torture-et-assassine\",\"name\":\"17 janvier - 17 mars 2023 : \u00c7a fait deux mois que Martinez Zogo a \u00e9t\u00e9 kidnapp\u00e9, tortur\u00e9 et assassin\u00e9 - Cameroun\",\"isPartOf\":{\"@id\":\"https:\/\/www.africa-press.net\/cameroun\/#website\"},\"primaryImageOfPage\":{\"@id\":\"https:\/\/www.africa-press.net\/cameroun\/toutes-les-actualites\/17-janvier-17-mars-2023-ca-fait-deux-mois-que-martinez-zogo-a-ete-kidnappe-torture-et-assassine#primaryimage\"},\"image\":{\"@id\":\"https:\/\/www.africa-press.net\/cameroun\/toutes-les-actualites\/17-janvier-17-mars-2023-ca-fait-deux-mois-que-martinez-zogo-a-ete-kidnappe-torture-et-assassine#primaryimage\"},\"thumbnailUrl\":\"https:\/\/static.africa-press.net\/cameroun\/sites\/57\/2023\/03\/postQueueImg_1679043553.26.jpg\",\"datePublished\":\"2023-03-17T12:29:10+00:00\",\"dateModified\":\"2023-03-17T12:48:53+00:00\",\"author\":{\"@id\":\"https:\/\/www.africa-press.net\/cameroun\/#\/schema\/person\/2b1cf3cd81a31e3cd26889ca66d677f1\"},\"description\":\"Selon les e\u0301le\u0301ments informatifs publie\u0301s par le quotidien \\\"Le jour\\\" en date du mardi, 31 janvier 2023 en page 3, des ho ...\",\"breadcrumb\":{\"@id\":\"https:\/\/www.africa-press.net\/cameroun\/toutes-les-actualites\/17-janvier-17-mars-2023-ca-fait-deux-mois-que-martinez-zogo-a-ete-kidnappe-torture-et-assassine#breadcrumb\"},\"inLanguage\":\"fr-FR\",\"potentialAction\":[{\"@type\":\"ReadAction\",\"target\":[\"https:\/\/www.africa-press.net\/cameroun\/toutes-les-actualites\/17-janvier-17-mars-2023-ca-fait-deux-mois-que-martinez-zogo-a-ete-kidnappe-torture-et-assassine\"]}]},{\"@type\":\"ImageObject\",\"inLanguage\":\"fr-FR\",\"@id\":\"https:\/\/www.africa-press.net\/cameroun\/toutes-les-actualites\/17-janvier-17-mars-2023-ca-fait-deux-mois-que-martinez-zogo-a-ete-kidnappe-torture-et-assassine#primaryimage\",\"url\":\"https:\/\/static.africa-press.net\/cameroun\/sites\/57\/2023\/03\/postQueueImg_1679043553.26.jpg\",\"contentUrl\":\"https:\/\/static.africa-press.net\/cameroun\/sites\/57\/2023\/03\/postQueueImg_1679043553.26.jpg\",\"width\":720,\"height\":471,\"caption\":\"17 janvier - 17 mars 2023 : \u00c7a fait deux mois que Martinez Zogo a \u00e9t\u00e9 kidnapp\u00e9, tortur\u00e9 et assassin\u00e9\"},{\"@type\":\"BreadcrumbList\",\"@id\":\"https:\/\/www.africa-press.net\/cameroun\/toutes-les-actualites\/17-janvier-17-mars-2023-ca-fait-deux-mois-que-martinez-zogo-a-ete-kidnappe-torture-et-assassine#breadcrumb\",\"itemListElement\":[{\"@type\":\"ListItem\",\"position\":1,\"name\":\"Accueil\",\"item\":\"https:\/\/www.africa-press.net\/cameroun\/\"},{\"@type\":\"ListItem\",\"position\":2,\"name\":\"17 janvier &#8211; 17 mars 2023 : \u00c7a fait deux mois que Martinez Zogo a \u00e9t\u00e9 kidnapp\u00e9, tortur\u00e9 et assassin\u00e9\"}]},{\"@type\":\"WebSite\",\"@id\":\"https:\/\/www.africa-press.net\/cameroun\/#website\",\"url\":\"https:\/\/www.africa-press.net\/cameroun\/\",\"name\":\"Cameroun\",\"description\":\"Just another Africa News Agency Sites site\",\"potentialAction\":[{\"@type\":\"SearchAction\",\"target\":{\"@type\":\"EntryPoint\",\"urlTemplate\":\"https:\/\/www.africa-press.net\/cameroun\/?s={search_term_string}\"},\"query-input\":{\"@type\":\"PropertyValueSpecification\",\"valueRequired\":true,\"valueName\":\"search_term_string\"}}],\"inLanguage\":\"fr-FR\"},{\"@type\":\"Person\",\"@id\":\"https:\/\/www.africa-press.net\/cameroun\/#\/schema\/person\/2b1cf3cd81a31e3cd26889ca66d677f1\",\"name\":\"cfeditorfr\"}]}<\/script>\n<!-- \/ Yoast SEO Premium plugin. -->","yoast_head_json":{"title":"17 janvier - 17 mars 2023 : \u00c7a fait deux mois que Martinez Zogo a \u00e9t\u00e9 kidnapp\u00e9, tortur\u00e9 et assassin\u00e9 - Cameroun","description":"Selon les e\u0301le\u0301ments informatifs publie\u0301s par le quotidien \"Le jour\" en date du mardi, 31 janvier 2023 en page 3, des ho ...","robots":{"index":"index","follow":"follow","max-snippet":"max-snippet:-1","max-image-preview":"max-image-preview:large","max-video-preview":"max-video-preview:-1"},"canonical":"https:\/\/www.africa-press.net\/cameroun\/toutes-les-actualites\/17-janvier-17-mars-2023-ca-fait-deux-mois-que-martinez-zogo-a-ete-kidnappe-torture-et-assassine","og_locale":"fr_FR","og_type":"article","og_title":"17 janvier - 17 mars 2023 : \u00c7a fait deux mois que Martinez Zogo a \u00e9t\u00e9 kidnapp\u00e9, tortur\u00e9 et assassin\u00e9","og_description":"Selon les e\u0301le\u0301ments informatifs publie\u0301s par le quotidien \"Le jour\" en date du mardi, 31 janvier 2023 en page 3, des ho ...","og_url":"https:\/\/www.africa-press.net\/cameroun\/toutes-les-actualites\/17-janvier-17-mars-2023-ca-fait-deux-mois-que-martinez-zogo-a-ete-kidnappe-torture-et-assassine","og_site_name":"Cameroun","article_published_time":"2023-03-17T12:29:10+00:00","article_modified_time":"2023-03-17T12:48:53+00:00","og_image":[{"width":720,"height":471,"url":"https:\/\/static.africa-press.net\/cameroun\/sites\/57\/2023\/03\/postQueueImg_1679043553.26.jpg","type":"image\/jpeg"}],"author":"cfeditorfr","twitter_card":"summary_large_image","twitter_misc":{"\u00c9crit par":"cfeditorfr","Dur\u00e9e de lecture estim\u00e9e":"3 minutes"},"schema":{"@context":"https:\/\/schema.org","@graph":[{"@type":"Article","@id":"https:\/\/www.africa-press.net\/cameroun\/toutes-les-actualites\/17-janvier-17-mars-2023-ca-fait-deux-mois-que-martinez-zogo-a-ete-kidnappe-torture-et-assassine#article","isPartOf":{"@id":"https:\/\/www.africa-press.net\/cameroun\/toutes-les-actualites\/17-janvier-17-mars-2023-ca-fait-deux-mois-que-martinez-zogo-a-ete-kidnappe-torture-et-assassine"},"author":{"name":"cfeditorfr","@id":"https:\/\/www.africa-press.net\/cameroun\/#\/schema\/person\/2b1cf3cd81a31e3cd26889ca66d677f1"},"headline":"17 janvier &#8211; 17 mars 2023 : \u00c7a fait deux mois que Martinez Zogo a \u00e9t\u00e9 kidnapp\u00e9, tortur\u00e9 et assassin\u00e9","datePublished":"2023-03-17T12:29:10+00:00","dateModified":"2023-03-17T12:48:53+00:00","mainEntityOfPage":{"@id":"https:\/\/www.africa-press.net\/cameroun\/toutes-les-actualites\/17-janvier-17-mars-2023-ca-fait-deux-mois-que-martinez-zogo-a-ete-kidnappe-torture-et-assassine"},"wordCount":624,"commentCount":0,"image":{"@id":"https:\/\/www.africa-press.net\/cameroun\/toutes-les-actualites\/17-janvier-17-mars-2023-ca-fait-deux-mois-que-martinez-zogo-a-ete-kidnappe-torture-et-assassine#primaryimage"},"thumbnailUrl":"https:\/\/static.africa-press.net\/cameroun\/sites\/57\/2023\/03\/postQueueImg_1679043553.26.jpg","keywords":["Africa Press","Africa Press-Cameroun","Cameroun"],"articleSection":["Communaut\u00e9","Toutes les actualit\u00e9s"],"inLanguage":"fr-FR","potentialAction":[{"@type":"CommentAction","name":"Comment","target":["https:\/\/www.africa-press.net\/cameroun\/toutes-les-actualites\/17-janvier-17-mars-2023-ca-fait-deux-mois-que-martinez-zogo-a-ete-kidnappe-torture-et-assassine#respond"]}]},{"@type":"WebPage","@id":"https:\/\/www.africa-press.net\/cameroun\/toutes-les-actualites\/17-janvier-17-mars-2023-ca-fait-deux-mois-que-martinez-zogo-a-ete-kidnappe-torture-et-assassine","url":"https:\/\/www.africa-press.net\/cameroun\/toutes-les-actualites\/17-janvier-17-mars-2023-ca-fait-deux-mois-que-martinez-zogo-a-ete-kidnappe-torture-et-assassine","name":"17 janvier - 17 mars 2023 : \u00c7a fait deux mois que Martinez Zogo a \u00e9t\u00e9 kidnapp\u00e9, tortur\u00e9 et assassin\u00e9 - Cameroun","isPartOf":{"@id":"https:\/\/www.africa-press.net\/cameroun\/#website"},"primaryImageOfPage":{"@id":"https:\/\/www.africa-press.net\/cameroun\/toutes-les-actualites\/17-janvier-17-mars-2023-ca-fait-deux-mois-que-martinez-zogo-a-ete-kidnappe-torture-et-assassine#primaryimage"},"image":{"@id":"https:\/\/www.africa-press.net\/cameroun\/toutes-les-actualites\/17-janvier-17-mars-2023-ca-fait-deux-mois-que-martinez-zogo-a-ete-kidnappe-torture-et-assassine#primaryimage"},"thumbnailUrl":"https:\/\/static.africa-press.net\/cameroun\/sites\/57\/2023\/03\/postQueueImg_1679043553.26.jpg","datePublished":"2023-03-17T12:29:10+00:00","dateModified":"2023-03-17T12:48:53+00:00","author":{"@id":"https:\/\/www.africa-press.net\/cameroun\/#\/schema\/person\/2b1cf3cd81a31e3cd26889ca66d677f1"},"description":"Selon les e\u0301le\u0301ments informatifs publie\u0301s par le quotidien \"Le jour\" en date du mardi, 31 janvier 2023 en page 3, des ho ...","breadcrumb":{"@id":"https:\/\/www.africa-press.net\/cameroun\/toutes-les-actualites\/17-janvier-17-mars-2023-ca-fait-deux-mois-que-martinez-zogo-a-ete-kidnappe-torture-et-assassine#breadcrumb"},"inLanguage":"fr-FR","potentialAction":[{"@type":"ReadAction","target":["https:\/\/www.africa-press.net\/cameroun\/toutes-les-actualites\/17-janvier-17-mars-2023-ca-fait-deux-mois-que-martinez-zogo-a-ete-kidnappe-torture-et-assassine"]}]},{"@type":"ImageObject","inLanguage":"fr-FR","@id":"https:\/\/www.africa-press.net\/cameroun\/toutes-les-actualites\/17-janvier-17-mars-2023-ca-fait-deux-mois-que-martinez-zogo-a-ete-kidnappe-torture-et-assassine#primaryimage","url":"https:\/\/static.africa-press.net\/cameroun\/sites\/57\/2023\/03\/postQueueImg_1679043553.26.jpg","contentUrl":"https:\/\/static.africa-press.net\/cameroun\/sites\/57\/2023\/03\/postQueueImg_1679043553.26.jpg","width":720,"height":471,"caption":"17 janvier - 17 mars 2023 : \u00c7a fait deux mois que Martinez Zogo a \u00e9t\u00e9 kidnapp\u00e9, tortur\u00e9 et assassin\u00e9"},{"@type":"BreadcrumbList","@id":"https:\/\/www.africa-press.net\/cameroun\/toutes-les-actualites\/17-janvier-17-mars-2023-ca-fait-deux-mois-que-martinez-zogo-a-ete-kidnappe-torture-et-assassine#breadcrumb","itemListElement":[{"@type":"ListItem","position":1,"name":"Accueil","item":"https:\/\/www.africa-press.net\/cameroun\/"},{"@type":"ListItem","position":2,"name":"17 janvier &#8211; 17 mars 2023 : \u00c7a fait deux mois que Martinez Zogo a \u00e9t\u00e9 kidnapp\u00e9, tortur\u00e9 et assassin\u00e9"}]},{"@type":"WebSite","@id":"https:\/\/www.africa-press.net\/cameroun\/#website","url":"https:\/\/www.africa-press.net\/cameroun\/","name":"Cameroun","description":"Just another Africa News Agency Sites site","potentialAction":[{"@type":"SearchAction","target":{"@type":"EntryPoint","urlTemplate":"https:\/\/www.africa-press.net\/cameroun\/?s={search_term_string}"},"query-input":{"@type":"PropertyValueSpecification","valueRequired":true,"valueName":"search_term_string"}}],"inLanguage":"fr-FR"},{"@type":"Person","@id":"https:\/\/www.africa-press.net\/cameroun\/#\/schema\/person\/2b1cf3cd81a31e3cd26889ca66d677f1","name":"cfeditorfr"}]}},"_links":{"self":[{"href":"https:\/\/www.africa-press.net\/cameroun\/wp-json\/wp\/v2\/posts\/39654","targetHints":{"allow":["GET"]}}],"collection":[{"href":"https:\/\/www.africa-press.net\/cameroun\/wp-json\/wp\/v2\/posts"}],"about":[{"href":"https:\/\/www.africa-press.net\/cameroun\/wp-json\/wp\/v2\/types\/post"}],"author":[{"embeddable":true,"href":"https:\/\/www.africa-press.net\/cameroun\/wp-json\/wp\/v2\/users\/82"}],"replies":[{"embeddable":true,"href":"https:\/\/www.africa-press.net\/cameroun\/wp-json\/wp\/v2\/comments?post=39654"}],"version-history":[{"count":0,"href":"https:\/\/www.africa-press.net\/cameroun\/wp-json\/wp\/v2\/posts\/39654\/revisions"}],"wp:featuredmedia":[{"embeddable":true,"href":"https:\/\/www.africa-press.net\/cameroun\/wp-json\/wp\/v2\/media\/39651"}],"wp:attachment":[{"href":"https:\/\/www.africa-press.net\/cameroun\/wp-json\/wp\/v2\/media?parent=39654"}],"wp:term":[{"taxonomy":"category","embeddable":true,"href":"https:\/\/www.africa-press.net\/cameroun\/wp-json\/wp\/v2\/categories?post=39654"},{"taxonomy":"post_tag","embeddable":true,"href":"https:\/\/www.africa-press.net\/cameroun\/wp-json\/wp\/v2\/tags?post=39654"}],"curies":[{"name":"wp","href":"https:\/\/api.w.org\/{rel}","templated":true}]}}