{"id":39664,"date":"2023-03-17T12:30:35","date_gmt":"2023-03-17T12:30:35","guid":{"rendered":"https:\/\/www.africa-press.net\/cameroun\/politique\/un-patron-reste-en-retrait-en-donnant-la-chance-aux-autres-premiers-mots-de-bidjang-depuis-son-retour"},"modified":"2023-03-17T12:50:24","modified_gmt":"2023-03-17T12:50:24","slug":"un-patron-reste-en-retrait-en-donnant-la-chance-aux-autres-premiers-mots-de-bidjang-depuis-son-retour","status":"publish","type":"post","link":"https:\/\/www.africa-press.net\/cameroun\/politique\/un-patron-reste-en-retrait-en-donnant-la-chance-aux-autres-premiers-mots-de-bidjang-depuis-son-retour","title":{"rendered":"&lsquo;Un patron reste en retrait en donnant la chance aux autres&rsquo;: premiers mots de Bidjang depuis son retour"},"content":{"rendered":"<p><span style=\"color: #ff6600\"><strong>Africa-Press &#8211; Cameroun. <\/strong><\/span>Silencieux depuis qu&rsquo;il a e\u0301te\u0301 libe\u0301re\u0301 de prison, le DG des me\u0301dias du groupe l&rsquo;Anecdote a repris service, mais ne s&rsquo;affiche plus. Il s&rsquo;agit d&rsquo;une nouvelle posture de chef qu&rsquo;il explique et assume.<\/p>\n<p>Dans une publication relative a\u0300 la couverture me\u0301diatique du 15e\u0300 sommet des Etats du Cemac, Bruno Bidjang explique les raisons pour lesquelles il n&rsquo;est pas lui-me\u0302me sur le terrain, comme il a l&rsquo;habitude de le faire depuis plusieurs anne\u0301es.<\/p>\n<p>\u00ab\u00a0Les E\u0301quipes de Vision4 Te\u0301le\u0301vision en direct du Palais de l\u2019Unite\u0301 de Yaounde\u0301 pour la couverture du Sommet de la CEMAC. Mathieu Ekong, Prince Mundi, Derrick Abaa, Serge BELINGA, Pierre Parfait NDONGO&#8230;un patron reste en retrait en donnant la chance aux autres\u00a0\u00bb, a e\u0301crit Bruno Bidjang.<\/p>\n<p>Le pre\u0301sentateur te\u0301le\u0301 et directeur ge\u0301ne\u0301ral du groupe L&rsquo;Anecdote Bruno Bidjang est silencieux depuis qu&rsquo;il a e\u0301te\u0301 libe\u0301re\u0301 apre\u0300s son interpellation suivie de son audition au Secre\u0301tariat d&rsquo;E\u0301tat a\u0300 la de\u0301fense (SED) dans l&rsquo;affaire Martinez Zogo. On lui aurait demande\u0301 de l\u2019e\u0302tre s\u2019il ne veut pas e\u0302tre arre\u0302te\u0301 de nouveau et prive\u0301 de voir re\u0301gulie\u0300rement sa famille ainsi que ses amis.<\/p>\n<p>Son patron Jean-Pierre Amougou Belinga lui n&rsquo;a pas eu cette chance. Il a e\u0301te\u0301 inculpe\u0301 pour \u00ab complicite\u0301 de torture par aide \u00bb et se\u0301journe actuellement derrie\u0300re les barreaux a\u0300 Yaounde\u0301, avec le chef de la Direction ge\u0301ne\u0301rale de la recherche exte\u0301rieure (DGRE) Le\u0301opold Maxime Eko Eko. Ce dernier est accuse\u0301 de \u00ab filature \u00bb, \u00ab enle\u0300vement \u00bb et \u00ab torture \u00bb dans le me\u0302me dossier.<\/p>\n<p>Bruno Bidjang e\u0301tait attendu comme celui qui peut prendre les re\u0302nes. Une source fiable proche du clan Jean-Pierre Amougou Belinga nous indique que Bruno Bidjang active les plans en coulisses pour continuer par faire vivre la boi\u0302te en l&rsquo;absence de Jean-Pierre Amougou Belinga, celui-la\u0300 me\u0302me pour qui il est pre\u0302t a\u0300 rentrer dans un trou s&rsquo;il lui demande de le faire.<\/p>\n<p>Nous avons appris que Bruno Bidjang a pre\u0301side\u0301 une importante re\u0301union le lendemain me\u0302me qu\u2019il a e\u0301te\u0301 libe\u0301re\u0301, et pour cause, les affaires ne peuvent pas attendre longtemps. Cela veut dire que le \u00ab\u00a0tchinda\u00a0\u00bb de Jean-Pierre Amougou Belinga est tre\u0300s actif dans l&rsquo;ombre pour que les socie\u0301te\u0301s de son boss continuent de briller et que les programmes soient toujours diffuse\u0301s.<\/p>\n<p><strong>Pour plus d&rsquo;informations et d&rsquo;analyses sur la <a href=\"https:\/\/www.africa-press.net\/cameroun\">Cameroun<\/a>, suivez <a href=\"https:\/\/www.africa-press.net\/\">Africa-Press<\/a><\/strong><\/p>\n","protected":false},"excerpt":{"rendered":"<p>Africa-Press &#8211; Cameroun. Silencieux depuis qu&rsquo;il a e\u0301te\u0301 libe\u0301re\u0301 de prison, le DG des me\u0301dias du groupe l&rsquo;Anecdote a repris service, mais ne s&rsquo;affiche plus. Il s&rsquo;agit d&rsquo;une nouvelle posture de chef qu&rsquo;il explique et assume. Dans une publication relative a\u0300 la couverture me\u0301diatique du 15e\u0300 sommet des Etats du Cemac, Bruno Bidjang explique les [&hellip;]<\/p>\n","protected":false},"author":82,"featured_media":39661,"comment_status":"open","ping_status":"closed","sticky":false,"template":"","format":"standard","meta":{"footnotes":""},"categories":[2,10],"tags":[36,50,49],"class_list":["post-39664","post","type-post","status-publish","format-standard","has-post-thumbnail","hentry","category-politique","category-toutes-les-actualites","tag-africa-press","tag-africa-press-cameroun","tag-cameroun"],"yoast_head":"<!-- This site is optimized with the Yoast SEO Premium plugin v26.1 (Yoast SEO v27.0) - https:\/\/yoast.com\/product\/yoast-seo-premium-wordpress\/ -->\n<title>&#039;Un patron reste en retrait en donnant la chance aux autres&#039;: premiers mots de Bidjang depuis son retour - Cameroun<\/title>\n<meta name=\"description\" content=\"Silencieux depuis qu&#039;il a e\u0301te\u0301 libe\u0301re\u0301 de prison, le DG des me\u0301dias du groupe l&#039;Anecdote a repris service, mais ne s&#039;a ...\" \/>\n<meta name=\"robots\" content=\"index, follow, max-snippet:-1, max-image-preview:large, max-video-preview:-1\" \/>\n<link rel=\"canonical\" href=\"https:\/\/www.africa-press.net\/cameroun\/politique\/un-patron-reste-en-retrait-en-donnant-la-chance-aux-autres-premiers-mots-de-bidjang-depuis-son-retour\" \/>\n<meta property=\"og:locale\" content=\"fr_FR\" \/>\n<meta property=\"og:type\" content=\"article\" \/>\n<meta property=\"og:title\" content=\"&#039;Un patron reste en retrait en donnant la chance aux autres&#039;: premiers mots de Bidjang depuis son retour\" \/>\n<meta property=\"og:description\" content=\"Silencieux depuis qu&#039;il a e\u0301te\u0301 libe\u0301re\u0301 de prison, le DG des me\u0301dias du groupe l&#039;Anecdote a repris service, mais ne s&#039;a ...\" \/>\n<meta property=\"og:url\" content=\"https:\/\/www.africa-press.net\/cameroun\/politique\/un-patron-reste-en-retrait-en-donnant-la-chance-aux-autres-premiers-mots-de-bidjang-depuis-son-retour\" \/>\n<meta property=\"og:site_name\" content=\"Cameroun\" \/>\n<meta property=\"article:published_time\" content=\"2023-03-17T12:30:35+00:00\" \/>\n<meta property=\"article:modified_time\" content=\"2023-03-17T12:50:24+00:00\" \/>\n<meta property=\"og:image\" content=\"https:\/\/static.africa-press.net\/cameroun\/sites\/57\/2023\/03\/postQueueImg_1679044170.14.jpg\" \/>\n\t<meta property=\"og:image:width\" content=\"720\" \/>\n\t<meta property=\"og:image:height\" content=\"448\" \/>\n\t<meta property=\"og:image:type\" content=\"image\/jpeg\" \/>\n<meta name=\"author\" content=\"cfeditorfr\" \/>\n<meta name=\"twitter:card\" content=\"summary_large_image\" \/>\n<meta name=\"twitter:label1\" content=\"\u00c9crit par\" \/>\n\t<meta name=\"twitter:data1\" content=\"cfeditorfr\" \/>\n\t<meta name=\"twitter:label2\" content=\"Dur\u00e9e de lecture estim\u00e9e\" \/>\n\t<meta name=\"twitter:data2\" content=\"2 minutes\" \/>\n<script type=\"application\/ld+json\" class=\"yoast-schema-graph\">{\"@context\":\"https:\/\/schema.org\",\"@graph\":[{\"@type\":\"Article\",\"@id\":\"https:\/\/www.africa-press.net\/cameroun\/politique\/un-patron-reste-en-retrait-en-donnant-la-chance-aux-autres-premiers-mots-de-bidjang-depuis-son-retour#article\",\"isPartOf\":{\"@id\":\"https:\/\/www.africa-press.net\/cameroun\/politique\/un-patron-reste-en-retrait-en-donnant-la-chance-aux-autres-premiers-mots-de-bidjang-depuis-son-retour\"},\"author\":{\"name\":\"cfeditorfr\",\"@id\":\"https:\/\/www.africa-press.net\/cameroun\/#\/schema\/person\/2b1cf3cd81a31e3cd26889ca66d677f1\"},\"headline\":\"&lsquo;Un patron reste en retrait en donnant la chance aux autres&rsquo;: premiers mots de Bidjang depuis son retour\",\"datePublished\":\"2023-03-17T12:30:35+00:00\",\"dateModified\":\"2023-03-17T12:50:24+00:00\",\"mainEntityOfPage\":{\"@id\":\"https:\/\/www.africa-press.net\/cameroun\/politique\/un-patron-reste-en-retrait-en-donnant-la-chance-aux-autres-premiers-mots-de-bidjang-depuis-son-retour\"},\"wordCount\":460,\"commentCount\":0,\"image\":{\"@id\":\"https:\/\/www.africa-press.net\/cameroun\/politique\/un-patron-reste-en-retrait-en-donnant-la-chance-aux-autres-premiers-mots-de-bidjang-depuis-son-retour#primaryimage\"},\"thumbnailUrl\":\"https:\/\/static.africa-press.net\/cameroun\/sites\/57\/2023\/03\/postQueueImg_1679044170.14.jpg\",\"keywords\":[\"Africa Press\",\"Africa Press-Cameroun\",\"Cameroun\"],\"articleSection\":[\"Politique\",\"Toutes les actualit\u00e9s\"],\"inLanguage\":\"fr-FR\",\"potentialAction\":[{\"@type\":\"CommentAction\",\"name\":\"Comment\",\"target\":[\"https:\/\/www.africa-press.net\/cameroun\/politique\/un-patron-reste-en-retrait-en-donnant-la-chance-aux-autres-premiers-mots-de-bidjang-depuis-son-retour#respond\"]}]},{\"@type\":\"WebPage\",\"@id\":\"https:\/\/www.africa-press.net\/cameroun\/politique\/un-patron-reste-en-retrait-en-donnant-la-chance-aux-autres-premiers-mots-de-bidjang-depuis-son-retour\",\"url\":\"https:\/\/www.africa-press.net\/cameroun\/politique\/un-patron-reste-en-retrait-en-donnant-la-chance-aux-autres-premiers-mots-de-bidjang-depuis-son-retour\",\"name\":\"'Un patron reste en retrait en donnant la chance aux autres': premiers mots de Bidjang depuis son retour - Cameroun\",\"isPartOf\":{\"@id\":\"https:\/\/www.africa-press.net\/cameroun\/#website\"},\"primaryImageOfPage\":{\"@id\":\"https:\/\/www.africa-press.net\/cameroun\/politique\/un-patron-reste-en-retrait-en-donnant-la-chance-aux-autres-premiers-mots-de-bidjang-depuis-son-retour#primaryimage\"},\"image\":{\"@id\":\"https:\/\/www.africa-press.net\/cameroun\/politique\/un-patron-reste-en-retrait-en-donnant-la-chance-aux-autres-premiers-mots-de-bidjang-depuis-son-retour#primaryimage\"},\"thumbnailUrl\":\"https:\/\/static.africa-press.net\/cameroun\/sites\/57\/2023\/03\/postQueueImg_1679044170.14.jpg\",\"datePublished\":\"2023-03-17T12:30:35+00:00\",\"dateModified\":\"2023-03-17T12:50:24+00:00\",\"author\":{\"@id\":\"https:\/\/www.africa-press.net\/cameroun\/#\/schema\/person\/2b1cf3cd81a31e3cd26889ca66d677f1\"},\"description\":\"Silencieux depuis qu'il a e\u0301te\u0301 libe\u0301re\u0301 de prison, le DG des me\u0301dias du groupe l'Anecdote a repris service, mais ne s'a ...\",\"breadcrumb\":{\"@id\":\"https:\/\/www.africa-press.net\/cameroun\/politique\/un-patron-reste-en-retrait-en-donnant-la-chance-aux-autres-premiers-mots-de-bidjang-depuis-son-retour#breadcrumb\"},\"inLanguage\":\"fr-FR\",\"potentialAction\":[{\"@type\":\"ReadAction\",\"target\":[\"https:\/\/www.africa-press.net\/cameroun\/politique\/un-patron-reste-en-retrait-en-donnant-la-chance-aux-autres-premiers-mots-de-bidjang-depuis-son-retour\"]}]},{\"@type\":\"ImageObject\",\"inLanguage\":\"fr-FR\",\"@id\":\"https:\/\/www.africa-press.net\/cameroun\/politique\/un-patron-reste-en-retrait-en-donnant-la-chance-aux-autres-premiers-mots-de-bidjang-depuis-son-retour#primaryimage\",\"url\":\"https:\/\/static.africa-press.net\/cameroun\/sites\/57\/2023\/03\/postQueueImg_1679044170.14.jpg\",\"contentUrl\":\"https:\/\/static.africa-press.net\/cameroun\/sites\/57\/2023\/03\/postQueueImg_1679044170.14.jpg\",\"width\":720,\"height\":448,\"caption\":\"'Un patron reste en retrait en donnant la chance aux autres': premiers mots de Bidjang depuis son retour\"},{\"@type\":\"BreadcrumbList\",\"@id\":\"https:\/\/www.africa-press.net\/cameroun\/politique\/un-patron-reste-en-retrait-en-donnant-la-chance-aux-autres-premiers-mots-de-bidjang-depuis-son-retour#breadcrumb\",\"itemListElement\":[{\"@type\":\"ListItem\",\"position\":1,\"name\":\"Accueil\",\"item\":\"https:\/\/www.africa-press.net\/cameroun\/\"},{\"@type\":\"ListItem\",\"position\":2,\"name\":\"&lsquo;Un patron reste en retrait en donnant la chance aux autres&rsquo;: premiers mots de Bidjang depuis son retour\"}]},{\"@type\":\"WebSite\",\"@id\":\"https:\/\/www.africa-press.net\/cameroun\/#website\",\"url\":\"https:\/\/www.africa-press.net\/cameroun\/\",\"name\":\"Cameroun\",\"description\":\"Just another Africa News Agency Sites site\",\"potentialAction\":[{\"@type\":\"SearchAction\",\"target\":{\"@type\":\"EntryPoint\",\"urlTemplate\":\"https:\/\/www.africa-press.net\/cameroun\/?s={search_term_string}\"},\"query-input\":{\"@type\":\"PropertyValueSpecification\",\"valueRequired\":true,\"valueName\":\"search_term_string\"}}],\"inLanguage\":\"fr-FR\"},{\"@type\":\"Person\",\"@id\":\"https:\/\/www.africa-press.net\/cameroun\/#\/schema\/person\/2b1cf3cd81a31e3cd26889ca66d677f1\",\"name\":\"cfeditorfr\"}]}<\/script>\n<!-- \/ Yoast SEO Premium plugin. -->","yoast_head_json":{"title":"'Un patron reste en retrait en donnant la chance aux autres': premiers mots de Bidjang depuis son retour - Cameroun","description":"Silencieux depuis qu'il a e\u0301te\u0301 libe\u0301re\u0301 de prison, le DG des me\u0301dias du groupe l'Anecdote a repris service, mais ne s'a ...","robots":{"index":"index","follow":"follow","max-snippet":"max-snippet:-1","max-image-preview":"max-image-preview:large","max-video-preview":"max-video-preview:-1"},"canonical":"https:\/\/www.africa-press.net\/cameroun\/politique\/un-patron-reste-en-retrait-en-donnant-la-chance-aux-autres-premiers-mots-de-bidjang-depuis-son-retour","og_locale":"fr_FR","og_type":"article","og_title":"'Un patron reste en retrait en donnant la chance aux autres': premiers mots de Bidjang depuis son retour","og_description":"Silencieux depuis qu'il a e\u0301te\u0301 libe\u0301re\u0301 de prison, le DG des me\u0301dias du groupe l'Anecdote a repris service, mais ne s'a ...","og_url":"https:\/\/www.africa-press.net\/cameroun\/politique\/un-patron-reste-en-retrait-en-donnant-la-chance-aux-autres-premiers-mots-de-bidjang-depuis-son-retour","og_site_name":"Cameroun","article_published_time":"2023-03-17T12:30:35+00:00","article_modified_time":"2023-03-17T12:50:24+00:00","og_image":[{"width":720,"height":448,"url":"https:\/\/static.africa-press.net\/cameroun\/sites\/57\/2023\/03\/postQueueImg_1679044170.14.jpg","type":"image\/jpeg"}],"author":"cfeditorfr","twitter_card":"summary_large_image","twitter_misc":{"\u00c9crit par":"cfeditorfr","Dur\u00e9e de lecture estim\u00e9e":"2 minutes"},"schema":{"@context":"https:\/\/schema.org","@graph":[{"@type":"Article","@id":"https:\/\/www.africa-press.net\/cameroun\/politique\/un-patron-reste-en-retrait-en-donnant-la-chance-aux-autres-premiers-mots-de-bidjang-depuis-son-retour#article","isPartOf":{"@id":"https:\/\/www.africa-press.net\/cameroun\/politique\/un-patron-reste-en-retrait-en-donnant-la-chance-aux-autres-premiers-mots-de-bidjang-depuis-son-retour"},"author":{"name":"cfeditorfr","@id":"https:\/\/www.africa-press.net\/cameroun\/#\/schema\/person\/2b1cf3cd81a31e3cd26889ca66d677f1"},"headline":"&lsquo;Un patron reste en retrait en donnant la chance aux autres&rsquo;: premiers mots de Bidjang depuis son retour","datePublished":"2023-03-17T12:30:35+00:00","dateModified":"2023-03-17T12:50:24+00:00","mainEntityOfPage":{"@id":"https:\/\/www.africa-press.net\/cameroun\/politique\/un-patron-reste-en-retrait-en-donnant-la-chance-aux-autres-premiers-mots-de-bidjang-depuis-son-retour"},"wordCount":460,"commentCount":0,"image":{"@id":"https:\/\/www.africa-press.net\/cameroun\/politique\/un-patron-reste-en-retrait-en-donnant-la-chance-aux-autres-premiers-mots-de-bidjang-depuis-son-retour#primaryimage"},"thumbnailUrl":"https:\/\/static.africa-press.net\/cameroun\/sites\/57\/2023\/03\/postQueueImg_1679044170.14.jpg","keywords":["Africa Press","Africa Press-Cameroun","Cameroun"],"articleSection":["Politique","Toutes les actualit\u00e9s"],"inLanguage":"fr-FR","potentialAction":[{"@type":"CommentAction","name":"Comment","target":["https:\/\/www.africa-press.net\/cameroun\/politique\/un-patron-reste-en-retrait-en-donnant-la-chance-aux-autres-premiers-mots-de-bidjang-depuis-son-retour#respond"]}]},{"@type":"WebPage","@id":"https:\/\/www.africa-press.net\/cameroun\/politique\/un-patron-reste-en-retrait-en-donnant-la-chance-aux-autres-premiers-mots-de-bidjang-depuis-son-retour","url":"https:\/\/www.africa-press.net\/cameroun\/politique\/un-patron-reste-en-retrait-en-donnant-la-chance-aux-autres-premiers-mots-de-bidjang-depuis-son-retour","name":"'Un patron reste en retrait en donnant la chance aux autres': premiers mots de Bidjang depuis son retour - Cameroun","isPartOf":{"@id":"https:\/\/www.africa-press.net\/cameroun\/#website"},"primaryImageOfPage":{"@id":"https:\/\/www.africa-press.net\/cameroun\/politique\/un-patron-reste-en-retrait-en-donnant-la-chance-aux-autres-premiers-mots-de-bidjang-depuis-son-retour#primaryimage"},"image":{"@id":"https:\/\/www.africa-press.net\/cameroun\/politique\/un-patron-reste-en-retrait-en-donnant-la-chance-aux-autres-premiers-mots-de-bidjang-depuis-son-retour#primaryimage"},"thumbnailUrl":"https:\/\/static.africa-press.net\/cameroun\/sites\/57\/2023\/03\/postQueueImg_1679044170.14.jpg","datePublished":"2023-03-17T12:30:35+00:00","dateModified":"2023-03-17T12:50:24+00:00","author":{"@id":"https:\/\/www.africa-press.net\/cameroun\/#\/schema\/person\/2b1cf3cd81a31e3cd26889ca66d677f1"},"description":"Silencieux depuis qu'il a e\u0301te\u0301 libe\u0301re\u0301 de prison, le DG des me\u0301dias du groupe l'Anecdote a repris service, mais ne s'a ...","breadcrumb":{"@id":"https:\/\/www.africa-press.net\/cameroun\/politique\/un-patron-reste-en-retrait-en-donnant-la-chance-aux-autres-premiers-mots-de-bidjang-depuis-son-retour#breadcrumb"},"inLanguage":"fr-FR","potentialAction":[{"@type":"ReadAction","target":["https:\/\/www.africa-press.net\/cameroun\/politique\/un-patron-reste-en-retrait-en-donnant-la-chance-aux-autres-premiers-mots-de-bidjang-depuis-son-retour"]}]},{"@type":"ImageObject","inLanguage":"fr-FR","@id":"https:\/\/www.africa-press.net\/cameroun\/politique\/un-patron-reste-en-retrait-en-donnant-la-chance-aux-autres-premiers-mots-de-bidjang-depuis-son-retour#primaryimage","url":"https:\/\/static.africa-press.net\/cameroun\/sites\/57\/2023\/03\/postQueueImg_1679044170.14.jpg","contentUrl":"https:\/\/static.africa-press.net\/cameroun\/sites\/57\/2023\/03\/postQueueImg_1679044170.14.jpg","width":720,"height":448,"caption":"'Un patron reste en retrait en donnant la chance aux autres': premiers mots de Bidjang depuis son retour"},{"@type":"BreadcrumbList","@id":"https:\/\/www.africa-press.net\/cameroun\/politique\/un-patron-reste-en-retrait-en-donnant-la-chance-aux-autres-premiers-mots-de-bidjang-depuis-son-retour#breadcrumb","itemListElement":[{"@type":"ListItem","position":1,"name":"Accueil","item":"https:\/\/www.africa-press.net\/cameroun\/"},{"@type":"ListItem","position":2,"name":"&lsquo;Un patron reste en retrait en donnant la chance aux autres&rsquo;: premiers mots de Bidjang depuis son retour"}]},{"@type":"WebSite","@id":"https:\/\/www.africa-press.net\/cameroun\/#website","url":"https:\/\/www.africa-press.net\/cameroun\/","name":"Cameroun","description":"Just another Africa News Agency Sites site","potentialAction":[{"@type":"SearchAction","target":{"@type":"EntryPoint","urlTemplate":"https:\/\/www.africa-press.net\/cameroun\/?s={search_term_string}"},"query-input":{"@type":"PropertyValueSpecification","valueRequired":true,"valueName":"search_term_string"}}],"inLanguage":"fr-FR"},{"@type":"Person","@id":"https:\/\/www.africa-press.net\/cameroun\/#\/schema\/person\/2b1cf3cd81a31e3cd26889ca66d677f1","name":"cfeditorfr"}]}},"_links":{"self":[{"href":"https:\/\/www.africa-press.net\/cameroun\/wp-json\/wp\/v2\/posts\/39664","targetHints":{"allow":["GET"]}}],"collection":[{"href":"https:\/\/www.africa-press.net\/cameroun\/wp-json\/wp\/v2\/posts"}],"about":[{"href":"https:\/\/www.africa-press.net\/cameroun\/wp-json\/wp\/v2\/types\/post"}],"author":[{"embeddable":true,"href":"https:\/\/www.africa-press.net\/cameroun\/wp-json\/wp\/v2\/users\/82"}],"replies":[{"embeddable":true,"href":"https:\/\/www.africa-press.net\/cameroun\/wp-json\/wp\/v2\/comments?post=39664"}],"version-history":[{"count":0,"href":"https:\/\/www.africa-press.net\/cameroun\/wp-json\/wp\/v2\/posts\/39664\/revisions"}],"wp:featuredmedia":[{"embeddable":true,"href":"https:\/\/www.africa-press.net\/cameroun\/wp-json\/wp\/v2\/media\/39661"}],"wp:attachment":[{"href":"https:\/\/www.africa-press.net\/cameroun\/wp-json\/wp\/v2\/media?parent=39664"}],"wp:term":[{"taxonomy":"category","embeddable":true,"href":"https:\/\/www.africa-press.net\/cameroun\/wp-json\/wp\/v2\/categories?post=39664"},{"taxonomy":"post_tag","embeddable":true,"href":"https:\/\/www.africa-press.net\/cameroun\/wp-json\/wp\/v2\/tags?post=39664"}],"curies":[{"name":"wp","href":"https:\/\/api.w.org\/{rel}","templated":true}]}}