{"id":39666,"date":"2023-03-17T12:29:17","date_gmt":"2023-03-17T12:29:17","guid":{"rendered":"https:\/\/www.africa-press.net\/cameroun\/politique\/demande-de-liberation-provisoire-maxime-eko-eko-est-retourne-en-prison-apres-son-passage-au-tribunal-militaire"},"modified":"2023-03-17T12:50:31","modified_gmt":"2023-03-17T12:50:31","slug":"demande-de-liberation-provisoire-maxime-eko-eko-est-retourne-en-prison-apres-son-passage-au-tribunal-militaire","status":"publish","type":"post","link":"https:\/\/www.africa-press.net\/cameroun\/politique\/demande-de-liberation-provisoire-maxime-eko-eko-est-retourne-en-prison-apres-son-passage-au-tribunal-militaire","title":{"rendered":"Demande de Lib\u00e9ration Provisoire : Maxime Eko Eko est retourn\u00e9 en prison apr\u00e8s son passage au Tribunal Militaire"},"content":{"rendered":"<p><span style=\"color: #ff6600\"><strong>Africa-Press &#8211; Cameroun. <\/strong><\/span>Le patron de la Dgre, Maxime Eko Eko a e\u0301te\u0301 extrait de sa cellule a\u0300 la prison principale de Yaounde\u0301 ou\u0300 il est en de\u0301tention dans le cadre de l&rsquo;affaire Martinez Zogo hier matin pour le tribunal militaire de Yaounde\u0301.<\/p>\n<p>Eko Eko e\u0301tait au tribunal militaire (TM) en pre\u0301sence de ses avocats. Selon nos sources, il s&rsquo;y est rendu suite a\u0300 la demande de libe\u0301ration provisoire qu&rsquo;il a introduite. Aussi, pour assister a\u0300 la leve\u0301e des scelle\u0301s de son bureau a\u0300 la demande de son inte\u0301rimaire. Il e\u0301tait question de proce\u0301der a\u0300 certaines ve\u0301rifications. Pendant ce temps, Amougou Belinga me\u0301ditait son sort dans la cellule qu&rsquo;il partage avec le patron de la Dgre et le commissaire divisionnaire Didier Afana Manga, arre\u0302te\u0301 puis condamne\u0301 a\u0300 6 ans de prison pour une affaire de corruption. Ladite cellule est situe\u0301e juste a\u0300 co\u0302te\u0301 de l&rsquo;infirmerie de la prison principale de Yaounde\u0301, derrie\u0300re le ba\u0302timent administratif au sein de la prison. Contrairement a\u0300 ce qui circule sur les re\u0301seaux sociaux, ni Amougou Belinga, ni Eko Eko, personne n&rsquo;a e\u0301te\u0301 installe\u0301 au quartier 3 (quartier vip) ou\u0300 e\u0301tait de\u0301tenu Maurice Kamto. Ledit Quartier est occupe\u0301 par Ayuk Tabe, certains autres prisonniers ambazoniens et Achille Zogo Andela.<\/p>\n<p>Nous avons e\u0301galement appris que l&rsquo;information judiciaire n&rsquo;est pas encore ouverte dans cette affaire, car le juge d&rsquo;instruction militaire Sikati II Kamwo n&rsquo;ayant pas encore officiellement pris fonction. Relativement a\u0300 la demande de libe\u0301ration provisoire, une question de compe\u0301tence s&rsquo;est pose\u0301e avec le juge d&rsquo;instruction civil Oyono Ebessa Prosper qui les avait inculpe\u0301. Ce juge ne pouvant prendre la moindre de\u0301cision de fond telle qu&rsquo;une libe\u0301ration provisoire ou sous caution, Eko Eko est retourne\u0301 en prison en soire\u0301e en attendant la prise de fonction officielle du juge d&rsquo;instruction militaire sus mentionne\u0301 qui ouvrira l&rsquo;information judiciaire.<\/p>\n<p>Une autre source nous confie que jusqu&rsquo;a\u0300 pre\u0301sent, aucun avocat des parties n&rsquo;a pu avoir acce\u0300s au dossier de la proce\u0301dure . Et cette situation perdurera tant que le nouveau Juge d&rsquo;instruction n&rsquo;aura pas e\u0301te\u0301 officiellement installe\u0301 dans ses fonctions a\u0300 Yaounde\u0301. Il a e\u0301te\u0301 demande\u0301 aux avocats de toutes les parties d&rsquo;aller attendre une Notification relative au de\u0301marrage de l&rsquo;information judiciaire.<\/p>\n<p>En conse\u0301quence, de tout ce qui pre\u0301ce\u0300de, il est aise\u0301 de comprendre pourquoi, il n&rsquo;y a pas de fuites dans le me\u0301dias ou re\u0301seaux sociaux e\u0301manant du dossier de la proce\u0301dure.<\/p>\n<p><strong>Pour plus d&rsquo;informations et d&rsquo;analyses sur la <a href=\"https:\/\/www.africa-press.net\/cameroun\">Cameroun<\/a>, suivez <a href=\"https:\/\/www.africa-press.net\/\">Africa-Press<\/a><\/strong><\/p>\n","protected":false},"excerpt":{"rendered":"<p>Africa-Press &#8211; Cameroun. Le patron de la Dgre, Maxime Eko Eko a e\u0301te\u0301 extrait de sa cellule a\u0300 la prison principale de Yaounde\u0301 ou\u0300 il est en de\u0301tention dans le cadre de l&rsquo;affaire Martinez Zogo hier matin pour le tribunal militaire de Yaounde\u0301. Eko Eko e\u0301tait au tribunal militaire (TM) en pre\u0301sence de ses avocats. [&hellip;]<\/p>\n","protected":false},"author":82,"featured_media":39662,"comment_status":"open","ping_status":"closed","sticky":false,"template":"","format":"standard","meta":{"footnotes":""},"categories":[2,10],"tags":[36,50,49],"class_list":["post-39666","post","type-post","status-publish","format-standard","has-post-thumbnail","hentry","category-politique","category-toutes-les-actualites","tag-africa-press","tag-africa-press-cameroun","tag-cameroun"],"yoast_head":"<!-- This site is optimized with the Yoast SEO Premium plugin v26.1 (Yoast SEO v27.0) - https:\/\/yoast.com\/product\/yoast-seo-premium-wordpress\/ -->\n<title>Demande de Lib\u00e9ration Provisoire : Maxime Eko Eko est retourn\u00e9 en prison apr\u00e8s son passage au Tribunal Militaire - Cameroun<\/title>\n<meta name=\"description\" content=\"Le patron de la Dgre, Maxime Eko Eko a e\u0301te\u0301 extrait de sa cellule a\u0300 la prison principale de Yaounde\u0301 ou\u0300 il est en de\u0301 ...\" \/>\n<meta name=\"robots\" content=\"index, follow, max-snippet:-1, max-image-preview:large, max-video-preview:-1\" \/>\n<link rel=\"canonical\" href=\"https:\/\/www.africa-press.net\/cameroun\/politique\/demande-de-liberation-provisoire-maxime-eko-eko-est-retourne-en-prison-apres-son-passage-au-tribunal-militaire\" \/>\n<meta property=\"og:locale\" content=\"fr_FR\" \/>\n<meta property=\"og:type\" content=\"article\" \/>\n<meta property=\"og:title\" content=\"Demande de Lib\u00e9ration Provisoire : Maxime Eko Eko est retourn\u00e9 en prison apr\u00e8s son passage au Tribunal Militaire\" \/>\n<meta property=\"og:description\" content=\"Le patron de la Dgre, Maxime Eko Eko a e\u0301te\u0301 extrait de sa cellule a\u0300 la prison principale de Yaounde\u0301 ou\u0300 il est en de\u0301 ...\" \/>\n<meta property=\"og:url\" content=\"https:\/\/www.africa-press.net\/cameroun\/politique\/demande-de-liberation-provisoire-maxime-eko-eko-est-retourne-en-prison-apres-son-passage-au-tribunal-militaire\" \/>\n<meta property=\"og:site_name\" content=\"Cameroun\" \/>\n<meta property=\"article:published_time\" content=\"2023-03-17T12:29:17+00:00\" \/>\n<meta property=\"article:modified_time\" content=\"2023-03-17T12:50:31+00:00\" \/>\n<meta property=\"og:image\" content=\"https:\/\/static.africa-press.net\/cameroun\/sites\/57\/2023\/03\/postQueueImg_1679044173.58.jpg\" \/>\n\t<meta property=\"og:image:width\" content=\"720\" \/>\n\t<meta property=\"og:image:height\" content=\"525\" \/>\n\t<meta property=\"og:image:type\" content=\"image\/jpeg\" \/>\n<meta name=\"author\" content=\"cfeditorfr\" \/>\n<meta name=\"twitter:card\" content=\"summary_large_image\" \/>\n<meta name=\"twitter:label1\" content=\"\u00c9crit par\" \/>\n\t<meta name=\"twitter:data1\" content=\"cfeditorfr\" \/>\n\t<meta name=\"twitter:label2\" content=\"Dur\u00e9e de lecture estim\u00e9e\" \/>\n\t<meta name=\"twitter:data2\" content=\"2 minutes\" \/>\n<script type=\"application\/ld+json\" class=\"yoast-schema-graph\">{\"@context\":\"https:\/\/schema.org\",\"@graph\":[{\"@type\":\"Article\",\"@id\":\"https:\/\/www.africa-press.net\/cameroun\/politique\/demande-de-liberation-provisoire-maxime-eko-eko-est-retourne-en-prison-apres-son-passage-au-tribunal-militaire#article\",\"isPartOf\":{\"@id\":\"https:\/\/www.africa-press.net\/cameroun\/politique\/demande-de-liberation-provisoire-maxime-eko-eko-est-retourne-en-prison-apres-son-passage-au-tribunal-militaire\"},\"author\":{\"name\":\"cfeditorfr\",\"@id\":\"https:\/\/www.africa-press.net\/cameroun\/#\/schema\/person\/2b1cf3cd81a31e3cd26889ca66d677f1\"},\"headline\":\"Demande de Lib\u00e9ration Provisoire : Maxime Eko Eko est retourn\u00e9 en prison apr\u00e8s son passage au Tribunal Militaire\",\"datePublished\":\"2023-03-17T12:29:17+00:00\",\"dateModified\":\"2023-03-17T12:50:31+00:00\",\"mainEntityOfPage\":{\"@id\":\"https:\/\/www.africa-press.net\/cameroun\/politique\/demande-de-liberation-provisoire-maxime-eko-eko-est-retourne-en-prison-apres-son-passage-au-tribunal-militaire\"},\"wordCount\":483,\"commentCount\":0,\"image\":{\"@id\":\"https:\/\/www.africa-press.net\/cameroun\/politique\/demande-de-liberation-provisoire-maxime-eko-eko-est-retourne-en-prison-apres-son-passage-au-tribunal-militaire#primaryimage\"},\"thumbnailUrl\":\"https:\/\/static.africa-press.net\/cameroun\/sites\/57\/2023\/03\/postQueueImg_1679044173.58.jpg\",\"keywords\":[\"Africa Press\",\"Africa Press-Cameroun\",\"Cameroun\"],\"articleSection\":[\"Politique\",\"Toutes les actualit\u00e9s\"],\"inLanguage\":\"fr-FR\",\"potentialAction\":[{\"@type\":\"CommentAction\",\"name\":\"Comment\",\"target\":[\"https:\/\/www.africa-press.net\/cameroun\/politique\/demande-de-liberation-provisoire-maxime-eko-eko-est-retourne-en-prison-apres-son-passage-au-tribunal-militaire#respond\"]}]},{\"@type\":\"WebPage\",\"@id\":\"https:\/\/www.africa-press.net\/cameroun\/politique\/demande-de-liberation-provisoire-maxime-eko-eko-est-retourne-en-prison-apres-son-passage-au-tribunal-militaire\",\"url\":\"https:\/\/www.africa-press.net\/cameroun\/politique\/demande-de-liberation-provisoire-maxime-eko-eko-est-retourne-en-prison-apres-son-passage-au-tribunal-militaire\",\"name\":\"Demande de Lib\u00e9ration Provisoire : Maxime Eko Eko est retourn\u00e9 en prison apr\u00e8s son passage au Tribunal Militaire - Cameroun\",\"isPartOf\":{\"@id\":\"https:\/\/www.africa-press.net\/cameroun\/#website\"},\"primaryImageOfPage\":{\"@id\":\"https:\/\/www.africa-press.net\/cameroun\/politique\/demande-de-liberation-provisoire-maxime-eko-eko-est-retourne-en-prison-apres-son-passage-au-tribunal-militaire#primaryimage\"},\"image\":{\"@id\":\"https:\/\/www.africa-press.net\/cameroun\/politique\/demande-de-liberation-provisoire-maxime-eko-eko-est-retourne-en-prison-apres-son-passage-au-tribunal-militaire#primaryimage\"},\"thumbnailUrl\":\"https:\/\/static.africa-press.net\/cameroun\/sites\/57\/2023\/03\/postQueueImg_1679044173.58.jpg\",\"datePublished\":\"2023-03-17T12:29:17+00:00\",\"dateModified\":\"2023-03-17T12:50:31+00:00\",\"author\":{\"@id\":\"https:\/\/www.africa-press.net\/cameroun\/#\/schema\/person\/2b1cf3cd81a31e3cd26889ca66d677f1\"},\"description\":\"Le patron de la Dgre, Maxime Eko Eko a e\u0301te\u0301 extrait de sa cellule a\u0300 la prison principale de Yaounde\u0301 ou\u0300 il est en de\u0301 ...\",\"breadcrumb\":{\"@id\":\"https:\/\/www.africa-press.net\/cameroun\/politique\/demande-de-liberation-provisoire-maxime-eko-eko-est-retourne-en-prison-apres-son-passage-au-tribunal-militaire#breadcrumb\"},\"inLanguage\":\"fr-FR\",\"potentialAction\":[{\"@type\":\"ReadAction\",\"target\":[\"https:\/\/www.africa-press.net\/cameroun\/politique\/demande-de-liberation-provisoire-maxime-eko-eko-est-retourne-en-prison-apres-son-passage-au-tribunal-militaire\"]}]},{\"@type\":\"ImageObject\",\"inLanguage\":\"fr-FR\",\"@id\":\"https:\/\/www.africa-press.net\/cameroun\/politique\/demande-de-liberation-provisoire-maxime-eko-eko-est-retourne-en-prison-apres-son-passage-au-tribunal-militaire#primaryimage\",\"url\":\"https:\/\/static.africa-press.net\/cameroun\/sites\/57\/2023\/03\/postQueueImg_1679044173.58.jpg\",\"contentUrl\":\"https:\/\/static.africa-press.net\/cameroun\/sites\/57\/2023\/03\/postQueueImg_1679044173.58.jpg\",\"width\":720,\"height\":525,\"caption\":\"Demande de Lib\u00e9ration Provisoire : Maxime Eko Eko est retourn\u00e9 en prison apr\u00e8s son passage au Tribunal Militaire\"},{\"@type\":\"BreadcrumbList\",\"@id\":\"https:\/\/www.africa-press.net\/cameroun\/politique\/demande-de-liberation-provisoire-maxime-eko-eko-est-retourne-en-prison-apres-son-passage-au-tribunal-militaire#breadcrumb\",\"itemListElement\":[{\"@type\":\"ListItem\",\"position\":1,\"name\":\"Accueil\",\"item\":\"https:\/\/www.africa-press.net\/cameroun\/\"},{\"@type\":\"ListItem\",\"position\":2,\"name\":\"Demande de Lib\u00e9ration Provisoire : Maxime Eko Eko est retourn\u00e9 en prison apr\u00e8s son passage au Tribunal Militaire\"}]},{\"@type\":\"WebSite\",\"@id\":\"https:\/\/www.africa-press.net\/cameroun\/#website\",\"url\":\"https:\/\/www.africa-press.net\/cameroun\/\",\"name\":\"Cameroun\",\"description\":\"Just another Africa News Agency Sites site\",\"potentialAction\":[{\"@type\":\"SearchAction\",\"target\":{\"@type\":\"EntryPoint\",\"urlTemplate\":\"https:\/\/www.africa-press.net\/cameroun\/?s={search_term_string}\"},\"query-input\":{\"@type\":\"PropertyValueSpecification\",\"valueRequired\":true,\"valueName\":\"search_term_string\"}}],\"inLanguage\":\"fr-FR\"},{\"@type\":\"Person\",\"@id\":\"https:\/\/www.africa-press.net\/cameroun\/#\/schema\/person\/2b1cf3cd81a31e3cd26889ca66d677f1\",\"name\":\"cfeditorfr\"}]}<\/script>\n<!-- \/ Yoast SEO Premium plugin. -->","yoast_head_json":{"title":"Demande de Lib\u00e9ration Provisoire : Maxime Eko Eko est retourn\u00e9 en prison apr\u00e8s son passage au Tribunal Militaire - Cameroun","description":"Le patron de la Dgre, Maxime Eko Eko a e\u0301te\u0301 extrait de sa cellule a\u0300 la prison principale de Yaounde\u0301 ou\u0300 il est en de\u0301 ...","robots":{"index":"index","follow":"follow","max-snippet":"max-snippet:-1","max-image-preview":"max-image-preview:large","max-video-preview":"max-video-preview:-1"},"canonical":"https:\/\/www.africa-press.net\/cameroun\/politique\/demande-de-liberation-provisoire-maxime-eko-eko-est-retourne-en-prison-apres-son-passage-au-tribunal-militaire","og_locale":"fr_FR","og_type":"article","og_title":"Demande de Lib\u00e9ration Provisoire : Maxime Eko Eko est retourn\u00e9 en prison apr\u00e8s son passage au Tribunal Militaire","og_description":"Le patron de la Dgre, Maxime Eko Eko a e\u0301te\u0301 extrait de sa cellule a\u0300 la prison principale de Yaounde\u0301 ou\u0300 il est en de\u0301 ...","og_url":"https:\/\/www.africa-press.net\/cameroun\/politique\/demande-de-liberation-provisoire-maxime-eko-eko-est-retourne-en-prison-apres-son-passage-au-tribunal-militaire","og_site_name":"Cameroun","article_published_time":"2023-03-17T12:29:17+00:00","article_modified_time":"2023-03-17T12:50:31+00:00","og_image":[{"width":720,"height":525,"url":"https:\/\/static.africa-press.net\/cameroun\/sites\/57\/2023\/03\/postQueueImg_1679044173.58.jpg","type":"image\/jpeg"}],"author":"cfeditorfr","twitter_card":"summary_large_image","twitter_misc":{"\u00c9crit par":"cfeditorfr","Dur\u00e9e de lecture estim\u00e9e":"2 minutes"},"schema":{"@context":"https:\/\/schema.org","@graph":[{"@type":"Article","@id":"https:\/\/www.africa-press.net\/cameroun\/politique\/demande-de-liberation-provisoire-maxime-eko-eko-est-retourne-en-prison-apres-son-passage-au-tribunal-militaire#article","isPartOf":{"@id":"https:\/\/www.africa-press.net\/cameroun\/politique\/demande-de-liberation-provisoire-maxime-eko-eko-est-retourne-en-prison-apres-son-passage-au-tribunal-militaire"},"author":{"name":"cfeditorfr","@id":"https:\/\/www.africa-press.net\/cameroun\/#\/schema\/person\/2b1cf3cd81a31e3cd26889ca66d677f1"},"headline":"Demande de Lib\u00e9ration Provisoire : Maxime Eko Eko est retourn\u00e9 en prison apr\u00e8s son passage au Tribunal Militaire","datePublished":"2023-03-17T12:29:17+00:00","dateModified":"2023-03-17T12:50:31+00:00","mainEntityOfPage":{"@id":"https:\/\/www.africa-press.net\/cameroun\/politique\/demande-de-liberation-provisoire-maxime-eko-eko-est-retourne-en-prison-apres-son-passage-au-tribunal-militaire"},"wordCount":483,"commentCount":0,"image":{"@id":"https:\/\/www.africa-press.net\/cameroun\/politique\/demande-de-liberation-provisoire-maxime-eko-eko-est-retourne-en-prison-apres-son-passage-au-tribunal-militaire#primaryimage"},"thumbnailUrl":"https:\/\/static.africa-press.net\/cameroun\/sites\/57\/2023\/03\/postQueueImg_1679044173.58.jpg","keywords":["Africa Press","Africa Press-Cameroun","Cameroun"],"articleSection":["Politique","Toutes les actualit\u00e9s"],"inLanguage":"fr-FR","potentialAction":[{"@type":"CommentAction","name":"Comment","target":["https:\/\/www.africa-press.net\/cameroun\/politique\/demande-de-liberation-provisoire-maxime-eko-eko-est-retourne-en-prison-apres-son-passage-au-tribunal-militaire#respond"]}]},{"@type":"WebPage","@id":"https:\/\/www.africa-press.net\/cameroun\/politique\/demande-de-liberation-provisoire-maxime-eko-eko-est-retourne-en-prison-apres-son-passage-au-tribunal-militaire","url":"https:\/\/www.africa-press.net\/cameroun\/politique\/demande-de-liberation-provisoire-maxime-eko-eko-est-retourne-en-prison-apres-son-passage-au-tribunal-militaire","name":"Demande de Lib\u00e9ration Provisoire : Maxime Eko Eko est retourn\u00e9 en prison apr\u00e8s son passage au Tribunal Militaire - Cameroun","isPartOf":{"@id":"https:\/\/www.africa-press.net\/cameroun\/#website"},"primaryImageOfPage":{"@id":"https:\/\/www.africa-press.net\/cameroun\/politique\/demande-de-liberation-provisoire-maxime-eko-eko-est-retourne-en-prison-apres-son-passage-au-tribunal-militaire#primaryimage"},"image":{"@id":"https:\/\/www.africa-press.net\/cameroun\/politique\/demande-de-liberation-provisoire-maxime-eko-eko-est-retourne-en-prison-apres-son-passage-au-tribunal-militaire#primaryimage"},"thumbnailUrl":"https:\/\/static.africa-press.net\/cameroun\/sites\/57\/2023\/03\/postQueueImg_1679044173.58.jpg","datePublished":"2023-03-17T12:29:17+00:00","dateModified":"2023-03-17T12:50:31+00:00","author":{"@id":"https:\/\/www.africa-press.net\/cameroun\/#\/schema\/person\/2b1cf3cd81a31e3cd26889ca66d677f1"},"description":"Le patron de la Dgre, Maxime Eko Eko a e\u0301te\u0301 extrait de sa cellule a\u0300 la prison principale de Yaounde\u0301 ou\u0300 il est en de\u0301 ...","breadcrumb":{"@id":"https:\/\/www.africa-press.net\/cameroun\/politique\/demande-de-liberation-provisoire-maxime-eko-eko-est-retourne-en-prison-apres-son-passage-au-tribunal-militaire#breadcrumb"},"inLanguage":"fr-FR","potentialAction":[{"@type":"ReadAction","target":["https:\/\/www.africa-press.net\/cameroun\/politique\/demande-de-liberation-provisoire-maxime-eko-eko-est-retourne-en-prison-apres-son-passage-au-tribunal-militaire"]}]},{"@type":"ImageObject","inLanguage":"fr-FR","@id":"https:\/\/www.africa-press.net\/cameroun\/politique\/demande-de-liberation-provisoire-maxime-eko-eko-est-retourne-en-prison-apres-son-passage-au-tribunal-militaire#primaryimage","url":"https:\/\/static.africa-press.net\/cameroun\/sites\/57\/2023\/03\/postQueueImg_1679044173.58.jpg","contentUrl":"https:\/\/static.africa-press.net\/cameroun\/sites\/57\/2023\/03\/postQueueImg_1679044173.58.jpg","width":720,"height":525,"caption":"Demande de Lib\u00e9ration Provisoire : Maxime Eko Eko est retourn\u00e9 en prison apr\u00e8s son passage au Tribunal Militaire"},{"@type":"BreadcrumbList","@id":"https:\/\/www.africa-press.net\/cameroun\/politique\/demande-de-liberation-provisoire-maxime-eko-eko-est-retourne-en-prison-apres-son-passage-au-tribunal-militaire#breadcrumb","itemListElement":[{"@type":"ListItem","position":1,"name":"Accueil","item":"https:\/\/www.africa-press.net\/cameroun\/"},{"@type":"ListItem","position":2,"name":"Demande de Lib\u00e9ration Provisoire : Maxime Eko Eko est retourn\u00e9 en prison apr\u00e8s son passage au Tribunal Militaire"}]},{"@type":"WebSite","@id":"https:\/\/www.africa-press.net\/cameroun\/#website","url":"https:\/\/www.africa-press.net\/cameroun\/","name":"Cameroun","description":"Just another Africa News Agency Sites site","potentialAction":[{"@type":"SearchAction","target":{"@type":"EntryPoint","urlTemplate":"https:\/\/www.africa-press.net\/cameroun\/?s={search_term_string}"},"query-input":{"@type":"PropertyValueSpecification","valueRequired":true,"valueName":"search_term_string"}}],"inLanguage":"fr-FR"},{"@type":"Person","@id":"https:\/\/www.africa-press.net\/cameroun\/#\/schema\/person\/2b1cf3cd81a31e3cd26889ca66d677f1","name":"cfeditorfr"}]}},"_links":{"self":[{"href":"https:\/\/www.africa-press.net\/cameroun\/wp-json\/wp\/v2\/posts\/39666","targetHints":{"allow":["GET"]}}],"collection":[{"href":"https:\/\/www.africa-press.net\/cameroun\/wp-json\/wp\/v2\/posts"}],"about":[{"href":"https:\/\/www.africa-press.net\/cameroun\/wp-json\/wp\/v2\/types\/post"}],"author":[{"embeddable":true,"href":"https:\/\/www.africa-press.net\/cameroun\/wp-json\/wp\/v2\/users\/82"}],"replies":[{"embeddable":true,"href":"https:\/\/www.africa-press.net\/cameroun\/wp-json\/wp\/v2\/comments?post=39666"}],"version-history":[{"count":0,"href":"https:\/\/www.africa-press.net\/cameroun\/wp-json\/wp\/v2\/posts\/39666\/revisions"}],"wp:featuredmedia":[{"embeddable":true,"href":"https:\/\/www.africa-press.net\/cameroun\/wp-json\/wp\/v2\/media\/39662"}],"wp:attachment":[{"href":"https:\/\/www.africa-press.net\/cameroun\/wp-json\/wp\/v2\/media?parent=39666"}],"wp:term":[{"taxonomy":"category","embeddable":true,"href":"https:\/\/www.africa-press.net\/cameroun\/wp-json\/wp\/v2\/categories?post=39666"},{"taxonomy":"post_tag","embeddable":true,"href":"https:\/\/www.africa-press.net\/cameroun\/wp-json\/wp\/v2\/tags?post=39666"}],"curies":[{"name":"wp","href":"https:\/\/api.w.org\/{rel}","templated":true}]}}