{"id":39672,"date":"2023-03-17T17:14:23","date_gmt":"2023-03-17T17:14:23","guid":{"rendered":"https:\/\/www.africa-press.net\/cameroun\/politique\/battue-et-sequestree-pour-injures-au-lamidat-de-tcheboa-voici-ce-qui-sest-reellement-passe"},"modified":"2023-03-17T17:36:56","modified_gmt":"2023-03-17T17:36:56","slug":"battue-et-sequestree-pour-injures-au-lamidat-de-tcheboa-voici-ce-qui-sest-reellement-passe","status":"publish","type":"post","link":"https:\/\/www.africa-press.net\/cameroun\/toutes-les-actualites\/battue-et-sequestree-pour-injures-au-lamidat-de-tcheboa-voici-ce-qui-sest-reellement-passe","title":{"rendered":"Battue et s\u00e9questr\u00e9e pour injures au Lamidat de Tch\u00e9boa : voici ce qui s\u2019est r\u00e9ellement pass\u00e9"},"content":{"rendered":"<p><span style=\"color: #ff6600\"><strong>Africa-Press &#8211; Cameroun. <\/strong><\/span>NORD. La victime aurait rec\u0327u 120 coups de fouet, une accusation que rejette le lamido.<\/p>\n<p><b>Battue et se\u0301questre\u0301e pour injures au Lamidat de Tche\u0301boa<\/b><\/p>\n<p>Woulvang Souina, 30 ans, re\u0301sident a\u0300 Ngong, chef-lieu de l\u2019arrondissement de Tche\u0301boa sis dans le de\u0301partement de la Be\u0301noue\u0301, a e\u0301te\u0301 moleste\u0301, puis se\u0301questre\u0301 pendant trois jours dans les cachots du lamidat de Tche\u0301boa.<\/p>\n<p>Accuse\u0301 d\u2019avoir tenu des propos injurieux a\u0300 l\u2019endroit d\u2019un certain Djibrilla le samedi 25 fe\u0301vrier dernier, le jeune Woulvang Souina sera arrete\u0301 a\u0300 son poste de travail par des gardes du lamido et traine\u0301 a\u0300 la cour de la chefferie au petit matin du dimanche 26 fe\u0301vrier 2023.<\/p>\n<p>Sans explication aucune, Woulvang Souina va subir la foudre du lamido de Tche\u0301boa. La sentence est sans appel : 120 coups de fouet. Ceux-ci lui seront administre\u0301s avec un fouet de circonstance : une peau de b\u0153uf ramolli avec l\u2019aide d\u2019une courroie de moulin a\u0300 e\u0301craser.<\/p>\n<p>Apre\u0300s le supplice, il sera jete\u0301 dans l\u2019un des cachots que compte ce lamidat et y sera se\u0301questre\u0301 pendant trois jours et trois nuits. \u00abIl e\u0301tait environ six heures ce dimanche-la\u0300 lorsque les gens du lamidat ont surgi a\u0300 bord d\u2019une voiture au marche\u0301 de bois de chauffe de Ngong ou\u0300 je travaille, et m\u2019ont intime\u0301 l\u2019ordre de monter a\u0300 bord.<\/p>\n<p>Je n\u2019avais pratiquement pas de choix car ils e\u0301taient sur le point de me brutaliser. Ils e\u0301taient accompagne\u0301s de Djibrilla, celui avec qui je m\u2019e\u0301tais dispute\u0301 la veille et qui avait promis de me trai\u0302ner devant le lamido.<\/p>\n<p>J\u2019ai vite compris que c\u2019est lui qui s\u2019est plaint contre moi pour ce qui s\u2019e\u0301tait passe\u0301 entre lui et moi. J\u2019ai banalise\u0301 la situation car nous n\u2019en e\u0301tions pas arrive\u0301s aux coups de poings. Nous nous sommes juste e\u0301change\u0301s des mots. Nous nous sommes insulte\u0301s. C\u2019est quelqu\u2019un pour qui je travaille depuis des lustres.<\/p>\n<p>On peut dire qu\u2019il est grossiste dans ce marche\u0301 de bois de chauffe, car il fait venir des camions charge\u0301s de bois de chauffe et nous autres, de\u0301chargeons les gros morceaux pour la vente\u00bb, fait savoir la victime. Et de poursuivre : \u00abC\u2019est donc un monsieur que je co\u0302toie depuis longtemps. J\u2019ai donc banalise\u0301 la situation.<\/p>\n<p>Mais une fois dans la cour du lamidat, tous ceux qui e\u0301taient-la\u0300 se sont mis a\u0300 me bla\u0302mer, soit disant \u00abqui suis-je pour insulter la maman de Djibrilla ? N\u2019ai-je pas aussi une me\u0300re ?\u00bb, On ne m\u2019a me\u0302me pas donne\u0301 la parole.<\/p>\n<p>C\u2019est dans cette furie que de jeunes gens bien robustes se sont jete\u0301s sur moi, m\u2019ont renverse\u0301 au sol. Ils m\u2019ont saisi les pieds et les bras et m\u2019ont tire\u0301 par quatre.<\/p>\n<p>C\u2019est a\u0300 ce moment qu\u2019ils ont dit qu\u2019ils vont m\u2019administrer 120 coups de fouet\u00bb. Et ce n\u2019est pas tout : \u00abDeux personnes se sont relaye\u0301es pour administrer le nombre de coups de fouet ordonne\u0301 par le lamido.<\/p>\n<p>Au de\u0301part, je criais et me tordais de douleur, mais au bout de plusieurs dizaines de coups, j\u2019ai perdu conscience. Je me suis re\u0301veille\u0301 dans une salle ou\u0300 se trouvaient trois autres personnes qui ont subi le me\u0302me traitement que moi.<\/p>\n<p>Ils nous y ont oublie\u0301 pendant trois jours, sans jamais nous donner ni a\u0300 manger, ni a\u0300 boire. J\u2019ai passe\u0301 trois jours et trois nuits dans cette cellule. Ce n\u2019est que le mercredi suivant, aux environs de dix-sept heures qu\u2019ils nous ont tous rela\u0302che\u0301s\u00bb, raconte Woulvang Souina.<\/p>\n<p><b>10 JOURS SANS SOINS<\/b><\/p>\n<p>Les quatre ex-prisonniers marchaient a\u0300 quatre pattes pour sortir du lamidat, du fait de l\u2019atroce douleur qu\u2019ils ressentaient au poste\u0301rieur. Ne pouvant parcourir une longue distance pour regagner son domicile, Woulvang Souina s\u2019est retranche\u0301 au marche\u0301 du bois de chauffe, non loin de la chefferie.<\/p>\n<p>Il a e\u0301lu domicile sous un hangar de fortune e\u0301rige\u0301 audit marche\u0301 et y a passe\u0301 10 jours sans aucun secours. Il a passe\u0301 tout ce temps allonge\u0301 sur le ventre.<\/p>\n<p>\u00abJe ne pouvais ni marcher, ni m\u2019asseoir, ni faire des besoins. Je restais couche\u0301 sur le ventre. Toutes mes fesses brulaient de l\u2019inte\u0301rieur.<\/p>\n<p>Ceux avec qui je travaillais et qui m\u2019offraient de temps en temps de quoi manger pour survivre ont eu pitie\u0301 de moi et ont fait appel a\u0300 l\u2019infirmier du lyce\u0301e de Ngong.<\/p>\n<p>Il s\u2019est ha\u0302te\u0301 et est venu m\u2019administrer les premiers soins le 10 mars. J\u2019ai e\u0301te\u0301 libe\u0301re\u0301 le 1er mars dans l\u2019apre\u0300s-midi et ce n\u2019est que le 10 du me\u0302me mois que j\u2019ai rec\u0327u les premiers soins.<\/p>\n<p>Je suis reste\u0301 sans soins pendant 13 jours, y compris les trois jours passe\u0301s dans les geo\u0302les du lamidat. Tout mon poste\u0301rieur s\u2019est infecte\u0301. Il y avait du pus.<\/p>\n<p>Quand il m\u2019a fait deux pansements et vu la gravite\u0301 de mon e\u0301tat, cet infirmier qui d\u2019ailleurs est un voisin, m\u2019a conseille\u0301 de faire appel aux fre\u0300res pour une prise en charge dans un centre hospitalier.<\/p>\n<p>Il aurait partage\u0301 cette ide\u0301e avec d\u2019autres personnes et c\u2019est comme c\u0327a que les fre\u0300res sont venus me prendre le lundi 13 mars et m\u2019ont conduit a\u0300 l\u2019ho\u0302pital de district de Ngong ou\u0300 je suis actuellement pris en charge\u00bb, poursuit Woulvang Souina.<\/p>\n<p>Informe\u0301 de la situation critique dans laquelle se trouve Woulvang Souina et sous la pression des membres de la famille de ce dernier, Djibrilla le plaignant, de\u0301boursera la somme de 10 000 pour les soins.<\/p>\n<p>\u00abC\u2019est un monsieur qui m\u2019a appele\u0301 au te\u0301le\u0301phone et m\u2019a dit de venir voir la sante\u0301 d\u2019un jeune homme qui a e\u0301te\u0301 fouette\u0301 a\u0300 la chefferie. Il a ajoute\u0301 que sa situation e\u0301tait grave.<\/p>\n<p>Je m\u2019y suis rendu illico car il m\u2019avait donne\u0301 toutes les informations, et arrive\u0301 sur les lieux, j\u2019ai effectivement trouve\u0301 ce jeune homme que je connais.<\/p>\n<p>Il e\u0301tait me\u0301connaissable car il e\u0301tait trop sale et souffrait atrocement. J\u2019ai examine\u0301 ses fesses, elles e\u0301taient toutes rouges avec du pus aux abords de la plaie.<\/p>\n<p>La plaie e\u0301tait vraiment profonde. J\u2019ai exige\u0301 qu\u2019il trouve un peu de moyens pour acheter le ne\u0301cessaire pour les soins. Ils ont de\u0301bourse\u0301 10 000 FCfa, et c\u2019est gra\u0302ce a\u0300 c\u0327a que j\u2019ai achete\u0301 quelques me\u0301dicaments pour de\u0301sinfecter la plaie.<\/p>\n<p>Ce qui a e\u0301te\u0301 fait. J\u2019ai fait le pansement le samedi 11 et le dimanche le 12. Je suis reparti le lundi matin, je ne l\u2019y ai plus trouve\u0301. Ses fre\u0300res e\u0301taient passe\u0301s le re\u0301cupe\u0301rer pour l\u2019ho\u0302pital, selon les dires de ceux qui e\u0301taient au marche\u0301\u00bb, fait savoir l\u2019infirmier du lyce\u0301e de Ngong.<\/p>\n<p>\u00abEsprit des bois\u00bb Approche\u0301 a\u0300 ce sujet par nos soins, le lamido de Tche\u0301boa, Sa Majeste\u0301 Moussa Aboubakary, reconnait avoir interpelle\u0301 et administre\u0301 quelques coups de fouet a\u0300 Woulvang Souina.<\/p>\n<p>Il nie cependant lui avoir fait administre\u0301 120 coups de fouet et clame haut et fort que ce ne sont pas les coups de fouet qui lui ont e\u0301te\u0301 inflige\u0301s qui sont a\u0300 l\u2019origine de ces plaies.<\/p>\n<p>\u00abQuel cha\u0302timent, selon vous, doit-on infliger a\u0300 quelqu\u2019un qui insulte une me\u0300re ? N\u2019a-t-il lui-me\u0302me pas de me\u0300re ? Laissez-moi vous dire que sans fouet, on ne peut ni ge\u0301rer, ni redresser une communaute\u0301.<\/p>\n<p>Si le lamidat de Tche\u0301boa est l\u2019un des rares ou\u0300 re\u0300gne le vivre-ensemble, c\u2019est gra\u0302ce a\u0300 ces petites astuces que nous utilisons pour persuader la population.<\/p>\n<p>Mais dire que 120 coups lui ont e\u0301te\u0301 administre\u0301s, c\u2019est faux. Et puis, ces plaies ne sont pas les effets des fouets. Si cela e\u0301tait le cas, on devrait voir les traces laisse\u0301es par le fouet sur sa peau.<\/p>\n<p>Mais ce n\u2019est pas le cas. A mon avis, la cause de ces plaies est a\u0300 rechercher ailleurs. Ce sont les esprits des bois qui le cha\u0302tient puisqu\u2019il de\u0301truit les arbres pour avoir le bois de chauffe.<\/p>\n<p>Donc, ne dites pas que c\u2019est parce qu\u2019il a e\u0301te\u0301 fouette\u0301 qu\u2019il est dans cet e\u0301tat\u00bb, de\u0301clare le chef traditionnel. Ce n\u2019est pas la premie\u0300re fois que le nom de Sa Majeste\u0301 Moussa Aboubakary est me\u0302le\u0301 aux violations des droits de l\u2019homme.<\/p>\n<p>E\u0301lu sous la bannie\u0300re du Rdpc aux e\u0301lections le\u0301gislatives de 2002, son e\u0301lection avait e\u0301te\u0301 annule\u0301e. Motif : il trainait une condamnation, a\u0300 la suite d\u2019une plainte de ses victimes.<\/p>\n<p>Pour les membres de la famille de Woulvang Souina, les traces du fouet sont encore le\u0301ge\u0300rement visibles. \u00abCela fait quasiment trois semaines qu\u2019il a e\u0301te\u0301 fouette\u0301, mais les traces du fouet restent encore visibles.<\/p>\n<p>Pour les remarquer, il suffit de regarder minutieusement son poste\u0301rieur. Nous n\u2019abandonnerons pas cette affaire. Nous re\u0301unissons le ne\u0301cessaire et nous saisirons la justice.<\/p>\n<p>Le droit doit e\u0302tre dit. Nous avons le soutien de toutes nos communaute\u0301s et je crois que cette affaire ne se terminera pas comme il pense. On ne peut pas traiter un e\u0302tre humain de nos jours comme s\u2019il s\u2019agissait d\u2019un animal.<\/p>\n<p>Les auteurs de ces atrocite\u0301s re\u0301pondront de leurs actes qui qu\u2019ils soient\u00bb, de\u0301clare Kampe\u0301te\u0301 Vadai\u0308, cousin de Woulvang Souina. En attendant que les choses soient tire\u0301es au clair et qu\u2019un certificat me\u0301dical soit du\u0302ment e\u0301tabli pour une e\u0301ventuelle plainte, la communaute\u0301 massa de Ngong reste mobilise\u0301e autour du patient.<\/p>\n<p><strong>Pour plus d&rsquo;informations et d&rsquo;analyses sur la <a href=\"https:\/\/www.africa-press.net\/cameroun\">Cameroun<\/a>, suivez <a href=\"https:\/\/www.africa-press.net\/\">Africa-Press<\/a><\/strong><\/p>\n","protected":false},"excerpt":{"rendered":"<p>Africa-Press &#8211; Cameroun. NORD. La victime aurait rec\u0327u 120 coups de fouet, une accusation que rejette le lamido. Battue et se\u0301questre\u0301e pour injures au Lamidat de Tche\u0301boa Woulvang Souina, 30 ans, re\u0301sident a\u0300 Ngong, chef-lieu de l\u2019arrondissement de Tche\u0301boa sis dans le de\u0301partement de la Be\u0301noue\u0301, a e\u0301te\u0301 moleste\u0301, puis se\u0301questre\u0301 pendant trois jours dans [&hellip;]<\/p>\n","protected":false},"author":82,"featured_media":39671,"comment_status":"open","ping_status":"closed","sticky":false,"template":"","format":"standard","meta":{"footnotes":""},"categories":[21,10],"tags":[36,50,49],"class_list":["post-39672","post","type-post","status-publish","format-standard","has-post-thumbnail","hentry","category-communaute","category-toutes-les-actualites","tag-africa-press","tag-africa-press-cameroun","tag-cameroun"],"yoast_head":"<!-- This site is optimized with the Yoast SEO Premium plugin v26.1 (Yoast SEO v27.0) - https:\/\/yoast.com\/product\/yoast-seo-premium-wordpress\/ -->\n<title>Battue et s\u00e9questr\u00e9e pour injures au Lamidat de Tch\u00e9boa : voici ce qui s\u2019est r\u00e9ellement pass\u00e9 - Cameroun<\/title>\n<meta name=\"description\" content=\"NORD. La victime aurait rec\u0327u 120 coups de fouet, une accusation que rejette le lamido. Battue et se\u0301questre\u0301e pour ...\" \/>\n<meta name=\"robots\" content=\"index, follow, max-snippet:-1, max-image-preview:large, max-video-preview:-1\" \/>\n<link rel=\"canonical\" href=\"https:\/\/www.africa-press.net\/cameroun\/toutes-les-actualites\/battue-et-sequestree-pour-injures-au-lamidat-de-tcheboa-voici-ce-qui-sest-reellement-passe\" \/>\n<meta property=\"og:locale\" content=\"fr_FR\" \/>\n<meta property=\"og:type\" content=\"article\" \/>\n<meta property=\"og:title\" content=\"Battue et s\u00e9questr\u00e9e pour injures au Lamidat de Tch\u00e9boa : voici ce qui s\u2019est r\u00e9ellement pass\u00e9\" \/>\n<meta property=\"og:description\" content=\"NORD. La victime aurait rec\u0327u 120 coups de fouet, une accusation que rejette le lamido. Battue et se\u0301questre\u0301e pour ...\" \/>\n<meta property=\"og:url\" content=\"https:\/\/www.africa-press.net\/cameroun\/toutes-les-actualites\/battue-et-sequestree-pour-injures-au-lamidat-de-tcheboa-voici-ce-qui-sest-reellement-passe\" \/>\n<meta property=\"og:site_name\" content=\"Cameroun\" \/>\n<meta property=\"article:published_time\" content=\"2023-03-17T17:14:23+00:00\" \/>\n<meta property=\"article:modified_time\" content=\"2023-03-17T17:36:56+00:00\" \/>\n<meta property=\"og:image\" content=\"https:\/\/static.africa-press.net\/cameroun\/sites\/57\/2023\/03\/postQueueImg_1679060690.55.jpg\" \/>\n\t<meta property=\"og:image:width\" content=\"720\" \/>\n\t<meta property=\"og:image:height\" content=\"480\" \/>\n\t<meta property=\"og:image:type\" content=\"image\/jpeg\" \/>\n<meta name=\"author\" content=\"cfeditorfr\" \/>\n<meta name=\"twitter:card\" content=\"summary_large_image\" \/>\n<meta name=\"twitter:label1\" content=\"\u00c9crit par\" \/>\n\t<meta name=\"twitter:data1\" content=\"cfeditorfr\" \/>\n\t<meta name=\"twitter:label2\" content=\"Dur\u00e9e de lecture estim\u00e9e\" \/>\n\t<meta name=\"twitter:data2\" content=\"8 minutes\" \/>\n<script type=\"application\/ld+json\" class=\"yoast-schema-graph\">{\"@context\":\"https:\/\/schema.org\",\"@graph\":[{\"@type\":\"Article\",\"@id\":\"https:\/\/www.africa-press.net\/cameroun\/toutes-les-actualites\/battue-et-sequestree-pour-injures-au-lamidat-de-tcheboa-voici-ce-qui-sest-reellement-passe#article\",\"isPartOf\":{\"@id\":\"https:\/\/www.africa-press.net\/cameroun\/toutes-les-actualites\/battue-et-sequestree-pour-injures-au-lamidat-de-tcheboa-voici-ce-qui-sest-reellement-passe\"},\"author\":{\"name\":\"cfeditorfr\",\"@id\":\"https:\/\/www.africa-press.net\/cameroun\/#\/schema\/person\/2b1cf3cd81a31e3cd26889ca66d677f1\"},\"headline\":\"Battue et s\u00e9questr\u00e9e pour injures au Lamidat de Tch\u00e9boa : voici ce qui s\u2019est r\u00e9ellement pass\u00e9\",\"datePublished\":\"2023-03-17T17:14:23+00:00\",\"dateModified\":\"2023-03-17T17:36:56+00:00\",\"mainEntityOfPage\":{\"@id\":\"https:\/\/www.africa-press.net\/cameroun\/toutes-les-actualites\/battue-et-sequestree-pour-injures-au-lamidat-de-tcheboa-voici-ce-qui-sest-reellement-passe\"},\"wordCount\":1716,\"commentCount\":0,\"image\":{\"@id\":\"https:\/\/www.africa-press.net\/cameroun\/toutes-les-actualites\/battue-et-sequestree-pour-injures-au-lamidat-de-tcheboa-voici-ce-qui-sest-reellement-passe#primaryimage\"},\"thumbnailUrl\":\"https:\/\/static.africa-press.net\/cameroun\/sites\/57\/2023\/03\/postQueueImg_1679060690.55.jpg\",\"keywords\":[\"Africa Press\",\"Africa Press-Cameroun\",\"Cameroun\"],\"articleSection\":[\"Communaut\u00e9\",\"Toutes les actualit\u00e9s\"],\"inLanguage\":\"fr-FR\",\"potentialAction\":[{\"@type\":\"CommentAction\",\"name\":\"Comment\",\"target\":[\"https:\/\/www.africa-press.net\/cameroun\/toutes-les-actualites\/battue-et-sequestree-pour-injures-au-lamidat-de-tcheboa-voici-ce-qui-sest-reellement-passe#respond\"]}]},{\"@type\":\"WebPage\",\"@id\":\"https:\/\/www.africa-press.net\/cameroun\/toutes-les-actualites\/battue-et-sequestree-pour-injures-au-lamidat-de-tcheboa-voici-ce-qui-sest-reellement-passe\",\"url\":\"https:\/\/www.africa-press.net\/cameroun\/toutes-les-actualites\/battue-et-sequestree-pour-injures-au-lamidat-de-tcheboa-voici-ce-qui-sest-reellement-passe\",\"name\":\"Battue et s\u00e9questr\u00e9e pour injures au Lamidat de Tch\u00e9boa : voici ce qui s\u2019est r\u00e9ellement pass\u00e9 - Cameroun\",\"isPartOf\":{\"@id\":\"https:\/\/www.africa-press.net\/cameroun\/#website\"},\"primaryImageOfPage\":{\"@id\":\"https:\/\/www.africa-press.net\/cameroun\/toutes-les-actualites\/battue-et-sequestree-pour-injures-au-lamidat-de-tcheboa-voici-ce-qui-sest-reellement-passe#primaryimage\"},\"image\":{\"@id\":\"https:\/\/www.africa-press.net\/cameroun\/toutes-les-actualites\/battue-et-sequestree-pour-injures-au-lamidat-de-tcheboa-voici-ce-qui-sest-reellement-passe#primaryimage\"},\"thumbnailUrl\":\"https:\/\/static.africa-press.net\/cameroun\/sites\/57\/2023\/03\/postQueueImg_1679060690.55.jpg\",\"datePublished\":\"2023-03-17T17:14:23+00:00\",\"dateModified\":\"2023-03-17T17:36:56+00:00\",\"author\":{\"@id\":\"https:\/\/www.africa-press.net\/cameroun\/#\/schema\/person\/2b1cf3cd81a31e3cd26889ca66d677f1\"},\"description\":\"NORD. La victime aurait rec\u0327u 120 coups de fouet, une accusation que rejette le lamido. Battue et se\u0301questre\u0301e pour ...\",\"breadcrumb\":{\"@id\":\"https:\/\/www.africa-press.net\/cameroun\/toutes-les-actualites\/battue-et-sequestree-pour-injures-au-lamidat-de-tcheboa-voici-ce-qui-sest-reellement-passe#breadcrumb\"},\"inLanguage\":\"fr-FR\",\"potentialAction\":[{\"@type\":\"ReadAction\",\"target\":[\"https:\/\/www.africa-press.net\/cameroun\/toutes-les-actualites\/battue-et-sequestree-pour-injures-au-lamidat-de-tcheboa-voici-ce-qui-sest-reellement-passe\"]}]},{\"@type\":\"ImageObject\",\"inLanguage\":\"fr-FR\",\"@id\":\"https:\/\/www.africa-press.net\/cameroun\/toutes-les-actualites\/battue-et-sequestree-pour-injures-au-lamidat-de-tcheboa-voici-ce-qui-sest-reellement-passe#primaryimage\",\"url\":\"https:\/\/static.africa-press.net\/cameroun\/sites\/57\/2023\/03\/postQueueImg_1679060690.55.jpg\",\"contentUrl\":\"https:\/\/static.africa-press.net\/cameroun\/sites\/57\/2023\/03\/postQueueImg_1679060690.55.jpg\",\"width\":720,\"height\":480,\"caption\":\"Battue et s\u00e9questr\u00e9e pour injures au Lamidat de Tch\u00e9boa : voici ce qui s\u2019est r\u00e9ellement pass\u00e9\"},{\"@type\":\"BreadcrumbList\",\"@id\":\"https:\/\/www.africa-press.net\/cameroun\/toutes-les-actualites\/battue-et-sequestree-pour-injures-au-lamidat-de-tcheboa-voici-ce-qui-sest-reellement-passe#breadcrumb\",\"itemListElement\":[{\"@type\":\"ListItem\",\"position\":1,\"name\":\"Accueil\",\"item\":\"https:\/\/www.africa-press.net\/cameroun\/\"},{\"@type\":\"ListItem\",\"position\":2,\"name\":\"Battue et s\u00e9questr\u00e9e pour injures au Lamidat de Tch\u00e9boa : voici ce qui s\u2019est r\u00e9ellement pass\u00e9\"}]},{\"@type\":\"WebSite\",\"@id\":\"https:\/\/www.africa-press.net\/cameroun\/#website\",\"url\":\"https:\/\/www.africa-press.net\/cameroun\/\",\"name\":\"Cameroun\",\"description\":\"Just another Africa News Agency Sites site\",\"potentialAction\":[{\"@type\":\"SearchAction\",\"target\":{\"@type\":\"EntryPoint\",\"urlTemplate\":\"https:\/\/www.africa-press.net\/cameroun\/?s={search_term_string}\"},\"query-input\":{\"@type\":\"PropertyValueSpecification\",\"valueRequired\":true,\"valueName\":\"search_term_string\"}}],\"inLanguage\":\"fr-FR\"},{\"@type\":\"Person\",\"@id\":\"https:\/\/www.africa-press.net\/cameroun\/#\/schema\/person\/2b1cf3cd81a31e3cd26889ca66d677f1\",\"name\":\"cfeditorfr\"}]}<\/script>\n<!-- \/ Yoast SEO Premium plugin. -->","yoast_head_json":{"title":"Battue et s\u00e9questr\u00e9e pour injures au Lamidat de Tch\u00e9boa : voici ce qui s\u2019est r\u00e9ellement pass\u00e9 - Cameroun","description":"NORD. La victime aurait rec\u0327u 120 coups de fouet, une accusation que rejette le lamido. Battue et se\u0301questre\u0301e pour ...","robots":{"index":"index","follow":"follow","max-snippet":"max-snippet:-1","max-image-preview":"max-image-preview:large","max-video-preview":"max-video-preview:-1"},"canonical":"https:\/\/www.africa-press.net\/cameroun\/toutes-les-actualites\/battue-et-sequestree-pour-injures-au-lamidat-de-tcheboa-voici-ce-qui-sest-reellement-passe","og_locale":"fr_FR","og_type":"article","og_title":"Battue et s\u00e9questr\u00e9e pour injures au Lamidat de Tch\u00e9boa : voici ce qui s\u2019est r\u00e9ellement pass\u00e9","og_description":"NORD. La victime aurait rec\u0327u 120 coups de fouet, une accusation que rejette le lamido. Battue et se\u0301questre\u0301e pour ...","og_url":"https:\/\/www.africa-press.net\/cameroun\/toutes-les-actualites\/battue-et-sequestree-pour-injures-au-lamidat-de-tcheboa-voici-ce-qui-sest-reellement-passe","og_site_name":"Cameroun","article_published_time":"2023-03-17T17:14:23+00:00","article_modified_time":"2023-03-17T17:36:56+00:00","og_image":[{"width":720,"height":480,"url":"https:\/\/static.africa-press.net\/cameroun\/sites\/57\/2023\/03\/postQueueImg_1679060690.55.jpg","type":"image\/jpeg"}],"author":"cfeditorfr","twitter_card":"summary_large_image","twitter_misc":{"\u00c9crit par":"cfeditorfr","Dur\u00e9e de lecture estim\u00e9e":"8 minutes"},"schema":{"@context":"https:\/\/schema.org","@graph":[{"@type":"Article","@id":"https:\/\/www.africa-press.net\/cameroun\/toutes-les-actualites\/battue-et-sequestree-pour-injures-au-lamidat-de-tcheboa-voici-ce-qui-sest-reellement-passe#article","isPartOf":{"@id":"https:\/\/www.africa-press.net\/cameroun\/toutes-les-actualites\/battue-et-sequestree-pour-injures-au-lamidat-de-tcheboa-voici-ce-qui-sest-reellement-passe"},"author":{"name":"cfeditorfr","@id":"https:\/\/www.africa-press.net\/cameroun\/#\/schema\/person\/2b1cf3cd81a31e3cd26889ca66d677f1"},"headline":"Battue et s\u00e9questr\u00e9e pour injures au Lamidat de Tch\u00e9boa : voici ce qui s\u2019est r\u00e9ellement pass\u00e9","datePublished":"2023-03-17T17:14:23+00:00","dateModified":"2023-03-17T17:36:56+00:00","mainEntityOfPage":{"@id":"https:\/\/www.africa-press.net\/cameroun\/toutes-les-actualites\/battue-et-sequestree-pour-injures-au-lamidat-de-tcheboa-voici-ce-qui-sest-reellement-passe"},"wordCount":1716,"commentCount":0,"image":{"@id":"https:\/\/www.africa-press.net\/cameroun\/toutes-les-actualites\/battue-et-sequestree-pour-injures-au-lamidat-de-tcheboa-voici-ce-qui-sest-reellement-passe#primaryimage"},"thumbnailUrl":"https:\/\/static.africa-press.net\/cameroun\/sites\/57\/2023\/03\/postQueueImg_1679060690.55.jpg","keywords":["Africa Press","Africa Press-Cameroun","Cameroun"],"articleSection":["Communaut\u00e9","Toutes les actualit\u00e9s"],"inLanguage":"fr-FR","potentialAction":[{"@type":"CommentAction","name":"Comment","target":["https:\/\/www.africa-press.net\/cameroun\/toutes-les-actualites\/battue-et-sequestree-pour-injures-au-lamidat-de-tcheboa-voici-ce-qui-sest-reellement-passe#respond"]}]},{"@type":"WebPage","@id":"https:\/\/www.africa-press.net\/cameroun\/toutes-les-actualites\/battue-et-sequestree-pour-injures-au-lamidat-de-tcheboa-voici-ce-qui-sest-reellement-passe","url":"https:\/\/www.africa-press.net\/cameroun\/toutes-les-actualites\/battue-et-sequestree-pour-injures-au-lamidat-de-tcheboa-voici-ce-qui-sest-reellement-passe","name":"Battue et s\u00e9questr\u00e9e pour injures au Lamidat de Tch\u00e9boa : voici ce qui s\u2019est r\u00e9ellement pass\u00e9 - Cameroun","isPartOf":{"@id":"https:\/\/www.africa-press.net\/cameroun\/#website"},"primaryImageOfPage":{"@id":"https:\/\/www.africa-press.net\/cameroun\/toutes-les-actualites\/battue-et-sequestree-pour-injures-au-lamidat-de-tcheboa-voici-ce-qui-sest-reellement-passe#primaryimage"},"image":{"@id":"https:\/\/www.africa-press.net\/cameroun\/toutes-les-actualites\/battue-et-sequestree-pour-injures-au-lamidat-de-tcheboa-voici-ce-qui-sest-reellement-passe#primaryimage"},"thumbnailUrl":"https:\/\/static.africa-press.net\/cameroun\/sites\/57\/2023\/03\/postQueueImg_1679060690.55.jpg","datePublished":"2023-03-17T17:14:23+00:00","dateModified":"2023-03-17T17:36:56+00:00","author":{"@id":"https:\/\/www.africa-press.net\/cameroun\/#\/schema\/person\/2b1cf3cd81a31e3cd26889ca66d677f1"},"description":"NORD. La victime aurait rec\u0327u 120 coups de fouet, une accusation que rejette le lamido. Battue et se\u0301questre\u0301e pour ...","breadcrumb":{"@id":"https:\/\/www.africa-press.net\/cameroun\/toutes-les-actualites\/battue-et-sequestree-pour-injures-au-lamidat-de-tcheboa-voici-ce-qui-sest-reellement-passe#breadcrumb"},"inLanguage":"fr-FR","potentialAction":[{"@type":"ReadAction","target":["https:\/\/www.africa-press.net\/cameroun\/toutes-les-actualites\/battue-et-sequestree-pour-injures-au-lamidat-de-tcheboa-voici-ce-qui-sest-reellement-passe"]}]},{"@type":"ImageObject","inLanguage":"fr-FR","@id":"https:\/\/www.africa-press.net\/cameroun\/toutes-les-actualites\/battue-et-sequestree-pour-injures-au-lamidat-de-tcheboa-voici-ce-qui-sest-reellement-passe#primaryimage","url":"https:\/\/static.africa-press.net\/cameroun\/sites\/57\/2023\/03\/postQueueImg_1679060690.55.jpg","contentUrl":"https:\/\/static.africa-press.net\/cameroun\/sites\/57\/2023\/03\/postQueueImg_1679060690.55.jpg","width":720,"height":480,"caption":"Battue et s\u00e9questr\u00e9e pour injures au Lamidat de Tch\u00e9boa : voici ce qui s\u2019est r\u00e9ellement pass\u00e9"},{"@type":"BreadcrumbList","@id":"https:\/\/www.africa-press.net\/cameroun\/toutes-les-actualites\/battue-et-sequestree-pour-injures-au-lamidat-de-tcheboa-voici-ce-qui-sest-reellement-passe#breadcrumb","itemListElement":[{"@type":"ListItem","position":1,"name":"Accueil","item":"https:\/\/www.africa-press.net\/cameroun\/"},{"@type":"ListItem","position":2,"name":"Battue et s\u00e9questr\u00e9e pour injures au Lamidat de Tch\u00e9boa : voici ce qui s\u2019est r\u00e9ellement pass\u00e9"}]},{"@type":"WebSite","@id":"https:\/\/www.africa-press.net\/cameroun\/#website","url":"https:\/\/www.africa-press.net\/cameroun\/","name":"Cameroun","description":"Just another Africa News Agency Sites site","potentialAction":[{"@type":"SearchAction","target":{"@type":"EntryPoint","urlTemplate":"https:\/\/www.africa-press.net\/cameroun\/?s={search_term_string}"},"query-input":{"@type":"PropertyValueSpecification","valueRequired":true,"valueName":"search_term_string"}}],"inLanguage":"fr-FR"},{"@type":"Person","@id":"https:\/\/www.africa-press.net\/cameroun\/#\/schema\/person\/2b1cf3cd81a31e3cd26889ca66d677f1","name":"cfeditorfr"}]}},"_links":{"self":[{"href":"https:\/\/www.africa-press.net\/cameroun\/wp-json\/wp\/v2\/posts\/39672","targetHints":{"allow":["GET"]}}],"collection":[{"href":"https:\/\/www.africa-press.net\/cameroun\/wp-json\/wp\/v2\/posts"}],"about":[{"href":"https:\/\/www.africa-press.net\/cameroun\/wp-json\/wp\/v2\/types\/post"}],"author":[{"embeddable":true,"href":"https:\/\/www.africa-press.net\/cameroun\/wp-json\/wp\/v2\/users\/82"}],"replies":[{"embeddable":true,"href":"https:\/\/www.africa-press.net\/cameroun\/wp-json\/wp\/v2\/comments?post=39672"}],"version-history":[{"count":0,"href":"https:\/\/www.africa-press.net\/cameroun\/wp-json\/wp\/v2\/posts\/39672\/revisions"}],"wp:featuredmedia":[{"embeddable":true,"href":"https:\/\/www.africa-press.net\/cameroun\/wp-json\/wp\/v2\/media\/39671"}],"wp:attachment":[{"href":"https:\/\/www.africa-press.net\/cameroun\/wp-json\/wp\/v2\/media?parent=39672"}],"wp:term":[{"taxonomy":"category","embeddable":true,"href":"https:\/\/www.africa-press.net\/cameroun\/wp-json\/wp\/v2\/categories?post=39672"},{"taxonomy":"post_tag","embeddable":true,"href":"https:\/\/www.africa-press.net\/cameroun\/wp-json\/wp\/v2\/tags?post=39672"}],"curies":[{"name":"wp","href":"https:\/\/api.w.org\/{rel}","templated":true}]}}