{"id":39676,"date":"2023-03-17T17:15:04","date_gmt":"2023-03-17T17:15:04","guid":{"rendered":"https:\/\/www.africa-press.net\/cameroun\/politique\/retour-triomphal-un-prisonnier-politique-du-mrc-acquitte-et-libere-kamto-dans-une-joie-indescriptible"},"modified":"2023-03-17T17:38:48","modified_gmt":"2023-03-17T17:38:48","slug":"retour-triomphal-un-prisonnier-politique-du-mrc-acquitte-et-libere-kamto-dans-une-joie-indescriptible","status":"publish","type":"post","link":"https:\/\/www.africa-press.net\/cameroun\/toutes-les-actualites\/retour-triomphal-un-prisonnier-politique-du-mrc-acquitte-et-libere-kamto-dans-une-joie-indescriptible","title":{"rendered":"Retour triomphal : un prisonnier politique du MRC acquitt\u00e9 et lib\u00e9r\u00e9, Kamto dans une joie indescriptible"},"content":{"rendered":"<p><span style=\"color: #ff6600\"><strong>Africa-Press &#8211; Cameroun. <\/strong><\/span>Les prisonniers politiques du MRC vont pouvoir recommencer par nourrir des espoirs de libe\u0301ration. Alexis Kessoua Mbevo qui fait partie des hommes arre\u0302te\u0301s pour trouble a\u0300 l\u2019ordre public a e\u0301te\u0301 acquitte\u0301 apre\u0300s trois ans en prison.<\/p>\n<p>Il a e\u0301te\u0301 de\u0301clare\u0301 non coupable de re\u0301volution, re\u0301bellion et d\u2019attroupement. La de\u0301cision a e\u0301te\u0301 prise par la Cour d\u2019appel du Centre. Il avait e\u0301te\u0301 condamne\u0301 a\u0300 cinq ans de prison par le tribunal militaire. De quoi ravir Maurice Kamto.<\/p>\n<p>Ce 16 mars 2023, la Cour d\u2019appel du Centre a de\u0301clare\u0301 non coupable l\u2019accuse\u0301 Alexis Kessouo Mbevo, 36 ans, des faits de re\u0301volution, re\u0301bellion, d\u2019attroupement et manifestation publique. Le militant du Mouvement pour la renaissance du Cameroun (MRC) a e\u0301te\u0301 acquitte\u0301 pour faits non e\u0301tablis et sera libe\u0301re\u0301 dans les prochaines heures.<\/p>\n<p>Il e\u0301tait prive\u0301 de liberte\u0301 depuis le 20 septembre 2020 suite aux manifestations pacifiques organise\u0301es par le MRC. Ce militant a e\u0301te\u0301 condamne\u0301 a\u0300 cinq ans de prison en de\u0301cembre 2021 par le tribunal militaire de Yaounde\u0301.<\/p>\n<p>Les de\u0301cisions rendues par le tribunal militaire a\u0300 l\u2019encontre de plusieurs manifestants du parti politique que dirige Maurice Kamto ont e\u0301te\u0301 attaque\u0301es devant la Cour d\u2019appel par le Collectif d\u2019avocats Sylvain Souop.<\/p>\n<p>C\u2019est dans le cadre de cette proce\u0301dure en appel qu\u2019Alexis Kessouo Mbevo retrouve ainsi sa liberte\u0301 : \u00ab Cette affaire comprenait les me\u0302mes actes qui ont conduit aux arrestations, de\u0301tentions et condamnations des militants du MRC dont 62 sont encore ille\u0301galement prive\u0301s de liberte\u0301 du fait des de\u0301cisions juge\u0301es arbitraires et non conformes aux re\u0300gles de droit international dument ratifie\u0301es par le Cameroun \u00bb, pre\u0301cise Me Hyppolite Meli, responsable du Collectif d\u2019avocats Sylvain Souop, un collectif dont le ro\u0302le vise a\u0300 de\u0301fendre les militants du MRC arre\u0302te\u0301s de manie\u0300re arbitraire depuis la crise post-e\u0301lectorale de 2018.<\/p>\n<p>Pe\u0300re de quatre enfants, Alexis Kessouo Mbevo a e\u0301te\u0301 arre\u0302te\u0301 le 26 septembre 2020 alors qu\u2019il se trouvait dans son garage situe\u0301 au quartier Biyem-assi dans l\u2019arrondisse- ment de Yaounde\u0301 6e\u0300me. Il avait e\u0301te\u0301 conduit au Groupement spe\u0301cial d\u2019ope\u0301ration (Gso) ou\u0300 il avait passe\u0301 six jours.<\/p>\n<p>Pendant ses six jours passe\u0301s au Gso, l\u2019accuse\u0301 e\u0301tait prive\u0301 de visite et n\u2019e\u0301tait pas en contact avec ses proches. Il avait ensuite e\u0301te\u0301 transfe\u0301re\u0301 a\u0300 la Division re\u0301gionale de la police judiciaire (Drpj) ou\u0300 il passera quatre semaines, avant son de\u0301ferrement devant le Commissaire du gouvernement le 28 octobre 2020.<\/p>\n<p>Plusieurs autres cadres du MRC interpelle\u0301s dans les me\u0302mes circonstances sont toujours e\u0301croue\u0301s a\u0300 la prison. C\u2019est le cas de Olivier Bibou Nissack, porte-parole de Maurice Kamto et d\u2019Alain Fogue, le tre\u0301sorier ge\u0301ne\u0301ral de ce parti, condamne\u0301 a\u0300 sept ans de prison par le tribunal militaire.<\/p>\n<p>Les proce\u0301dures introduites pour contester ces de\u0301cisions du tribunal militaire ont e\u0301te\u0301 rejete\u0301es par la Cour d\u2019appel. La Cour supre\u0302me a e\u0301te\u0301 saisie par le Collectif d\u2019avocats Sylvain Souop pour \u00ab dire le droit \u00bb.<\/p>\n<p><strong>Pour plus d&rsquo;informations et d&rsquo;analyses sur la <a href=\"https:\/\/www.africa-press.net\/cameroun\">Cameroun<\/a>, suivez <a href=\"https:\/\/www.africa-press.net\/\">Africa-Press<\/a><\/strong><\/p>\n","protected":false},"excerpt":{"rendered":"<p>Africa-Press &#8211; Cameroun. Les prisonniers politiques du MRC vont pouvoir recommencer par nourrir des espoirs de libe\u0301ration. Alexis Kessoua Mbevo qui fait partie des hommes arre\u0302te\u0301s pour trouble a\u0300 l\u2019ordre public a e\u0301te\u0301 acquitte\u0301 apre\u0300s trois ans en prison. Il a e\u0301te\u0301 de\u0301clare\u0301 non coupable de re\u0301volution, re\u0301bellion et d\u2019attroupement. La de\u0301cision a e\u0301te\u0301 prise [&hellip;]<\/p>\n","protected":false},"author":82,"featured_media":39675,"comment_status":"open","ping_status":"closed","sticky":false,"template":"","format":"standard","meta":{"footnotes":""},"categories":[21,10],"tags":[36,50,49],"class_list":["post-39676","post","type-post","status-publish","format-standard","has-post-thumbnail","hentry","category-communaute","category-toutes-les-actualites","tag-africa-press","tag-africa-press-cameroun","tag-cameroun"],"yoast_head":"<!-- This site is optimized with the Yoast SEO Premium plugin v26.1 (Yoast SEO v27.0) - https:\/\/yoast.com\/product\/yoast-seo-premium-wordpress\/ -->\n<title>Retour triomphal : un prisonnier politique du MRC acquitt\u00e9 et lib\u00e9r\u00e9, Kamto dans une joie indescriptible - Cameroun<\/title>\n<meta name=\"description\" content=\"Les prisonniers politiques du MRC vont pouvoir recommencer par nourrir des espoirs de libe\u0301ration. Alexis Kessoua Mbevo ...\" \/>\n<meta name=\"robots\" content=\"index, follow, max-snippet:-1, max-image-preview:large, max-video-preview:-1\" \/>\n<link rel=\"canonical\" href=\"https:\/\/www.africa-press.net\/cameroun\/toutes-les-actualites\/retour-triomphal-un-prisonnier-politique-du-mrc-acquitte-et-libere-kamto-dans-une-joie-indescriptible\" \/>\n<meta property=\"og:locale\" content=\"fr_FR\" \/>\n<meta property=\"og:type\" content=\"article\" \/>\n<meta property=\"og:title\" content=\"Retour triomphal : un prisonnier politique du MRC acquitt\u00e9 et lib\u00e9r\u00e9, Kamto dans une joie indescriptible\" \/>\n<meta property=\"og:description\" content=\"Les prisonniers politiques du MRC vont pouvoir recommencer par nourrir des espoirs de libe\u0301ration. Alexis Kessoua Mbevo ...\" \/>\n<meta property=\"og:url\" content=\"https:\/\/www.africa-press.net\/cameroun\/toutes-les-actualites\/retour-triomphal-un-prisonnier-politique-du-mrc-acquitte-et-libere-kamto-dans-une-joie-indescriptible\" \/>\n<meta property=\"og:site_name\" content=\"Cameroun\" \/>\n<meta property=\"article:published_time\" content=\"2023-03-17T17:15:04+00:00\" \/>\n<meta property=\"article:modified_time\" content=\"2023-03-17T17:38:48+00:00\" \/>\n<meta property=\"og:image\" content=\"https:\/\/static.africa-press.net\/cameroun\/sites\/57\/2023\/03\/postQueueImg_1679060708.23.jpg\" \/>\n\t<meta property=\"og:image:width\" content=\"720\" \/>\n\t<meta property=\"og:image:height\" content=\"360\" \/>\n\t<meta property=\"og:image:type\" content=\"image\/jpeg\" \/>\n<meta name=\"author\" content=\"cfeditorfr\" \/>\n<meta name=\"twitter:card\" content=\"summary_large_image\" \/>\n<meta name=\"twitter:label1\" content=\"\u00c9crit par\" \/>\n\t<meta name=\"twitter:data1\" content=\"cfeditorfr\" \/>\n\t<meta name=\"twitter:label2\" content=\"Dur\u00e9e de lecture estim\u00e9e\" \/>\n\t<meta name=\"twitter:data2\" content=\"3 minutes\" \/>\n<script type=\"application\/ld+json\" class=\"yoast-schema-graph\">{\"@context\":\"https:\/\/schema.org\",\"@graph\":[{\"@type\":\"Article\",\"@id\":\"https:\/\/www.africa-press.net\/cameroun\/toutes-les-actualites\/retour-triomphal-un-prisonnier-politique-du-mrc-acquitte-et-libere-kamto-dans-une-joie-indescriptible#article\",\"isPartOf\":{\"@id\":\"https:\/\/www.africa-press.net\/cameroun\/toutes-les-actualites\/retour-triomphal-un-prisonnier-politique-du-mrc-acquitte-et-libere-kamto-dans-une-joie-indescriptible\"},\"author\":{\"name\":\"cfeditorfr\",\"@id\":\"https:\/\/www.africa-press.net\/cameroun\/#\/schema\/person\/2b1cf3cd81a31e3cd26889ca66d677f1\"},\"headline\":\"Retour triomphal : un prisonnier politique du MRC acquitt\u00e9 et lib\u00e9r\u00e9, Kamto dans une joie indescriptible\",\"datePublished\":\"2023-03-17T17:15:04+00:00\",\"dateModified\":\"2023-03-17T17:38:48+00:00\",\"mainEntityOfPage\":{\"@id\":\"https:\/\/www.africa-press.net\/cameroun\/toutes-les-actualites\/retour-triomphal-un-prisonnier-politique-du-mrc-acquitte-et-libere-kamto-dans-une-joie-indescriptible\"},\"wordCount\":574,\"commentCount\":0,\"image\":{\"@id\":\"https:\/\/www.africa-press.net\/cameroun\/toutes-les-actualites\/retour-triomphal-un-prisonnier-politique-du-mrc-acquitte-et-libere-kamto-dans-une-joie-indescriptible#primaryimage\"},\"thumbnailUrl\":\"https:\/\/static.africa-press.net\/cameroun\/sites\/57\/2023\/03\/postQueueImg_1679060708.23.jpg\",\"keywords\":[\"Africa Press\",\"Africa Press-Cameroun\",\"Cameroun\"],\"articleSection\":[\"Communaut\u00e9\",\"Toutes les actualit\u00e9s\"],\"inLanguage\":\"fr-FR\",\"potentialAction\":[{\"@type\":\"CommentAction\",\"name\":\"Comment\",\"target\":[\"https:\/\/www.africa-press.net\/cameroun\/toutes-les-actualites\/retour-triomphal-un-prisonnier-politique-du-mrc-acquitte-et-libere-kamto-dans-une-joie-indescriptible#respond\"]}]},{\"@type\":\"WebPage\",\"@id\":\"https:\/\/www.africa-press.net\/cameroun\/toutes-les-actualites\/retour-triomphal-un-prisonnier-politique-du-mrc-acquitte-et-libere-kamto-dans-une-joie-indescriptible\",\"url\":\"https:\/\/www.africa-press.net\/cameroun\/toutes-les-actualites\/retour-triomphal-un-prisonnier-politique-du-mrc-acquitte-et-libere-kamto-dans-une-joie-indescriptible\",\"name\":\"Retour triomphal : un prisonnier politique du MRC acquitt\u00e9 et lib\u00e9r\u00e9, Kamto dans une joie indescriptible - Cameroun\",\"isPartOf\":{\"@id\":\"https:\/\/www.africa-press.net\/cameroun\/#website\"},\"primaryImageOfPage\":{\"@id\":\"https:\/\/www.africa-press.net\/cameroun\/toutes-les-actualites\/retour-triomphal-un-prisonnier-politique-du-mrc-acquitte-et-libere-kamto-dans-une-joie-indescriptible#primaryimage\"},\"image\":{\"@id\":\"https:\/\/www.africa-press.net\/cameroun\/toutes-les-actualites\/retour-triomphal-un-prisonnier-politique-du-mrc-acquitte-et-libere-kamto-dans-une-joie-indescriptible#primaryimage\"},\"thumbnailUrl\":\"https:\/\/static.africa-press.net\/cameroun\/sites\/57\/2023\/03\/postQueueImg_1679060708.23.jpg\",\"datePublished\":\"2023-03-17T17:15:04+00:00\",\"dateModified\":\"2023-03-17T17:38:48+00:00\",\"author\":{\"@id\":\"https:\/\/www.africa-press.net\/cameroun\/#\/schema\/person\/2b1cf3cd81a31e3cd26889ca66d677f1\"},\"description\":\"Les prisonniers politiques du MRC vont pouvoir recommencer par nourrir des espoirs de libe\u0301ration. Alexis Kessoua Mbevo ...\",\"breadcrumb\":{\"@id\":\"https:\/\/www.africa-press.net\/cameroun\/toutes-les-actualites\/retour-triomphal-un-prisonnier-politique-du-mrc-acquitte-et-libere-kamto-dans-une-joie-indescriptible#breadcrumb\"},\"inLanguage\":\"fr-FR\",\"potentialAction\":[{\"@type\":\"ReadAction\",\"target\":[\"https:\/\/www.africa-press.net\/cameroun\/toutes-les-actualites\/retour-triomphal-un-prisonnier-politique-du-mrc-acquitte-et-libere-kamto-dans-une-joie-indescriptible\"]}]},{\"@type\":\"ImageObject\",\"inLanguage\":\"fr-FR\",\"@id\":\"https:\/\/www.africa-press.net\/cameroun\/toutes-les-actualites\/retour-triomphal-un-prisonnier-politique-du-mrc-acquitte-et-libere-kamto-dans-une-joie-indescriptible#primaryimage\",\"url\":\"https:\/\/static.africa-press.net\/cameroun\/sites\/57\/2023\/03\/postQueueImg_1679060708.23.jpg\",\"contentUrl\":\"https:\/\/static.africa-press.net\/cameroun\/sites\/57\/2023\/03\/postQueueImg_1679060708.23.jpg\",\"width\":720,\"height\":360,\"caption\":\"Retour triomphal : un prisonnier politique du MRC acquitt\u00e9 et lib\u00e9r\u00e9, Kamto dans une joie indescriptible\"},{\"@type\":\"BreadcrumbList\",\"@id\":\"https:\/\/www.africa-press.net\/cameroun\/toutes-les-actualites\/retour-triomphal-un-prisonnier-politique-du-mrc-acquitte-et-libere-kamto-dans-une-joie-indescriptible#breadcrumb\",\"itemListElement\":[{\"@type\":\"ListItem\",\"position\":1,\"name\":\"Accueil\",\"item\":\"https:\/\/www.africa-press.net\/cameroun\/\"},{\"@type\":\"ListItem\",\"position\":2,\"name\":\"Retour triomphal : un prisonnier politique du MRC acquitt\u00e9 et lib\u00e9r\u00e9, Kamto dans une joie indescriptible\"}]},{\"@type\":\"WebSite\",\"@id\":\"https:\/\/www.africa-press.net\/cameroun\/#website\",\"url\":\"https:\/\/www.africa-press.net\/cameroun\/\",\"name\":\"Cameroun\",\"description\":\"Just another Africa News Agency Sites site\",\"potentialAction\":[{\"@type\":\"SearchAction\",\"target\":{\"@type\":\"EntryPoint\",\"urlTemplate\":\"https:\/\/www.africa-press.net\/cameroun\/?s={search_term_string}\"},\"query-input\":{\"@type\":\"PropertyValueSpecification\",\"valueRequired\":true,\"valueName\":\"search_term_string\"}}],\"inLanguage\":\"fr-FR\"},{\"@type\":\"Person\",\"@id\":\"https:\/\/www.africa-press.net\/cameroun\/#\/schema\/person\/2b1cf3cd81a31e3cd26889ca66d677f1\",\"name\":\"cfeditorfr\"}]}<\/script>\n<!-- \/ Yoast SEO Premium plugin. -->","yoast_head_json":{"title":"Retour triomphal : un prisonnier politique du MRC acquitt\u00e9 et lib\u00e9r\u00e9, Kamto dans une joie indescriptible - Cameroun","description":"Les prisonniers politiques du MRC vont pouvoir recommencer par nourrir des espoirs de libe\u0301ration. Alexis Kessoua Mbevo ...","robots":{"index":"index","follow":"follow","max-snippet":"max-snippet:-1","max-image-preview":"max-image-preview:large","max-video-preview":"max-video-preview:-1"},"canonical":"https:\/\/www.africa-press.net\/cameroun\/toutes-les-actualites\/retour-triomphal-un-prisonnier-politique-du-mrc-acquitte-et-libere-kamto-dans-une-joie-indescriptible","og_locale":"fr_FR","og_type":"article","og_title":"Retour triomphal : un prisonnier politique du MRC acquitt\u00e9 et lib\u00e9r\u00e9, Kamto dans une joie indescriptible","og_description":"Les prisonniers politiques du MRC vont pouvoir recommencer par nourrir des espoirs de libe\u0301ration. Alexis Kessoua Mbevo ...","og_url":"https:\/\/www.africa-press.net\/cameroun\/toutes-les-actualites\/retour-triomphal-un-prisonnier-politique-du-mrc-acquitte-et-libere-kamto-dans-une-joie-indescriptible","og_site_name":"Cameroun","article_published_time":"2023-03-17T17:15:04+00:00","article_modified_time":"2023-03-17T17:38:48+00:00","og_image":[{"width":720,"height":360,"url":"https:\/\/static.africa-press.net\/cameroun\/sites\/57\/2023\/03\/postQueueImg_1679060708.23.jpg","type":"image\/jpeg"}],"author":"cfeditorfr","twitter_card":"summary_large_image","twitter_misc":{"\u00c9crit par":"cfeditorfr","Dur\u00e9e de lecture estim\u00e9e":"3 minutes"},"schema":{"@context":"https:\/\/schema.org","@graph":[{"@type":"Article","@id":"https:\/\/www.africa-press.net\/cameroun\/toutes-les-actualites\/retour-triomphal-un-prisonnier-politique-du-mrc-acquitte-et-libere-kamto-dans-une-joie-indescriptible#article","isPartOf":{"@id":"https:\/\/www.africa-press.net\/cameroun\/toutes-les-actualites\/retour-triomphal-un-prisonnier-politique-du-mrc-acquitte-et-libere-kamto-dans-une-joie-indescriptible"},"author":{"name":"cfeditorfr","@id":"https:\/\/www.africa-press.net\/cameroun\/#\/schema\/person\/2b1cf3cd81a31e3cd26889ca66d677f1"},"headline":"Retour triomphal : un prisonnier politique du MRC acquitt\u00e9 et lib\u00e9r\u00e9, Kamto dans une joie indescriptible","datePublished":"2023-03-17T17:15:04+00:00","dateModified":"2023-03-17T17:38:48+00:00","mainEntityOfPage":{"@id":"https:\/\/www.africa-press.net\/cameroun\/toutes-les-actualites\/retour-triomphal-un-prisonnier-politique-du-mrc-acquitte-et-libere-kamto-dans-une-joie-indescriptible"},"wordCount":574,"commentCount":0,"image":{"@id":"https:\/\/www.africa-press.net\/cameroun\/toutes-les-actualites\/retour-triomphal-un-prisonnier-politique-du-mrc-acquitte-et-libere-kamto-dans-une-joie-indescriptible#primaryimage"},"thumbnailUrl":"https:\/\/static.africa-press.net\/cameroun\/sites\/57\/2023\/03\/postQueueImg_1679060708.23.jpg","keywords":["Africa Press","Africa Press-Cameroun","Cameroun"],"articleSection":["Communaut\u00e9","Toutes les actualit\u00e9s"],"inLanguage":"fr-FR","potentialAction":[{"@type":"CommentAction","name":"Comment","target":["https:\/\/www.africa-press.net\/cameroun\/toutes-les-actualites\/retour-triomphal-un-prisonnier-politique-du-mrc-acquitte-et-libere-kamto-dans-une-joie-indescriptible#respond"]}]},{"@type":"WebPage","@id":"https:\/\/www.africa-press.net\/cameroun\/toutes-les-actualites\/retour-triomphal-un-prisonnier-politique-du-mrc-acquitte-et-libere-kamto-dans-une-joie-indescriptible","url":"https:\/\/www.africa-press.net\/cameroun\/toutes-les-actualites\/retour-triomphal-un-prisonnier-politique-du-mrc-acquitte-et-libere-kamto-dans-une-joie-indescriptible","name":"Retour triomphal : un prisonnier politique du MRC acquitt\u00e9 et lib\u00e9r\u00e9, Kamto dans une joie indescriptible - Cameroun","isPartOf":{"@id":"https:\/\/www.africa-press.net\/cameroun\/#website"},"primaryImageOfPage":{"@id":"https:\/\/www.africa-press.net\/cameroun\/toutes-les-actualites\/retour-triomphal-un-prisonnier-politique-du-mrc-acquitte-et-libere-kamto-dans-une-joie-indescriptible#primaryimage"},"image":{"@id":"https:\/\/www.africa-press.net\/cameroun\/toutes-les-actualites\/retour-triomphal-un-prisonnier-politique-du-mrc-acquitte-et-libere-kamto-dans-une-joie-indescriptible#primaryimage"},"thumbnailUrl":"https:\/\/static.africa-press.net\/cameroun\/sites\/57\/2023\/03\/postQueueImg_1679060708.23.jpg","datePublished":"2023-03-17T17:15:04+00:00","dateModified":"2023-03-17T17:38:48+00:00","author":{"@id":"https:\/\/www.africa-press.net\/cameroun\/#\/schema\/person\/2b1cf3cd81a31e3cd26889ca66d677f1"},"description":"Les prisonniers politiques du MRC vont pouvoir recommencer par nourrir des espoirs de libe\u0301ration. Alexis Kessoua Mbevo ...","breadcrumb":{"@id":"https:\/\/www.africa-press.net\/cameroun\/toutes-les-actualites\/retour-triomphal-un-prisonnier-politique-du-mrc-acquitte-et-libere-kamto-dans-une-joie-indescriptible#breadcrumb"},"inLanguage":"fr-FR","potentialAction":[{"@type":"ReadAction","target":["https:\/\/www.africa-press.net\/cameroun\/toutes-les-actualites\/retour-triomphal-un-prisonnier-politique-du-mrc-acquitte-et-libere-kamto-dans-une-joie-indescriptible"]}]},{"@type":"ImageObject","inLanguage":"fr-FR","@id":"https:\/\/www.africa-press.net\/cameroun\/toutes-les-actualites\/retour-triomphal-un-prisonnier-politique-du-mrc-acquitte-et-libere-kamto-dans-une-joie-indescriptible#primaryimage","url":"https:\/\/static.africa-press.net\/cameroun\/sites\/57\/2023\/03\/postQueueImg_1679060708.23.jpg","contentUrl":"https:\/\/static.africa-press.net\/cameroun\/sites\/57\/2023\/03\/postQueueImg_1679060708.23.jpg","width":720,"height":360,"caption":"Retour triomphal : un prisonnier politique du MRC acquitt\u00e9 et lib\u00e9r\u00e9, Kamto dans une joie indescriptible"},{"@type":"BreadcrumbList","@id":"https:\/\/www.africa-press.net\/cameroun\/toutes-les-actualites\/retour-triomphal-un-prisonnier-politique-du-mrc-acquitte-et-libere-kamto-dans-une-joie-indescriptible#breadcrumb","itemListElement":[{"@type":"ListItem","position":1,"name":"Accueil","item":"https:\/\/www.africa-press.net\/cameroun\/"},{"@type":"ListItem","position":2,"name":"Retour triomphal : un prisonnier politique du MRC acquitt\u00e9 et lib\u00e9r\u00e9, Kamto dans une joie indescriptible"}]},{"@type":"WebSite","@id":"https:\/\/www.africa-press.net\/cameroun\/#website","url":"https:\/\/www.africa-press.net\/cameroun\/","name":"Cameroun","description":"Just another Africa News Agency Sites site","potentialAction":[{"@type":"SearchAction","target":{"@type":"EntryPoint","urlTemplate":"https:\/\/www.africa-press.net\/cameroun\/?s={search_term_string}"},"query-input":{"@type":"PropertyValueSpecification","valueRequired":true,"valueName":"search_term_string"}}],"inLanguage":"fr-FR"},{"@type":"Person","@id":"https:\/\/www.africa-press.net\/cameroun\/#\/schema\/person\/2b1cf3cd81a31e3cd26889ca66d677f1","name":"cfeditorfr"}]}},"_links":{"self":[{"href":"https:\/\/www.africa-press.net\/cameroun\/wp-json\/wp\/v2\/posts\/39676","targetHints":{"allow":["GET"]}}],"collection":[{"href":"https:\/\/www.africa-press.net\/cameroun\/wp-json\/wp\/v2\/posts"}],"about":[{"href":"https:\/\/www.africa-press.net\/cameroun\/wp-json\/wp\/v2\/types\/post"}],"author":[{"embeddable":true,"href":"https:\/\/www.africa-press.net\/cameroun\/wp-json\/wp\/v2\/users\/82"}],"replies":[{"embeddable":true,"href":"https:\/\/www.africa-press.net\/cameroun\/wp-json\/wp\/v2\/comments?post=39676"}],"version-history":[{"count":0,"href":"https:\/\/www.africa-press.net\/cameroun\/wp-json\/wp\/v2\/posts\/39676\/revisions"}],"wp:featuredmedia":[{"embeddable":true,"href":"https:\/\/www.africa-press.net\/cameroun\/wp-json\/wp\/v2\/media\/39675"}],"wp:attachment":[{"href":"https:\/\/www.africa-press.net\/cameroun\/wp-json\/wp\/v2\/media?parent=39676"}],"wp:term":[{"taxonomy":"category","embeddable":true,"href":"https:\/\/www.africa-press.net\/cameroun\/wp-json\/wp\/v2\/categories?post=39676"},{"taxonomy":"post_tag","embeddable":true,"href":"https:\/\/www.africa-press.net\/cameroun\/wp-json\/wp\/v2\/tags?post=39676"}],"curies":[{"name":"wp","href":"https:\/\/api.w.org\/{rel}","templated":true}]}}