{"id":39682,"date":"2023-03-17T17:15:13","date_gmt":"2023-03-17T17:15:13","guid":{"rendered":"https:\/\/www.africa-press.net\/cameroun\/politique\/martin-mbarga-nguele-et-une-suspecte-font-parler-deux-au-commissariat-de-douala"},"modified":"2023-03-17T17:40:19","modified_gmt":"2023-03-17T17:40:19","slug":"martin-mbarga-nguele-et-une-suspecte-font-parler-deux-au-commissariat-de-douala","status":"publish","type":"post","link":"https:\/\/www.africa-press.net\/cameroun\/toutes-les-actualites\/martin-mbarga-nguele-et-une-suspecte-font-parler-deux-au-commissariat-de-douala","title":{"rendered":"Martin Mbarga Ngu\u00e9l\u00e9 et une suspecte font parler d&rsquo;eux au commissariat de Douala"},"content":{"rendered":"<p><span style=\"color: #ff6600\"><strong>Africa-Press &#8211; Cameroun. <\/strong><\/span>Une affaire de vol impliquant la citoyenne de\u0301nomme\u0301e Sophie Minkeng a e\u0301clate\u0301 sur les re\u0301seaux sociaux et quelques me\u0301dias ces derniers jours. Une enque\u0302te a alors e\u0301te\u0301 ouverte pour situer les responsabilite\u0301s et savoir qui est coupable ou qui ne l\u2019est pas et le verdict a\u0300 rendre dans le dossier.<\/p>\n<p>Seulement devant les forces de l\u2019ordre charge\u0301es de l\u2019enque\u0302te, Sophie Minkeng aurait fait une demande particulie\u0300re qui n\u2019est pas passe\u0301e inaperc\u0327ue. Le journaliste politique Boris Bertolt en parle, lui qui trouve que la mise en cause a des liens avec le commissaire.<\/p>\n<p>\u00ab La commission d\u2019enque\u0302te du patron de la police Martin Mbarga Ngue\u0301le\u0301 e\u0301tait hier au commissariat du 13e\u0300me arrondissement de Douala. Suite a\u0300 l\u2019affaire de la bandite Sophie Minkeng, la commission de contro\u0302le de\u0301cide\u0301e par le De\u0301le\u0301gue\u0301 ge\u0301ne\u0301ral a\u0300 la su\u0302rete\u0301 nationale, Martin Mbarga Ngue\u0301le\u0301 e\u0301tait hier au commissariat du 13e\u0300me de Douala.<\/p>\n<p>Les enque\u0302teurs ont obtenu une copie du dossier dont la de\u0301position de la pre\u0301sidente incarce\u0301re\u0301e injustement. Le commissaire du 13e\u0300me arrondissement Owona Patrice dit n\u2019avoir pas pris part a\u0300 cette proce\u0301dure qui e\u0301tait pilote\u0301e par ses e\u0301le\u0301ments.<\/p>\n<p>Afin de permettre a\u0300 la commission de faire son travail et de ne pas seulement s\u2019appuyer sur les e\u0301le\u0301ments fournis par les enque\u0302teurs dans la mesure ou\u0300 ils seront biaise\u0301s, nous allons faire parvenir d\u2019autres e\u0301le\u0301ments qui attestent de plusieurs irre\u0301gularite\u0301s dans cette affaire.<\/p>\n<p>Un cas par exemple : devant l\u2019enque\u0302teur qui est visiblement proche de la bandite Minkeng, Sophie Minkeng demande a\u0300 ce qu\u2019on appelle toutes les femmes de la re\u0301union pour qu\u2019elles viennent se mettre a\u0300 genoux devant elle et le\u0301cher ses pieds.<\/p>\n<p>L\u2019enque\u0302teur ne dit rien. Il ne bronche pas. Et la pre\u0301sidente se met a\u0300 genoux. Et l\u2019enque\u0302teur voit. Des e\u0301le\u0301ments qui ne sont pas contenus dans le dossier remis a\u0300 la commission de contro\u0302le.<\/p>\n<p>Tu dois de l\u2019argent a\u0300 des gens et tu demandes qu\u2019ils se mettent a\u0300 genoux devant toi pour le\u0301cher tes pieds ? Et l\u2019enque\u0302teur ne dit rien ? C\u2019est contenu dans quelle proce\u0301dure ? Soit c\u2019est ton gars soit ce policier est tout sauf un bon flic \u00bb, e\u0301crit Boris Bertolt.<\/p>\n<p><strong>Pour plus d&rsquo;informations et d&rsquo;analyses sur la <a href=\"https:\/\/www.africa-press.net\/cameroun\">Cameroun<\/a>, suivez <a href=\"https:\/\/www.africa-press.net\/\">Africa-Press<\/a><\/strong><\/p>\n","protected":false},"excerpt":{"rendered":"<p>Africa-Press &#8211; Cameroun. Une affaire de vol impliquant la citoyenne de\u0301nomme\u0301e Sophie Minkeng a e\u0301clate\u0301 sur les re\u0301seaux sociaux et quelques me\u0301dias ces derniers jours. Une enque\u0302te a alors e\u0301te\u0301 ouverte pour situer les responsabilite\u0301s et savoir qui est coupable ou qui ne l\u2019est pas et le verdict a\u0300 rendre dans le dossier. Seulement devant [&hellip;]<\/p>\n","protected":false},"author":82,"featured_media":39681,"comment_status":"open","ping_status":"closed","sticky":false,"template":"","format":"standard","meta":{"footnotes":""},"categories":[21,10],"tags":[36,50,49],"class_list":["post-39682","post","type-post","status-publish","format-standard","has-post-thumbnail","hentry","category-communaute","category-toutes-les-actualites","tag-africa-press","tag-africa-press-cameroun","tag-cameroun"],"yoast_head":"<!-- This site is optimized with the Yoast SEO Premium plugin v26.1 (Yoast SEO v27.0) - https:\/\/yoast.com\/product\/yoast-seo-premium-wordpress\/ -->\n<title>Martin Mbarga Ngu\u00e9l\u00e9 et une suspecte font parler d&#039;eux au commissariat de Douala - Cameroun<\/title>\n<meta name=\"description\" content=\"Une affaire de vol impliquant la citoyenne de\u0301nomme\u0301e Sophie Minkeng a e\u0301clate\u0301 sur les re\u0301seaux sociaux et quelques me\u0301 ...\" \/>\n<meta name=\"robots\" content=\"index, follow, max-snippet:-1, max-image-preview:large, max-video-preview:-1\" \/>\n<link rel=\"canonical\" href=\"https:\/\/www.africa-press.net\/cameroun\/toutes-les-actualites\/martin-mbarga-nguele-et-une-suspecte-font-parler-deux-au-commissariat-de-douala\" \/>\n<meta property=\"og:locale\" content=\"fr_FR\" \/>\n<meta property=\"og:type\" content=\"article\" \/>\n<meta property=\"og:title\" content=\"Martin Mbarga Ngu\u00e9l\u00e9 et une suspecte font parler d&#039;eux au commissariat de Douala\" \/>\n<meta property=\"og:description\" content=\"Une affaire de vol impliquant la citoyenne de\u0301nomme\u0301e Sophie Minkeng a e\u0301clate\u0301 sur les re\u0301seaux sociaux et quelques me\u0301 ...\" \/>\n<meta property=\"og:url\" content=\"https:\/\/www.africa-press.net\/cameroun\/toutes-les-actualites\/martin-mbarga-nguele-et-une-suspecte-font-parler-deux-au-commissariat-de-douala\" \/>\n<meta property=\"og:site_name\" content=\"Cameroun\" \/>\n<meta property=\"article:published_time\" content=\"2023-03-17T17:15:13+00:00\" \/>\n<meta property=\"article:modified_time\" content=\"2023-03-17T17:40:19+00:00\" \/>\n<meta property=\"og:image\" content=\"https:\/\/static.africa-press.net\/cameroun\/sites\/57\/2023\/03\/postQueueImg_1679060718.28.jpg\" \/>\n\t<meta property=\"og:image:width\" content=\"720\" \/>\n\t<meta property=\"og:image:height\" content=\"463\" \/>\n\t<meta property=\"og:image:type\" content=\"image\/jpeg\" \/>\n<meta name=\"author\" content=\"cfeditorfr\" \/>\n<meta name=\"twitter:card\" content=\"summary_large_image\" \/>\n<meta name=\"twitter:label1\" content=\"\u00c9crit par\" \/>\n\t<meta name=\"twitter:data1\" content=\"cfeditorfr\" \/>\n\t<meta name=\"twitter:label2\" content=\"Dur\u00e9e de lecture estim\u00e9e\" \/>\n\t<meta name=\"twitter:data2\" content=\"2 minutes\" \/>\n<script type=\"application\/ld+json\" class=\"yoast-schema-graph\">{\"@context\":\"https:\/\/schema.org\",\"@graph\":[{\"@type\":\"Article\",\"@id\":\"https:\/\/www.africa-press.net\/cameroun\/toutes-les-actualites\/martin-mbarga-nguele-et-une-suspecte-font-parler-deux-au-commissariat-de-douala#article\",\"isPartOf\":{\"@id\":\"https:\/\/www.africa-press.net\/cameroun\/toutes-les-actualites\/martin-mbarga-nguele-et-une-suspecte-font-parler-deux-au-commissariat-de-douala\"},\"author\":{\"name\":\"cfeditorfr\",\"@id\":\"https:\/\/www.africa-press.net\/cameroun\/#\/schema\/person\/2b1cf3cd81a31e3cd26889ca66d677f1\"},\"headline\":\"Martin Mbarga Ngu\u00e9l\u00e9 et une suspecte font parler d&rsquo;eux au commissariat de Douala\",\"datePublished\":\"2023-03-17T17:15:13+00:00\",\"dateModified\":\"2023-03-17T17:40:19+00:00\",\"mainEntityOfPage\":{\"@id\":\"https:\/\/www.africa-press.net\/cameroun\/toutes-les-actualites\/martin-mbarga-nguele-et-une-suspecte-font-parler-deux-au-commissariat-de-douala\"},\"wordCount\":455,\"commentCount\":0,\"image\":{\"@id\":\"https:\/\/www.africa-press.net\/cameroun\/toutes-les-actualites\/martin-mbarga-nguele-et-une-suspecte-font-parler-deux-au-commissariat-de-douala#primaryimage\"},\"thumbnailUrl\":\"https:\/\/static.africa-press.net\/cameroun\/sites\/57\/2023\/03\/postQueueImg_1679060718.28.jpg\",\"keywords\":[\"Africa Press\",\"Africa Press-Cameroun\",\"Cameroun\"],\"articleSection\":[\"Communaut\u00e9\",\"Toutes les actualit\u00e9s\"],\"inLanguage\":\"fr-FR\",\"potentialAction\":[{\"@type\":\"CommentAction\",\"name\":\"Comment\",\"target\":[\"https:\/\/www.africa-press.net\/cameroun\/toutes-les-actualites\/martin-mbarga-nguele-et-une-suspecte-font-parler-deux-au-commissariat-de-douala#respond\"]}]},{\"@type\":\"WebPage\",\"@id\":\"https:\/\/www.africa-press.net\/cameroun\/toutes-les-actualites\/martin-mbarga-nguele-et-une-suspecte-font-parler-deux-au-commissariat-de-douala\",\"url\":\"https:\/\/www.africa-press.net\/cameroun\/toutes-les-actualites\/martin-mbarga-nguele-et-une-suspecte-font-parler-deux-au-commissariat-de-douala\",\"name\":\"Martin Mbarga Ngu\u00e9l\u00e9 et une suspecte font parler d'eux au commissariat de Douala - Cameroun\",\"isPartOf\":{\"@id\":\"https:\/\/www.africa-press.net\/cameroun\/#website\"},\"primaryImageOfPage\":{\"@id\":\"https:\/\/www.africa-press.net\/cameroun\/toutes-les-actualites\/martin-mbarga-nguele-et-une-suspecte-font-parler-deux-au-commissariat-de-douala#primaryimage\"},\"image\":{\"@id\":\"https:\/\/www.africa-press.net\/cameroun\/toutes-les-actualites\/martin-mbarga-nguele-et-une-suspecte-font-parler-deux-au-commissariat-de-douala#primaryimage\"},\"thumbnailUrl\":\"https:\/\/static.africa-press.net\/cameroun\/sites\/57\/2023\/03\/postQueueImg_1679060718.28.jpg\",\"datePublished\":\"2023-03-17T17:15:13+00:00\",\"dateModified\":\"2023-03-17T17:40:19+00:00\",\"author\":{\"@id\":\"https:\/\/www.africa-press.net\/cameroun\/#\/schema\/person\/2b1cf3cd81a31e3cd26889ca66d677f1\"},\"description\":\"Une affaire de vol impliquant la citoyenne de\u0301nomme\u0301e Sophie Minkeng a e\u0301clate\u0301 sur les re\u0301seaux sociaux et quelques me\u0301 ...\",\"breadcrumb\":{\"@id\":\"https:\/\/www.africa-press.net\/cameroun\/toutes-les-actualites\/martin-mbarga-nguele-et-une-suspecte-font-parler-deux-au-commissariat-de-douala#breadcrumb\"},\"inLanguage\":\"fr-FR\",\"potentialAction\":[{\"@type\":\"ReadAction\",\"target\":[\"https:\/\/www.africa-press.net\/cameroun\/toutes-les-actualites\/martin-mbarga-nguele-et-une-suspecte-font-parler-deux-au-commissariat-de-douala\"]}]},{\"@type\":\"ImageObject\",\"inLanguage\":\"fr-FR\",\"@id\":\"https:\/\/www.africa-press.net\/cameroun\/toutes-les-actualites\/martin-mbarga-nguele-et-une-suspecte-font-parler-deux-au-commissariat-de-douala#primaryimage\",\"url\":\"https:\/\/static.africa-press.net\/cameroun\/sites\/57\/2023\/03\/postQueueImg_1679060718.28.jpg\",\"contentUrl\":\"https:\/\/static.africa-press.net\/cameroun\/sites\/57\/2023\/03\/postQueueImg_1679060718.28.jpg\",\"width\":720,\"height\":463,\"caption\":\"Martin Mbarga Ngu\u00e9l\u00e9 et une suspecte font parler d'eux au commissariat de Douala\"},{\"@type\":\"BreadcrumbList\",\"@id\":\"https:\/\/www.africa-press.net\/cameroun\/toutes-les-actualites\/martin-mbarga-nguele-et-une-suspecte-font-parler-deux-au-commissariat-de-douala#breadcrumb\",\"itemListElement\":[{\"@type\":\"ListItem\",\"position\":1,\"name\":\"Accueil\",\"item\":\"https:\/\/www.africa-press.net\/cameroun\/\"},{\"@type\":\"ListItem\",\"position\":2,\"name\":\"Martin Mbarga Ngu\u00e9l\u00e9 et une suspecte font parler d&rsquo;eux au commissariat de Douala\"}]},{\"@type\":\"WebSite\",\"@id\":\"https:\/\/www.africa-press.net\/cameroun\/#website\",\"url\":\"https:\/\/www.africa-press.net\/cameroun\/\",\"name\":\"Cameroun\",\"description\":\"Just another Africa News Agency Sites site\",\"potentialAction\":[{\"@type\":\"SearchAction\",\"target\":{\"@type\":\"EntryPoint\",\"urlTemplate\":\"https:\/\/www.africa-press.net\/cameroun\/?s={search_term_string}\"},\"query-input\":{\"@type\":\"PropertyValueSpecification\",\"valueRequired\":true,\"valueName\":\"search_term_string\"}}],\"inLanguage\":\"fr-FR\"},{\"@type\":\"Person\",\"@id\":\"https:\/\/www.africa-press.net\/cameroun\/#\/schema\/person\/2b1cf3cd81a31e3cd26889ca66d677f1\",\"name\":\"cfeditorfr\"}]}<\/script>\n<!-- \/ Yoast SEO Premium plugin. -->","yoast_head_json":{"title":"Martin Mbarga Ngu\u00e9l\u00e9 et une suspecte font parler d'eux au commissariat de Douala - Cameroun","description":"Une affaire de vol impliquant la citoyenne de\u0301nomme\u0301e Sophie Minkeng a e\u0301clate\u0301 sur les re\u0301seaux sociaux et quelques me\u0301 ...","robots":{"index":"index","follow":"follow","max-snippet":"max-snippet:-1","max-image-preview":"max-image-preview:large","max-video-preview":"max-video-preview:-1"},"canonical":"https:\/\/www.africa-press.net\/cameroun\/toutes-les-actualites\/martin-mbarga-nguele-et-une-suspecte-font-parler-deux-au-commissariat-de-douala","og_locale":"fr_FR","og_type":"article","og_title":"Martin Mbarga Ngu\u00e9l\u00e9 et une suspecte font parler d'eux au commissariat de Douala","og_description":"Une affaire de vol impliquant la citoyenne de\u0301nomme\u0301e Sophie Minkeng a e\u0301clate\u0301 sur les re\u0301seaux sociaux et quelques me\u0301 ...","og_url":"https:\/\/www.africa-press.net\/cameroun\/toutes-les-actualites\/martin-mbarga-nguele-et-une-suspecte-font-parler-deux-au-commissariat-de-douala","og_site_name":"Cameroun","article_published_time":"2023-03-17T17:15:13+00:00","article_modified_time":"2023-03-17T17:40:19+00:00","og_image":[{"width":720,"height":463,"url":"https:\/\/static.africa-press.net\/cameroun\/sites\/57\/2023\/03\/postQueueImg_1679060718.28.jpg","type":"image\/jpeg"}],"author":"cfeditorfr","twitter_card":"summary_large_image","twitter_misc":{"\u00c9crit par":"cfeditorfr","Dur\u00e9e de lecture estim\u00e9e":"2 minutes"},"schema":{"@context":"https:\/\/schema.org","@graph":[{"@type":"Article","@id":"https:\/\/www.africa-press.net\/cameroun\/toutes-les-actualites\/martin-mbarga-nguele-et-une-suspecte-font-parler-deux-au-commissariat-de-douala#article","isPartOf":{"@id":"https:\/\/www.africa-press.net\/cameroun\/toutes-les-actualites\/martin-mbarga-nguele-et-une-suspecte-font-parler-deux-au-commissariat-de-douala"},"author":{"name":"cfeditorfr","@id":"https:\/\/www.africa-press.net\/cameroun\/#\/schema\/person\/2b1cf3cd81a31e3cd26889ca66d677f1"},"headline":"Martin Mbarga Ngu\u00e9l\u00e9 et une suspecte font parler d&rsquo;eux au commissariat de Douala","datePublished":"2023-03-17T17:15:13+00:00","dateModified":"2023-03-17T17:40:19+00:00","mainEntityOfPage":{"@id":"https:\/\/www.africa-press.net\/cameroun\/toutes-les-actualites\/martin-mbarga-nguele-et-une-suspecte-font-parler-deux-au-commissariat-de-douala"},"wordCount":455,"commentCount":0,"image":{"@id":"https:\/\/www.africa-press.net\/cameroun\/toutes-les-actualites\/martin-mbarga-nguele-et-une-suspecte-font-parler-deux-au-commissariat-de-douala#primaryimage"},"thumbnailUrl":"https:\/\/static.africa-press.net\/cameroun\/sites\/57\/2023\/03\/postQueueImg_1679060718.28.jpg","keywords":["Africa Press","Africa Press-Cameroun","Cameroun"],"articleSection":["Communaut\u00e9","Toutes les actualit\u00e9s"],"inLanguage":"fr-FR","potentialAction":[{"@type":"CommentAction","name":"Comment","target":["https:\/\/www.africa-press.net\/cameroun\/toutes-les-actualites\/martin-mbarga-nguele-et-une-suspecte-font-parler-deux-au-commissariat-de-douala#respond"]}]},{"@type":"WebPage","@id":"https:\/\/www.africa-press.net\/cameroun\/toutes-les-actualites\/martin-mbarga-nguele-et-une-suspecte-font-parler-deux-au-commissariat-de-douala","url":"https:\/\/www.africa-press.net\/cameroun\/toutes-les-actualites\/martin-mbarga-nguele-et-une-suspecte-font-parler-deux-au-commissariat-de-douala","name":"Martin Mbarga Ngu\u00e9l\u00e9 et une suspecte font parler d'eux au commissariat de Douala - Cameroun","isPartOf":{"@id":"https:\/\/www.africa-press.net\/cameroun\/#website"},"primaryImageOfPage":{"@id":"https:\/\/www.africa-press.net\/cameroun\/toutes-les-actualites\/martin-mbarga-nguele-et-une-suspecte-font-parler-deux-au-commissariat-de-douala#primaryimage"},"image":{"@id":"https:\/\/www.africa-press.net\/cameroun\/toutes-les-actualites\/martin-mbarga-nguele-et-une-suspecte-font-parler-deux-au-commissariat-de-douala#primaryimage"},"thumbnailUrl":"https:\/\/static.africa-press.net\/cameroun\/sites\/57\/2023\/03\/postQueueImg_1679060718.28.jpg","datePublished":"2023-03-17T17:15:13+00:00","dateModified":"2023-03-17T17:40:19+00:00","author":{"@id":"https:\/\/www.africa-press.net\/cameroun\/#\/schema\/person\/2b1cf3cd81a31e3cd26889ca66d677f1"},"description":"Une affaire de vol impliquant la citoyenne de\u0301nomme\u0301e Sophie Minkeng a e\u0301clate\u0301 sur les re\u0301seaux sociaux et quelques me\u0301 ...","breadcrumb":{"@id":"https:\/\/www.africa-press.net\/cameroun\/toutes-les-actualites\/martin-mbarga-nguele-et-une-suspecte-font-parler-deux-au-commissariat-de-douala#breadcrumb"},"inLanguage":"fr-FR","potentialAction":[{"@type":"ReadAction","target":["https:\/\/www.africa-press.net\/cameroun\/toutes-les-actualites\/martin-mbarga-nguele-et-une-suspecte-font-parler-deux-au-commissariat-de-douala"]}]},{"@type":"ImageObject","inLanguage":"fr-FR","@id":"https:\/\/www.africa-press.net\/cameroun\/toutes-les-actualites\/martin-mbarga-nguele-et-une-suspecte-font-parler-deux-au-commissariat-de-douala#primaryimage","url":"https:\/\/static.africa-press.net\/cameroun\/sites\/57\/2023\/03\/postQueueImg_1679060718.28.jpg","contentUrl":"https:\/\/static.africa-press.net\/cameroun\/sites\/57\/2023\/03\/postQueueImg_1679060718.28.jpg","width":720,"height":463,"caption":"Martin Mbarga Ngu\u00e9l\u00e9 et une suspecte font parler d'eux au commissariat de Douala"},{"@type":"BreadcrumbList","@id":"https:\/\/www.africa-press.net\/cameroun\/toutes-les-actualites\/martin-mbarga-nguele-et-une-suspecte-font-parler-deux-au-commissariat-de-douala#breadcrumb","itemListElement":[{"@type":"ListItem","position":1,"name":"Accueil","item":"https:\/\/www.africa-press.net\/cameroun\/"},{"@type":"ListItem","position":2,"name":"Martin Mbarga Ngu\u00e9l\u00e9 et une suspecte font parler d&rsquo;eux au commissariat de Douala"}]},{"@type":"WebSite","@id":"https:\/\/www.africa-press.net\/cameroun\/#website","url":"https:\/\/www.africa-press.net\/cameroun\/","name":"Cameroun","description":"Just another Africa News Agency Sites site","potentialAction":[{"@type":"SearchAction","target":{"@type":"EntryPoint","urlTemplate":"https:\/\/www.africa-press.net\/cameroun\/?s={search_term_string}"},"query-input":{"@type":"PropertyValueSpecification","valueRequired":true,"valueName":"search_term_string"}}],"inLanguage":"fr-FR"},{"@type":"Person","@id":"https:\/\/www.africa-press.net\/cameroun\/#\/schema\/person\/2b1cf3cd81a31e3cd26889ca66d677f1","name":"cfeditorfr"}]}},"_links":{"self":[{"href":"https:\/\/www.africa-press.net\/cameroun\/wp-json\/wp\/v2\/posts\/39682","targetHints":{"allow":["GET"]}}],"collection":[{"href":"https:\/\/www.africa-press.net\/cameroun\/wp-json\/wp\/v2\/posts"}],"about":[{"href":"https:\/\/www.africa-press.net\/cameroun\/wp-json\/wp\/v2\/types\/post"}],"author":[{"embeddable":true,"href":"https:\/\/www.africa-press.net\/cameroun\/wp-json\/wp\/v2\/users\/82"}],"replies":[{"embeddable":true,"href":"https:\/\/www.africa-press.net\/cameroun\/wp-json\/wp\/v2\/comments?post=39682"}],"version-history":[{"count":0,"href":"https:\/\/www.africa-press.net\/cameroun\/wp-json\/wp\/v2\/posts\/39682\/revisions"}],"wp:featuredmedia":[{"embeddable":true,"href":"https:\/\/www.africa-press.net\/cameroun\/wp-json\/wp\/v2\/media\/39681"}],"wp:attachment":[{"href":"https:\/\/www.africa-press.net\/cameroun\/wp-json\/wp\/v2\/media?parent=39682"}],"wp:term":[{"taxonomy":"category","embeddable":true,"href":"https:\/\/www.africa-press.net\/cameroun\/wp-json\/wp\/v2\/categories?post=39682"},{"taxonomy":"post_tag","embeddable":true,"href":"https:\/\/www.africa-press.net\/cameroun\/wp-json\/wp\/v2\/tags?post=39682"}],"curies":[{"name":"wp","href":"https:\/\/api.w.org\/{rel}","templated":true}]}}