{"id":39685,"date":"2023-03-17T17:15:19","date_gmt":"2023-03-17T17:15:19","guid":{"rendered":"https:\/\/www.africa-press.net\/cameroun\/politique\/politique-de-developpement-feministe-tomaino-ndam-njoya-decrypte-les-codes-du-mal-au-cameroun"},"modified":"2023-03-17T17:40:59","modified_gmt":"2023-03-17T17:40:59","slug":"politique-de-developpement-feministe-tomaino-ndam-njoya-decrypte-les-codes-du-mal-au-cameroun","status":"publish","type":"post","link":"https:\/\/www.africa-press.net\/cameroun\/politique\/politique-de-developpement-feministe-tomaino-ndam-njoya-decrypte-les-codes-du-mal-au-cameroun","title":{"rendered":"Politique de d\u00e9veloppement f\u00e9ministe : Toma\u00efno Ndam Njoya d\u00e9crypte les codes du mal au Cameroun"},"content":{"rendered":"<p><span style=\"color: #ff6600\"><strong>Africa-Press &#8211; Cameroun. <\/strong><\/span>Intervenant au cours du de\u0301bat ce 15 mars 2023 sur cette nouvelle politique publie\u0301e au de\u0301but du mois par le ministe\u0300re du gouvernement fe\u0301de\u0301ral allemand charge\u0301 de l\u2019aide au de\u0301veloppement e\u0301conomique, le maire de Foumban a e\u0301te\u0301 incisive dans les \u00ab re\u0301ponses adapte\u0301es pour promouvoir l\u2019e\u0301galite\u0301 de genre et re\u0301duire les discriminations \u00bb.<\/p>\n<p>Elle a mene\u0301 la re\u0301flexion sur le terrain politique. Dans un panel constitue\u0301 de femmes trie\u0301es sur le volet, la femme politique la plus combative du Cameroun a tre\u0300s vite pris la the\u0301matique a\u0300 son compte en suscitant des applaudissements nourris de l\u2019assistance a\u0300 chaque re\u0301action.<\/p>\n<p>C\u2019est le lieu de dire qu\u2019en la conviant au nombre des intervenants, des de\u0301batteuses sur cette the\u0301matique qui irrigue a\u0300 l\u2019avenir l\u2019aide au de\u0301veloppement e\u0301conomique de l\u2019Allemagne, le Giz a frappe\u0301 en plein de le mille.<\/p>\n<p>Pour exposer le mal du de\u0301veloppement fe\u0301ministe dans le domaine politique, elle tient tout d\u2019abord a\u0300 de\u0301finir ce qu\u2019est la politique. \u00ab La politique est de\u0301finie comme l\u2019art de ge\u0301rer la socie\u0301te\u0301.<\/p>\n<p>Il faut bien qu\u2019on parte de la\u0300 \u00bb, livre-elle d\u2019emble\u0301e. Elle poursuit en indiquant qu\u2019au Cameroun, c\u2019est bien clair que les autorite\u0301s qui sont charge\u0301es de diriger tiennent leur pouvoir des e\u0301lections.<\/p>\n<p>Les e\u0301lections au Cameroun sont le fait des partis politiques. \u00ab Pour e\u0302tre de\u0301pute\u0301, pour e\u0302tre maire, il faut partir d\u2019un background politique. Il faut e\u0302tre engage\u0301 politiquement \u00bb, rele\u0300ve la patronne politique de l\u2019Union de\u0301mocratique du Cameroun.<\/p>\n<p>A l\u2019observation, questionne-t-elle, les contextes, social, e\u0301conomique, culturel ou me\u0302me politique permettent-ils aux femmes de s\u2019engager au militantisme politique ? Parce que pre\u0301cise\u0301ment la politique est vraiment une question d\u2019engagement, la re\u0301ponse a\u0300 cette question est loin d\u2019e\u0302tre affirmative.<\/p>\n<p>\u00ab Chez nous ge\u0301ne\u0301ralement, on va constater que celles qui sont engage\u0301es sont \u00ab la fille de \u00bb, \u00ab l\u2019e\u0301pouse de \u00bb, on est \u00ab la belle-s\u0153ur de \u00bb. Ce sont des de\u0301fis qu\u2019il faut mettre sur la table \u00bb, tranche-t-elle.<\/p>\n<p>Par ailleurs, au sujet de la repre\u0301sentativite\u0301 des femmes a\u0300 tous les niveaux de la socie\u0301te\u0301, la portion re\u0301serve\u0301e aux femmes est incongrue. \u00ab Au Cameroun, il y a 360 communes.<\/p>\n<p>Et a\u0300 la te\u0302te de ces communes moins de 40 maires sont des femmes. Il y a quelque chose qui ne tourne pas rond avec ce chiffre surtout quand on sait que plus de la moitie\u0301 de la population est fe\u0301minine. La fonction de repre\u0301sentativite\u0301 qui est e\u0301lective aurait du\u0302 propulser par exemple les femmes a\u0300 la te\u0302te des mairies.<\/p>\n<p>Cela signifie donc qu\u2019au niveau de la repre\u0301sentativite\u0301 il y a beaucoup d\u2019entraves a\u0300 l\u2019e\u0301gard des femmes \u00bb, soutient en observatrice avertie de la sce\u0300ne politique nationale, celle qui pre\u0301side aux destine\u0301es de l\u2019Udc.<\/p>\n<p>Le Cameroun est une Re\u0301publique, et parce qu\u2019elle est dirige\u0301e par des lois, ces normes devaient a\u0300 son sens encadrer, prote\u0301ger les droits des uns et des autres, et surtout ceux des femmes dans ce cas pre\u0301cis.<\/p>\n<p>En outre, en tant que politique, il y a lieu d\u2019indiquer qu\u2019il est fondamental au niveau de l\u2019organisation, des lois, de pouvoir permettre a\u0300 toutes les femmes d\u2019avoir acce\u0300s a\u0300 cette repre\u0301sentation et aux centres de prise de de\u0301cision.<\/p>\n<p>Le gouvernement aurait dans ce sens permis qu\u2019au niveau des institutions politiques, il y ait la parite\u0301 entre les hommes et les femmes. C\u2019est ce qu\u2019il est convenu d\u2019appeler l\u2019e\u0301galite\u0301 des genres.<\/p>\n<p><b>Les droits de la femme en question<\/b><\/p>\n<p>Pour clarifier cette situation, l\u2019e\u0301dile de la ville de Foumban a indique\u0301 qu\u2019au Cameroun, il y a des \u00ab ine\u0301galite\u0301s marquantes \u00bb. \u00abJe m\u2019appelle Tomai\u0308no, c\u2019est nom que ma me\u0300re m\u2019a donne\u0301 quand je suis ne\u0301e, Ndam Njoya est le nom acquis en entrant dans une vie de couple.<\/p>\n<p>Maintenant, sur ma Carte nationale d\u2019identite\u0301 c\u2019est Tomai\u0308no e\u0301pouse Ndam Njoya, pourquoi e\u0301pouse ? C\u2019est une inscription qui cre\u0301e une discrimination. C\u0327a pouvait e\u0302tre Ndam Njoya ne\u0301e Tomai\u0308no.<\/p>\n<p>Il faudrait que la loi accorde un choix de porter ou pas le nom de l\u2019e\u0301poux \u00bb, asse\u0300ne-t-elle en prenant l\u2019exemple sur elle-me\u0302me en tant que femme pour mieux se faire comprendre.<\/p>\n<p>Dans ce sens, elle poursuit sur le terrain des droits de la femme entrave\u0301e en indiquant que la loi au Cameroun reconnai\u0302t la polygamie. De ce fait, un homme peut avoir une, deux, trois ou quatre e\u0301pouses.<\/p>\n<p>\u00ab Pourquoi dans un contexte d\u2019e\u0301galite\u0301 de droit et de devoir, la femme ne peut-elle avoir, un, deux, trois ou quatre e\u0301poux ? \u00bb, s\u2019interroge-t-elle au milieu des acclamations nourries.<\/p>\n<p>Elle va plus loin par ailleurs en indiquant que sur les re\u0301seaux sociaux au quotidien, les femmes sont attaque\u0301es de toutes parts dans leur vie prive\u0301e, sur leurs origines et autres sans que cela suscite pour autant quelconque indignation ou re\u0301probation collectives.<\/p>\n<p>Plus loin, elle indique qu\u2019au sein du gouvernement, il ne suffit pas de cre\u0301er un ministe\u0300re de la Femme et de la famille ou\u0300 doit tro\u0302ner une femme, mais il est pluto\u0302t question qu\u2019on puisse retrouver les ministres femmes a\u0300 tous les portefeuilles.<\/p>\n<p>Toujours au chapitre des droits biaise\u0301s de la femme au Cameroun, elle soule\u0300ve le fait des vides sur des juridiques sur des segments importants de la vie sociale.<\/p>\n<p>\u00ab Il y a une absence de lois contre les violences sexistes ; il s\u2019agit de discrimination parce qu\u2019on est femme ! On est victime de diffamations, de traitements qui ne respectent pas les droits, il n\u2019y a pas de lois contre les violences domestiques parce que la grande majorite\u0301 de femmes au Cameroun subissent la violence a\u0300 l\u2019inte\u0301rieur des maisons.<\/p>\n<p>Il n\u2019y a pas un code de la famille qui prote\u0300ge le couple \u00bb, de\u0301nonce-t-elle ! Aussi, il y a des lois de\u0301sue\u0300tes qui touchent au statut matrimonial. \u00ab Si la cellule familiale n\u2019est pas forte on ne peut rien faire.<\/p>\n<p>Quand je ce\u0301le\u0300bre les mariages, je n\u2019ai plus besoin de dire que l\u2019homme est le chef de la famille parce que le Cameroun a ratifie\u0301 un certain nombre d\u2019instruments internationaux a\u0300 l\u2019exemple du Protocole de Maputo.<\/p>\n<p>Il est question d\u2019une coresponsabilite\u0301. Je le dis clairement \u00bb, confie-t-elle. Elle poursuit en indiquant qu\u2019elle ne ce\u0301le\u0300bre pas par exemple les mariages de moins de 18 ans me\u0302me si l\u2019Ordonnance de 1981 parle encore de l\u2019a\u0302ge minimal de 15 ans.<\/p>\n<p>\u00ab Je parle de coresponsabilite\u0301 parce qu\u2019elles ne sont pas oblige\u0301es de changer directement leur nom une fois qu\u2019elles sont marie\u0301es. Il en est de me\u0302me de la question du domicile.<\/p>\n<p>L\u2019homme ne doit pas e\u0301pouser une femme pour aller la laisser chez ses parents \u00bb, rappelle la patronne du Conseil exe\u0301cutif de la commune de Foumban qui parle d\u2019expe\u0301rience.<\/p>\n<p>Toujours comme entrave au droit de la femme, elle rele\u0300ve qu\u2019il y a \u00ab beaucoup de discours qu\u2019il faut changer dans les familles mais surtout au niveau e\u0301tatique, il faut adopter des lois pour changer cette donne \u00bb. Comme on le voit, les droits de la femme au Cameroun sont encore en situation.<\/p>\n<p>La nouvelle politique de coope\u0301ration de l\u2019Allemagne interpelle les autorite\u0301s camerounaises a\u0300 prendre les taureaux par les cornes, pour que toutes les filles et les femmes du pays, a\u0300 quelque niveau ou\u0300 elles se trouvent soient des actrices de de\u0301veloppement.<\/p>\n<p>Ceci va en droite ligne avec la signification depuis le de\u0301but de ce mois que la premie\u0300re puissance e\u0301conomique de l\u2019Union europe\u0301enne ne soutiendra a\u0300 l\u2019avenir que les pays qui promeuvent une \u00ab politique de de\u0301veloppement fe\u0301ministe \u00bb. Ce qui est be\u0301ne\u0301fique a\u0300 la majorite\u0301 de la population camerounaise constitue\u0301e de femmes.<\/p>\n<p><strong>Pour plus d&rsquo;informations et d&rsquo;analyses sur la <a href=\"https:\/\/www.africa-press.net\/cameroun\">Cameroun<\/a>, suivez <a href=\"https:\/\/www.africa-press.net\/\">Africa-Press<\/a><\/strong><\/p>\n","protected":false},"excerpt":{"rendered":"<p>Africa-Press &#8211; Cameroun. Intervenant au cours du de\u0301bat ce 15 mars 2023 sur cette nouvelle politique publie\u0301e au de\u0301but du mois par le ministe\u0300re du gouvernement fe\u0301de\u0301ral allemand charge\u0301 de l\u2019aide au de\u0301veloppement e\u0301conomique, le maire de Foumban a e\u0301te\u0301 incisive dans les \u00ab re\u0301ponses adapte\u0301es pour promouvoir l\u2019e\u0301galite\u0301 de genre et re\u0301duire les discriminations [&hellip;]<\/p>\n","protected":false},"author":82,"featured_media":39683,"comment_status":"open","ping_status":"closed","sticky":false,"template":"","format":"standard","meta":{"footnotes":""},"categories":[2,10],"tags":[36,50,49],"class_list":["post-39685","post","type-post","status-publish","format-standard","has-post-thumbnail","hentry","category-politique","category-toutes-les-actualites","tag-africa-press","tag-africa-press-cameroun","tag-cameroun"],"yoast_head":"<!-- This site is optimized with the Yoast SEO Premium plugin v26.1 (Yoast SEO v27.0) - https:\/\/yoast.com\/product\/yoast-seo-premium-wordpress\/ -->\n<title>Politique de d\u00e9veloppement f\u00e9ministe : Toma\u00efno Ndam Njoya d\u00e9crypte les codes du mal au Cameroun - Cameroun<\/title>\n<meta name=\"description\" content=\"Intervenant au cours du de\u0301bat ce 15 mars 2023 sur cette nouvelle politique publie\u0301e au de\u0301but du mois par le ministe\u0300re ...\" \/>\n<meta name=\"robots\" content=\"index, follow, max-snippet:-1, max-image-preview:large, max-video-preview:-1\" \/>\n<link rel=\"canonical\" href=\"https:\/\/www.africa-press.net\/cameroun\/politique\/politique-de-developpement-feministe-tomaino-ndam-njoya-decrypte-les-codes-du-mal-au-cameroun\" \/>\n<meta property=\"og:locale\" content=\"fr_FR\" \/>\n<meta property=\"og:type\" content=\"article\" \/>\n<meta property=\"og:title\" content=\"Politique de d\u00e9veloppement f\u00e9ministe : Toma\u00efno Ndam Njoya d\u00e9crypte les codes du mal au Cameroun\" \/>\n<meta property=\"og:description\" content=\"Intervenant au cours du de\u0301bat ce 15 mars 2023 sur cette nouvelle politique publie\u0301e au de\u0301but du mois par le ministe\u0300re ...\" \/>\n<meta property=\"og:url\" content=\"https:\/\/www.africa-press.net\/cameroun\/politique\/politique-de-developpement-feministe-tomaino-ndam-njoya-decrypte-les-codes-du-mal-au-cameroun\" \/>\n<meta property=\"og:site_name\" content=\"Cameroun\" \/>\n<meta property=\"article:published_time\" content=\"2023-03-17T17:15:19+00:00\" \/>\n<meta property=\"article:modified_time\" content=\"2023-03-17T17:40:59+00:00\" \/>\n<meta property=\"og:image\" content=\"https:\/\/static.africa-press.net\/cameroun\/sites\/57\/2023\/03\/postQueueImg_1679060731.30.jpg\" \/>\n\t<meta property=\"og:image:width\" content=\"720\" \/>\n\t<meta property=\"og:image:height\" content=\"418\" \/>\n\t<meta property=\"og:image:type\" content=\"image\/jpeg\" \/>\n<meta name=\"author\" content=\"cfeditorfr\" \/>\n<meta name=\"twitter:card\" content=\"summary_large_image\" \/>\n<meta name=\"twitter:label1\" content=\"\u00c9crit par\" \/>\n\t<meta name=\"twitter:data1\" content=\"cfeditorfr\" \/>\n\t<meta name=\"twitter:label2\" content=\"Dur\u00e9e de lecture estim\u00e9e\" \/>\n\t<meta name=\"twitter:data2\" content=\"7 minutes\" \/>\n<script type=\"application\/ld+json\" class=\"yoast-schema-graph\">{\"@context\":\"https:\/\/schema.org\",\"@graph\":[{\"@type\":\"Article\",\"@id\":\"https:\/\/www.africa-press.net\/cameroun\/politique\/politique-de-developpement-feministe-tomaino-ndam-njoya-decrypte-les-codes-du-mal-au-cameroun#article\",\"isPartOf\":{\"@id\":\"https:\/\/www.africa-press.net\/cameroun\/politique\/politique-de-developpement-feministe-tomaino-ndam-njoya-decrypte-les-codes-du-mal-au-cameroun\"},\"author\":{\"name\":\"cfeditorfr\",\"@id\":\"https:\/\/www.africa-press.net\/cameroun\/#\/schema\/person\/2b1cf3cd81a31e3cd26889ca66d677f1\"},\"headline\":\"Politique de d\u00e9veloppement f\u00e9ministe : Toma\u00efno Ndam Njoya d\u00e9crypte les codes du mal au Cameroun\",\"datePublished\":\"2023-03-17T17:15:19+00:00\",\"dateModified\":\"2023-03-17T17:40:59+00:00\",\"mainEntityOfPage\":{\"@id\":\"https:\/\/www.africa-press.net\/cameroun\/politique\/politique-de-developpement-feministe-tomaino-ndam-njoya-decrypte-les-codes-du-mal-au-cameroun\"},\"wordCount\":1429,\"commentCount\":0,\"image\":{\"@id\":\"https:\/\/www.africa-press.net\/cameroun\/politique\/politique-de-developpement-feministe-tomaino-ndam-njoya-decrypte-les-codes-du-mal-au-cameroun#primaryimage\"},\"thumbnailUrl\":\"https:\/\/static.africa-press.net\/cameroun\/sites\/57\/2023\/03\/postQueueImg_1679060731.30.jpg\",\"keywords\":[\"Africa Press\",\"Africa Press-Cameroun\",\"Cameroun\"],\"articleSection\":[\"Politique\",\"Toutes les actualit\u00e9s\"],\"inLanguage\":\"fr-FR\",\"potentialAction\":[{\"@type\":\"CommentAction\",\"name\":\"Comment\",\"target\":[\"https:\/\/www.africa-press.net\/cameroun\/politique\/politique-de-developpement-feministe-tomaino-ndam-njoya-decrypte-les-codes-du-mal-au-cameroun#respond\"]}]},{\"@type\":\"WebPage\",\"@id\":\"https:\/\/www.africa-press.net\/cameroun\/politique\/politique-de-developpement-feministe-tomaino-ndam-njoya-decrypte-les-codes-du-mal-au-cameroun\",\"url\":\"https:\/\/www.africa-press.net\/cameroun\/politique\/politique-de-developpement-feministe-tomaino-ndam-njoya-decrypte-les-codes-du-mal-au-cameroun\",\"name\":\"Politique de d\u00e9veloppement f\u00e9ministe : Toma\u00efno Ndam Njoya d\u00e9crypte les codes du mal au Cameroun - Cameroun\",\"isPartOf\":{\"@id\":\"https:\/\/www.africa-press.net\/cameroun\/#website\"},\"primaryImageOfPage\":{\"@id\":\"https:\/\/www.africa-press.net\/cameroun\/politique\/politique-de-developpement-feministe-tomaino-ndam-njoya-decrypte-les-codes-du-mal-au-cameroun#primaryimage\"},\"image\":{\"@id\":\"https:\/\/www.africa-press.net\/cameroun\/politique\/politique-de-developpement-feministe-tomaino-ndam-njoya-decrypte-les-codes-du-mal-au-cameroun#primaryimage\"},\"thumbnailUrl\":\"https:\/\/static.africa-press.net\/cameroun\/sites\/57\/2023\/03\/postQueueImg_1679060731.30.jpg\",\"datePublished\":\"2023-03-17T17:15:19+00:00\",\"dateModified\":\"2023-03-17T17:40:59+00:00\",\"author\":{\"@id\":\"https:\/\/www.africa-press.net\/cameroun\/#\/schema\/person\/2b1cf3cd81a31e3cd26889ca66d677f1\"},\"description\":\"Intervenant au cours du de\u0301bat ce 15 mars 2023 sur cette nouvelle politique publie\u0301e au de\u0301but du mois par le ministe\u0300re ...\",\"breadcrumb\":{\"@id\":\"https:\/\/www.africa-press.net\/cameroun\/politique\/politique-de-developpement-feministe-tomaino-ndam-njoya-decrypte-les-codes-du-mal-au-cameroun#breadcrumb\"},\"inLanguage\":\"fr-FR\",\"potentialAction\":[{\"@type\":\"ReadAction\",\"target\":[\"https:\/\/www.africa-press.net\/cameroun\/politique\/politique-de-developpement-feministe-tomaino-ndam-njoya-decrypte-les-codes-du-mal-au-cameroun\"]}]},{\"@type\":\"ImageObject\",\"inLanguage\":\"fr-FR\",\"@id\":\"https:\/\/www.africa-press.net\/cameroun\/politique\/politique-de-developpement-feministe-tomaino-ndam-njoya-decrypte-les-codes-du-mal-au-cameroun#primaryimage\",\"url\":\"https:\/\/static.africa-press.net\/cameroun\/sites\/57\/2023\/03\/postQueueImg_1679060731.30.jpg\",\"contentUrl\":\"https:\/\/static.africa-press.net\/cameroun\/sites\/57\/2023\/03\/postQueueImg_1679060731.30.jpg\",\"width\":720,\"height\":418,\"caption\":\"Politique de d\u00e9veloppement f\u00e9ministe : Toma\u00efno Ndam Njoya d\u00e9crypte les codes du mal au Cameroun\"},{\"@type\":\"BreadcrumbList\",\"@id\":\"https:\/\/www.africa-press.net\/cameroun\/politique\/politique-de-developpement-feministe-tomaino-ndam-njoya-decrypte-les-codes-du-mal-au-cameroun#breadcrumb\",\"itemListElement\":[{\"@type\":\"ListItem\",\"position\":1,\"name\":\"Accueil\",\"item\":\"https:\/\/www.africa-press.net\/cameroun\/\"},{\"@type\":\"ListItem\",\"position\":2,\"name\":\"Politique de d\u00e9veloppement f\u00e9ministe : Toma\u00efno Ndam Njoya d\u00e9crypte les codes du mal au Cameroun\"}]},{\"@type\":\"WebSite\",\"@id\":\"https:\/\/www.africa-press.net\/cameroun\/#website\",\"url\":\"https:\/\/www.africa-press.net\/cameroun\/\",\"name\":\"Cameroun\",\"description\":\"Just another Africa News Agency Sites site\",\"potentialAction\":[{\"@type\":\"SearchAction\",\"target\":{\"@type\":\"EntryPoint\",\"urlTemplate\":\"https:\/\/www.africa-press.net\/cameroun\/?s={search_term_string}\"},\"query-input\":{\"@type\":\"PropertyValueSpecification\",\"valueRequired\":true,\"valueName\":\"search_term_string\"}}],\"inLanguage\":\"fr-FR\"},{\"@type\":\"Person\",\"@id\":\"https:\/\/www.africa-press.net\/cameroun\/#\/schema\/person\/2b1cf3cd81a31e3cd26889ca66d677f1\",\"name\":\"cfeditorfr\"}]}<\/script>\n<!-- \/ Yoast SEO Premium plugin. -->","yoast_head_json":{"title":"Politique de d\u00e9veloppement f\u00e9ministe : Toma\u00efno Ndam Njoya d\u00e9crypte les codes du mal au Cameroun - Cameroun","description":"Intervenant au cours du de\u0301bat ce 15 mars 2023 sur cette nouvelle politique publie\u0301e au de\u0301but du mois par le ministe\u0300re ...","robots":{"index":"index","follow":"follow","max-snippet":"max-snippet:-1","max-image-preview":"max-image-preview:large","max-video-preview":"max-video-preview:-1"},"canonical":"https:\/\/www.africa-press.net\/cameroun\/politique\/politique-de-developpement-feministe-tomaino-ndam-njoya-decrypte-les-codes-du-mal-au-cameroun","og_locale":"fr_FR","og_type":"article","og_title":"Politique de d\u00e9veloppement f\u00e9ministe : Toma\u00efno Ndam Njoya d\u00e9crypte les codes du mal au Cameroun","og_description":"Intervenant au cours du de\u0301bat ce 15 mars 2023 sur cette nouvelle politique publie\u0301e au de\u0301but du mois par le ministe\u0300re ...","og_url":"https:\/\/www.africa-press.net\/cameroun\/politique\/politique-de-developpement-feministe-tomaino-ndam-njoya-decrypte-les-codes-du-mal-au-cameroun","og_site_name":"Cameroun","article_published_time":"2023-03-17T17:15:19+00:00","article_modified_time":"2023-03-17T17:40:59+00:00","og_image":[{"width":720,"height":418,"url":"https:\/\/static.africa-press.net\/cameroun\/sites\/57\/2023\/03\/postQueueImg_1679060731.30.jpg","type":"image\/jpeg"}],"author":"cfeditorfr","twitter_card":"summary_large_image","twitter_misc":{"\u00c9crit par":"cfeditorfr","Dur\u00e9e de lecture estim\u00e9e":"7 minutes"},"schema":{"@context":"https:\/\/schema.org","@graph":[{"@type":"Article","@id":"https:\/\/www.africa-press.net\/cameroun\/politique\/politique-de-developpement-feministe-tomaino-ndam-njoya-decrypte-les-codes-du-mal-au-cameroun#article","isPartOf":{"@id":"https:\/\/www.africa-press.net\/cameroun\/politique\/politique-de-developpement-feministe-tomaino-ndam-njoya-decrypte-les-codes-du-mal-au-cameroun"},"author":{"name":"cfeditorfr","@id":"https:\/\/www.africa-press.net\/cameroun\/#\/schema\/person\/2b1cf3cd81a31e3cd26889ca66d677f1"},"headline":"Politique de d\u00e9veloppement f\u00e9ministe : Toma\u00efno Ndam Njoya d\u00e9crypte les codes du mal au Cameroun","datePublished":"2023-03-17T17:15:19+00:00","dateModified":"2023-03-17T17:40:59+00:00","mainEntityOfPage":{"@id":"https:\/\/www.africa-press.net\/cameroun\/politique\/politique-de-developpement-feministe-tomaino-ndam-njoya-decrypte-les-codes-du-mal-au-cameroun"},"wordCount":1429,"commentCount":0,"image":{"@id":"https:\/\/www.africa-press.net\/cameroun\/politique\/politique-de-developpement-feministe-tomaino-ndam-njoya-decrypte-les-codes-du-mal-au-cameroun#primaryimage"},"thumbnailUrl":"https:\/\/static.africa-press.net\/cameroun\/sites\/57\/2023\/03\/postQueueImg_1679060731.30.jpg","keywords":["Africa Press","Africa Press-Cameroun","Cameroun"],"articleSection":["Politique","Toutes les actualit\u00e9s"],"inLanguage":"fr-FR","potentialAction":[{"@type":"CommentAction","name":"Comment","target":["https:\/\/www.africa-press.net\/cameroun\/politique\/politique-de-developpement-feministe-tomaino-ndam-njoya-decrypte-les-codes-du-mal-au-cameroun#respond"]}]},{"@type":"WebPage","@id":"https:\/\/www.africa-press.net\/cameroun\/politique\/politique-de-developpement-feministe-tomaino-ndam-njoya-decrypte-les-codes-du-mal-au-cameroun","url":"https:\/\/www.africa-press.net\/cameroun\/politique\/politique-de-developpement-feministe-tomaino-ndam-njoya-decrypte-les-codes-du-mal-au-cameroun","name":"Politique de d\u00e9veloppement f\u00e9ministe : Toma\u00efno Ndam Njoya d\u00e9crypte les codes du mal au Cameroun - Cameroun","isPartOf":{"@id":"https:\/\/www.africa-press.net\/cameroun\/#website"},"primaryImageOfPage":{"@id":"https:\/\/www.africa-press.net\/cameroun\/politique\/politique-de-developpement-feministe-tomaino-ndam-njoya-decrypte-les-codes-du-mal-au-cameroun#primaryimage"},"image":{"@id":"https:\/\/www.africa-press.net\/cameroun\/politique\/politique-de-developpement-feministe-tomaino-ndam-njoya-decrypte-les-codes-du-mal-au-cameroun#primaryimage"},"thumbnailUrl":"https:\/\/static.africa-press.net\/cameroun\/sites\/57\/2023\/03\/postQueueImg_1679060731.30.jpg","datePublished":"2023-03-17T17:15:19+00:00","dateModified":"2023-03-17T17:40:59+00:00","author":{"@id":"https:\/\/www.africa-press.net\/cameroun\/#\/schema\/person\/2b1cf3cd81a31e3cd26889ca66d677f1"},"description":"Intervenant au cours du de\u0301bat ce 15 mars 2023 sur cette nouvelle politique publie\u0301e au de\u0301but du mois par le ministe\u0300re ...","breadcrumb":{"@id":"https:\/\/www.africa-press.net\/cameroun\/politique\/politique-de-developpement-feministe-tomaino-ndam-njoya-decrypte-les-codes-du-mal-au-cameroun#breadcrumb"},"inLanguage":"fr-FR","potentialAction":[{"@type":"ReadAction","target":["https:\/\/www.africa-press.net\/cameroun\/politique\/politique-de-developpement-feministe-tomaino-ndam-njoya-decrypte-les-codes-du-mal-au-cameroun"]}]},{"@type":"ImageObject","inLanguage":"fr-FR","@id":"https:\/\/www.africa-press.net\/cameroun\/politique\/politique-de-developpement-feministe-tomaino-ndam-njoya-decrypte-les-codes-du-mal-au-cameroun#primaryimage","url":"https:\/\/static.africa-press.net\/cameroun\/sites\/57\/2023\/03\/postQueueImg_1679060731.30.jpg","contentUrl":"https:\/\/static.africa-press.net\/cameroun\/sites\/57\/2023\/03\/postQueueImg_1679060731.30.jpg","width":720,"height":418,"caption":"Politique de d\u00e9veloppement f\u00e9ministe : Toma\u00efno Ndam Njoya d\u00e9crypte les codes du mal au Cameroun"},{"@type":"BreadcrumbList","@id":"https:\/\/www.africa-press.net\/cameroun\/politique\/politique-de-developpement-feministe-tomaino-ndam-njoya-decrypte-les-codes-du-mal-au-cameroun#breadcrumb","itemListElement":[{"@type":"ListItem","position":1,"name":"Accueil","item":"https:\/\/www.africa-press.net\/cameroun\/"},{"@type":"ListItem","position":2,"name":"Politique de d\u00e9veloppement f\u00e9ministe : Toma\u00efno Ndam Njoya d\u00e9crypte les codes du mal au Cameroun"}]},{"@type":"WebSite","@id":"https:\/\/www.africa-press.net\/cameroun\/#website","url":"https:\/\/www.africa-press.net\/cameroun\/","name":"Cameroun","description":"Just another Africa News Agency Sites site","potentialAction":[{"@type":"SearchAction","target":{"@type":"EntryPoint","urlTemplate":"https:\/\/www.africa-press.net\/cameroun\/?s={search_term_string}"},"query-input":{"@type":"PropertyValueSpecification","valueRequired":true,"valueName":"search_term_string"}}],"inLanguage":"fr-FR"},{"@type":"Person","@id":"https:\/\/www.africa-press.net\/cameroun\/#\/schema\/person\/2b1cf3cd81a31e3cd26889ca66d677f1","name":"cfeditorfr"}]}},"_links":{"self":[{"href":"https:\/\/www.africa-press.net\/cameroun\/wp-json\/wp\/v2\/posts\/39685","targetHints":{"allow":["GET"]}}],"collection":[{"href":"https:\/\/www.africa-press.net\/cameroun\/wp-json\/wp\/v2\/posts"}],"about":[{"href":"https:\/\/www.africa-press.net\/cameroun\/wp-json\/wp\/v2\/types\/post"}],"author":[{"embeddable":true,"href":"https:\/\/www.africa-press.net\/cameroun\/wp-json\/wp\/v2\/users\/82"}],"replies":[{"embeddable":true,"href":"https:\/\/www.africa-press.net\/cameroun\/wp-json\/wp\/v2\/comments?post=39685"}],"version-history":[{"count":0,"href":"https:\/\/www.africa-press.net\/cameroun\/wp-json\/wp\/v2\/posts\/39685\/revisions"}],"wp:featuredmedia":[{"embeddable":true,"href":"https:\/\/www.africa-press.net\/cameroun\/wp-json\/wp\/v2\/media\/39683"}],"wp:attachment":[{"href":"https:\/\/www.africa-press.net\/cameroun\/wp-json\/wp\/v2\/media?parent=39685"}],"wp:term":[{"taxonomy":"category","embeddable":true,"href":"https:\/\/www.africa-press.net\/cameroun\/wp-json\/wp\/v2\/categories?post=39685"},{"taxonomy":"post_tag","embeddable":true,"href":"https:\/\/www.africa-press.net\/cameroun\/wp-json\/wp\/v2\/tags?post=39685"}],"curies":[{"name":"wp","href":"https:\/\/api.w.org\/{rel}","templated":true}]}}