{"id":39688,"date":"2023-03-17T17:15:32","date_gmt":"2023-03-17T17:15:32","guid":{"rendered":"https:\/\/www.africa-press.net\/cameroun\/politique\/assemblee-nationale-le-nouveau-siege-disponible-dans-15-mois"},"modified":"2023-03-17T17:41:49","modified_gmt":"2023-03-17T17:41:49","slug":"assemblee-nationale-le-nouveau-siege-disponible-dans-15-mois","status":"publish","type":"post","link":"https:\/\/www.africa-press.net\/cameroun\/politique\/assemblee-nationale-le-nouveau-siege-disponible-dans-15-mois","title":{"rendered":"Assembl\u00e9e Nationale : Le nouveau si\u00e8ge disponible dans 15 mois"},"content":{"rendered":"<p><span style=\"color: #ff6600\"><strong>Africa-Press &#8211; Cameroun. <\/strong><\/span>Le pre\u0301sident de la chambre basse du parlement e\u0301tait sur le site le15 mars dernier avec plusieurs de\u0301pute\u0301s.<\/p>\n<p>Apre\u0300s la dernie\u0300re visite officielle du<\/p>\n<p>Premier ministre , Joseph Dion Ngute sur le chantier en juillet 2022, l&rsquo;e\u0301tat d&rsquo;avancement des travaux du nouvel immeuble sie\u0300ge de l&rsquo;Assemble\u0301e<\/p>\n<p>nationale est appre\u0301ciable. L&rsquo;honorable Cavaye Yeguie\u0301 Djibril a fait le constat hier, 15 mars 2023 sur le terrain. Les travaux de la fac\u0327ade de l&rsquo;infrastructure sont presque termine\u0301s, a indique\u0301 le pre\u0301sident du comite\u0301 de suivi, l&rsquo;honorable Theodore Datouo : \u00ab Les travaux de finition de l&rsquo;inte\u0301rieur de l&rsquo;he\u0301micycle sont suffisamment avance\u0301s; le cre\u0301pissage a beaucoup avance\u0301 pour ce qui est du bloc administratif. Les installations des e\u0301quipements techniques sont de\u0301ja\u0300 faites \u00bb<\/p>\n<p>.<\/p>\n<p>A en croire l&rsquo;e\u0301lu, les de\u0301lais des travaux seront respecte\u0301s car en juillet 2022, le taux de re\u0301alisation du chantier s&rsquo;e\u0301levait a\u0300 60%. Plus de six mois plus tard, le nouvel immeuble sie\u0300ge montre progressivement son visage; de quoi faire plaisir au pre\u0301sident de la chambre basse du parlement, l&rsquo;honorable Cavaye Yequie Djibril : \u00ab Tous les Camerounais doivent e\u0302tre fiers du pre\u0301sident Paul Biya pour ce joyau. Nulle part en Afrique, je n&rsquo;ai vu un si beau et gigantesque ba\u0302timent. Au nom de tous les e\u0301lus de la nation, je lui dis since\u0300rement merci \u00bb .<\/p>\n<p>En termes de pourcentage de re\u0301alisation des travaux, on a largement franchi les 63% ; me\u0302me si le pre\u0301sident du comite\u0301 de suivi refuse de s&rsquo;y lancer. \u00ab Nous ne parlons pas en termes de pourcentage. Nous pouvons pluto\u0302t faire des de\u0301comptes. D&rsquo;ici 15 mois, nous pourrons sie\u0301ger dans cet he\u0301micycle. Nous essayons de veiller a\u0300 la bonne exe\u0301cution tant en qualite\u0301 que dans le suivi des de\u0301lais \u00bb . En attendant la livraison du chantier en 2024, les de\u0301pute\u0301s continuent de travailler au Palais des congres.<\/p>\n<p><strong>Pour plus d&rsquo;informations et d&rsquo;analyses sur la <a href=\"https:\/\/www.africa-press.net\/cameroun\">Cameroun<\/a>, suivez <a href=\"https:\/\/www.africa-press.net\/\">Africa-Press<\/a><\/strong><\/p>\n","protected":false},"excerpt":{"rendered":"<p>Africa-Press &#8211; Cameroun. Le pre\u0301sident de la chambre basse du parlement e\u0301tait sur le site le15 mars dernier avec plusieurs de\u0301pute\u0301s. Apre\u0300s la dernie\u0300re visite officielle du Premier ministre , Joseph Dion Ngute sur le chantier en juillet 2022, l&rsquo;e\u0301tat d&rsquo;avancement des travaux du nouvel immeuble sie\u0300ge de l&rsquo;Assemble\u0301e nationale est appre\u0301ciable. L&rsquo;honorable Cavaye Yeguie\u0301 [&hellip;]<\/p>\n","protected":false},"author":82,"featured_media":39686,"comment_status":"open","ping_status":"closed","sticky":false,"template":"","format":"standard","meta":{"footnotes":""},"categories":[2,10],"tags":[36,50,49],"class_list":["post-39688","post","type-post","status-publish","format-standard","has-post-thumbnail","hentry","category-politique","category-toutes-les-actualites","tag-africa-press","tag-africa-press-cameroun","tag-cameroun"],"yoast_head":"<!-- This site is optimized with the Yoast SEO Premium plugin v26.1 (Yoast SEO v27.0) - https:\/\/yoast.com\/product\/yoast-seo-premium-wordpress\/ -->\n<title>Assembl\u00e9e Nationale : Le nouveau si\u00e8ge disponible dans 15 mois - Cameroun<\/title>\n<meta name=\"description\" content=\"Le pre\u0301sident de la chambre basse du parlement e\u0301tait sur le site le15 mars dernier avec plusieurs de\u0301pute\u0301s. Apre\u0300s la ...\" \/>\n<meta name=\"robots\" content=\"index, follow, max-snippet:-1, max-image-preview:large, max-video-preview:-1\" \/>\n<link rel=\"canonical\" href=\"https:\/\/www.africa-press.net\/cameroun\/politique\/assemblee-nationale-le-nouveau-siege-disponible-dans-15-mois\" \/>\n<meta property=\"og:locale\" content=\"fr_FR\" \/>\n<meta property=\"og:type\" content=\"article\" \/>\n<meta property=\"og:title\" content=\"Assembl\u00e9e Nationale : Le nouveau si\u00e8ge disponible dans 15 mois\" \/>\n<meta property=\"og:description\" content=\"Le pre\u0301sident de la chambre basse du parlement e\u0301tait sur le site le15 mars dernier avec plusieurs de\u0301pute\u0301s. Apre\u0300s la ...\" \/>\n<meta property=\"og:url\" content=\"https:\/\/www.africa-press.net\/cameroun\/politique\/assemblee-nationale-le-nouveau-siege-disponible-dans-15-mois\" \/>\n<meta property=\"og:site_name\" content=\"Cameroun\" \/>\n<meta property=\"article:published_time\" content=\"2023-03-17T17:15:32+00:00\" \/>\n<meta property=\"article:modified_time\" content=\"2023-03-17T17:41:49+00:00\" \/>\n<meta property=\"og:image\" content=\"https:\/\/static.africa-press.net\/cameroun\/sites\/57\/2023\/03\/postQueueImg_1679060735.78.jpg\" \/>\n\t<meta property=\"og:image:width\" content=\"720\" \/>\n\t<meta property=\"og:image:height\" content=\"422\" \/>\n\t<meta property=\"og:image:type\" content=\"image\/jpeg\" \/>\n<meta name=\"author\" content=\"cfeditorfr\" \/>\n<meta name=\"twitter:card\" content=\"summary_large_image\" \/>\n<meta name=\"twitter:label1\" content=\"\u00c9crit par\" \/>\n\t<meta name=\"twitter:data1\" content=\"cfeditorfr\" \/>\n\t<meta name=\"twitter:label2\" content=\"Dur\u00e9e de lecture estim\u00e9e\" \/>\n\t<meta name=\"twitter:data2\" content=\"2 minutes\" \/>\n<script type=\"application\/ld+json\" class=\"yoast-schema-graph\">{\"@context\":\"https:\/\/schema.org\",\"@graph\":[{\"@type\":\"Article\",\"@id\":\"https:\/\/www.africa-press.net\/cameroun\/politique\/assemblee-nationale-le-nouveau-siege-disponible-dans-15-mois#article\",\"isPartOf\":{\"@id\":\"https:\/\/www.africa-press.net\/cameroun\/politique\/assemblee-nationale-le-nouveau-siege-disponible-dans-15-mois\"},\"author\":{\"name\":\"cfeditorfr\",\"@id\":\"https:\/\/www.africa-press.net\/cameroun\/#\/schema\/person\/2b1cf3cd81a31e3cd26889ca66d677f1\"},\"headline\":\"Assembl\u00e9e Nationale : Le nouveau si\u00e8ge disponible dans 15 mois\",\"datePublished\":\"2023-03-17T17:15:32+00:00\",\"dateModified\":\"2023-03-17T17:41:49+00:00\",\"mainEntityOfPage\":{\"@id\":\"https:\/\/www.africa-press.net\/cameroun\/politique\/assemblee-nationale-le-nouveau-siege-disponible-dans-15-mois\"},\"wordCount\":364,\"commentCount\":0,\"image\":{\"@id\":\"https:\/\/www.africa-press.net\/cameroun\/politique\/assemblee-nationale-le-nouveau-siege-disponible-dans-15-mois#primaryimage\"},\"thumbnailUrl\":\"https:\/\/static.africa-press.net\/cameroun\/sites\/57\/2023\/03\/postQueueImg_1679060735.78.jpg\",\"keywords\":[\"Africa Press\",\"Africa Press-Cameroun\",\"Cameroun\"],\"articleSection\":[\"Politique\",\"Toutes les actualit\u00e9s\"],\"inLanguage\":\"fr-FR\",\"potentialAction\":[{\"@type\":\"CommentAction\",\"name\":\"Comment\",\"target\":[\"https:\/\/www.africa-press.net\/cameroun\/politique\/assemblee-nationale-le-nouveau-siege-disponible-dans-15-mois#respond\"]}]},{\"@type\":\"WebPage\",\"@id\":\"https:\/\/www.africa-press.net\/cameroun\/politique\/assemblee-nationale-le-nouveau-siege-disponible-dans-15-mois\",\"url\":\"https:\/\/www.africa-press.net\/cameroun\/politique\/assemblee-nationale-le-nouveau-siege-disponible-dans-15-mois\",\"name\":\"Assembl\u00e9e Nationale : Le nouveau si\u00e8ge disponible dans 15 mois - Cameroun\",\"isPartOf\":{\"@id\":\"https:\/\/www.africa-press.net\/cameroun\/#website\"},\"primaryImageOfPage\":{\"@id\":\"https:\/\/www.africa-press.net\/cameroun\/politique\/assemblee-nationale-le-nouveau-siege-disponible-dans-15-mois#primaryimage\"},\"image\":{\"@id\":\"https:\/\/www.africa-press.net\/cameroun\/politique\/assemblee-nationale-le-nouveau-siege-disponible-dans-15-mois#primaryimage\"},\"thumbnailUrl\":\"https:\/\/static.africa-press.net\/cameroun\/sites\/57\/2023\/03\/postQueueImg_1679060735.78.jpg\",\"datePublished\":\"2023-03-17T17:15:32+00:00\",\"dateModified\":\"2023-03-17T17:41:49+00:00\",\"author\":{\"@id\":\"https:\/\/www.africa-press.net\/cameroun\/#\/schema\/person\/2b1cf3cd81a31e3cd26889ca66d677f1\"},\"description\":\"Le pre\u0301sident de la chambre basse du parlement e\u0301tait sur le site le15 mars dernier avec plusieurs de\u0301pute\u0301s. Apre\u0300s la ...\",\"breadcrumb\":{\"@id\":\"https:\/\/www.africa-press.net\/cameroun\/politique\/assemblee-nationale-le-nouveau-siege-disponible-dans-15-mois#breadcrumb\"},\"inLanguage\":\"fr-FR\",\"potentialAction\":[{\"@type\":\"ReadAction\",\"target\":[\"https:\/\/www.africa-press.net\/cameroun\/politique\/assemblee-nationale-le-nouveau-siege-disponible-dans-15-mois\"]}]},{\"@type\":\"ImageObject\",\"inLanguage\":\"fr-FR\",\"@id\":\"https:\/\/www.africa-press.net\/cameroun\/politique\/assemblee-nationale-le-nouveau-siege-disponible-dans-15-mois#primaryimage\",\"url\":\"https:\/\/static.africa-press.net\/cameroun\/sites\/57\/2023\/03\/postQueueImg_1679060735.78.jpg\",\"contentUrl\":\"https:\/\/static.africa-press.net\/cameroun\/sites\/57\/2023\/03\/postQueueImg_1679060735.78.jpg\",\"width\":720,\"height\":422,\"caption\":\"Assembl\u00e9e Nationale : Le nouveau si\u00e8ge disponible dans 15 mois\"},{\"@type\":\"BreadcrumbList\",\"@id\":\"https:\/\/www.africa-press.net\/cameroun\/politique\/assemblee-nationale-le-nouveau-siege-disponible-dans-15-mois#breadcrumb\",\"itemListElement\":[{\"@type\":\"ListItem\",\"position\":1,\"name\":\"Accueil\",\"item\":\"https:\/\/www.africa-press.net\/cameroun\/\"},{\"@type\":\"ListItem\",\"position\":2,\"name\":\"Assembl\u00e9e Nationale : Le nouveau si\u00e8ge disponible dans 15 mois\"}]},{\"@type\":\"WebSite\",\"@id\":\"https:\/\/www.africa-press.net\/cameroun\/#website\",\"url\":\"https:\/\/www.africa-press.net\/cameroun\/\",\"name\":\"Cameroun\",\"description\":\"Just another Africa News Agency Sites site\",\"potentialAction\":[{\"@type\":\"SearchAction\",\"target\":{\"@type\":\"EntryPoint\",\"urlTemplate\":\"https:\/\/www.africa-press.net\/cameroun\/?s={search_term_string}\"},\"query-input\":{\"@type\":\"PropertyValueSpecification\",\"valueRequired\":true,\"valueName\":\"search_term_string\"}}],\"inLanguage\":\"fr-FR\"},{\"@type\":\"Person\",\"@id\":\"https:\/\/www.africa-press.net\/cameroun\/#\/schema\/person\/2b1cf3cd81a31e3cd26889ca66d677f1\",\"name\":\"cfeditorfr\"}]}<\/script>\n<!-- \/ Yoast SEO Premium plugin. -->","yoast_head_json":{"title":"Assembl\u00e9e Nationale : Le nouveau si\u00e8ge disponible dans 15 mois - Cameroun","description":"Le pre\u0301sident de la chambre basse du parlement e\u0301tait sur le site le15 mars dernier avec plusieurs de\u0301pute\u0301s. Apre\u0300s la ...","robots":{"index":"index","follow":"follow","max-snippet":"max-snippet:-1","max-image-preview":"max-image-preview:large","max-video-preview":"max-video-preview:-1"},"canonical":"https:\/\/www.africa-press.net\/cameroun\/politique\/assemblee-nationale-le-nouveau-siege-disponible-dans-15-mois","og_locale":"fr_FR","og_type":"article","og_title":"Assembl\u00e9e Nationale : Le nouveau si\u00e8ge disponible dans 15 mois","og_description":"Le pre\u0301sident de la chambre basse du parlement e\u0301tait sur le site le15 mars dernier avec plusieurs de\u0301pute\u0301s. Apre\u0300s la ...","og_url":"https:\/\/www.africa-press.net\/cameroun\/politique\/assemblee-nationale-le-nouveau-siege-disponible-dans-15-mois","og_site_name":"Cameroun","article_published_time":"2023-03-17T17:15:32+00:00","article_modified_time":"2023-03-17T17:41:49+00:00","og_image":[{"width":720,"height":422,"url":"https:\/\/static.africa-press.net\/cameroun\/sites\/57\/2023\/03\/postQueueImg_1679060735.78.jpg","type":"image\/jpeg"}],"author":"cfeditorfr","twitter_card":"summary_large_image","twitter_misc":{"\u00c9crit par":"cfeditorfr","Dur\u00e9e de lecture estim\u00e9e":"2 minutes"},"schema":{"@context":"https:\/\/schema.org","@graph":[{"@type":"Article","@id":"https:\/\/www.africa-press.net\/cameroun\/politique\/assemblee-nationale-le-nouveau-siege-disponible-dans-15-mois#article","isPartOf":{"@id":"https:\/\/www.africa-press.net\/cameroun\/politique\/assemblee-nationale-le-nouveau-siege-disponible-dans-15-mois"},"author":{"name":"cfeditorfr","@id":"https:\/\/www.africa-press.net\/cameroun\/#\/schema\/person\/2b1cf3cd81a31e3cd26889ca66d677f1"},"headline":"Assembl\u00e9e Nationale : Le nouveau si\u00e8ge disponible dans 15 mois","datePublished":"2023-03-17T17:15:32+00:00","dateModified":"2023-03-17T17:41:49+00:00","mainEntityOfPage":{"@id":"https:\/\/www.africa-press.net\/cameroun\/politique\/assemblee-nationale-le-nouveau-siege-disponible-dans-15-mois"},"wordCount":364,"commentCount":0,"image":{"@id":"https:\/\/www.africa-press.net\/cameroun\/politique\/assemblee-nationale-le-nouveau-siege-disponible-dans-15-mois#primaryimage"},"thumbnailUrl":"https:\/\/static.africa-press.net\/cameroun\/sites\/57\/2023\/03\/postQueueImg_1679060735.78.jpg","keywords":["Africa Press","Africa Press-Cameroun","Cameroun"],"articleSection":["Politique","Toutes les actualit\u00e9s"],"inLanguage":"fr-FR","potentialAction":[{"@type":"CommentAction","name":"Comment","target":["https:\/\/www.africa-press.net\/cameroun\/politique\/assemblee-nationale-le-nouveau-siege-disponible-dans-15-mois#respond"]}]},{"@type":"WebPage","@id":"https:\/\/www.africa-press.net\/cameroun\/politique\/assemblee-nationale-le-nouveau-siege-disponible-dans-15-mois","url":"https:\/\/www.africa-press.net\/cameroun\/politique\/assemblee-nationale-le-nouveau-siege-disponible-dans-15-mois","name":"Assembl\u00e9e Nationale : Le nouveau si\u00e8ge disponible dans 15 mois - Cameroun","isPartOf":{"@id":"https:\/\/www.africa-press.net\/cameroun\/#website"},"primaryImageOfPage":{"@id":"https:\/\/www.africa-press.net\/cameroun\/politique\/assemblee-nationale-le-nouveau-siege-disponible-dans-15-mois#primaryimage"},"image":{"@id":"https:\/\/www.africa-press.net\/cameroun\/politique\/assemblee-nationale-le-nouveau-siege-disponible-dans-15-mois#primaryimage"},"thumbnailUrl":"https:\/\/static.africa-press.net\/cameroun\/sites\/57\/2023\/03\/postQueueImg_1679060735.78.jpg","datePublished":"2023-03-17T17:15:32+00:00","dateModified":"2023-03-17T17:41:49+00:00","author":{"@id":"https:\/\/www.africa-press.net\/cameroun\/#\/schema\/person\/2b1cf3cd81a31e3cd26889ca66d677f1"},"description":"Le pre\u0301sident de la chambre basse du parlement e\u0301tait sur le site le15 mars dernier avec plusieurs de\u0301pute\u0301s. Apre\u0300s la ...","breadcrumb":{"@id":"https:\/\/www.africa-press.net\/cameroun\/politique\/assemblee-nationale-le-nouveau-siege-disponible-dans-15-mois#breadcrumb"},"inLanguage":"fr-FR","potentialAction":[{"@type":"ReadAction","target":["https:\/\/www.africa-press.net\/cameroun\/politique\/assemblee-nationale-le-nouveau-siege-disponible-dans-15-mois"]}]},{"@type":"ImageObject","inLanguage":"fr-FR","@id":"https:\/\/www.africa-press.net\/cameroun\/politique\/assemblee-nationale-le-nouveau-siege-disponible-dans-15-mois#primaryimage","url":"https:\/\/static.africa-press.net\/cameroun\/sites\/57\/2023\/03\/postQueueImg_1679060735.78.jpg","contentUrl":"https:\/\/static.africa-press.net\/cameroun\/sites\/57\/2023\/03\/postQueueImg_1679060735.78.jpg","width":720,"height":422,"caption":"Assembl\u00e9e Nationale : Le nouveau si\u00e8ge disponible dans 15 mois"},{"@type":"BreadcrumbList","@id":"https:\/\/www.africa-press.net\/cameroun\/politique\/assemblee-nationale-le-nouveau-siege-disponible-dans-15-mois#breadcrumb","itemListElement":[{"@type":"ListItem","position":1,"name":"Accueil","item":"https:\/\/www.africa-press.net\/cameroun\/"},{"@type":"ListItem","position":2,"name":"Assembl\u00e9e Nationale : Le nouveau si\u00e8ge disponible dans 15 mois"}]},{"@type":"WebSite","@id":"https:\/\/www.africa-press.net\/cameroun\/#website","url":"https:\/\/www.africa-press.net\/cameroun\/","name":"Cameroun","description":"Just another Africa News Agency Sites site","potentialAction":[{"@type":"SearchAction","target":{"@type":"EntryPoint","urlTemplate":"https:\/\/www.africa-press.net\/cameroun\/?s={search_term_string}"},"query-input":{"@type":"PropertyValueSpecification","valueRequired":true,"valueName":"search_term_string"}}],"inLanguage":"fr-FR"},{"@type":"Person","@id":"https:\/\/www.africa-press.net\/cameroun\/#\/schema\/person\/2b1cf3cd81a31e3cd26889ca66d677f1","name":"cfeditorfr"}]}},"_links":{"self":[{"href":"https:\/\/www.africa-press.net\/cameroun\/wp-json\/wp\/v2\/posts\/39688","targetHints":{"allow":["GET"]}}],"collection":[{"href":"https:\/\/www.africa-press.net\/cameroun\/wp-json\/wp\/v2\/posts"}],"about":[{"href":"https:\/\/www.africa-press.net\/cameroun\/wp-json\/wp\/v2\/types\/post"}],"author":[{"embeddable":true,"href":"https:\/\/www.africa-press.net\/cameroun\/wp-json\/wp\/v2\/users\/82"}],"replies":[{"embeddable":true,"href":"https:\/\/www.africa-press.net\/cameroun\/wp-json\/wp\/v2\/comments?post=39688"}],"version-history":[{"count":0,"href":"https:\/\/www.africa-press.net\/cameroun\/wp-json\/wp\/v2\/posts\/39688\/revisions"}],"wp:featuredmedia":[{"embeddable":true,"href":"https:\/\/www.africa-press.net\/cameroun\/wp-json\/wp\/v2\/media\/39686"}],"wp:attachment":[{"href":"https:\/\/www.africa-press.net\/cameroun\/wp-json\/wp\/v2\/media?parent=39688"}],"wp:term":[{"taxonomy":"category","embeddable":true,"href":"https:\/\/www.africa-press.net\/cameroun\/wp-json\/wp\/v2\/categories?post=39688"},{"taxonomy":"post_tag","embeddable":true,"href":"https:\/\/www.africa-press.net\/cameroun\/wp-json\/wp\/v2\/tags?post=39688"}],"curies":[{"name":"wp","href":"https:\/\/api.w.org\/{rel}","templated":true}]}}