{"id":39698,"date":"2023-03-17T17:16:05","date_gmt":"2023-03-17T17:16:05","guid":{"rendered":"https:\/\/www.africa-press.net\/cameroun\/politique\/le-president-touadera-lami-damougou-belinga-cree-la-surprise-au-sommet-de-la-cemac"},"modified":"2023-03-17T17:44:55","modified_gmt":"2023-03-17T17:44:55","slug":"le-president-touadera-lami-damougou-belinga-cree-la-surprise-au-sommet-de-la-cemac","status":"publish","type":"post","link":"https:\/\/www.africa-press.net\/cameroun\/politique\/le-president-touadera-lami-damougou-belinga-cree-la-surprise-au-sommet-de-la-cemac","title":{"rendered":"Le Pr\u00e9sident Touadera, l&rsquo;ami d&rsquo;Amougou Belinga cr\u00e9\u00e9 la surprise au sommet de la CEMAC"},"content":{"rendered":"<p><span style=\"color: #ff6600\"><strong>Africa-Press &#8211; Cameroun. <\/strong><\/span>Le Pre\u0301sident centrafricain, Faustin Archange Touadera a foule\u0301 le sol camerounais ce vendredi, quelques heures avant le sommet du CEMAC qui re\u0301unit les Chefs d&rsquo;E\u0301tat de la zone.<\/p>\n<p>Le pre\u0301sident centrafricain a cre\u0301e\u0301 la grosse surprise. En effet, Touadera est arrive\u0301 a\u0300 Yaounde\u0301 a\u0300 bord d&rsquo;un vol spe\u0301cial Camair-Co.<\/p>\n<p>A son arrive\u0301e a\u0300 l\u2019ae\u0301roport international Nsimalen de Yaounde\u0301, le Pre\u0301sident de la Re\u0301publique centrafricaine, Pr Faustin Archange Touadera a e\u0301te\u0301 accueilli par le premier Ministre Chef du Gouvernement du Cameroun M. Joseph Dion Ngute.<\/p>\n<p>Le Chef de l&rsquo;Etat a aussi recu un accueil chaleureux de la communaute\u0301 centrafricaine du Cameroun fortement mobilise\u0301e pour la circonstance.<\/p>\n<p>Notons que cette 15e session ordinaire de la confe\u0301rence des chefs d\u2019Etats de la Communaute\u0301 Economique et Mone\u0301taire de l\u2019Afrique Centrale se tient dans un contexte e\u0301conomique difficile.<\/p>\n<p>Les six pays membres de cette communaute\u0301 traversent, une crise financie\u0300re lie\u0301e a\u0300 la pande\u0301mie de COVID-19 et la crise en Ukraine. Plusieurs points sont inscrits a\u0300 l\u2019ordre du jour de cette 15e session a\u0300 savoir l\u2019examen du bilan quinquennal du pre\u0301sident de la commission de la CEMAC, l&rsquo;adoption du plan d\u2019ope\u0301rationnalisation de la cryptomonaie dans la sous-re\u0301gion, la question du retour du sie\u0300ge et des autres organes de la CEMAC a\u0300 Bangui, la mise en application du principe de rotation pour l\u2019occupation des Responsabilite\u0301s au sein des institutions de la CEMAC.<\/p>\n<p>Mais le moment tant entendu sera la de\u0301signation du successeur du President Paul Biya en exercice de la CEMAC depuis quatre ans.<\/p>\n<p>En pre\u0301lude de cette 15e session de confe\u0301rence des chefs d\u2019Etat, un conseil des ministres de l\u2019Union Economique de l\u2019Afrique centrale s\u2019est tenu le mercredi dernier au sie\u0300ge de la Banque des E\u0301tats de l&rsquo;Afrique Centrale a\u0300 Yaounde\u0301.<\/p>\n<p><strong>Pour plus d&rsquo;informations et d&rsquo;analyses sur la <a href=\"https:\/\/www.africa-press.net\/cameroun\">Cameroun<\/a>, suivez <a href=\"https:\/\/www.africa-press.net\/\">Africa-Press<\/a><\/strong><\/p>\n","protected":false},"excerpt":{"rendered":"<p>Africa-Press &#8211; Cameroun. Le Pre\u0301sident centrafricain, Faustin Archange Touadera a foule\u0301 le sol camerounais ce vendredi, quelques heures avant le sommet du CEMAC qui re\u0301unit les Chefs d&rsquo;E\u0301tat de la zone. Le pre\u0301sident centrafricain a cre\u0301e\u0301 la grosse surprise. En effet, Touadera est arrive\u0301 a\u0300 Yaounde\u0301 a\u0300 bord d&rsquo;un vol spe\u0301cial Camair-Co. A son arrive\u0301e [&hellip;]<\/p>\n","protected":false},"author":82,"featured_media":39697,"comment_status":"open","ping_status":"closed","sticky":false,"template":"","format":"standard","meta":{"footnotes":""},"categories":[2,10],"tags":[36,50,49],"class_list":["post-39698","post","type-post","status-publish","format-standard","has-post-thumbnail","hentry","category-politique","category-toutes-les-actualites","tag-africa-press","tag-africa-press-cameroun","tag-cameroun"],"yoast_head":"<!-- This site is optimized with the Yoast SEO Premium plugin v26.1 (Yoast SEO v27.0) - https:\/\/yoast.com\/product\/yoast-seo-premium-wordpress\/ -->\n<title>Le Pr\u00e9sident Touadera, l&#039;ami d&#039;Amougou Belinga cr\u00e9\u00e9 la surprise au sommet de la CEMAC - Cameroun<\/title>\n<meta name=\"description\" content=\"Le Pre\u0301sident centrafricain, Faustin Archange Touadera a foule\u0301 le sol camerounais ce vendredi, quelques heures avant le ...\" \/>\n<meta name=\"robots\" content=\"index, follow, max-snippet:-1, max-image-preview:large, max-video-preview:-1\" \/>\n<link rel=\"canonical\" href=\"https:\/\/www.africa-press.net\/cameroun\/politique\/le-president-touadera-lami-damougou-belinga-cree-la-surprise-au-sommet-de-la-cemac\" \/>\n<meta property=\"og:locale\" content=\"fr_FR\" \/>\n<meta property=\"og:type\" content=\"article\" \/>\n<meta property=\"og:title\" content=\"Le Pr\u00e9sident Touadera, l&#039;ami d&#039;Amougou Belinga cr\u00e9\u00e9 la surprise au sommet de la CEMAC\" \/>\n<meta property=\"og:description\" content=\"Le Pre\u0301sident centrafricain, Faustin Archange Touadera a foule\u0301 le sol camerounais ce vendredi, quelques heures avant le ...\" \/>\n<meta property=\"og:url\" content=\"https:\/\/www.africa-press.net\/cameroun\/politique\/le-president-touadera-lami-damougou-belinga-cree-la-surprise-au-sommet-de-la-cemac\" \/>\n<meta property=\"og:site_name\" content=\"Cameroun\" \/>\n<meta property=\"article:published_time\" content=\"2023-03-17T17:16:05+00:00\" \/>\n<meta property=\"article:modified_time\" content=\"2023-03-17T17:44:55+00:00\" \/>\n<meta property=\"og:image\" content=\"https:\/\/static.africa-press.net\/cameroun\/sites\/57\/2023\/03\/postQueueImg_1679060769.01.jpg\" \/>\n\t<meta property=\"og:image:width\" content=\"720\" \/>\n\t<meta property=\"og:image:height\" content=\"440\" \/>\n\t<meta property=\"og:image:type\" content=\"image\/jpeg\" \/>\n<meta name=\"author\" content=\"cfeditorfr\" \/>\n<meta name=\"twitter:card\" content=\"summary_large_image\" \/>\n<meta name=\"twitter:label1\" content=\"\u00c9crit par\" \/>\n\t<meta name=\"twitter:data1\" content=\"cfeditorfr\" \/>\n\t<meta name=\"twitter:label2\" content=\"Dur\u00e9e de lecture estim\u00e9e\" \/>\n\t<meta name=\"twitter:data2\" content=\"2 minutes\" \/>\n<script type=\"application\/ld+json\" class=\"yoast-schema-graph\">{\"@context\":\"https:\/\/schema.org\",\"@graph\":[{\"@type\":\"Article\",\"@id\":\"https:\/\/www.africa-press.net\/cameroun\/politique\/le-president-touadera-lami-damougou-belinga-cree-la-surprise-au-sommet-de-la-cemac#article\",\"isPartOf\":{\"@id\":\"https:\/\/www.africa-press.net\/cameroun\/politique\/le-president-touadera-lami-damougou-belinga-cree-la-surprise-au-sommet-de-la-cemac\"},\"author\":{\"name\":\"cfeditorfr\",\"@id\":\"https:\/\/www.africa-press.net\/cameroun\/#\/schema\/person\/2b1cf3cd81a31e3cd26889ca66d677f1\"},\"headline\":\"Le Pr\u00e9sident Touadera, l&rsquo;ami d&rsquo;Amougou Belinga cr\u00e9\u00e9 la surprise au sommet de la CEMAC\",\"datePublished\":\"2023-03-17T17:16:05+00:00\",\"dateModified\":\"2023-03-17T17:44:55+00:00\",\"mainEntityOfPage\":{\"@id\":\"https:\/\/www.africa-press.net\/cameroun\/politique\/le-president-touadera-lami-damougou-belinga-cree-la-surprise-au-sommet-de-la-cemac\"},\"wordCount\":361,\"commentCount\":0,\"image\":{\"@id\":\"https:\/\/www.africa-press.net\/cameroun\/politique\/le-president-touadera-lami-damougou-belinga-cree-la-surprise-au-sommet-de-la-cemac#primaryimage\"},\"thumbnailUrl\":\"https:\/\/static.africa-press.net\/cameroun\/sites\/57\/2023\/03\/postQueueImg_1679060769.01.jpg\",\"keywords\":[\"Africa Press\",\"Africa Press-Cameroun\",\"Cameroun\"],\"articleSection\":[\"Politique\",\"Toutes les actualit\u00e9s\"],\"inLanguage\":\"fr-FR\",\"potentialAction\":[{\"@type\":\"CommentAction\",\"name\":\"Comment\",\"target\":[\"https:\/\/www.africa-press.net\/cameroun\/politique\/le-president-touadera-lami-damougou-belinga-cree-la-surprise-au-sommet-de-la-cemac#respond\"]}]},{\"@type\":\"WebPage\",\"@id\":\"https:\/\/www.africa-press.net\/cameroun\/politique\/le-president-touadera-lami-damougou-belinga-cree-la-surprise-au-sommet-de-la-cemac\",\"url\":\"https:\/\/www.africa-press.net\/cameroun\/politique\/le-president-touadera-lami-damougou-belinga-cree-la-surprise-au-sommet-de-la-cemac\",\"name\":\"Le Pr\u00e9sident Touadera, l'ami d'Amougou Belinga cr\u00e9\u00e9 la surprise au sommet de la CEMAC - Cameroun\",\"isPartOf\":{\"@id\":\"https:\/\/www.africa-press.net\/cameroun\/#website\"},\"primaryImageOfPage\":{\"@id\":\"https:\/\/www.africa-press.net\/cameroun\/politique\/le-president-touadera-lami-damougou-belinga-cree-la-surprise-au-sommet-de-la-cemac#primaryimage\"},\"image\":{\"@id\":\"https:\/\/www.africa-press.net\/cameroun\/politique\/le-president-touadera-lami-damougou-belinga-cree-la-surprise-au-sommet-de-la-cemac#primaryimage\"},\"thumbnailUrl\":\"https:\/\/static.africa-press.net\/cameroun\/sites\/57\/2023\/03\/postQueueImg_1679060769.01.jpg\",\"datePublished\":\"2023-03-17T17:16:05+00:00\",\"dateModified\":\"2023-03-17T17:44:55+00:00\",\"author\":{\"@id\":\"https:\/\/www.africa-press.net\/cameroun\/#\/schema\/person\/2b1cf3cd81a31e3cd26889ca66d677f1\"},\"description\":\"Le Pre\u0301sident centrafricain, Faustin Archange Touadera a foule\u0301 le sol camerounais ce vendredi, quelques heures avant le ...\",\"breadcrumb\":{\"@id\":\"https:\/\/www.africa-press.net\/cameroun\/politique\/le-president-touadera-lami-damougou-belinga-cree-la-surprise-au-sommet-de-la-cemac#breadcrumb\"},\"inLanguage\":\"fr-FR\",\"potentialAction\":[{\"@type\":\"ReadAction\",\"target\":[\"https:\/\/www.africa-press.net\/cameroun\/politique\/le-president-touadera-lami-damougou-belinga-cree-la-surprise-au-sommet-de-la-cemac\"]}]},{\"@type\":\"ImageObject\",\"inLanguage\":\"fr-FR\",\"@id\":\"https:\/\/www.africa-press.net\/cameroun\/politique\/le-president-touadera-lami-damougou-belinga-cree-la-surprise-au-sommet-de-la-cemac#primaryimage\",\"url\":\"https:\/\/static.africa-press.net\/cameroun\/sites\/57\/2023\/03\/postQueueImg_1679060769.01.jpg\",\"contentUrl\":\"https:\/\/static.africa-press.net\/cameroun\/sites\/57\/2023\/03\/postQueueImg_1679060769.01.jpg\",\"width\":720,\"height\":440,\"caption\":\"Le Pr\u00e9sident Touadera, l'ami d'Amougou Belinga cr\u00e9\u00e9 la surprise au sommet de la CEMAC\"},{\"@type\":\"BreadcrumbList\",\"@id\":\"https:\/\/www.africa-press.net\/cameroun\/politique\/le-president-touadera-lami-damougou-belinga-cree-la-surprise-au-sommet-de-la-cemac#breadcrumb\",\"itemListElement\":[{\"@type\":\"ListItem\",\"position\":1,\"name\":\"Accueil\",\"item\":\"https:\/\/www.africa-press.net\/cameroun\/\"},{\"@type\":\"ListItem\",\"position\":2,\"name\":\"Le Pr\u00e9sident Touadera, l&rsquo;ami d&rsquo;Amougou Belinga cr\u00e9\u00e9 la surprise au sommet de la CEMAC\"}]},{\"@type\":\"WebSite\",\"@id\":\"https:\/\/www.africa-press.net\/cameroun\/#website\",\"url\":\"https:\/\/www.africa-press.net\/cameroun\/\",\"name\":\"Cameroun\",\"description\":\"Just another Africa News Agency Sites site\",\"potentialAction\":[{\"@type\":\"SearchAction\",\"target\":{\"@type\":\"EntryPoint\",\"urlTemplate\":\"https:\/\/www.africa-press.net\/cameroun\/?s={search_term_string}\"},\"query-input\":{\"@type\":\"PropertyValueSpecification\",\"valueRequired\":true,\"valueName\":\"search_term_string\"}}],\"inLanguage\":\"fr-FR\"},{\"@type\":\"Person\",\"@id\":\"https:\/\/www.africa-press.net\/cameroun\/#\/schema\/person\/2b1cf3cd81a31e3cd26889ca66d677f1\",\"name\":\"cfeditorfr\"}]}<\/script>\n<!-- \/ Yoast SEO Premium plugin. -->","yoast_head_json":{"title":"Le Pr\u00e9sident Touadera, l'ami d'Amougou Belinga cr\u00e9\u00e9 la surprise au sommet de la CEMAC - Cameroun","description":"Le Pre\u0301sident centrafricain, Faustin Archange Touadera a foule\u0301 le sol camerounais ce vendredi, quelques heures avant le ...","robots":{"index":"index","follow":"follow","max-snippet":"max-snippet:-1","max-image-preview":"max-image-preview:large","max-video-preview":"max-video-preview:-1"},"canonical":"https:\/\/www.africa-press.net\/cameroun\/politique\/le-president-touadera-lami-damougou-belinga-cree-la-surprise-au-sommet-de-la-cemac","og_locale":"fr_FR","og_type":"article","og_title":"Le Pr\u00e9sident Touadera, l'ami d'Amougou Belinga cr\u00e9\u00e9 la surprise au sommet de la CEMAC","og_description":"Le Pre\u0301sident centrafricain, Faustin Archange Touadera a foule\u0301 le sol camerounais ce vendredi, quelques heures avant le ...","og_url":"https:\/\/www.africa-press.net\/cameroun\/politique\/le-president-touadera-lami-damougou-belinga-cree-la-surprise-au-sommet-de-la-cemac","og_site_name":"Cameroun","article_published_time":"2023-03-17T17:16:05+00:00","article_modified_time":"2023-03-17T17:44:55+00:00","og_image":[{"width":720,"height":440,"url":"https:\/\/static.africa-press.net\/cameroun\/sites\/57\/2023\/03\/postQueueImg_1679060769.01.jpg","type":"image\/jpeg"}],"author":"cfeditorfr","twitter_card":"summary_large_image","twitter_misc":{"\u00c9crit par":"cfeditorfr","Dur\u00e9e de lecture estim\u00e9e":"2 minutes"},"schema":{"@context":"https:\/\/schema.org","@graph":[{"@type":"Article","@id":"https:\/\/www.africa-press.net\/cameroun\/politique\/le-president-touadera-lami-damougou-belinga-cree-la-surprise-au-sommet-de-la-cemac#article","isPartOf":{"@id":"https:\/\/www.africa-press.net\/cameroun\/politique\/le-president-touadera-lami-damougou-belinga-cree-la-surprise-au-sommet-de-la-cemac"},"author":{"name":"cfeditorfr","@id":"https:\/\/www.africa-press.net\/cameroun\/#\/schema\/person\/2b1cf3cd81a31e3cd26889ca66d677f1"},"headline":"Le Pr\u00e9sident Touadera, l&rsquo;ami d&rsquo;Amougou Belinga cr\u00e9\u00e9 la surprise au sommet de la CEMAC","datePublished":"2023-03-17T17:16:05+00:00","dateModified":"2023-03-17T17:44:55+00:00","mainEntityOfPage":{"@id":"https:\/\/www.africa-press.net\/cameroun\/politique\/le-president-touadera-lami-damougou-belinga-cree-la-surprise-au-sommet-de-la-cemac"},"wordCount":361,"commentCount":0,"image":{"@id":"https:\/\/www.africa-press.net\/cameroun\/politique\/le-president-touadera-lami-damougou-belinga-cree-la-surprise-au-sommet-de-la-cemac#primaryimage"},"thumbnailUrl":"https:\/\/static.africa-press.net\/cameroun\/sites\/57\/2023\/03\/postQueueImg_1679060769.01.jpg","keywords":["Africa Press","Africa Press-Cameroun","Cameroun"],"articleSection":["Politique","Toutes les actualit\u00e9s"],"inLanguage":"fr-FR","potentialAction":[{"@type":"CommentAction","name":"Comment","target":["https:\/\/www.africa-press.net\/cameroun\/politique\/le-president-touadera-lami-damougou-belinga-cree-la-surprise-au-sommet-de-la-cemac#respond"]}]},{"@type":"WebPage","@id":"https:\/\/www.africa-press.net\/cameroun\/politique\/le-president-touadera-lami-damougou-belinga-cree-la-surprise-au-sommet-de-la-cemac","url":"https:\/\/www.africa-press.net\/cameroun\/politique\/le-president-touadera-lami-damougou-belinga-cree-la-surprise-au-sommet-de-la-cemac","name":"Le Pr\u00e9sident Touadera, l'ami d'Amougou Belinga cr\u00e9\u00e9 la surprise au sommet de la CEMAC - Cameroun","isPartOf":{"@id":"https:\/\/www.africa-press.net\/cameroun\/#website"},"primaryImageOfPage":{"@id":"https:\/\/www.africa-press.net\/cameroun\/politique\/le-president-touadera-lami-damougou-belinga-cree-la-surprise-au-sommet-de-la-cemac#primaryimage"},"image":{"@id":"https:\/\/www.africa-press.net\/cameroun\/politique\/le-president-touadera-lami-damougou-belinga-cree-la-surprise-au-sommet-de-la-cemac#primaryimage"},"thumbnailUrl":"https:\/\/static.africa-press.net\/cameroun\/sites\/57\/2023\/03\/postQueueImg_1679060769.01.jpg","datePublished":"2023-03-17T17:16:05+00:00","dateModified":"2023-03-17T17:44:55+00:00","author":{"@id":"https:\/\/www.africa-press.net\/cameroun\/#\/schema\/person\/2b1cf3cd81a31e3cd26889ca66d677f1"},"description":"Le Pre\u0301sident centrafricain, Faustin Archange Touadera a foule\u0301 le sol camerounais ce vendredi, quelques heures avant le ...","breadcrumb":{"@id":"https:\/\/www.africa-press.net\/cameroun\/politique\/le-president-touadera-lami-damougou-belinga-cree-la-surprise-au-sommet-de-la-cemac#breadcrumb"},"inLanguage":"fr-FR","potentialAction":[{"@type":"ReadAction","target":["https:\/\/www.africa-press.net\/cameroun\/politique\/le-president-touadera-lami-damougou-belinga-cree-la-surprise-au-sommet-de-la-cemac"]}]},{"@type":"ImageObject","inLanguage":"fr-FR","@id":"https:\/\/www.africa-press.net\/cameroun\/politique\/le-president-touadera-lami-damougou-belinga-cree-la-surprise-au-sommet-de-la-cemac#primaryimage","url":"https:\/\/static.africa-press.net\/cameroun\/sites\/57\/2023\/03\/postQueueImg_1679060769.01.jpg","contentUrl":"https:\/\/static.africa-press.net\/cameroun\/sites\/57\/2023\/03\/postQueueImg_1679060769.01.jpg","width":720,"height":440,"caption":"Le Pr\u00e9sident Touadera, l'ami d'Amougou Belinga cr\u00e9\u00e9 la surprise au sommet de la CEMAC"},{"@type":"BreadcrumbList","@id":"https:\/\/www.africa-press.net\/cameroun\/politique\/le-president-touadera-lami-damougou-belinga-cree-la-surprise-au-sommet-de-la-cemac#breadcrumb","itemListElement":[{"@type":"ListItem","position":1,"name":"Accueil","item":"https:\/\/www.africa-press.net\/cameroun\/"},{"@type":"ListItem","position":2,"name":"Le Pr\u00e9sident Touadera, l&rsquo;ami d&rsquo;Amougou Belinga cr\u00e9\u00e9 la surprise au sommet de la CEMAC"}]},{"@type":"WebSite","@id":"https:\/\/www.africa-press.net\/cameroun\/#website","url":"https:\/\/www.africa-press.net\/cameroun\/","name":"Cameroun","description":"Just another Africa News Agency Sites site","potentialAction":[{"@type":"SearchAction","target":{"@type":"EntryPoint","urlTemplate":"https:\/\/www.africa-press.net\/cameroun\/?s={search_term_string}"},"query-input":{"@type":"PropertyValueSpecification","valueRequired":true,"valueName":"search_term_string"}}],"inLanguage":"fr-FR"},{"@type":"Person","@id":"https:\/\/www.africa-press.net\/cameroun\/#\/schema\/person\/2b1cf3cd81a31e3cd26889ca66d677f1","name":"cfeditorfr"}]}},"_links":{"self":[{"href":"https:\/\/www.africa-press.net\/cameroun\/wp-json\/wp\/v2\/posts\/39698","targetHints":{"allow":["GET"]}}],"collection":[{"href":"https:\/\/www.africa-press.net\/cameroun\/wp-json\/wp\/v2\/posts"}],"about":[{"href":"https:\/\/www.africa-press.net\/cameroun\/wp-json\/wp\/v2\/types\/post"}],"author":[{"embeddable":true,"href":"https:\/\/www.africa-press.net\/cameroun\/wp-json\/wp\/v2\/users\/82"}],"replies":[{"embeddable":true,"href":"https:\/\/www.africa-press.net\/cameroun\/wp-json\/wp\/v2\/comments?post=39698"}],"version-history":[{"count":0,"href":"https:\/\/www.africa-press.net\/cameroun\/wp-json\/wp\/v2\/posts\/39698\/revisions"}],"wp:featuredmedia":[{"embeddable":true,"href":"https:\/\/www.africa-press.net\/cameroun\/wp-json\/wp\/v2\/media\/39697"}],"wp:attachment":[{"href":"https:\/\/www.africa-press.net\/cameroun\/wp-json\/wp\/v2\/media?parent=39698"}],"wp:term":[{"taxonomy":"category","embeddable":true,"href":"https:\/\/www.africa-press.net\/cameroun\/wp-json\/wp\/v2\/categories?post=39698"},{"taxonomy":"post_tag","embeddable":true,"href":"https:\/\/www.africa-press.net\/cameroun\/wp-json\/wp\/v2\/tags?post=39698"}],"curies":[{"name":"wp","href":"https:\/\/api.w.org\/{rel}","templated":true}]}}