{"id":39708,"date":"2023-03-17T17:16:44","date_gmt":"2023-03-17T17:16:44","guid":{"rendered":"https:\/\/www.africa-press.net\/cameroun\/politique\/cafe-la-filiere-fait-les-yeux-doux-aux-consommateurs-de-la-partie-septentrionale-du-cameroun"},"modified":"2023-03-17T17:47:37","modified_gmt":"2023-03-17T17:47:37","slug":"cafe-la-filiere-fait-les-yeux-doux-aux-consommateurs-de-la-partie-septentrionale-du-cameroun","status":"publish","type":"post","link":"https:\/\/www.africa-press.net\/cameroun\/economie\/cafe-la-filiere-fait-les-yeux-doux-aux-consommateurs-de-la-partie-septentrionale-du-cameroun","title":{"rendered":"Caf\u00e9\u00a0: la fili\u00e8re fait les yeux doux aux consommateurs de la partie septentrionale du Cameroun"},"content":{"rendered":"<p><span style=\"color: #ff6600\"><strong>Africa-Press &#8211; Cameroun. <\/strong><\/span>Investir au Cameroun) &#8211; Le lancement de la campagne cafe\u0301ie\u0300re 2022-2023 au Cameroun a eu lieu le 15 mars 2023 a\u0300 Maroua, la capitale re\u0301gionale de l\u2019Extre\u0302me-Nord, qui n\u2019est pas un bassin de production. Ce choix a suscite\u0301 des interrogations au sein de l\u2019opinion, dans la mesure ou\u0300 pour le lancement de chaque campagne, le gouvernement et l\u2019Office national du cacao et du cafe\u0301 (ONCC) font ge\u0301ne\u0301ralement le choix d\u2019un bassin de production.<\/p>\n<p>\u00ab Le Cameroun est en que\u0302te du marche\u0301 sous re\u0301gional, re\u0301gional et international, en ce qui concerne la consommation du cafe\u0301. Et l\u2019Extre\u0302me-Nord, qui a une forte tradition de consommation des boissons, fait figure de grosse re\u0301serve de consommateurs du cafe\u0301 \u00bb, a explique\u0301 Luc Magloire Mbarga Atangana, le ministre du Commerce.<\/p>\n<p>En effet, les boissons chaudes sont tre\u0300s ancre\u0301es dans les habitudes alimentaires des populations des re\u0301gions du Nord, de l\u2019Extre\u0302me-Nord et de l\u2019Adamaoua (seule cette re\u0301gion produit du cafe\u0301 dans le Septentrion, notamment dans la localite\u0301 de Bankim). Mais, lorsqu\u2019elles ne consomment pas du the\u0301 ou des cafe\u0301s ge\u0301ne\u0301ralement importe\u0301s du Nigeria voisin, ou des contre\u0301es plus lointaines, les populations des re\u0301gions septentrionales du Cameroun pre\u0301fe\u0300rent leur boisson traditionnelle, commune\u0301ment appele\u0301e \u00ab Chaye \u00bb.<\/p>\n<p>De l\u2019avis du ministre du Commerce, a\u0300 travers le lancement de la campagne cafe\u0301ie\u0300re 2022-2023, il e\u0301tait question d\u2019inte\u0301resser ces populations a\u0300 la consommation du cafe\u0301 torre\u0301fie localement, activite\u0301 pour laquelle les nationaux be\u0301ne\u0301ficient d\u2019une expertise reconnue a\u0300 travers de nombreux prix remporte\u0301s dans le monde. En juillet 2022, ONCC avait de\u0301ja\u0300 parcouru les re\u0301gions du Nord et de l\u2019Extre\u0302me-Nord du Cameroun pour offrir aux ho\u0302tels et aux restaurants des ateliers sur les diffe\u0301rentes me\u0301thodes de brassage du cafe\u0301.<\/p>\n<p><strong>Pour plus d&rsquo;informations et d&rsquo;analyses sur la <a href=\"https:\/\/www.africa-press.net\/cameroun\">Cameroun<\/a>, suivez <a href=\"https:\/\/www.africa-press.net\/\">Africa-Press<\/a><\/strong><\/p>\n","protected":false},"excerpt":{"rendered":"<p>Africa-Press &#8211; Cameroun. Investir au Cameroun) &#8211; Le lancement de la campagne cafe\u0301ie\u0300re 2022-2023 au Cameroun a eu lieu le 15 mars 2023 a\u0300 Maroua, la capitale re\u0301gionale de l\u2019Extre\u0302me-Nord, qui n\u2019est pas un bassin de production. Ce choix a suscite\u0301 des interrogations au sein de l\u2019opinion, dans la mesure ou\u0300 pour le lancement de [&hellip;]<\/p>\n","protected":false},"author":82,"featured_media":39707,"comment_status":"open","ping_status":"closed","sticky":false,"template":"","format":"standard","meta":{"footnotes":""},"categories":[3,10],"tags":[36,50,49],"class_list":["post-39708","post","type-post","status-publish","format-standard","has-post-thumbnail","hentry","category-economie","category-toutes-les-actualites","tag-africa-press","tag-africa-press-cameroun","tag-cameroun"],"yoast_head":"<!-- This site is optimized with the Yoast SEO Premium plugin v26.1 (Yoast SEO v27.0) - https:\/\/yoast.com\/product\/yoast-seo-premium-wordpress\/ -->\n<title>Caf\u00e9\u00a0: la fili\u00e8re fait les yeux doux aux consommateurs de la partie septentrionale du Cameroun - Cameroun<\/title>\n<meta name=\"description\" content=\"Investir au Cameroun) - Le lancement de la campagne cafe\u0301ie\u0300re 2022-2023 au Cameroun a eu lieu le 15 mars 2023 a\u0300 Maroua ...\" \/>\n<meta name=\"robots\" content=\"index, follow, max-snippet:-1, max-image-preview:large, max-video-preview:-1\" \/>\n<link rel=\"canonical\" href=\"https:\/\/www.africa-press.net\/cameroun\/economie\/cafe-la-filiere-fait-les-yeux-doux-aux-consommateurs-de-la-partie-septentrionale-du-cameroun\" \/>\n<meta property=\"og:locale\" content=\"fr_FR\" \/>\n<meta property=\"og:type\" content=\"article\" \/>\n<meta property=\"og:title\" content=\"Caf\u00e9\u00a0: la fili\u00e8re fait les yeux doux aux consommateurs de la partie septentrionale du Cameroun\" \/>\n<meta property=\"og:description\" content=\"Investir au Cameroun) - Le lancement de la campagne cafe\u0301ie\u0300re 2022-2023 au Cameroun a eu lieu le 15 mars 2023 a\u0300 Maroua ...\" \/>\n<meta property=\"og:url\" content=\"https:\/\/www.africa-press.net\/cameroun\/economie\/cafe-la-filiere-fait-les-yeux-doux-aux-consommateurs-de-la-partie-septentrionale-du-cameroun\" \/>\n<meta property=\"og:site_name\" content=\"Cameroun\" \/>\n<meta property=\"article:published_time\" content=\"2023-03-17T17:16:44+00:00\" \/>\n<meta property=\"article:modified_time\" content=\"2023-03-17T17:47:37+00:00\" \/>\n<meta property=\"og:image\" content=\"https:\/\/static.africa-press.net\/cameroun\/sites\/57\/2023\/03\/postQueueImg_1679060808.91.jpg\" \/>\n\t<meta property=\"og:image:width\" content=\"720\" \/>\n\t<meta property=\"og:image:height\" content=\"479\" \/>\n\t<meta property=\"og:image:type\" content=\"image\/jpeg\" \/>\n<meta name=\"author\" content=\"cfeditorfr\" \/>\n<meta name=\"twitter:card\" content=\"summary_large_image\" \/>\n<meta name=\"twitter:label1\" content=\"\u00c9crit par\" \/>\n\t<meta name=\"twitter:data1\" content=\"cfeditorfr\" \/>\n\t<meta name=\"twitter:label2\" content=\"Dur\u00e9e de lecture estim\u00e9e\" \/>\n\t<meta name=\"twitter:data2\" content=\"2 minutes\" \/>\n<script type=\"application\/ld+json\" class=\"yoast-schema-graph\">{\"@context\":\"https:\/\/schema.org\",\"@graph\":[{\"@type\":\"Article\",\"@id\":\"https:\/\/www.africa-press.net\/cameroun\/economie\/cafe-la-filiere-fait-les-yeux-doux-aux-consommateurs-de-la-partie-septentrionale-du-cameroun#article\",\"isPartOf\":{\"@id\":\"https:\/\/www.africa-press.net\/cameroun\/economie\/cafe-la-filiere-fait-les-yeux-doux-aux-consommateurs-de-la-partie-septentrionale-du-cameroun\"},\"author\":{\"name\":\"cfeditorfr\",\"@id\":\"https:\/\/www.africa-press.net\/cameroun\/#\/schema\/person\/2b1cf3cd81a31e3cd26889ca66d677f1\"},\"headline\":\"Caf\u00e9\u00a0: la fili\u00e8re fait les yeux doux aux consommateurs de la partie septentrionale du Cameroun\",\"datePublished\":\"2023-03-17T17:16:44+00:00\",\"dateModified\":\"2023-03-17T17:47:37+00:00\",\"mainEntityOfPage\":{\"@id\":\"https:\/\/www.africa-press.net\/cameroun\/economie\/cafe-la-filiere-fait-les-yeux-doux-aux-consommateurs-de-la-partie-septentrionale-du-cameroun\"},\"wordCount\":355,\"commentCount\":0,\"image\":{\"@id\":\"https:\/\/www.africa-press.net\/cameroun\/economie\/cafe-la-filiere-fait-les-yeux-doux-aux-consommateurs-de-la-partie-septentrionale-du-cameroun#primaryimage\"},\"thumbnailUrl\":\"https:\/\/static.africa-press.net\/cameroun\/sites\/57\/2023\/03\/postQueueImg_1679060808.91.jpg\",\"keywords\":[\"Africa Press\",\"Africa Press-Cameroun\",\"Cameroun\"],\"articleSection\":[\"\u00c9conomie\",\"Toutes les actualit\u00e9s\"],\"inLanguage\":\"fr-FR\",\"potentialAction\":[{\"@type\":\"CommentAction\",\"name\":\"Comment\",\"target\":[\"https:\/\/www.africa-press.net\/cameroun\/economie\/cafe-la-filiere-fait-les-yeux-doux-aux-consommateurs-de-la-partie-septentrionale-du-cameroun#respond\"]}]},{\"@type\":\"WebPage\",\"@id\":\"https:\/\/www.africa-press.net\/cameroun\/economie\/cafe-la-filiere-fait-les-yeux-doux-aux-consommateurs-de-la-partie-septentrionale-du-cameroun\",\"url\":\"https:\/\/www.africa-press.net\/cameroun\/economie\/cafe-la-filiere-fait-les-yeux-doux-aux-consommateurs-de-la-partie-septentrionale-du-cameroun\",\"name\":\"Caf\u00e9\u00a0: la fili\u00e8re fait les yeux doux aux consommateurs de la partie septentrionale du Cameroun - Cameroun\",\"isPartOf\":{\"@id\":\"https:\/\/www.africa-press.net\/cameroun\/#website\"},\"primaryImageOfPage\":{\"@id\":\"https:\/\/www.africa-press.net\/cameroun\/economie\/cafe-la-filiere-fait-les-yeux-doux-aux-consommateurs-de-la-partie-septentrionale-du-cameroun#primaryimage\"},\"image\":{\"@id\":\"https:\/\/www.africa-press.net\/cameroun\/economie\/cafe-la-filiere-fait-les-yeux-doux-aux-consommateurs-de-la-partie-septentrionale-du-cameroun#primaryimage\"},\"thumbnailUrl\":\"https:\/\/static.africa-press.net\/cameroun\/sites\/57\/2023\/03\/postQueueImg_1679060808.91.jpg\",\"datePublished\":\"2023-03-17T17:16:44+00:00\",\"dateModified\":\"2023-03-17T17:47:37+00:00\",\"author\":{\"@id\":\"https:\/\/www.africa-press.net\/cameroun\/#\/schema\/person\/2b1cf3cd81a31e3cd26889ca66d677f1\"},\"description\":\"Investir au Cameroun) - Le lancement de la campagne cafe\u0301ie\u0300re 2022-2023 au Cameroun a eu lieu le 15 mars 2023 a\u0300 Maroua ...\",\"breadcrumb\":{\"@id\":\"https:\/\/www.africa-press.net\/cameroun\/economie\/cafe-la-filiere-fait-les-yeux-doux-aux-consommateurs-de-la-partie-septentrionale-du-cameroun#breadcrumb\"},\"inLanguage\":\"fr-FR\",\"potentialAction\":[{\"@type\":\"ReadAction\",\"target\":[\"https:\/\/www.africa-press.net\/cameroun\/economie\/cafe-la-filiere-fait-les-yeux-doux-aux-consommateurs-de-la-partie-septentrionale-du-cameroun\"]}]},{\"@type\":\"ImageObject\",\"inLanguage\":\"fr-FR\",\"@id\":\"https:\/\/www.africa-press.net\/cameroun\/economie\/cafe-la-filiere-fait-les-yeux-doux-aux-consommateurs-de-la-partie-septentrionale-du-cameroun#primaryimage\",\"url\":\"https:\/\/static.africa-press.net\/cameroun\/sites\/57\/2023\/03\/postQueueImg_1679060808.91.jpg\",\"contentUrl\":\"https:\/\/static.africa-press.net\/cameroun\/sites\/57\/2023\/03\/postQueueImg_1679060808.91.jpg\",\"width\":720,\"height\":479,\"caption\":\"Caf\u00e9\u00a0: la fili\u00e8re fait les yeux doux aux consommateurs de la partie septentrionale du Cameroun\"},{\"@type\":\"BreadcrumbList\",\"@id\":\"https:\/\/www.africa-press.net\/cameroun\/economie\/cafe-la-filiere-fait-les-yeux-doux-aux-consommateurs-de-la-partie-septentrionale-du-cameroun#breadcrumb\",\"itemListElement\":[{\"@type\":\"ListItem\",\"position\":1,\"name\":\"Accueil\",\"item\":\"https:\/\/www.africa-press.net\/cameroun\/\"},{\"@type\":\"ListItem\",\"position\":2,\"name\":\"Caf\u00e9\u00a0: la fili\u00e8re fait les yeux doux aux consommateurs de la partie septentrionale du Cameroun\"}]},{\"@type\":\"WebSite\",\"@id\":\"https:\/\/www.africa-press.net\/cameroun\/#website\",\"url\":\"https:\/\/www.africa-press.net\/cameroun\/\",\"name\":\"Cameroun\",\"description\":\"Just another Africa News Agency Sites site\",\"potentialAction\":[{\"@type\":\"SearchAction\",\"target\":{\"@type\":\"EntryPoint\",\"urlTemplate\":\"https:\/\/www.africa-press.net\/cameroun\/?s={search_term_string}\"},\"query-input\":{\"@type\":\"PropertyValueSpecification\",\"valueRequired\":true,\"valueName\":\"search_term_string\"}}],\"inLanguage\":\"fr-FR\"},{\"@type\":\"Person\",\"@id\":\"https:\/\/www.africa-press.net\/cameroun\/#\/schema\/person\/2b1cf3cd81a31e3cd26889ca66d677f1\",\"name\":\"cfeditorfr\"}]}<\/script>\n<!-- \/ Yoast SEO Premium plugin. -->","yoast_head_json":{"title":"Caf\u00e9\u00a0: la fili\u00e8re fait les yeux doux aux consommateurs de la partie septentrionale du Cameroun - Cameroun","description":"Investir au Cameroun) - Le lancement de la campagne cafe\u0301ie\u0300re 2022-2023 au Cameroun a eu lieu le 15 mars 2023 a\u0300 Maroua ...","robots":{"index":"index","follow":"follow","max-snippet":"max-snippet:-1","max-image-preview":"max-image-preview:large","max-video-preview":"max-video-preview:-1"},"canonical":"https:\/\/www.africa-press.net\/cameroun\/economie\/cafe-la-filiere-fait-les-yeux-doux-aux-consommateurs-de-la-partie-septentrionale-du-cameroun","og_locale":"fr_FR","og_type":"article","og_title":"Caf\u00e9\u00a0: la fili\u00e8re fait les yeux doux aux consommateurs de la partie septentrionale du Cameroun","og_description":"Investir au Cameroun) - Le lancement de la campagne cafe\u0301ie\u0300re 2022-2023 au Cameroun a eu lieu le 15 mars 2023 a\u0300 Maroua ...","og_url":"https:\/\/www.africa-press.net\/cameroun\/economie\/cafe-la-filiere-fait-les-yeux-doux-aux-consommateurs-de-la-partie-septentrionale-du-cameroun","og_site_name":"Cameroun","article_published_time":"2023-03-17T17:16:44+00:00","article_modified_time":"2023-03-17T17:47:37+00:00","og_image":[{"width":720,"height":479,"url":"https:\/\/static.africa-press.net\/cameroun\/sites\/57\/2023\/03\/postQueueImg_1679060808.91.jpg","type":"image\/jpeg"}],"author":"cfeditorfr","twitter_card":"summary_large_image","twitter_misc":{"\u00c9crit par":"cfeditorfr","Dur\u00e9e de lecture estim\u00e9e":"2 minutes"},"schema":{"@context":"https:\/\/schema.org","@graph":[{"@type":"Article","@id":"https:\/\/www.africa-press.net\/cameroun\/economie\/cafe-la-filiere-fait-les-yeux-doux-aux-consommateurs-de-la-partie-septentrionale-du-cameroun#article","isPartOf":{"@id":"https:\/\/www.africa-press.net\/cameroun\/economie\/cafe-la-filiere-fait-les-yeux-doux-aux-consommateurs-de-la-partie-septentrionale-du-cameroun"},"author":{"name":"cfeditorfr","@id":"https:\/\/www.africa-press.net\/cameroun\/#\/schema\/person\/2b1cf3cd81a31e3cd26889ca66d677f1"},"headline":"Caf\u00e9\u00a0: la fili\u00e8re fait les yeux doux aux consommateurs de la partie septentrionale du Cameroun","datePublished":"2023-03-17T17:16:44+00:00","dateModified":"2023-03-17T17:47:37+00:00","mainEntityOfPage":{"@id":"https:\/\/www.africa-press.net\/cameroun\/economie\/cafe-la-filiere-fait-les-yeux-doux-aux-consommateurs-de-la-partie-septentrionale-du-cameroun"},"wordCount":355,"commentCount":0,"image":{"@id":"https:\/\/www.africa-press.net\/cameroun\/economie\/cafe-la-filiere-fait-les-yeux-doux-aux-consommateurs-de-la-partie-septentrionale-du-cameroun#primaryimage"},"thumbnailUrl":"https:\/\/static.africa-press.net\/cameroun\/sites\/57\/2023\/03\/postQueueImg_1679060808.91.jpg","keywords":["Africa Press","Africa Press-Cameroun","Cameroun"],"articleSection":["\u00c9conomie","Toutes les actualit\u00e9s"],"inLanguage":"fr-FR","potentialAction":[{"@type":"CommentAction","name":"Comment","target":["https:\/\/www.africa-press.net\/cameroun\/economie\/cafe-la-filiere-fait-les-yeux-doux-aux-consommateurs-de-la-partie-septentrionale-du-cameroun#respond"]}]},{"@type":"WebPage","@id":"https:\/\/www.africa-press.net\/cameroun\/economie\/cafe-la-filiere-fait-les-yeux-doux-aux-consommateurs-de-la-partie-septentrionale-du-cameroun","url":"https:\/\/www.africa-press.net\/cameroun\/economie\/cafe-la-filiere-fait-les-yeux-doux-aux-consommateurs-de-la-partie-septentrionale-du-cameroun","name":"Caf\u00e9\u00a0: la fili\u00e8re fait les yeux doux aux consommateurs de la partie septentrionale du Cameroun - Cameroun","isPartOf":{"@id":"https:\/\/www.africa-press.net\/cameroun\/#website"},"primaryImageOfPage":{"@id":"https:\/\/www.africa-press.net\/cameroun\/economie\/cafe-la-filiere-fait-les-yeux-doux-aux-consommateurs-de-la-partie-septentrionale-du-cameroun#primaryimage"},"image":{"@id":"https:\/\/www.africa-press.net\/cameroun\/economie\/cafe-la-filiere-fait-les-yeux-doux-aux-consommateurs-de-la-partie-septentrionale-du-cameroun#primaryimage"},"thumbnailUrl":"https:\/\/static.africa-press.net\/cameroun\/sites\/57\/2023\/03\/postQueueImg_1679060808.91.jpg","datePublished":"2023-03-17T17:16:44+00:00","dateModified":"2023-03-17T17:47:37+00:00","author":{"@id":"https:\/\/www.africa-press.net\/cameroun\/#\/schema\/person\/2b1cf3cd81a31e3cd26889ca66d677f1"},"description":"Investir au Cameroun) - Le lancement de la campagne cafe\u0301ie\u0300re 2022-2023 au Cameroun a eu lieu le 15 mars 2023 a\u0300 Maroua ...","breadcrumb":{"@id":"https:\/\/www.africa-press.net\/cameroun\/economie\/cafe-la-filiere-fait-les-yeux-doux-aux-consommateurs-de-la-partie-septentrionale-du-cameroun#breadcrumb"},"inLanguage":"fr-FR","potentialAction":[{"@type":"ReadAction","target":["https:\/\/www.africa-press.net\/cameroun\/economie\/cafe-la-filiere-fait-les-yeux-doux-aux-consommateurs-de-la-partie-septentrionale-du-cameroun"]}]},{"@type":"ImageObject","inLanguage":"fr-FR","@id":"https:\/\/www.africa-press.net\/cameroun\/economie\/cafe-la-filiere-fait-les-yeux-doux-aux-consommateurs-de-la-partie-septentrionale-du-cameroun#primaryimage","url":"https:\/\/static.africa-press.net\/cameroun\/sites\/57\/2023\/03\/postQueueImg_1679060808.91.jpg","contentUrl":"https:\/\/static.africa-press.net\/cameroun\/sites\/57\/2023\/03\/postQueueImg_1679060808.91.jpg","width":720,"height":479,"caption":"Caf\u00e9\u00a0: la fili\u00e8re fait les yeux doux aux consommateurs de la partie septentrionale du Cameroun"},{"@type":"BreadcrumbList","@id":"https:\/\/www.africa-press.net\/cameroun\/economie\/cafe-la-filiere-fait-les-yeux-doux-aux-consommateurs-de-la-partie-septentrionale-du-cameroun#breadcrumb","itemListElement":[{"@type":"ListItem","position":1,"name":"Accueil","item":"https:\/\/www.africa-press.net\/cameroun\/"},{"@type":"ListItem","position":2,"name":"Caf\u00e9\u00a0: la fili\u00e8re fait les yeux doux aux consommateurs de la partie septentrionale du Cameroun"}]},{"@type":"WebSite","@id":"https:\/\/www.africa-press.net\/cameroun\/#website","url":"https:\/\/www.africa-press.net\/cameroun\/","name":"Cameroun","description":"Just another Africa News Agency Sites site","potentialAction":[{"@type":"SearchAction","target":{"@type":"EntryPoint","urlTemplate":"https:\/\/www.africa-press.net\/cameroun\/?s={search_term_string}"},"query-input":{"@type":"PropertyValueSpecification","valueRequired":true,"valueName":"search_term_string"}}],"inLanguage":"fr-FR"},{"@type":"Person","@id":"https:\/\/www.africa-press.net\/cameroun\/#\/schema\/person\/2b1cf3cd81a31e3cd26889ca66d677f1","name":"cfeditorfr"}]}},"_links":{"self":[{"href":"https:\/\/www.africa-press.net\/cameroun\/wp-json\/wp\/v2\/posts\/39708","targetHints":{"allow":["GET"]}}],"collection":[{"href":"https:\/\/www.africa-press.net\/cameroun\/wp-json\/wp\/v2\/posts"}],"about":[{"href":"https:\/\/www.africa-press.net\/cameroun\/wp-json\/wp\/v2\/types\/post"}],"author":[{"embeddable":true,"href":"https:\/\/www.africa-press.net\/cameroun\/wp-json\/wp\/v2\/users\/82"}],"replies":[{"embeddable":true,"href":"https:\/\/www.africa-press.net\/cameroun\/wp-json\/wp\/v2\/comments?post=39708"}],"version-history":[{"count":0,"href":"https:\/\/www.africa-press.net\/cameroun\/wp-json\/wp\/v2\/posts\/39708\/revisions"}],"wp:featuredmedia":[{"embeddable":true,"href":"https:\/\/www.africa-press.net\/cameroun\/wp-json\/wp\/v2\/media\/39707"}],"wp:attachment":[{"href":"https:\/\/www.africa-press.net\/cameroun\/wp-json\/wp\/v2\/media?parent=39708"}],"wp:term":[{"taxonomy":"category","embeddable":true,"href":"https:\/\/www.africa-press.net\/cameroun\/wp-json\/wp\/v2\/categories?post=39708"},{"taxonomy":"post_tag","embeddable":true,"href":"https:\/\/www.africa-press.net\/cameroun\/wp-json\/wp\/v2\/tags?post=39708"}],"curies":[{"name":"wp","href":"https:\/\/api.w.org\/{rel}","templated":true}]}}