{"id":39712,"date":"2023-03-17T17:16:50","date_gmt":"2023-03-17T17:16:50","guid":{"rendered":"https:\/\/www.africa-press.net\/cameroun\/politique\/bancassurance-le-camerounais-issofa-nchare-integre-le-conseil-dadministration-du-groupe-sunu"},"modified":"2023-03-17T17:48:40","modified_gmt":"2023-03-17T17:48:40","slug":"bancassurance-le-camerounais-issofa-nchare-integre-le-conseil-dadministration-du-groupe-sunu","status":"publish","type":"post","link":"https:\/\/www.africa-press.net\/cameroun\/economie\/bancassurance-le-camerounais-issofa-nchare-integre-le-conseil-dadministration-du-groupe-sunu","title":{"rendered":"Bancassurance\u00a0: le Camerounais Issofa Nchar\u00e9 int\u00e8gre le Conseil d\u2019administration du groupe Sunu"},"content":{"rendered":"<p><span style=\"color: #ff6600\"><strong>Africa-Press &#8211; Cameroun. <\/strong><\/span>Investir au Cameroun) &#8211; Dans un communique\u0301 officiel, Sunu Participations, la holding qui chapeaute le groupe de bancassurance Sunu, pre\u0301sent dans 17 pays en Afrique centrale et de l\u2019Ouest, annonce la cooptation du juriste et e\u0301conomiste camerounais Issofa Nchare\u0301, au poste d\u2019administrateur inde\u0301pendant.<\/p>\n<p>M. Nchare\u0301 rebondit ainsi dans le monde de l\u2019assurance apre\u0300s avoir occupe\u0301 entre 2015 et 2020, le poste de secre\u0301taire ge\u0301ne\u0301ral de la Confe\u0301rence interafricaine des marche\u0301s d\u2019assurances (Cima), le re\u0301gulateur du secteur de l\u2019assurance dans 14 pays de l\u2019Afrique centrale et de l\u2019Ouest. Mais avant cette nomination, Issofa Nchare\u0301 a e\u0301te\u0301 le chef de la division des assurances au ministe\u0300re des Finances du Cameroun.<\/p>\n<p>C\u2019est donc un fin connaisseur du monde de l\u2019assurance, qui rejoint ainsi le groupe fonde\u0301 par le banquier se\u0301ne\u0301galais Papa Pathe\u0301 Dione, de\u0301ce\u0301de\u0301 le 12 janvier 2023 a\u0300 Paris, en France. Il e\u0301tait alors a\u0302ge\u0301 de 81 ans.<\/p>\n<p><strong>Pour plus d&rsquo;informations et d&rsquo;analyses sur la <a href=\"https:\/\/www.africa-press.net\/cameroun\">Cameroun<\/a>, suivez <a href=\"https:\/\/www.africa-press.net\/\">Africa-Press<\/a><\/strong><\/p>\n","protected":false},"excerpt":{"rendered":"<p>Africa-Press &#8211; Cameroun. Investir au Cameroun) &#8211; Dans un communique\u0301 officiel, Sunu Participations, la holding qui chapeaute le groupe de bancassurance Sunu, pre\u0301sent dans 17 pays en Afrique centrale et de l\u2019Ouest, annonce la cooptation du juriste et e\u0301conomiste camerounais Issofa Nchare\u0301, au poste d\u2019administrateur inde\u0301pendant. M. Nchare\u0301 rebondit ainsi dans le monde de l\u2019assurance [&hellip;]<\/p>\n","protected":false},"author":82,"featured_media":39710,"comment_status":"open","ping_status":"closed","sticky":false,"template":"","format":"standard","meta":{"footnotes":""},"categories":[3,10],"tags":[36,50,49],"class_list":["post-39712","post","type-post","status-publish","format-standard","has-post-thumbnail","hentry","category-economie","category-toutes-les-actualites","tag-africa-press","tag-africa-press-cameroun","tag-cameroun"],"yoast_head":"<!-- This site is optimized with the Yoast SEO Premium plugin v26.1 (Yoast SEO v27.0) - https:\/\/yoast.com\/product\/yoast-seo-premium-wordpress\/ -->\n<title>Bancassurance\u00a0: le Camerounais Issofa Nchar\u00e9 int\u00e8gre le Conseil d\u2019administration du groupe Sunu - Cameroun<\/title>\n<meta name=\"description\" content=\"Investir au Cameroun) - Dans un communique\u0301 officiel, Sunu Participations, la holding qui chapeaute le groupe de bancass ...\" \/>\n<meta name=\"robots\" content=\"index, follow, max-snippet:-1, max-image-preview:large, max-video-preview:-1\" \/>\n<link rel=\"canonical\" href=\"https:\/\/www.africa-press.net\/cameroun\/economie\/bancassurance-le-camerounais-issofa-nchare-integre-le-conseil-dadministration-du-groupe-sunu\" \/>\n<meta property=\"og:locale\" content=\"fr_FR\" \/>\n<meta property=\"og:type\" content=\"article\" \/>\n<meta property=\"og:title\" content=\"Bancassurance\u00a0: le Camerounais Issofa Nchar\u00e9 int\u00e8gre le Conseil d\u2019administration du groupe Sunu\" \/>\n<meta property=\"og:description\" content=\"Investir au Cameroun) - Dans un communique\u0301 officiel, Sunu Participations, la holding qui chapeaute le groupe de bancass ...\" \/>\n<meta property=\"og:url\" content=\"https:\/\/www.africa-press.net\/cameroun\/economie\/bancassurance-le-camerounais-issofa-nchare-integre-le-conseil-dadministration-du-groupe-sunu\" \/>\n<meta property=\"og:site_name\" content=\"Cameroun\" \/>\n<meta property=\"article:published_time\" content=\"2023-03-17T17:16:50+00:00\" \/>\n<meta property=\"article:modified_time\" content=\"2023-03-17T17:48:40+00:00\" \/>\n<meta property=\"og:image\" content=\"https:\/\/static.africa-press.net\/cameroun\/sites\/57\/2023\/03\/postQueueImg_1679060813.53.jpg\" \/>\n\t<meta property=\"og:image:width\" content=\"720\" \/>\n\t<meta property=\"og:image:height\" content=\"479\" \/>\n\t<meta property=\"og:image:type\" content=\"image\/jpeg\" \/>\n<meta name=\"author\" content=\"cfeditorfr\" \/>\n<meta name=\"twitter:card\" content=\"summary_large_image\" \/>\n<meta name=\"twitter:label1\" content=\"\u00c9crit par\" \/>\n\t<meta name=\"twitter:data1\" content=\"cfeditorfr\" \/>\n\t<meta name=\"twitter:label2\" content=\"Dur\u00e9e de lecture estim\u00e9e\" \/>\n\t<meta name=\"twitter:data2\" content=\"1 minute\" \/>\n<script type=\"application\/ld+json\" class=\"yoast-schema-graph\">{\"@context\":\"https:\/\/schema.org\",\"@graph\":[{\"@type\":\"Article\",\"@id\":\"https:\/\/www.africa-press.net\/cameroun\/economie\/bancassurance-le-camerounais-issofa-nchare-integre-le-conseil-dadministration-du-groupe-sunu#article\",\"isPartOf\":{\"@id\":\"https:\/\/www.africa-press.net\/cameroun\/economie\/bancassurance-le-camerounais-issofa-nchare-integre-le-conseil-dadministration-du-groupe-sunu\"},\"author\":{\"name\":\"cfeditorfr\",\"@id\":\"https:\/\/www.africa-press.net\/cameroun\/#\/schema\/person\/2b1cf3cd81a31e3cd26889ca66d677f1\"},\"headline\":\"Bancassurance\u00a0: le Camerounais Issofa Nchar\u00e9 int\u00e8gre le Conseil d\u2019administration du groupe Sunu\",\"datePublished\":\"2023-03-17T17:16:50+00:00\",\"dateModified\":\"2023-03-17T17:48:40+00:00\",\"mainEntityOfPage\":{\"@id\":\"https:\/\/www.africa-press.net\/cameroun\/economie\/bancassurance-le-camerounais-issofa-nchare-integre-le-conseil-dadministration-du-groupe-sunu\"},\"wordCount\":195,\"commentCount\":0,\"image\":{\"@id\":\"https:\/\/www.africa-press.net\/cameroun\/economie\/bancassurance-le-camerounais-issofa-nchare-integre-le-conseil-dadministration-du-groupe-sunu#primaryimage\"},\"thumbnailUrl\":\"https:\/\/static.africa-press.net\/cameroun\/sites\/57\/2023\/03\/postQueueImg_1679060813.53.jpg\",\"keywords\":[\"Africa Press\",\"Africa Press-Cameroun\",\"Cameroun\"],\"articleSection\":[\"\u00c9conomie\",\"Toutes les actualit\u00e9s\"],\"inLanguage\":\"fr-FR\",\"potentialAction\":[{\"@type\":\"CommentAction\",\"name\":\"Comment\",\"target\":[\"https:\/\/www.africa-press.net\/cameroun\/economie\/bancassurance-le-camerounais-issofa-nchare-integre-le-conseil-dadministration-du-groupe-sunu#respond\"]}]},{\"@type\":\"WebPage\",\"@id\":\"https:\/\/www.africa-press.net\/cameroun\/economie\/bancassurance-le-camerounais-issofa-nchare-integre-le-conseil-dadministration-du-groupe-sunu\",\"url\":\"https:\/\/www.africa-press.net\/cameroun\/economie\/bancassurance-le-camerounais-issofa-nchare-integre-le-conseil-dadministration-du-groupe-sunu\",\"name\":\"Bancassurance\u00a0: le Camerounais Issofa Nchar\u00e9 int\u00e8gre le Conseil d\u2019administration du groupe Sunu - Cameroun\",\"isPartOf\":{\"@id\":\"https:\/\/www.africa-press.net\/cameroun\/#website\"},\"primaryImageOfPage\":{\"@id\":\"https:\/\/www.africa-press.net\/cameroun\/economie\/bancassurance-le-camerounais-issofa-nchare-integre-le-conseil-dadministration-du-groupe-sunu#primaryimage\"},\"image\":{\"@id\":\"https:\/\/www.africa-press.net\/cameroun\/economie\/bancassurance-le-camerounais-issofa-nchare-integre-le-conseil-dadministration-du-groupe-sunu#primaryimage\"},\"thumbnailUrl\":\"https:\/\/static.africa-press.net\/cameroun\/sites\/57\/2023\/03\/postQueueImg_1679060813.53.jpg\",\"datePublished\":\"2023-03-17T17:16:50+00:00\",\"dateModified\":\"2023-03-17T17:48:40+00:00\",\"author\":{\"@id\":\"https:\/\/www.africa-press.net\/cameroun\/#\/schema\/person\/2b1cf3cd81a31e3cd26889ca66d677f1\"},\"description\":\"Investir au Cameroun) - Dans un communique\u0301 officiel, Sunu Participations, la holding qui chapeaute le groupe de bancass ...\",\"breadcrumb\":{\"@id\":\"https:\/\/www.africa-press.net\/cameroun\/economie\/bancassurance-le-camerounais-issofa-nchare-integre-le-conseil-dadministration-du-groupe-sunu#breadcrumb\"},\"inLanguage\":\"fr-FR\",\"potentialAction\":[{\"@type\":\"ReadAction\",\"target\":[\"https:\/\/www.africa-press.net\/cameroun\/economie\/bancassurance-le-camerounais-issofa-nchare-integre-le-conseil-dadministration-du-groupe-sunu\"]}]},{\"@type\":\"ImageObject\",\"inLanguage\":\"fr-FR\",\"@id\":\"https:\/\/www.africa-press.net\/cameroun\/economie\/bancassurance-le-camerounais-issofa-nchare-integre-le-conseil-dadministration-du-groupe-sunu#primaryimage\",\"url\":\"https:\/\/static.africa-press.net\/cameroun\/sites\/57\/2023\/03\/postQueueImg_1679060813.53.jpg\",\"contentUrl\":\"https:\/\/static.africa-press.net\/cameroun\/sites\/57\/2023\/03\/postQueueImg_1679060813.53.jpg\",\"width\":720,\"height\":479,\"caption\":\"Bancassurance\u00a0: le Camerounais Issofa Nchar\u00e9 int\u00e8gre le Conseil d\u2019administration du groupe Sunu\"},{\"@type\":\"BreadcrumbList\",\"@id\":\"https:\/\/www.africa-press.net\/cameroun\/economie\/bancassurance-le-camerounais-issofa-nchare-integre-le-conseil-dadministration-du-groupe-sunu#breadcrumb\",\"itemListElement\":[{\"@type\":\"ListItem\",\"position\":1,\"name\":\"Accueil\",\"item\":\"https:\/\/www.africa-press.net\/cameroun\/\"},{\"@type\":\"ListItem\",\"position\":2,\"name\":\"Bancassurance\u00a0: le Camerounais Issofa Nchar\u00e9 int\u00e8gre le Conseil d\u2019administration du groupe Sunu\"}]},{\"@type\":\"WebSite\",\"@id\":\"https:\/\/www.africa-press.net\/cameroun\/#website\",\"url\":\"https:\/\/www.africa-press.net\/cameroun\/\",\"name\":\"Cameroun\",\"description\":\"Just another Africa News Agency Sites site\",\"potentialAction\":[{\"@type\":\"SearchAction\",\"target\":{\"@type\":\"EntryPoint\",\"urlTemplate\":\"https:\/\/www.africa-press.net\/cameroun\/?s={search_term_string}\"},\"query-input\":{\"@type\":\"PropertyValueSpecification\",\"valueRequired\":true,\"valueName\":\"search_term_string\"}}],\"inLanguage\":\"fr-FR\"},{\"@type\":\"Person\",\"@id\":\"https:\/\/www.africa-press.net\/cameroun\/#\/schema\/person\/2b1cf3cd81a31e3cd26889ca66d677f1\",\"name\":\"cfeditorfr\"}]}<\/script>\n<!-- \/ Yoast SEO Premium plugin. -->","yoast_head_json":{"title":"Bancassurance\u00a0: le Camerounais Issofa Nchar\u00e9 int\u00e8gre le Conseil d\u2019administration du groupe Sunu - Cameroun","description":"Investir au Cameroun) - Dans un communique\u0301 officiel, Sunu Participations, la holding qui chapeaute le groupe de bancass ...","robots":{"index":"index","follow":"follow","max-snippet":"max-snippet:-1","max-image-preview":"max-image-preview:large","max-video-preview":"max-video-preview:-1"},"canonical":"https:\/\/www.africa-press.net\/cameroun\/economie\/bancassurance-le-camerounais-issofa-nchare-integre-le-conseil-dadministration-du-groupe-sunu","og_locale":"fr_FR","og_type":"article","og_title":"Bancassurance\u00a0: le Camerounais Issofa Nchar\u00e9 int\u00e8gre le Conseil d\u2019administration du groupe Sunu","og_description":"Investir au Cameroun) - Dans un communique\u0301 officiel, Sunu Participations, la holding qui chapeaute le groupe de bancass ...","og_url":"https:\/\/www.africa-press.net\/cameroun\/economie\/bancassurance-le-camerounais-issofa-nchare-integre-le-conseil-dadministration-du-groupe-sunu","og_site_name":"Cameroun","article_published_time":"2023-03-17T17:16:50+00:00","article_modified_time":"2023-03-17T17:48:40+00:00","og_image":[{"width":720,"height":479,"url":"https:\/\/static.africa-press.net\/cameroun\/sites\/57\/2023\/03\/postQueueImg_1679060813.53.jpg","type":"image\/jpeg"}],"author":"cfeditorfr","twitter_card":"summary_large_image","twitter_misc":{"\u00c9crit par":"cfeditorfr","Dur\u00e9e de lecture estim\u00e9e":"1 minute"},"schema":{"@context":"https:\/\/schema.org","@graph":[{"@type":"Article","@id":"https:\/\/www.africa-press.net\/cameroun\/economie\/bancassurance-le-camerounais-issofa-nchare-integre-le-conseil-dadministration-du-groupe-sunu#article","isPartOf":{"@id":"https:\/\/www.africa-press.net\/cameroun\/economie\/bancassurance-le-camerounais-issofa-nchare-integre-le-conseil-dadministration-du-groupe-sunu"},"author":{"name":"cfeditorfr","@id":"https:\/\/www.africa-press.net\/cameroun\/#\/schema\/person\/2b1cf3cd81a31e3cd26889ca66d677f1"},"headline":"Bancassurance\u00a0: le Camerounais Issofa Nchar\u00e9 int\u00e8gre le Conseil d\u2019administration du groupe Sunu","datePublished":"2023-03-17T17:16:50+00:00","dateModified":"2023-03-17T17:48:40+00:00","mainEntityOfPage":{"@id":"https:\/\/www.africa-press.net\/cameroun\/economie\/bancassurance-le-camerounais-issofa-nchare-integre-le-conseil-dadministration-du-groupe-sunu"},"wordCount":195,"commentCount":0,"image":{"@id":"https:\/\/www.africa-press.net\/cameroun\/economie\/bancassurance-le-camerounais-issofa-nchare-integre-le-conseil-dadministration-du-groupe-sunu#primaryimage"},"thumbnailUrl":"https:\/\/static.africa-press.net\/cameroun\/sites\/57\/2023\/03\/postQueueImg_1679060813.53.jpg","keywords":["Africa Press","Africa Press-Cameroun","Cameroun"],"articleSection":["\u00c9conomie","Toutes les actualit\u00e9s"],"inLanguage":"fr-FR","potentialAction":[{"@type":"CommentAction","name":"Comment","target":["https:\/\/www.africa-press.net\/cameroun\/economie\/bancassurance-le-camerounais-issofa-nchare-integre-le-conseil-dadministration-du-groupe-sunu#respond"]}]},{"@type":"WebPage","@id":"https:\/\/www.africa-press.net\/cameroun\/economie\/bancassurance-le-camerounais-issofa-nchare-integre-le-conseil-dadministration-du-groupe-sunu","url":"https:\/\/www.africa-press.net\/cameroun\/economie\/bancassurance-le-camerounais-issofa-nchare-integre-le-conseil-dadministration-du-groupe-sunu","name":"Bancassurance\u00a0: le Camerounais Issofa Nchar\u00e9 int\u00e8gre le Conseil d\u2019administration du groupe Sunu - Cameroun","isPartOf":{"@id":"https:\/\/www.africa-press.net\/cameroun\/#website"},"primaryImageOfPage":{"@id":"https:\/\/www.africa-press.net\/cameroun\/economie\/bancassurance-le-camerounais-issofa-nchare-integre-le-conseil-dadministration-du-groupe-sunu#primaryimage"},"image":{"@id":"https:\/\/www.africa-press.net\/cameroun\/economie\/bancassurance-le-camerounais-issofa-nchare-integre-le-conseil-dadministration-du-groupe-sunu#primaryimage"},"thumbnailUrl":"https:\/\/static.africa-press.net\/cameroun\/sites\/57\/2023\/03\/postQueueImg_1679060813.53.jpg","datePublished":"2023-03-17T17:16:50+00:00","dateModified":"2023-03-17T17:48:40+00:00","author":{"@id":"https:\/\/www.africa-press.net\/cameroun\/#\/schema\/person\/2b1cf3cd81a31e3cd26889ca66d677f1"},"description":"Investir au Cameroun) - Dans un communique\u0301 officiel, Sunu Participations, la holding qui chapeaute le groupe de bancass ...","breadcrumb":{"@id":"https:\/\/www.africa-press.net\/cameroun\/economie\/bancassurance-le-camerounais-issofa-nchare-integre-le-conseil-dadministration-du-groupe-sunu#breadcrumb"},"inLanguage":"fr-FR","potentialAction":[{"@type":"ReadAction","target":["https:\/\/www.africa-press.net\/cameroun\/economie\/bancassurance-le-camerounais-issofa-nchare-integre-le-conseil-dadministration-du-groupe-sunu"]}]},{"@type":"ImageObject","inLanguage":"fr-FR","@id":"https:\/\/www.africa-press.net\/cameroun\/economie\/bancassurance-le-camerounais-issofa-nchare-integre-le-conseil-dadministration-du-groupe-sunu#primaryimage","url":"https:\/\/static.africa-press.net\/cameroun\/sites\/57\/2023\/03\/postQueueImg_1679060813.53.jpg","contentUrl":"https:\/\/static.africa-press.net\/cameroun\/sites\/57\/2023\/03\/postQueueImg_1679060813.53.jpg","width":720,"height":479,"caption":"Bancassurance\u00a0: le Camerounais Issofa Nchar\u00e9 int\u00e8gre le Conseil d\u2019administration du groupe Sunu"},{"@type":"BreadcrumbList","@id":"https:\/\/www.africa-press.net\/cameroun\/economie\/bancassurance-le-camerounais-issofa-nchare-integre-le-conseil-dadministration-du-groupe-sunu#breadcrumb","itemListElement":[{"@type":"ListItem","position":1,"name":"Accueil","item":"https:\/\/www.africa-press.net\/cameroun\/"},{"@type":"ListItem","position":2,"name":"Bancassurance\u00a0: le Camerounais Issofa Nchar\u00e9 int\u00e8gre le Conseil d\u2019administration du groupe Sunu"}]},{"@type":"WebSite","@id":"https:\/\/www.africa-press.net\/cameroun\/#website","url":"https:\/\/www.africa-press.net\/cameroun\/","name":"Cameroun","description":"Just another Africa News Agency Sites site","potentialAction":[{"@type":"SearchAction","target":{"@type":"EntryPoint","urlTemplate":"https:\/\/www.africa-press.net\/cameroun\/?s={search_term_string}"},"query-input":{"@type":"PropertyValueSpecification","valueRequired":true,"valueName":"search_term_string"}}],"inLanguage":"fr-FR"},{"@type":"Person","@id":"https:\/\/www.africa-press.net\/cameroun\/#\/schema\/person\/2b1cf3cd81a31e3cd26889ca66d677f1","name":"cfeditorfr"}]}},"_links":{"self":[{"href":"https:\/\/www.africa-press.net\/cameroun\/wp-json\/wp\/v2\/posts\/39712","targetHints":{"allow":["GET"]}}],"collection":[{"href":"https:\/\/www.africa-press.net\/cameroun\/wp-json\/wp\/v2\/posts"}],"about":[{"href":"https:\/\/www.africa-press.net\/cameroun\/wp-json\/wp\/v2\/types\/post"}],"author":[{"embeddable":true,"href":"https:\/\/www.africa-press.net\/cameroun\/wp-json\/wp\/v2\/users\/82"}],"replies":[{"embeddable":true,"href":"https:\/\/www.africa-press.net\/cameroun\/wp-json\/wp\/v2\/comments?post=39712"}],"version-history":[{"count":0,"href":"https:\/\/www.africa-press.net\/cameroun\/wp-json\/wp\/v2\/posts\/39712\/revisions"}],"wp:featuredmedia":[{"embeddable":true,"href":"https:\/\/www.africa-press.net\/cameroun\/wp-json\/wp\/v2\/media\/39710"}],"wp:attachment":[{"href":"https:\/\/www.africa-press.net\/cameroun\/wp-json\/wp\/v2\/media?parent=39712"}],"wp:term":[{"taxonomy":"category","embeddable":true,"href":"https:\/\/www.africa-press.net\/cameroun\/wp-json\/wp\/v2\/categories?post=39712"},{"taxonomy":"post_tag","embeddable":true,"href":"https:\/\/www.africa-press.net\/cameroun\/wp-json\/wp\/v2\/tags?post=39712"}],"curies":[{"name":"wp","href":"https:\/\/api.w.org\/{rel}","templated":true}]}}