{"id":39717,"date":"2023-03-18T12:35:21","date_gmt":"2023-03-18T12:35:21","guid":{"rendered":"https:\/\/www.africa-press.net\/cameroun\/politique\/odeur-de-divorce-mvondo-ayolo-trahit-biya-en-plein-sommet-des-chefs-detats"},"modified":"2023-03-18T12:47:26","modified_gmt":"2023-03-18T12:47:26","slug":"odeur-de-divorce-mvondo-ayolo-trahit-biya-en-plein-sommet-des-chefs-detats","status":"publish","type":"post","link":"https:\/\/www.africa-press.net\/cameroun\/politique\/odeur-de-divorce-mvondo-ayolo-trahit-biya-en-plein-sommet-des-chefs-detats","title":{"rendered":"Odeur de divorce : Mvondo Ayolo trahit Biya en plein sommet des chefs d&rsquo;\u00c9tats"},"content":{"rendered":"<p><span style=\"color: #ff6600\"><strong>Africa-Press &#8211; Cameroun. <\/strong><\/span>Le leader camerounais Paul Biya a ouvert les travaux de la quinzie\u0300me session ordinaire de la Confe\u0301rence des chefs d\u2019E\u0301tats de la Communaute\u0301 e\u0301conomique et mone\u0301taire de l\u2019Afrique centrale (Cemac). L\u2019homme maintenant a\u0302ge\u0301 de quatre-vingt-dix (90) ans a encore fait l\u2019objet de surveillance particulie\u0300re.<\/p>\n<p>Et pour cause, l\u2019opinion publique avait a\u0300 c\u0153ur de savoir s\u2019il tient toujours debout comme un pre\u0301sident et quels sont ses plans pour les anne\u0301es a\u0300 venir, avec la grande e\u0301lection pre\u0301sidentielle pre\u0301vue pour 2025.<\/p>\n<p>Lors de son discours d\u2019ouverture, Paul Biya a reconnu que des attentes existent et qui doivent e\u0302tre releve\u0301s : \u00ab Les de\u0301fis qui nous interpellent dans notre marche vers l\u2019inte\u0301gration de nos pays sont nombreux et varie\u0301s. Le monde change. La Cemac ne saurait rester en marge de ce mouvement. Comme vous le savez, le monde est devenu un village plane\u0301taire. Les distances ne constituent plus un obstacle, les interconnexions s\u2019entreme\u0302lent et nous sommes tous devenus de\u0301pendants les uns des autres \u00bb.<\/p>\n<p>Le pre\u0301sident du Rassemblement de\u0301mocratique du peuple camerounais (RDPC) a reconnu que la \u00ab rencontre nous offre l\u2019occasion d\u2019examiner entre autres l\u2019e\u0301tat de mise en \u0153uvre du Programme des re\u0301formes e\u0301conomiques et financie\u0300res de la Cemac (PREF-Cemac) qui, je le rappelle, est, selon les experts la voie a\u0300 suivre pour consolider la vitalite\u0301 e\u0301conomique de notre sous-re\u0301gion. Elle nous permettra e\u0301galement d\u2019aborder les conse\u0301quences de la guerre russo-ukrainienne sur nos e\u0301conomies, mais aussi la rationalisation des deux communaute\u0301s re\u0301gionales e\u0301conomiques de l\u2019Afrique centrale, pour ne citer que ces points-la\u0300 \u00bb.<\/p>\n<p>Paul Biya a aussi regarde\u0301 son assistance dans les yeux pour lui avouer que \u00ab le bien-e\u0302tre de nos peuples fre\u0300res passe aussi par une inte\u0301gration harmonieuse de nos e\u0301conomies nationales a\u0300 travers la re\u0301alisation de nos projets structurants et inte\u0301grateurs. C\u2019est pourquoi le \u00ab\u00a0vieux lion\u00a0\u00bb estime qu\u2019il nous faudra mettre l\u2019accent sur la mise en \u0153uvre de notre programme e\u0301conomique re\u0301gional de deuxie\u0300me ge\u0301ne\u0301ration. Ce programme s\u2019articule autour d\u2019un portefeuille de douze projets inte\u0301grateurs prioritaires, susceptibles d\u2019acce\u0301le\u0301rer l\u2019inte\u0301gration physique et commerciale de la Cemac. Il nous faudra e\u0301galement acce\u0301le\u0301rer la mise en circulation du passeport biome\u0301trique Cemac. Toutes ces actions vont favoriser un meilleur maillage de nos E\u0301tats, une circulation accrue des hommes et des biens, ainsi qu\u2019une ame\u0301lioration de la performance de nos e\u0301conomies (&#8230;) \u00bb.<\/p>\n<p>Apre\u0300s la re\u0301union, le journaliste Re\u0301my Ngono a annonce\u0301 un rendez-vous pour un exorcisme d&rsquo;enfer pour parler du directeur du cabinet civil de la pre\u0301sidence de la Re\u0301publique Samuel Mvondo Ayolo qui \u00ab trahit Paul Biya en plein sommet des chefs d&rsquo;E\u0301tat de la Cemac \u00bb.<\/p>\n<p>L\u2019homme en exil n\u2019a pas donne\u0301 de de\u0301tails supple\u0301mentaires pour savoir de quoi est-il re\u0301ellement question mais les premie\u0300res indiscre\u0301tions font savoir que l\u2019acteur de\u0301cisionnaire Samuel Mvondo Ayolo a fait un grand lobbying dans la salle qui est perc\u0327u comme une tentative de court-circuiter le pre\u0301sident Paul Biya.<\/p>\n<p><strong>Pour plus d&rsquo;informations et d&rsquo;analyses sur la <a href=\"https:\/\/www.africa-press.net\/cameroun\">Cameroun<\/a>, suivez <a href=\"https:\/\/www.africa-press.net\/\">Africa-Press<\/a><\/strong><\/p>\n","protected":false},"excerpt":{"rendered":"<p>Africa-Press &#8211; Cameroun. Le leader camerounais Paul Biya a ouvert les travaux de la quinzie\u0300me session ordinaire de la Confe\u0301rence des chefs d\u2019E\u0301tats de la Communaute\u0301 e\u0301conomique et mone\u0301taire de l\u2019Afrique centrale (Cemac). L\u2019homme maintenant a\u0302ge\u0301 de quatre-vingt-dix (90) ans a encore fait l\u2019objet de surveillance particulie\u0300re. Et pour cause, l\u2019opinion publique avait a\u0300 c\u0153ur [&hellip;]<\/p>\n","protected":false},"author":82,"featured_media":39716,"comment_status":"open","ping_status":"closed","sticky":false,"template":"","format":"standard","meta":{"footnotes":""},"categories":[2,10],"tags":[36,50,49],"class_list":["post-39717","post","type-post","status-publish","format-standard","has-post-thumbnail","hentry","category-politique","category-toutes-les-actualites","tag-africa-press","tag-africa-press-cameroun","tag-cameroun"],"yoast_head":"<!-- This site is optimized with the Yoast SEO Premium plugin v26.1 (Yoast SEO v27.0) - https:\/\/yoast.com\/product\/yoast-seo-premium-wordpress\/ -->\n<title>Odeur de divorce : Mvondo Ayolo trahit Biya en plein sommet des chefs d&#039;\u00c9tats - Cameroun<\/title>\n<meta name=\"description\" content=\"Le leader camerounais Paul Biya a ouvert les travaux de la quinzie\u0300me session ordinaire de la Confe\u0301rence des chefs d\u2019E\u0301 ...\" \/>\n<meta name=\"robots\" content=\"index, follow, max-snippet:-1, max-image-preview:large, max-video-preview:-1\" \/>\n<link rel=\"canonical\" href=\"https:\/\/www.africa-press.net\/cameroun\/politique\/odeur-de-divorce-mvondo-ayolo-trahit-biya-en-plein-sommet-des-chefs-detats\" \/>\n<meta property=\"og:locale\" content=\"fr_FR\" \/>\n<meta property=\"og:type\" content=\"article\" \/>\n<meta property=\"og:title\" content=\"Odeur de divorce : Mvondo Ayolo trahit Biya en plein sommet des chefs d&#039;\u00c9tats\" \/>\n<meta property=\"og:description\" content=\"Le leader camerounais Paul Biya a ouvert les travaux de la quinzie\u0300me session ordinaire de la Confe\u0301rence des chefs d\u2019E\u0301 ...\" \/>\n<meta property=\"og:url\" content=\"https:\/\/www.africa-press.net\/cameroun\/politique\/odeur-de-divorce-mvondo-ayolo-trahit-biya-en-plein-sommet-des-chefs-detats\" \/>\n<meta property=\"og:site_name\" content=\"Cameroun\" \/>\n<meta property=\"article:published_time\" content=\"2023-03-18T12:35:21+00:00\" \/>\n<meta property=\"article:modified_time\" content=\"2023-03-18T12:47:26+00:00\" \/>\n<meta property=\"og:image\" content=\"https:\/\/static.africa-press.net\/cameroun\/sites\/57\/2023\/03\/postQueueImg_1679130326.03.jpg\" \/>\n\t<meta property=\"og:image:width\" content=\"720\" \/>\n\t<meta property=\"og:image:height\" content=\"478\" \/>\n\t<meta property=\"og:image:type\" content=\"image\/jpeg\" \/>\n<meta name=\"author\" content=\"cfeditorfr\" \/>\n<meta name=\"twitter:card\" content=\"summary_large_image\" \/>\n<meta name=\"twitter:label1\" content=\"\u00c9crit par\" \/>\n\t<meta name=\"twitter:data1\" content=\"cfeditorfr\" \/>\n\t<meta name=\"twitter:label2\" content=\"Dur\u00e9e de lecture estim\u00e9e\" \/>\n\t<meta name=\"twitter:data2\" content=\"3 minutes\" \/>\n<script type=\"application\/ld+json\" class=\"yoast-schema-graph\">{\"@context\":\"https:\/\/schema.org\",\"@graph\":[{\"@type\":\"Article\",\"@id\":\"https:\/\/www.africa-press.net\/cameroun\/politique\/odeur-de-divorce-mvondo-ayolo-trahit-biya-en-plein-sommet-des-chefs-detats#article\",\"isPartOf\":{\"@id\":\"https:\/\/www.africa-press.net\/cameroun\/politique\/odeur-de-divorce-mvondo-ayolo-trahit-biya-en-plein-sommet-des-chefs-detats\"},\"author\":{\"name\":\"cfeditorfr\",\"@id\":\"https:\/\/www.africa-press.net\/cameroun\/#\/schema\/person\/2b1cf3cd81a31e3cd26889ca66d677f1\"},\"headline\":\"Odeur de divorce : Mvondo Ayolo trahit Biya en plein sommet des chefs d&rsquo;\u00c9tats\",\"datePublished\":\"2023-03-18T12:35:21+00:00\",\"dateModified\":\"2023-03-18T12:47:26+00:00\",\"mainEntityOfPage\":{\"@id\":\"https:\/\/www.africa-press.net\/cameroun\/politique\/odeur-de-divorce-mvondo-ayolo-trahit-biya-en-plein-sommet-des-chefs-detats\"},\"wordCount\":588,\"commentCount\":0,\"image\":{\"@id\":\"https:\/\/www.africa-press.net\/cameroun\/politique\/odeur-de-divorce-mvondo-ayolo-trahit-biya-en-plein-sommet-des-chefs-detats#primaryimage\"},\"thumbnailUrl\":\"https:\/\/static.africa-press.net\/cameroun\/sites\/57\/2023\/03\/postQueueImg_1679130326.03.jpg\",\"keywords\":[\"Africa Press\",\"Africa Press-Cameroun\",\"Cameroun\"],\"articleSection\":[\"Politique\",\"Toutes les actualit\u00e9s\"],\"inLanguage\":\"fr-FR\",\"potentialAction\":[{\"@type\":\"CommentAction\",\"name\":\"Comment\",\"target\":[\"https:\/\/www.africa-press.net\/cameroun\/politique\/odeur-de-divorce-mvondo-ayolo-trahit-biya-en-plein-sommet-des-chefs-detats#respond\"]}]},{\"@type\":\"WebPage\",\"@id\":\"https:\/\/www.africa-press.net\/cameroun\/politique\/odeur-de-divorce-mvondo-ayolo-trahit-biya-en-plein-sommet-des-chefs-detats\",\"url\":\"https:\/\/www.africa-press.net\/cameroun\/politique\/odeur-de-divorce-mvondo-ayolo-trahit-biya-en-plein-sommet-des-chefs-detats\",\"name\":\"Odeur de divorce : Mvondo Ayolo trahit Biya en plein sommet des chefs d'\u00c9tats - Cameroun\",\"isPartOf\":{\"@id\":\"https:\/\/www.africa-press.net\/cameroun\/#website\"},\"primaryImageOfPage\":{\"@id\":\"https:\/\/www.africa-press.net\/cameroun\/politique\/odeur-de-divorce-mvondo-ayolo-trahit-biya-en-plein-sommet-des-chefs-detats#primaryimage\"},\"image\":{\"@id\":\"https:\/\/www.africa-press.net\/cameroun\/politique\/odeur-de-divorce-mvondo-ayolo-trahit-biya-en-plein-sommet-des-chefs-detats#primaryimage\"},\"thumbnailUrl\":\"https:\/\/static.africa-press.net\/cameroun\/sites\/57\/2023\/03\/postQueueImg_1679130326.03.jpg\",\"datePublished\":\"2023-03-18T12:35:21+00:00\",\"dateModified\":\"2023-03-18T12:47:26+00:00\",\"author\":{\"@id\":\"https:\/\/www.africa-press.net\/cameroun\/#\/schema\/person\/2b1cf3cd81a31e3cd26889ca66d677f1\"},\"description\":\"Le leader camerounais Paul Biya a ouvert les travaux de la quinzie\u0300me session ordinaire de la Confe\u0301rence des chefs d\u2019E\u0301 ...\",\"breadcrumb\":{\"@id\":\"https:\/\/www.africa-press.net\/cameroun\/politique\/odeur-de-divorce-mvondo-ayolo-trahit-biya-en-plein-sommet-des-chefs-detats#breadcrumb\"},\"inLanguage\":\"fr-FR\",\"potentialAction\":[{\"@type\":\"ReadAction\",\"target\":[\"https:\/\/www.africa-press.net\/cameroun\/politique\/odeur-de-divorce-mvondo-ayolo-trahit-biya-en-plein-sommet-des-chefs-detats\"]}]},{\"@type\":\"ImageObject\",\"inLanguage\":\"fr-FR\",\"@id\":\"https:\/\/www.africa-press.net\/cameroun\/politique\/odeur-de-divorce-mvondo-ayolo-trahit-biya-en-plein-sommet-des-chefs-detats#primaryimage\",\"url\":\"https:\/\/static.africa-press.net\/cameroun\/sites\/57\/2023\/03\/postQueueImg_1679130326.03.jpg\",\"contentUrl\":\"https:\/\/static.africa-press.net\/cameroun\/sites\/57\/2023\/03\/postQueueImg_1679130326.03.jpg\",\"width\":720,\"height\":478,\"caption\":\"Odeur de divorce : Mvondo Ayolo trahit Biya en plein sommet des chefs d'\u00c9tats\"},{\"@type\":\"BreadcrumbList\",\"@id\":\"https:\/\/www.africa-press.net\/cameroun\/politique\/odeur-de-divorce-mvondo-ayolo-trahit-biya-en-plein-sommet-des-chefs-detats#breadcrumb\",\"itemListElement\":[{\"@type\":\"ListItem\",\"position\":1,\"name\":\"Accueil\",\"item\":\"https:\/\/www.africa-press.net\/cameroun\/\"},{\"@type\":\"ListItem\",\"position\":2,\"name\":\"Odeur de divorce : Mvondo Ayolo trahit Biya en plein sommet des chefs d&rsquo;\u00c9tats\"}]},{\"@type\":\"WebSite\",\"@id\":\"https:\/\/www.africa-press.net\/cameroun\/#website\",\"url\":\"https:\/\/www.africa-press.net\/cameroun\/\",\"name\":\"Cameroun\",\"description\":\"Just another Africa News Agency Sites site\",\"potentialAction\":[{\"@type\":\"SearchAction\",\"target\":{\"@type\":\"EntryPoint\",\"urlTemplate\":\"https:\/\/www.africa-press.net\/cameroun\/?s={search_term_string}\"},\"query-input\":{\"@type\":\"PropertyValueSpecification\",\"valueRequired\":true,\"valueName\":\"search_term_string\"}}],\"inLanguage\":\"fr-FR\"},{\"@type\":\"Person\",\"@id\":\"https:\/\/www.africa-press.net\/cameroun\/#\/schema\/person\/2b1cf3cd81a31e3cd26889ca66d677f1\",\"name\":\"cfeditorfr\"}]}<\/script>\n<!-- \/ Yoast SEO Premium plugin. -->","yoast_head_json":{"title":"Odeur de divorce : Mvondo Ayolo trahit Biya en plein sommet des chefs d'\u00c9tats - Cameroun","description":"Le leader camerounais Paul Biya a ouvert les travaux de la quinzie\u0300me session ordinaire de la Confe\u0301rence des chefs d\u2019E\u0301 ...","robots":{"index":"index","follow":"follow","max-snippet":"max-snippet:-1","max-image-preview":"max-image-preview:large","max-video-preview":"max-video-preview:-1"},"canonical":"https:\/\/www.africa-press.net\/cameroun\/politique\/odeur-de-divorce-mvondo-ayolo-trahit-biya-en-plein-sommet-des-chefs-detats","og_locale":"fr_FR","og_type":"article","og_title":"Odeur de divorce : Mvondo Ayolo trahit Biya en plein sommet des chefs d'\u00c9tats","og_description":"Le leader camerounais Paul Biya a ouvert les travaux de la quinzie\u0300me session ordinaire de la Confe\u0301rence des chefs d\u2019E\u0301 ...","og_url":"https:\/\/www.africa-press.net\/cameroun\/politique\/odeur-de-divorce-mvondo-ayolo-trahit-biya-en-plein-sommet-des-chefs-detats","og_site_name":"Cameroun","article_published_time":"2023-03-18T12:35:21+00:00","article_modified_time":"2023-03-18T12:47:26+00:00","og_image":[{"width":720,"height":478,"url":"https:\/\/static.africa-press.net\/cameroun\/sites\/57\/2023\/03\/postQueueImg_1679130326.03.jpg","type":"image\/jpeg"}],"author":"cfeditorfr","twitter_card":"summary_large_image","twitter_misc":{"\u00c9crit par":"cfeditorfr","Dur\u00e9e de lecture estim\u00e9e":"3 minutes"},"schema":{"@context":"https:\/\/schema.org","@graph":[{"@type":"Article","@id":"https:\/\/www.africa-press.net\/cameroun\/politique\/odeur-de-divorce-mvondo-ayolo-trahit-biya-en-plein-sommet-des-chefs-detats#article","isPartOf":{"@id":"https:\/\/www.africa-press.net\/cameroun\/politique\/odeur-de-divorce-mvondo-ayolo-trahit-biya-en-plein-sommet-des-chefs-detats"},"author":{"name":"cfeditorfr","@id":"https:\/\/www.africa-press.net\/cameroun\/#\/schema\/person\/2b1cf3cd81a31e3cd26889ca66d677f1"},"headline":"Odeur de divorce : Mvondo Ayolo trahit Biya en plein sommet des chefs d&rsquo;\u00c9tats","datePublished":"2023-03-18T12:35:21+00:00","dateModified":"2023-03-18T12:47:26+00:00","mainEntityOfPage":{"@id":"https:\/\/www.africa-press.net\/cameroun\/politique\/odeur-de-divorce-mvondo-ayolo-trahit-biya-en-plein-sommet-des-chefs-detats"},"wordCount":588,"commentCount":0,"image":{"@id":"https:\/\/www.africa-press.net\/cameroun\/politique\/odeur-de-divorce-mvondo-ayolo-trahit-biya-en-plein-sommet-des-chefs-detats#primaryimage"},"thumbnailUrl":"https:\/\/static.africa-press.net\/cameroun\/sites\/57\/2023\/03\/postQueueImg_1679130326.03.jpg","keywords":["Africa Press","Africa Press-Cameroun","Cameroun"],"articleSection":["Politique","Toutes les actualit\u00e9s"],"inLanguage":"fr-FR","potentialAction":[{"@type":"CommentAction","name":"Comment","target":["https:\/\/www.africa-press.net\/cameroun\/politique\/odeur-de-divorce-mvondo-ayolo-trahit-biya-en-plein-sommet-des-chefs-detats#respond"]}]},{"@type":"WebPage","@id":"https:\/\/www.africa-press.net\/cameroun\/politique\/odeur-de-divorce-mvondo-ayolo-trahit-biya-en-plein-sommet-des-chefs-detats","url":"https:\/\/www.africa-press.net\/cameroun\/politique\/odeur-de-divorce-mvondo-ayolo-trahit-biya-en-plein-sommet-des-chefs-detats","name":"Odeur de divorce : Mvondo Ayolo trahit Biya en plein sommet des chefs d'\u00c9tats - Cameroun","isPartOf":{"@id":"https:\/\/www.africa-press.net\/cameroun\/#website"},"primaryImageOfPage":{"@id":"https:\/\/www.africa-press.net\/cameroun\/politique\/odeur-de-divorce-mvondo-ayolo-trahit-biya-en-plein-sommet-des-chefs-detats#primaryimage"},"image":{"@id":"https:\/\/www.africa-press.net\/cameroun\/politique\/odeur-de-divorce-mvondo-ayolo-trahit-biya-en-plein-sommet-des-chefs-detats#primaryimage"},"thumbnailUrl":"https:\/\/static.africa-press.net\/cameroun\/sites\/57\/2023\/03\/postQueueImg_1679130326.03.jpg","datePublished":"2023-03-18T12:35:21+00:00","dateModified":"2023-03-18T12:47:26+00:00","author":{"@id":"https:\/\/www.africa-press.net\/cameroun\/#\/schema\/person\/2b1cf3cd81a31e3cd26889ca66d677f1"},"description":"Le leader camerounais Paul Biya a ouvert les travaux de la quinzie\u0300me session ordinaire de la Confe\u0301rence des chefs d\u2019E\u0301 ...","breadcrumb":{"@id":"https:\/\/www.africa-press.net\/cameroun\/politique\/odeur-de-divorce-mvondo-ayolo-trahit-biya-en-plein-sommet-des-chefs-detats#breadcrumb"},"inLanguage":"fr-FR","potentialAction":[{"@type":"ReadAction","target":["https:\/\/www.africa-press.net\/cameroun\/politique\/odeur-de-divorce-mvondo-ayolo-trahit-biya-en-plein-sommet-des-chefs-detats"]}]},{"@type":"ImageObject","inLanguage":"fr-FR","@id":"https:\/\/www.africa-press.net\/cameroun\/politique\/odeur-de-divorce-mvondo-ayolo-trahit-biya-en-plein-sommet-des-chefs-detats#primaryimage","url":"https:\/\/static.africa-press.net\/cameroun\/sites\/57\/2023\/03\/postQueueImg_1679130326.03.jpg","contentUrl":"https:\/\/static.africa-press.net\/cameroun\/sites\/57\/2023\/03\/postQueueImg_1679130326.03.jpg","width":720,"height":478,"caption":"Odeur de divorce : Mvondo Ayolo trahit Biya en plein sommet des chefs d'\u00c9tats"},{"@type":"BreadcrumbList","@id":"https:\/\/www.africa-press.net\/cameroun\/politique\/odeur-de-divorce-mvondo-ayolo-trahit-biya-en-plein-sommet-des-chefs-detats#breadcrumb","itemListElement":[{"@type":"ListItem","position":1,"name":"Accueil","item":"https:\/\/www.africa-press.net\/cameroun\/"},{"@type":"ListItem","position":2,"name":"Odeur de divorce : Mvondo Ayolo trahit Biya en plein sommet des chefs d&rsquo;\u00c9tats"}]},{"@type":"WebSite","@id":"https:\/\/www.africa-press.net\/cameroun\/#website","url":"https:\/\/www.africa-press.net\/cameroun\/","name":"Cameroun","description":"Just another Africa News Agency Sites site","potentialAction":[{"@type":"SearchAction","target":{"@type":"EntryPoint","urlTemplate":"https:\/\/www.africa-press.net\/cameroun\/?s={search_term_string}"},"query-input":{"@type":"PropertyValueSpecification","valueRequired":true,"valueName":"search_term_string"}}],"inLanguage":"fr-FR"},{"@type":"Person","@id":"https:\/\/www.africa-press.net\/cameroun\/#\/schema\/person\/2b1cf3cd81a31e3cd26889ca66d677f1","name":"cfeditorfr"}]}},"_links":{"self":[{"href":"https:\/\/www.africa-press.net\/cameroun\/wp-json\/wp\/v2\/posts\/39717","targetHints":{"allow":["GET"]}}],"collection":[{"href":"https:\/\/www.africa-press.net\/cameroun\/wp-json\/wp\/v2\/posts"}],"about":[{"href":"https:\/\/www.africa-press.net\/cameroun\/wp-json\/wp\/v2\/types\/post"}],"author":[{"embeddable":true,"href":"https:\/\/www.africa-press.net\/cameroun\/wp-json\/wp\/v2\/users\/82"}],"replies":[{"embeddable":true,"href":"https:\/\/www.africa-press.net\/cameroun\/wp-json\/wp\/v2\/comments?post=39717"}],"version-history":[{"count":0,"href":"https:\/\/www.africa-press.net\/cameroun\/wp-json\/wp\/v2\/posts\/39717\/revisions"}],"wp:featuredmedia":[{"embeddable":true,"href":"https:\/\/www.africa-press.net\/cameroun\/wp-json\/wp\/v2\/media\/39716"}],"wp:attachment":[{"href":"https:\/\/www.africa-press.net\/cameroun\/wp-json\/wp\/v2\/media?parent=39717"}],"wp:term":[{"taxonomy":"category","embeddable":true,"href":"https:\/\/www.africa-press.net\/cameroun\/wp-json\/wp\/v2\/categories?post=39717"},{"taxonomy":"post_tag","embeddable":true,"href":"https:\/\/www.africa-press.net\/cameroun\/wp-json\/wp\/v2\/tags?post=39717"}],"curies":[{"name":"wp","href":"https:\/\/api.w.org\/{rel}","templated":true}]}}