{"id":39728,"date":"2023-03-18T18:57:11","date_gmt":"2023-03-18T18:57:11","guid":{"rendered":"https:\/\/www.africa-press.net\/cameroun\/politique\/cest-scelle-remy-ngono-confirme-le-successeur-designe-par-biya"},"modified":"2023-03-18T19:18:00","modified_gmt":"2023-03-18T19:18:00","slug":"cest-scelle-remy-ngono-confirme-le-successeur-designe-par-biya","status":"publish","type":"post","link":"https:\/\/www.africa-press.net\/cameroun\/politique\/cest-scelle-remy-ngono-confirme-le-successeur-designe-par-biya","title":{"rendered":"C&rsquo;est scell\u00e9 : R\u00e9my Ngono confirme le successeur d\u00e9sign\u00e9 par Biya"},"content":{"rendered":"<p><span style=\"color: #ff6600\"><strong>Africa-Press &#8211; Cameroun. <\/strong><\/span>C\u2019e\u0301tait un facteur inconnu X. Mais plus on se rapproche de 2025 marque\u0301e au vert dans le calendrier politique comme l\u2019anne\u0301e de la grande e\u0301lection pre\u0301sidentielle au Cameroun, les doutes semblent rapidement s\u2019e\u0301tioler. Sauf retournement improbable de situation, Paul Biya (90 ans) devrait se retirer ou se rendre au village comme lui-me\u0302me aime si bien le dire.<\/p>\n<p>Mais alors, qui pour le remplacer a\u0300 la te\u0302te du parti actuellement au pouvoir, le Rassemblement de\u0301mocratique du peuple camerounais (RDPC) ? C\u2019est la\u0300 toute la question. Lors d\u2019une visite du pre\u0301sident franc\u0327ais Emmanuel Macron a\u0300 Yaounde\u0301, les journalistes invite\u0301s avaient aborde\u0301 le sujet avec Paul Biya qui a succe\u0301de\u0301 a\u0300 Ahmadou Ahidjo en 1982.<\/p>\n<p>Le chef de l\u2019E\u0301tat avait indique\u0301 qu\u2019il avait encore quelques anne\u0301es devant lui a\u0300 diriger le pays et que lorsque le moment d\u2019annoncer sa de\u0301cision arrivera, il le fera. C\u2019est alors que tout le monde saura s\u2019il se repre\u0301sente ou s\u2019il de\u0301cide de se rendre au village. Cela avait eu le me\u0301rite de faire rire les hommes et femmes pre\u0301sents dans la salle au moment des e\u0301changes.<\/p>\n<p>Paul Biya a des difficulte\u0301s notoires a\u0300 apparai\u0302tre en public. Il n\u2019a plus la force ne\u0301cessaire. Les difficulte\u0301s a\u0300 s\u2019exprimer sont visibles et son clan limite autant que faire se peut ses interventions. Son fils Emmanuel Franck Biya a longtemps e\u0301te\u0301 cite\u0301 comme son successeur sur le \u00ab\u00a0tro\u0302ne\u00a0\u00bb.<\/p>\n<p>La quinzie\u0300me session ordinaire de la confe\u0301rence des chefs d\u2019E\u0301tats de la Communaute\u0301 e\u0301conomique et mone\u0301taire de l\u2019Afrique centrale (Cemac) a permis aux observateurs avise\u0301s de tirer leurs propres conclusions. Les faits et gestes de Paul Biya et ses collaborateurs ont e\u0301te\u0301 scrute\u0301s.<\/p>\n<p>\u00ab Emmanuel Franck Biya a e\u0301te\u0301 pre\u0301sente\u0301 officiellement comme successeur. C&rsquo;est confirme\u0301. Paul Biya pre\u0301pare le passage en force de son fils Emmanuel Franck Biya au palais d&rsquo;Etoudi \u00bb, affirme le journaliste en exil Re\u0301my Ngono qui ne quitte jamais les actualite\u0301s de la sce\u0300ne sociopolitique camerounaise.<\/p>\n<p>Jorel Jacques Zang, l&rsquo;activiste d\u2019habitude bien informe\u0301 alerte aussi que l\u2019he\u0301ritier \u00ab Emmanuel Franck Biya a e\u0301te\u0301 officiellement pre\u0301sente\u0301 a\u0300 tous les chefs d&rsquo;E\u0301tats de la Cemac comme principal collaborateur politique de son pe\u0300re. C&rsquo;est exactement comme c\u0327a qu&rsquo;il est nomme\u0301 dans les milieux politiques camerounais et internationaux \u00bb.<\/p>\n<p>Tout indique que la succession entre pe\u0300re et fils va s\u2019ope\u0301rer a\u0300 la te\u0302te du parti, et ce en de\u0301pit des de\u0301saccords de quelques personnes bien place\u0301es dans l\u2019entourage de Paul Biya qui sait en leur for inte\u0301rieur qu\u2019elles me\u0301ritent plus de diriger que le \u00ab\u00a0petit\u00a0\u00bb Emmanuel Franck Biya.<\/p>\n<p>Est-ce qu\u2019il va avoir le soutien ne\u0301cessaire pour gagner la pre\u0301sidentielle si c\u2019est lui qui est confirme\u0301 a\u0300 la te\u0302te du parti ? C\u2019est une tout autre histoire.<\/p>\n<p><strong>Pour plus d&rsquo;informations et d&rsquo;analyses sur la <a href=\"https:\/\/www.africa-press.net\/cameroun\">Cameroun<\/a>, suivez <a href=\"https:\/\/www.africa-press.net\/\">Africa-Press<\/a><\/strong><\/p>\n","protected":false},"excerpt":{"rendered":"<p>Africa-Press &#8211; Cameroun. C\u2019e\u0301tait un facteur inconnu X. Mais plus on se rapproche de 2025 marque\u0301e au vert dans le calendrier politique comme l\u2019anne\u0301e de la grande e\u0301lection pre\u0301sidentielle au Cameroun, les doutes semblent rapidement s\u2019e\u0301tioler. Sauf retournement improbable de situation, Paul Biya (90 ans) devrait se retirer ou se rendre au village comme lui-me\u0302me [&hellip;]<\/p>\n","protected":false},"author":82,"featured_media":39727,"comment_status":"open","ping_status":"closed","sticky":false,"template":"","format":"standard","meta":{"footnotes":""},"categories":[2,10],"tags":[36,50,49],"class_list":["post-39728","post","type-post","status-publish","format-standard","has-post-thumbnail","hentry","category-politique","category-toutes-les-actualites","tag-africa-press","tag-africa-press-cameroun","tag-cameroun"],"yoast_head":"<!-- This site is optimized with the Yoast SEO Premium plugin v26.1 (Yoast SEO v27.0) - https:\/\/yoast.com\/product\/yoast-seo-premium-wordpress\/ -->\n<title>C&#039;est scell\u00e9 : R\u00e9my Ngono confirme le successeur d\u00e9sign\u00e9 par Biya - Cameroun<\/title>\n<meta name=\"description\" content=\"C\u2019e\u0301tait un facteur inconnu X. Mais plus on se rapproche de 2025 marque\u0301e au vert dans le calendrier politique comme l\u2019a ...\" \/>\n<meta name=\"robots\" content=\"index, follow, max-snippet:-1, max-image-preview:large, max-video-preview:-1\" \/>\n<link rel=\"canonical\" href=\"https:\/\/www.africa-press.net\/cameroun\/politique\/cest-scelle-remy-ngono-confirme-le-successeur-designe-par-biya\" \/>\n<meta property=\"og:locale\" content=\"fr_FR\" \/>\n<meta property=\"og:type\" content=\"article\" \/>\n<meta property=\"og:title\" content=\"C&#039;est scell\u00e9 : R\u00e9my Ngono confirme le successeur d\u00e9sign\u00e9 par Biya\" \/>\n<meta property=\"og:description\" content=\"C\u2019e\u0301tait un facteur inconnu X. Mais plus on se rapproche de 2025 marque\u0301e au vert dans le calendrier politique comme l\u2019a ...\" \/>\n<meta property=\"og:url\" content=\"https:\/\/www.africa-press.net\/cameroun\/politique\/cest-scelle-remy-ngono-confirme-le-successeur-designe-par-biya\" \/>\n<meta property=\"og:site_name\" content=\"Cameroun\" \/>\n<meta property=\"article:published_time\" content=\"2023-03-18T18:57:11+00:00\" \/>\n<meta property=\"article:modified_time\" content=\"2023-03-18T19:18:00+00:00\" \/>\n<meta property=\"og:image\" content=\"https:\/\/static.africa-press.net\/cameroun\/sites\/57\/2023\/03\/postQueueImg_1679153235.88.jpg\" \/>\n\t<meta property=\"og:image:width\" content=\"720\" \/>\n\t<meta property=\"og:image:height\" content=\"494\" \/>\n\t<meta property=\"og:image:type\" content=\"image\/jpeg\" \/>\n<meta name=\"author\" content=\"cfeditorfr\" \/>\n<meta name=\"twitter:card\" content=\"summary_large_image\" \/>\n<meta name=\"twitter:label1\" content=\"\u00c9crit par\" \/>\n\t<meta name=\"twitter:data1\" content=\"cfeditorfr\" \/>\n\t<meta name=\"twitter:label2\" content=\"Dur\u00e9e de lecture estim\u00e9e\" \/>\n\t<meta name=\"twitter:data2\" content=\"3 minutes\" \/>\n<script type=\"application\/ld+json\" class=\"yoast-schema-graph\">{\"@context\":\"https:\/\/schema.org\",\"@graph\":[{\"@type\":\"Article\",\"@id\":\"https:\/\/www.africa-press.net\/cameroun\/politique\/cest-scelle-remy-ngono-confirme-le-successeur-designe-par-biya#article\",\"isPartOf\":{\"@id\":\"https:\/\/www.africa-press.net\/cameroun\/politique\/cest-scelle-remy-ngono-confirme-le-successeur-designe-par-biya\"},\"author\":{\"name\":\"cfeditorfr\",\"@id\":\"https:\/\/www.africa-press.net\/cameroun\/#\/schema\/person\/2b1cf3cd81a31e3cd26889ca66d677f1\"},\"headline\":\"C&rsquo;est scell\u00e9 : R\u00e9my Ngono confirme le successeur d\u00e9sign\u00e9 par Biya\",\"datePublished\":\"2023-03-18T18:57:11+00:00\",\"dateModified\":\"2023-03-18T19:18:00+00:00\",\"mainEntityOfPage\":{\"@id\":\"https:\/\/www.africa-press.net\/cameroun\/politique\/cest-scelle-remy-ngono-confirme-le-successeur-designe-par-biya\"},\"wordCount\":549,\"commentCount\":0,\"image\":{\"@id\":\"https:\/\/www.africa-press.net\/cameroun\/politique\/cest-scelle-remy-ngono-confirme-le-successeur-designe-par-biya#primaryimage\"},\"thumbnailUrl\":\"https:\/\/static.africa-press.net\/cameroun\/sites\/57\/2023\/03\/postQueueImg_1679153235.88.jpg\",\"keywords\":[\"Africa Press\",\"Africa Press-Cameroun\",\"Cameroun\"],\"articleSection\":[\"Politique\",\"Toutes les actualit\u00e9s\"],\"inLanguage\":\"fr-FR\",\"potentialAction\":[{\"@type\":\"CommentAction\",\"name\":\"Comment\",\"target\":[\"https:\/\/www.africa-press.net\/cameroun\/politique\/cest-scelle-remy-ngono-confirme-le-successeur-designe-par-biya#respond\"]}]},{\"@type\":\"WebPage\",\"@id\":\"https:\/\/www.africa-press.net\/cameroun\/politique\/cest-scelle-remy-ngono-confirme-le-successeur-designe-par-biya\",\"url\":\"https:\/\/www.africa-press.net\/cameroun\/politique\/cest-scelle-remy-ngono-confirme-le-successeur-designe-par-biya\",\"name\":\"C'est scell\u00e9 : R\u00e9my Ngono confirme le successeur d\u00e9sign\u00e9 par Biya - Cameroun\",\"isPartOf\":{\"@id\":\"https:\/\/www.africa-press.net\/cameroun\/#website\"},\"primaryImageOfPage\":{\"@id\":\"https:\/\/www.africa-press.net\/cameroun\/politique\/cest-scelle-remy-ngono-confirme-le-successeur-designe-par-biya#primaryimage\"},\"image\":{\"@id\":\"https:\/\/www.africa-press.net\/cameroun\/politique\/cest-scelle-remy-ngono-confirme-le-successeur-designe-par-biya#primaryimage\"},\"thumbnailUrl\":\"https:\/\/static.africa-press.net\/cameroun\/sites\/57\/2023\/03\/postQueueImg_1679153235.88.jpg\",\"datePublished\":\"2023-03-18T18:57:11+00:00\",\"dateModified\":\"2023-03-18T19:18:00+00:00\",\"author\":{\"@id\":\"https:\/\/www.africa-press.net\/cameroun\/#\/schema\/person\/2b1cf3cd81a31e3cd26889ca66d677f1\"},\"description\":\"C\u2019e\u0301tait un facteur inconnu X. Mais plus on se rapproche de 2025 marque\u0301e au vert dans le calendrier politique comme l\u2019a ...\",\"breadcrumb\":{\"@id\":\"https:\/\/www.africa-press.net\/cameroun\/politique\/cest-scelle-remy-ngono-confirme-le-successeur-designe-par-biya#breadcrumb\"},\"inLanguage\":\"fr-FR\",\"potentialAction\":[{\"@type\":\"ReadAction\",\"target\":[\"https:\/\/www.africa-press.net\/cameroun\/politique\/cest-scelle-remy-ngono-confirme-le-successeur-designe-par-biya\"]}]},{\"@type\":\"ImageObject\",\"inLanguage\":\"fr-FR\",\"@id\":\"https:\/\/www.africa-press.net\/cameroun\/politique\/cest-scelle-remy-ngono-confirme-le-successeur-designe-par-biya#primaryimage\",\"url\":\"https:\/\/static.africa-press.net\/cameroun\/sites\/57\/2023\/03\/postQueueImg_1679153235.88.jpg\",\"contentUrl\":\"https:\/\/static.africa-press.net\/cameroun\/sites\/57\/2023\/03\/postQueueImg_1679153235.88.jpg\",\"width\":720,\"height\":494,\"caption\":\"C'est scell\u00e9 : R\u00e9my Ngono confirme le successeur d\u00e9sign\u00e9 par Biya\"},{\"@type\":\"BreadcrumbList\",\"@id\":\"https:\/\/www.africa-press.net\/cameroun\/politique\/cest-scelle-remy-ngono-confirme-le-successeur-designe-par-biya#breadcrumb\",\"itemListElement\":[{\"@type\":\"ListItem\",\"position\":1,\"name\":\"Accueil\",\"item\":\"https:\/\/www.africa-press.net\/cameroun\/\"},{\"@type\":\"ListItem\",\"position\":2,\"name\":\"C&rsquo;est scell\u00e9 : R\u00e9my Ngono confirme le successeur d\u00e9sign\u00e9 par Biya\"}]},{\"@type\":\"WebSite\",\"@id\":\"https:\/\/www.africa-press.net\/cameroun\/#website\",\"url\":\"https:\/\/www.africa-press.net\/cameroun\/\",\"name\":\"Cameroun\",\"description\":\"Just another Africa News Agency Sites site\",\"potentialAction\":[{\"@type\":\"SearchAction\",\"target\":{\"@type\":\"EntryPoint\",\"urlTemplate\":\"https:\/\/www.africa-press.net\/cameroun\/?s={search_term_string}\"},\"query-input\":{\"@type\":\"PropertyValueSpecification\",\"valueRequired\":true,\"valueName\":\"search_term_string\"}}],\"inLanguage\":\"fr-FR\"},{\"@type\":\"Person\",\"@id\":\"https:\/\/www.africa-press.net\/cameroun\/#\/schema\/person\/2b1cf3cd81a31e3cd26889ca66d677f1\",\"name\":\"cfeditorfr\"}]}<\/script>\n<!-- \/ Yoast SEO Premium plugin. -->","yoast_head_json":{"title":"C'est scell\u00e9 : R\u00e9my Ngono confirme le successeur d\u00e9sign\u00e9 par Biya - Cameroun","description":"C\u2019e\u0301tait un facteur inconnu X. Mais plus on se rapproche de 2025 marque\u0301e au vert dans le calendrier politique comme l\u2019a ...","robots":{"index":"index","follow":"follow","max-snippet":"max-snippet:-1","max-image-preview":"max-image-preview:large","max-video-preview":"max-video-preview:-1"},"canonical":"https:\/\/www.africa-press.net\/cameroun\/politique\/cest-scelle-remy-ngono-confirme-le-successeur-designe-par-biya","og_locale":"fr_FR","og_type":"article","og_title":"C'est scell\u00e9 : R\u00e9my Ngono confirme le successeur d\u00e9sign\u00e9 par Biya","og_description":"C\u2019e\u0301tait un facteur inconnu X. Mais plus on se rapproche de 2025 marque\u0301e au vert dans le calendrier politique comme l\u2019a ...","og_url":"https:\/\/www.africa-press.net\/cameroun\/politique\/cest-scelle-remy-ngono-confirme-le-successeur-designe-par-biya","og_site_name":"Cameroun","article_published_time":"2023-03-18T18:57:11+00:00","article_modified_time":"2023-03-18T19:18:00+00:00","og_image":[{"width":720,"height":494,"url":"https:\/\/static.africa-press.net\/cameroun\/sites\/57\/2023\/03\/postQueueImg_1679153235.88.jpg","type":"image\/jpeg"}],"author":"cfeditorfr","twitter_card":"summary_large_image","twitter_misc":{"\u00c9crit par":"cfeditorfr","Dur\u00e9e de lecture estim\u00e9e":"3 minutes"},"schema":{"@context":"https:\/\/schema.org","@graph":[{"@type":"Article","@id":"https:\/\/www.africa-press.net\/cameroun\/politique\/cest-scelle-remy-ngono-confirme-le-successeur-designe-par-biya#article","isPartOf":{"@id":"https:\/\/www.africa-press.net\/cameroun\/politique\/cest-scelle-remy-ngono-confirme-le-successeur-designe-par-biya"},"author":{"name":"cfeditorfr","@id":"https:\/\/www.africa-press.net\/cameroun\/#\/schema\/person\/2b1cf3cd81a31e3cd26889ca66d677f1"},"headline":"C&rsquo;est scell\u00e9 : R\u00e9my Ngono confirme le successeur d\u00e9sign\u00e9 par Biya","datePublished":"2023-03-18T18:57:11+00:00","dateModified":"2023-03-18T19:18:00+00:00","mainEntityOfPage":{"@id":"https:\/\/www.africa-press.net\/cameroun\/politique\/cest-scelle-remy-ngono-confirme-le-successeur-designe-par-biya"},"wordCount":549,"commentCount":0,"image":{"@id":"https:\/\/www.africa-press.net\/cameroun\/politique\/cest-scelle-remy-ngono-confirme-le-successeur-designe-par-biya#primaryimage"},"thumbnailUrl":"https:\/\/static.africa-press.net\/cameroun\/sites\/57\/2023\/03\/postQueueImg_1679153235.88.jpg","keywords":["Africa Press","Africa Press-Cameroun","Cameroun"],"articleSection":["Politique","Toutes les actualit\u00e9s"],"inLanguage":"fr-FR","potentialAction":[{"@type":"CommentAction","name":"Comment","target":["https:\/\/www.africa-press.net\/cameroun\/politique\/cest-scelle-remy-ngono-confirme-le-successeur-designe-par-biya#respond"]}]},{"@type":"WebPage","@id":"https:\/\/www.africa-press.net\/cameroun\/politique\/cest-scelle-remy-ngono-confirme-le-successeur-designe-par-biya","url":"https:\/\/www.africa-press.net\/cameroun\/politique\/cest-scelle-remy-ngono-confirme-le-successeur-designe-par-biya","name":"C'est scell\u00e9 : R\u00e9my Ngono confirme le successeur d\u00e9sign\u00e9 par Biya - Cameroun","isPartOf":{"@id":"https:\/\/www.africa-press.net\/cameroun\/#website"},"primaryImageOfPage":{"@id":"https:\/\/www.africa-press.net\/cameroun\/politique\/cest-scelle-remy-ngono-confirme-le-successeur-designe-par-biya#primaryimage"},"image":{"@id":"https:\/\/www.africa-press.net\/cameroun\/politique\/cest-scelle-remy-ngono-confirme-le-successeur-designe-par-biya#primaryimage"},"thumbnailUrl":"https:\/\/static.africa-press.net\/cameroun\/sites\/57\/2023\/03\/postQueueImg_1679153235.88.jpg","datePublished":"2023-03-18T18:57:11+00:00","dateModified":"2023-03-18T19:18:00+00:00","author":{"@id":"https:\/\/www.africa-press.net\/cameroun\/#\/schema\/person\/2b1cf3cd81a31e3cd26889ca66d677f1"},"description":"C\u2019e\u0301tait un facteur inconnu X. Mais plus on se rapproche de 2025 marque\u0301e au vert dans le calendrier politique comme l\u2019a ...","breadcrumb":{"@id":"https:\/\/www.africa-press.net\/cameroun\/politique\/cest-scelle-remy-ngono-confirme-le-successeur-designe-par-biya#breadcrumb"},"inLanguage":"fr-FR","potentialAction":[{"@type":"ReadAction","target":["https:\/\/www.africa-press.net\/cameroun\/politique\/cest-scelle-remy-ngono-confirme-le-successeur-designe-par-biya"]}]},{"@type":"ImageObject","inLanguage":"fr-FR","@id":"https:\/\/www.africa-press.net\/cameroun\/politique\/cest-scelle-remy-ngono-confirme-le-successeur-designe-par-biya#primaryimage","url":"https:\/\/static.africa-press.net\/cameroun\/sites\/57\/2023\/03\/postQueueImg_1679153235.88.jpg","contentUrl":"https:\/\/static.africa-press.net\/cameroun\/sites\/57\/2023\/03\/postQueueImg_1679153235.88.jpg","width":720,"height":494,"caption":"C'est scell\u00e9 : R\u00e9my Ngono confirme le successeur d\u00e9sign\u00e9 par Biya"},{"@type":"BreadcrumbList","@id":"https:\/\/www.africa-press.net\/cameroun\/politique\/cest-scelle-remy-ngono-confirme-le-successeur-designe-par-biya#breadcrumb","itemListElement":[{"@type":"ListItem","position":1,"name":"Accueil","item":"https:\/\/www.africa-press.net\/cameroun\/"},{"@type":"ListItem","position":2,"name":"C&rsquo;est scell\u00e9 : R\u00e9my Ngono confirme le successeur d\u00e9sign\u00e9 par Biya"}]},{"@type":"WebSite","@id":"https:\/\/www.africa-press.net\/cameroun\/#website","url":"https:\/\/www.africa-press.net\/cameroun\/","name":"Cameroun","description":"Just another Africa News Agency Sites site","potentialAction":[{"@type":"SearchAction","target":{"@type":"EntryPoint","urlTemplate":"https:\/\/www.africa-press.net\/cameroun\/?s={search_term_string}"},"query-input":{"@type":"PropertyValueSpecification","valueRequired":true,"valueName":"search_term_string"}}],"inLanguage":"fr-FR"},{"@type":"Person","@id":"https:\/\/www.africa-press.net\/cameroun\/#\/schema\/person\/2b1cf3cd81a31e3cd26889ca66d677f1","name":"cfeditorfr"}]}},"_links":{"self":[{"href":"https:\/\/www.africa-press.net\/cameroun\/wp-json\/wp\/v2\/posts\/39728","targetHints":{"allow":["GET"]}}],"collection":[{"href":"https:\/\/www.africa-press.net\/cameroun\/wp-json\/wp\/v2\/posts"}],"about":[{"href":"https:\/\/www.africa-press.net\/cameroun\/wp-json\/wp\/v2\/types\/post"}],"author":[{"embeddable":true,"href":"https:\/\/www.africa-press.net\/cameroun\/wp-json\/wp\/v2\/users\/82"}],"replies":[{"embeddable":true,"href":"https:\/\/www.africa-press.net\/cameroun\/wp-json\/wp\/v2\/comments?post=39728"}],"version-history":[{"count":0,"href":"https:\/\/www.africa-press.net\/cameroun\/wp-json\/wp\/v2\/posts\/39728\/revisions"}],"wp:featuredmedia":[{"embeddable":true,"href":"https:\/\/www.africa-press.net\/cameroun\/wp-json\/wp\/v2\/media\/39727"}],"wp:attachment":[{"href":"https:\/\/www.africa-press.net\/cameroun\/wp-json\/wp\/v2\/media?parent=39728"}],"wp:term":[{"taxonomy":"category","embeddable":true,"href":"https:\/\/www.africa-press.net\/cameroun\/wp-json\/wp\/v2\/categories?post=39728"},{"taxonomy":"post_tag","embeddable":true,"href":"https:\/\/www.africa-press.net\/cameroun\/wp-json\/wp\/v2\/tags?post=39728"}],"curies":[{"name":"wp","href":"https:\/\/api.w.org\/{rel}","templated":true}]}}