{"id":39737,"date":"2023-03-18T18:57:37","date_gmt":"2023-03-18T18:57:37","guid":{"rendered":"https:\/\/www.africa-press.net\/cameroun\/politique\/inquietude-paul-biya-cree-une-grosse-panique-au-palais-de-lunite"},"modified":"2023-03-18T19:20:29","modified_gmt":"2023-03-18T19:20:29","slug":"inquietude-paul-biya-cree-une-grosse-panique-au-palais-de-lunite","status":"publish","type":"post","link":"https:\/\/www.africa-press.net\/cameroun\/politique\/inquietude-paul-biya-cree-une-grosse-panique-au-palais-de-lunite","title":{"rendered":"Inqui\u00e9tude : Paul Biya cr\u00e9e une grosse panique au palais de l&rsquo;unit\u00e9"},"content":{"rendered":"<p><span style=\"color: #ff6600\"><strong>Africa-Press &#8211; Cameroun. <\/strong><\/span>Le Chef de l&rsquo;Etat, Paul Biya vient de faire une grosse entorse a\u0300 une habitude au palais de l&rsquo;unite\u0301. En effet, Paul Biya n&rsquo;a toujours pas remis a\u0300 cette date au Secre\u0301taire ge\u0301ne\u0301ral du comite\u0301 central du Rassemblement de\u0301mocratique du peuple camerounais (RDPC) les noms des personnes qui devraient prendre la te\u0302te du Se\u0301nat et de l&rsquo;Assemble\u0301e nationale. Un retard ine\u0301dit puisque ceci n&rsquo;est pas dans l&rsquo;habitude de Paul Biya.<\/p>\n<p>Il faut noter que le Rassemblement de\u0301mocratique du peuple camerounais a perdu le pre\u0301sident du groupe parlementaire RDPC a\u0300 l&rsquo;assemble\u0301e nationale Jean Bernard NDONGO ESSOMBA. Cet homme tre\u0300s influent du parti au pouvoir est de\u0301ce\u0301de\u0301 hier matin a\u0300 l&rsquo;ho\u0302pital ge\u0301ne\u0301ral de Yaounde\u0301.<\/p>\n<p>A en croire les informations officielles, le pre\u0301sident du groupe parlementaire RDPC a\u0300 l&rsquo;assemble\u0301e nationale Jean Bernard NDONGO ESSOMBA est de\u0301ce\u0301de\u0301 des suites de longue maladie me\u0302me si la nature de la maladie en question n&rsquo;a pas e\u0301te\u0301 re\u0301ve\u0301le\u0301e.<\/p>\n<p>Par ailleurs, le 12 mars dernier, a eu lieu les e\u0301lections se\u0301natoriales au Cameroun et une razzia sans merci du parti au pouvoir le Rassemblement de\u0301mocratique du peuple camerounais (RDPC). Il est donc impe\u0301ratif que Paul Biya communique au Secre\u0301taire ge\u0301ne\u0301ral du comite\u0301 central du Rassemblement de\u0301mocratique du peuple camerounais (RDPC) les noms des personnes qui devraient prendre la te\u0302te du Se\u0301nat et de l&rsquo;Assemble\u0301e nationale.<\/p>\n<p><strong>Pour plus d&rsquo;informations et d&rsquo;analyses sur la <a href=\"https:\/\/www.africa-press.net\/cameroun\">Cameroun<\/a>, suivez <a href=\"https:\/\/www.africa-press.net\/\">Africa-Press<\/a><\/strong><\/p>\n","protected":false},"excerpt":{"rendered":"<p>Africa-Press &#8211; Cameroun. Le Chef de l&rsquo;Etat, Paul Biya vient de faire une grosse entorse a\u0300 une habitude au palais de l&rsquo;unite\u0301. En effet, Paul Biya n&rsquo;a toujours pas remis a\u0300 cette date au Secre\u0301taire ge\u0301ne\u0301ral du comite\u0301 central du Rassemblement de\u0301mocratique du peuple camerounais (RDPC) les noms des personnes qui devraient prendre la te\u0302te [&hellip;]<\/p>\n","protected":false},"author":82,"featured_media":39735,"comment_status":"open","ping_status":"closed","sticky":false,"template":"","format":"standard","meta":{"footnotes":""},"categories":[2,10],"tags":[36,50,49],"class_list":["post-39737","post","type-post","status-publish","format-standard","has-post-thumbnail","hentry","category-politique","category-toutes-les-actualites","tag-africa-press","tag-africa-press-cameroun","tag-cameroun"],"yoast_head":"<!-- This site is optimized with the Yoast SEO Premium plugin v26.1 (Yoast SEO v27.0) - https:\/\/yoast.com\/product\/yoast-seo-premium-wordpress\/ -->\n<title>Inqui\u00e9tude : Paul Biya cr\u00e9e une grosse panique au palais de l&#039;unit\u00e9 - Cameroun<\/title>\n<meta name=\"description\" content=\"Le Chef de l&#039;Etat, Paul Biya vient de faire une grosse entorse a\u0300 une habitude au palais de l&#039;unite\u0301. En effet, Paul Biy ...\" \/>\n<meta name=\"robots\" content=\"index, follow, max-snippet:-1, max-image-preview:large, max-video-preview:-1\" \/>\n<link rel=\"canonical\" href=\"https:\/\/www.africa-press.net\/cameroun\/politique\/inquietude-paul-biya-cree-une-grosse-panique-au-palais-de-lunite\" \/>\n<meta property=\"og:locale\" content=\"fr_FR\" \/>\n<meta property=\"og:type\" content=\"article\" \/>\n<meta property=\"og:title\" content=\"Inqui\u00e9tude : Paul Biya cr\u00e9e une grosse panique au palais de l&#039;unit\u00e9\" \/>\n<meta property=\"og:description\" content=\"Le Chef de l&#039;Etat, Paul Biya vient de faire une grosse entorse a\u0300 une habitude au palais de l&#039;unite\u0301. En effet, Paul Biy ...\" \/>\n<meta property=\"og:url\" content=\"https:\/\/www.africa-press.net\/cameroun\/politique\/inquietude-paul-biya-cree-une-grosse-panique-au-palais-de-lunite\" \/>\n<meta property=\"og:site_name\" content=\"Cameroun\" \/>\n<meta property=\"article:published_time\" content=\"2023-03-18T18:57:37+00:00\" \/>\n<meta property=\"article:modified_time\" content=\"2023-03-18T19:20:29+00:00\" \/>\n<meta property=\"og:image\" content=\"https:\/\/static.africa-press.net\/cameroun\/sites\/57\/2023\/03\/postQueueImg_1679153267.71.jpg\" \/>\n\t<meta property=\"og:image:width\" content=\"720\" \/>\n\t<meta property=\"og:image:height\" content=\"404\" \/>\n\t<meta property=\"og:image:type\" content=\"image\/jpeg\" \/>\n<meta name=\"author\" content=\"cfeditorfr\" \/>\n<meta name=\"twitter:card\" content=\"summary_large_image\" \/>\n<meta name=\"twitter:label1\" content=\"\u00c9crit par\" \/>\n\t<meta name=\"twitter:data1\" content=\"cfeditorfr\" \/>\n\t<meta name=\"twitter:label2\" content=\"Dur\u00e9e de lecture estim\u00e9e\" \/>\n\t<meta name=\"twitter:data2\" content=\"1 minute\" \/>\n<script type=\"application\/ld+json\" class=\"yoast-schema-graph\">{\"@context\":\"https:\/\/schema.org\",\"@graph\":[{\"@type\":\"Article\",\"@id\":\"https:\/\/www.africa-press.net\/cameroun\/politique\/inquietude-paul-biya-cree-une-grosse-panique-au-palais-de-lunite#article\",\"isPartOf\":{\"@id\":\"https:\/\/www.africa-press.net\/cameroun\/politique\/inquietude-paul-biya-cree-une-grosse-panique-au-palais-de-lunite\"},\"author\":{\"name\":\"cfeditorfr\",\"@id\":\"https:\/\/www.africa-press.net\/cameroun\/#\/schema\/person\/2b1cf3cd81a31e3cd26889ca66d677f1\"},\"headline\":\"Inqui\u00e9tude : Paul Biya cr\u00e9e une grosse panique au palais de l&rsquo;unit\u00e9\",\"datePublished\":\"2023-03-18T18:57:37+00:00\",\"dateModified\":\"2023-03-18T19:20:29+00:00\",\"mainEntityOfPage\":{\"@id\":\"https:\/\/www.africa-press.net\/cameroun\/politique\/inquietude-paul-biya-cree-une-grosse-panique-au-palais-de-lunite\"},\"wordCount\":293,\"commentCount\":0,\"image\":{\"@id\":\"https:\/\/www.africa-press.net\/cameroun\/politique\/inquietude-paul-biya-cree-une-grosse-panique-au-palais-de-lunite#primaryimage\"},\"thumbnailUrl\":\"https:\/\/static.africa-press.net\/cameroun\/sites\/57\/2023\/03\/postQueueImg_1679153267.71.jpg\",\"keywords\":[\"Africa Press\",\"Africa Press-Cameroun\",\"Cameroun\"],\"articleSection\":[\"Politique\",\"Toutes les actualit\u00e9s\"],\"inLanguage\":\"fr-FR\",\"potentialAction\":[{\"@type\":\"CommentAction\",\"name\":\"Comment\",\"target\":[\"https:\/\/www.africa-press.net\/cameroun\/politique\/inquietude-paul-biya-cree-une-grosse-panique-au-palais-de-lunite#respond\"]}]},{\"@type\":\"WebPage\",\"@id\":\"https:\/\/www.africa-press.net\/cameroun\/politique\/inquietude-paul-biya-cree-une-grosse-panique-au-palais-de-lunite\",\"url\":\"https:\/\/www.africa-press.net\/cameroun\/politique\/inquietude-paul-biya-cree-une-grosse-panique-au-palais-de-lunite\",\"name\":\"Inqui\u00e9tude : Paul Biya cr\u00e9e une grosse panique au palais de l'unit\u00e9 - Cameroun\",\"isPartOf\":{\"@id\":\"https:\/\/www.africa-press.net\/cameroun\/#website\"},\"primaryImageOfPage\":{\"@id\":\"https:\/\/www.africa-press.net\/cameroun\/politique\/inquietude-paul-biya-cree-une-grosse-panique-au-palais-de-lunite#primaryimage\"},\"image\":{\"@id\":\"https:\/\/www.africa-press.net\/cameroun\/politique\/inquietude-paul-biya-cree-une-grosse-panique-au-palais-de-lunite#primaryimage\"},\"thumbnailUrl\":\"https:\/\/static.africa-press.net\/cameroun\/sites\/57\/2023\/03\/postQueueImg_1679153267.71.jpg\",\"datePublished\":\"2023-03-18T18:57:37+00:00\",\"dateModified\":\"2023-03-18T19:20:29+00:00\",\"author\":{\"@id\":\"https:\/\/www.africa-press.net\/cameroun\/#\/schema\/person\/2b1cf3cd81a31e3cd26889ca66d677f1\"},\"description\":\"Le Chef de l'Etat, Paul Biya vient de faire une grosse entorse a\u0300 une habitude au palais de l'unite\u0301. En effet, Paul Biy ...\",\"breadcrumb\":{\"@id\":\"https:\/\/www.africa-press.net\/cameroun\/politique\/inquietude-paul-biya-cree-une-grosse-panique-au-palais-de-lunite#breadcrumb\"},\"inLanguage\":\"fr-FR\",\"potentialAction\":[{\"@type\":\"ReadAction\",\"target\":[\"https:\/\/www.africa-press.net\/cameroun\/politique\/inquietude-paul-biya-cree-une-grosse-panique-au-palais-de-lunite\"]}]},{\"@type\":\"ImageObject\",\"inLanguage\":\"fr-FR\",\"@id\":\"https:\/\/www.africa-press.net\/cameroun\/politique\/inquietude-paul-biya-cree-une-grosse-panique-au-palais-de-lunite#primaryimage\",\"url\":\"https:\/\/static.africa-press.net\/cameroun\/sites\/57\/2023\/03\/postQueueImg_1679153267.71.jpg\",\"contentUrl\":\"https:\/\/static.africa-press.net\/cameroun\/sites\/57\/2023\/03\/postQueueImg_1679153267.71.jpg\",\"width\":720,\"height\":404,\"caption\":\"Inqui\u00e9tude : Paul Biya cr\u00e9e une grosse panique au palais de l'unit\u00e9\"},{\"@type\":\"BreadcrumbList\",\"@id\":\"https:\/\/www.africa-press.net\/cameroun\/politique\/inquietude-paul-biya-cree-une-grosse-panique-au-palais-de-lunite#breadcrumb\",\"itemListElement\":[{\"@type\":\"ListItem\",\"position\":1,\"name\":\"Accueil\",\"item\":\"https:\/\/www.africa-press.net\/cameroun\/\"},{\"@type\":\"ListItem\",\"position\":2,\"name\":\"Inqui\u00e9tude : Paul Biya cr\u00e9e une grosse panique au palais de l&rsquo;unit\u00e9\"}]},{\"@type\":\"WebSite\",\"@id\":\"https:\/\/www.africa-press.net\/cameroun\/#website\",\"url\":\"https:\/\/www.africa-press.net\/cameroun\/\",\"name\":\"Cameroun\",\"description\":\"Just another Africa News Agency Sites site\",\"potentialAction\":[{\"@type\":\"SearchAction\",\"target\":{\"@type\":\"EntryPoint\",\"urlTemplate\":\"https:\/\/www.africa-press.net\/cameroun\/?s={search_term_string}\"},\"query-input\":{\"@type\":\"PropertyValueSpecification\",\"valueRequired\":true,\"valueName\":\"search_term_string\"}}],\"inLanguage\":\"fr-FR\"},{\"@type\":\"Person\",\"@id\":\"https:\/\/www.africa-press.net\/cameroun\/#\/schema\/person\/2b1cf3cd81a31e3cd26889ca66d677f1\",\"name\":\"cfeditorfr\"}]}<\/script>\n<!-- \/ Yoast SEO Premium plugin. -->","yoast_head_json":{"title":"Inqui\u00e9tude : Paul Biya cr\u00e9e une grosse panique au palais de l'unit\u00e9 - Cameroun","description":"Le Chef de l'Etat, Paul Biya vient de faire une grosse entorse a\u0300 une habitude au palais de l'unite\u0301. En effet, Paul Biy ...","robots":{"index":"index","follow":"follow","max-snippet":"max-snippet:-1","max-image-preview":"max-image-preview:large","max-video-preview":"max-video-preview:-1"},"canonical":"https:\/\/www.africa-press.net\/cameroun\/politique\/inquietude-paul-biya-cree-une-grosse-panique-au-palais-de-lunite","og_locale":"fr_FR","og_type":"article","og_title":"Inqui\u00e9tude : Paul Biya cr\u00e9e une grosse panique au palais de l'unit\u00e9","og_description":"Le Chef de l'Etat, Paul Biya vient de faire une grosse entorse a\u0300 une habitude au palais de l'unite\u0301. En effet, Paul Biy ...","og_url":"https:\/\/www.africa-press.net\/cameroun\/politique\/inquietude-paul-biya-cree-une-grosse-panique-au-palais-de-lunite","og_site_name":"Cameroun","article_published_time":"2023-03-18T18:57:37+00:00","article_modified_time":"2023-03-18T19:20:29+00:00","og_image":[{"width":720,"height":404,"url":"https:\/\/static.africa-press.net\/cameroun\/sites\/57\/2023\/03\/postQueueImg_1679153267.71.jpg","type":"image\/jpeg"}],"author":"cfeditorfr","twitter_card":"summary_large_image","twitter_misc":{"\u00c9crit par":"cfeditorfr","Dur\u00e9e de lecture estim\u00e9e":"1 minute"},"schema":{"@context":"https:\/\/schema.org","@graph":[{"@type":"Article","@id":"https:\/\/www.africa-press.net\/cameroun\/politique\/inquietude-paul-biya-cree-une-grosse-panique-au-palais-de-lunite#article","isPartOf":{"@id":"https:\/\/www.africa-press.net\/cameroun\/politique\/inquietude-paul-biya-cree-une-grosse-panique-au-palais-de-lunite"},"author":{"name":"cfeditorfr","@id":"https:\/\/www.africa-press.net\/cameroun\/#\/schema\/person\/2b1cf3cd81a31e3cd26889ca66d677f1"},"headline":"Inqui\u00e9tude : Paul Biya cr\u00e9e une grosse panique au palais de l&rsquo;unit\u00e9","datePublished":"2023-03-18T18:57:37+00:00","dateModified":"2023-03-18T19:20:29+00:00","mainEntityOfPage":{"@id":"https:\/\/www.africa-press.net\/cameroun\/politique\/inquietude-paul-biya-cree-une-grosse-panique-au-palais-de-lunite"},"wordCount":293,"commentCount":0,"image":{"@id":"https:\/\/www.africa-press.net\/cameroun\/politique\/inquietude-paul-biya-cree-une-grosse-panique-au-palais-de-lunite#primaryimage"},"thumbnailUrl":"https:\/\/static.africa-press.net\/cameroun\/sites\/57\/2023\/03\/postQueueImg_1679153267.71.jpg","keywords":["Africa Press","Africa Press-Cameroun","Cameroun"],"articleSection":["Politique","Toutes les actualit\u00e9s"],"inLanguage":"fr-FR","potentialAction":[{"@type":"CommentAction","name":"Comment","target":["https:\/\/www.africa-press.net\/cameroun\/politique\/inquietude-paul-biya-cree-une-grosse-panique-au-palais-de-lunite#respond"]}]},{"@type":"WebPage","@id":"https:\/\/www.africa-press.net\/cameroun\/politique\/inquietude-paul-biya-cree-une-grosse-panique-au-palais-de-lunite","url":"https:\/\/www.africa-press.net\/cameroun\/politique\/inquietude-paul-biya-cree-une-grosse-panique-au-palais-de-lunite","name":"Inqui\u00e9tude : Paul Biya cr\u00e9e une grosse panique au palais de l'unit\u00e9 - Cameroun","isPartOf":{"@id":"https:\/\/www.africa-press.net\/cameroun\/#website"},"primaryImageOfPage":{"@id":"https:\/\/www.africa-press.net\/cameroun\/politique\/inquietude-paul-biya-cree-une-grosse-panique-au-palais-de-lunite#primaryimage"},"image":{"@id":"https:\/\/www.africa-press.net\/cameroun\/politique\/inquietude-paul-biya-cree-une-grosse-panique-au-palais-de-lunite#primaryimage"},"thumbnailUrl":"https:\/\/static.africa-press.net\/cameroun\/sites\/57\/2023\/03\/postQueueImg_1679153267.71.jpg","datePublished":"2023-03-18T18:57:37+00:00","dateModified":"2023-03-18T19:20:29+00:00","author":{"@id":"https:\/\/www.africa-press.net\/cameroun\/#\/schema\/person\/2b1cf3cd81a31e3cd26889ca66d677f1"},"description":"Le Chef de l'Etat, Paul Biya vient de faire une grosse entorse a\u0300 une habitude au palais de l'unite\u0301. En effet, Paul Biy ...","breadcrumb":{"@id":"https:\/\/www.africa-press.net\/cameroun\/politique\/inquietude-paul-biya-cree-une-grosse-panique-au-palais-de-lunite#breadcrumb"},"inLanguage":"fr-FR","potentialAction":[{"@type":"ReadAction","target":["https:\/\/www.africa-press.net\/cameroun\/politique\/inquietude-paul-biya-cree-une-grosse-panique-au-palais-de-lunite"]}]},{"@type":"ImageObject","inLanguage":"fr-FR","@id":"https:\/\/www.africa-press.net\/cameroun\/politique\/inquietude-paul-biya-cree-une-grosse-panique-au-palais-de-lunite#primaryimage","url":"https:\/\/static.africa-press.net\/cameroun\/sites\/57\/2023\/03\/postQueueImg_1679153267.71.jpg","contentUrl":"https:\/\/static.africa-press.net\/cameroun\/sites\/57\/2023\/03\/postQueueImg_1679153267.71.jpg","width":720,"height":404,"caption":"Inqui\u00e9tude : Paul Biya cr\u00e9e une grosse panique au palais de l'unit\u00e9"},{"@type":"BreadcrumbList","@id":"https:\/\/www.africa-press.net\/cameroun\/politique\/inquietude-paul-biya-cree-une-grosse-panique-au-palais-de-lunite#breadcrumb","itemListElement":[{"@type":"ListItem","position":1,"name":"Accueil","item":"https:\/\/www.africa-press.net\/cameroun\/"},{"@type":"ListItem","position":2,"name":"Inqui\u00e9tude : Paul Biya cr\u00e9e une grosse panique au palais de l&rsquo;unit\u00e9"}]},{"@type":"WebSite","@id":"https:\/\/www.africa-press.net\/cameroun\/#website","url":"https:\/\/www.africa-press.net\/cameroun\/","name":"Cameroun","description":"Just another Africa News Agency Sites site","potentialAction":[{"@type":"SearchAction","target":{"@type":"EntryPoint","urlTemplate":"https:\/\/www.africa-press.net\/cameroun\/?s={search_term_string}"},"query-input":{"@type":"PropertyValueSpecification","valueRequired":true,"valueName":"search_term_string"}}],"inLanguage":"fr-FR"},{"@type":"Person","@id":"https:\/\/www.africa-press.net\/cameroun\/#\/schema\/person\/2b1cf3cd81a31e3cd26889ca66d677f1","name":"cfeditorfr"}]}},"_links":{"self":[{"href":"https:\/\/www.africa-press.net\/cameroun\/wp-json\/wp\/v2\/posts\/39737","targetHints":{"allow":["GET"]}}],"collection":[{"href":"https:\/\/www.africa-press.net\/cameroun\/wp-json\/wp\/v2\/posts"}],"about":[{"href":"https:\/\/www.africa-press.net\/cameroun\/wp-json\/wp\/v2\/types\/post"}],"author":[{"embeddable":true,"href":"https:\/\/www.africa-press.net\/cameroun\/wp-json\/wp\/v2\/users\/82"}],"replies":[{"embeddable":true,"href":"https:\/\/www.africa-press.net\/cameroun\/wp-json\/wp\/v2\/comments?post=39737"}],"version-history":[{"count":0,"href":"https:\/\/www.africa-press.net\/cameroun\/wp-json\/wp\/v2\/posts\/39737\/revisions"}],"wp:featuredmedia":[{"embeddable":true,"href":"https:\/\/www.africa-press.net\/cameroun\/wp-json\/wp\/v2\/media\/39735"}],"wp:attachment":[{"href":"https:\/\/www.africa-press.net\/cameroun\/wp-json\/wp\/v2\/media?parent=39737"}],"wp:term":[{"taxonomy":"category","embeddable":true,"href":"https:\/\/www.africa-press.net\/cameroun\/wp-json\/wp\/v2\/categories?post=39737"},{"taxonomy":"post_tag","embeddable":true,"href":"https:\/\/www.africa-press.net\/cameroun\/wp-json\/wp\/v2\/tags?post=39737"}],"curies":[{"name":"wp","href":"https:\/\/api.w.org\/{rel}","templated":true}]}}