{"id":39740,"date":"2023-03-18T18:57:51","date_gmt":"2023-03-18T18:57:51","guid":{"rendered":"https:\/\/www.africa-press.net\/cameroun\/politique\/amougou-belinga-en-prison-mvondo-ayolo-sauve-sa-tete-pendant-que-laurent-esso-et-motaze-sont-dans-la-tourmente"},"modified":"2023-03-18T19:21:24","modified_gmt":"2023-03-18T19:21:24","slug":"amougou-belinga-en-prison-mvondo-ayolo-sauve-sa-tete-pendant-que-laurent-esso-et-motaze-sont-dans-la-tourmente","status":"publish","type":"post","link":"https:\/\/www.africa-press.net\/cameroun\/politique\/amougou-belinga-en-prison-mvondo-ayolo-sauve-sa-tete-pendant-que-laurent-esso-et-motaze-sont-dans-la-tourmente","title":{"rendered":"Amougou Belinga en prison : Mvondo Ayolo &lsquo;sauve&rsquo; sa t\u00eate pendant que Laurent Esso et Motaze sont dans la tourmente"},"content":{"rendered":"<p><span style=\"color: #ff6600\"><strong>Africa-Press &#8211; Cameroun. <\/strong><\/span>En marge du sommet des chefs d&rsquo;Etats de la Cemac, le journaliste Re\u0301my Ngono a annonce\u0301 un rendez-vous ine\u0301dit pour parler du directeur du cabinet civil de la pre\u0301sidence de la Re\u0301publique Samuel Mvondo Ayolo qui aurait \u00ab trahit Paul Biya en plein sommet des chefs d&rsquo;E\u0301tat de la Cemac \u00bb.<\/p>\n<p>Comme mentionne\u0301 pre\u0301ce\u0301demment, L\u2019homme en exil n\u2019a pas donne\u0301 de de\u0301tails supple\u0301mentaires pour savoir de quoi est-il re\u0301ellement question mais les premie\u0300res indiscre\u0301tions font savoir que l\u2019acteur de\u0301cisionnaire Samuel Mvondo Ayolo a fait un grand lobbying dans la salle qui est perc\u0327u comme une tentative de court-circuiter le pre\u0301sident Paul Biya.<\/p>\n<p>Mais plus encore, il a e\u0301te\u0301 aperc\u0327u en pleine discussions courtoises avec l&rsquo;ennemi public nume\u0301ro un de son clan : Ferdinand Ngoh Ngoh. En effet, le Secre\u0301taire ge\u0301ne\u0301ral de la Pre\u0301sidence de la Re\u0301publique est en guerre contre le clan des Laurent Esso, Louis Paul Motaze, Samuel Mvondo Ayolo, Maxime Eko Eko et bien su\u0302r le Pdg de l&rsquo;Anecdote aujourd&rsquo;hui en de\u0301tention provisoire, Jean-Pierre Amougou Belinga.<\/p>\n<p>Concernant l&rsquo;affaire qui a conduit le patron de Vision en prison, les noms de Laurent Esso, Louis Paul Motaze, Samuel Mvondo Ayolo, Maxime Eko Eko ont plusieurs fois retenti et continuent de faire parler. Leur possible implication est de\u0301crie\u0301e par une partie de l&rsquo;opinion qui croit dur comme fer que ces derniers me\u0301ritent de faire de la prison.<\/p>\n<p>Pour l&rsquo;heure seules Maxime Eko Eko et bien su\u0302r le Pdg de l&rsquo;Anecdote, Jean-Pierre Amougou Belinga sont en de\u0301tention provisoire a\u0300 la prison principale de Yaounde\u0301 Kondengui. Le rendez-vous de Re\u0301my Ngono est donc tre\u0300s attendu pour en savoir plus sur la trahison du DCC.<\/p>\n<p><strong>Pour plus d&rsquo;informations et d&rsquo;analyses sur la <a href=\"https:\/\/www.africa-press.net\/cameroun\">Cameroun<\/a>, suivez <a href=\"https:\/\/www.africa-press.net\/\">Africa-Press<\/a><\/strong><\/p>\n","protected":false},"excerpt":{"rendered":"<p>Africa-Press &#8211; Cameroun. En marge du sommet des chefs d&rsquo;Etats de la Cemac, le journaliste Re\u0301my Ngono a annonce\u0301 un rendez-vous ine\u0301dit pour parler du directeur du cabinet civil de la pre\u0301sidence de la Re\u0301publique Samuel Mvondo Ayolo qui aurait \u00ab trahit Paul Biya en plein sommet des chefs d&rsquo;E\u0301tat de la Cemac \u00bb. Comme [&hellip;]<\/p>\n","protected":false},"author":82,"featured_media":39739,"comment_status":"open","ping_status":"closed","sticky":false,"template":"","format":"standard","meta":{"footnotes":""},"categories":[2,10],"tags":[36,50,49],"class_list":["post-39740","post","type-post","status-publish","format-standard","has-post-thumbnail","hentry","category-politique","category-toutes-les-actualites","tag-africa-press","tag-africa-press-cameroun","tag-cameroun"],"yoast_head":"<!-- This site is optimized with the Yoast SEO Premium plugin v26.1 (Yoast SEO v27.0) - https:\/\/yoast.com\/product\/yoast-seo-premium-wordpress\/ -->\n<title>Amougou Belinga en prison : Mvondo Ayolo &#039;sauve&#039; sa t\u00eate pendant que Laurent Esso et Motaze sont dans la tourmente - Cameroun<\/title>\n<meta name=\"description\" content=\"En marge du sommet des chefs d&#039;Etats de la Cemac, le journaliste Re\u0301my Ngono a annonce\u0301 un rendez-vous ine\u0301dit pour parl ...\" \/>\n<meta name=\"robots\" content=\"index, follow, max-snippet:-1, max-image-preview:large, max-video-preview:-1\" \/>\n<link rel=\"canonical\" href=\"https:\/\/www.africa-press.net\/cameroun\/politique\/amougou-belinga-en-prison-mvondo-ayolo-sauve-sa-tete-pendant-que-laurent-esso-et-motaze-sont-dans-la-tourmente\" \/>\n<meta property=\"og:locale\" content=\"fr_FR\" \/>\n<meta property=\"og:type\" content=\"article\" \/>\n<meta property=\"og:title\" content=\"Amougou Belinga en prison : Mvondo Ayolo &#039;sauve&#039; sa t\u00eate pendant que Laurent Esso et Motaze sont dans la tourmente\" \/>\n<meta property=\"og:description\" content=\"En marge du sommet des chefs d&#039;Etats de la Cemac, le journaliste Re\u0301my Ngono a annonce\u0301 un rendez-vous ine\u0301dit pour parl ...\" \/>\n<meta property=\"og:url\" content=\"https:\/\/www.africa-press.net\/cameroun\/politique\/amougou-belinga-en-prison-mvondo-ayolo-sauve-sa-tete-pendant-que-laurent-esso-et-motaze-sont-dans-la-tourmente\" \/>\n<meta property=\"og:site_name\" content=\"Cameroun\" \/>\n<meta property=\"article:published_time\" content=\"2023-03-18T18:57:51+00:00\" \/>\n<meta property=\"article:modified_time\" content=\"2023-03-18T19:21:24+00:00\" \/>\n<meta property=\"og:image\" content=\"https:\/\/static.africa-press.net\/cameroun\/sites\/57\/2023\/03\/postQueueImg_1679153290.02.jpg\" \/>\n\t<meta property=\"og:image:width\" content=\"720\" \/>\n\t<meta property=\"og:image:height\" content=\"360\" \/>\n\t<meta property=\"og:image:type\" content=\"image\/jpeg\" \/>\n<meta name=\"author\" content=\"cfeditorfr\" \/>\n<meta name=\"twitter:card\" content=\"summary_large_image\" \/>\n<meta name=\"twitter:label1\" content=\"\u00c9crit par\" \/>\n\t<meta name=\"twitter:data1\" content=\"cfeditorfr\" \/>\n\t<meta name=\"twitter:label2\" content=\"Dur\u00e9e de lecture estim\u00e9e\" \/>\n\t<meta name=\"twitter:data2\" content=\"2 minutes\" \/>\n<script type=\"application\/ld+json\" class=\"yoast-schema-graph\">{\"@context\":\"https:\/\/schema.org\",\"@graph\":[{\"@type\":\"Article\",\"@id\":\"https:\/\/www.africa-press.net\/cameroun\/politique\/amougou-belinga-en-prison-mvondo-ayolo-sauve-sa-tete-pendant-que-laurent-esso-et-motaze-sont-dans-la-tourmente#article\",\"isPartOf\":{\"@id\":\"https:\/\/www.africa-press.net\/cameroun\/politique\/amougou-belinga-en-prison-mvondo-ayolo-sauve-sa-tete-pendant-que-laurent-esso-et-motaze-sont-dans-la-tourmente\"},\"author\":{\"name\":\"cfeditorfr\",\"@id\":\"https:\/\/www.africa-press.net\/cameroun\/#\/schema\/person\/2b1cf3cd81a31e3cd26889ca66d677f1\"},\"headline\":\"Amougou Belinga en prison : Mvondo Ayolo &lsquo;sauve&rsquo; sa t\u00eate pendant que Laurent Esso et Motaze sont dans la tourmente\",\"datePublished\":\"2023-03-18T18:57:51+00:00\",\"dateModified\":\"2023-03-18T19:21:24+00:00\",\"mainEntityOfPage\":{\"@id\":\"https:\/\/www.africa-press.net\/cameroun\/politique\/amougou-belinga-en-prison-mvondo-ayolo-sauve-sa-tete-pendant-que-laurent-esso-et-motaze-sont-dans-la-tourmente\"},\"wordCount\":347,\"commentCount\":0,\"image\":{\"@id\":\"https:\/\/www.africa-press.net\/cameroun\/politique\/amougou-belinga-en-prison-mvondo-ayolo-sauve-sa-tete-pendant-que-laurent-esso-et-motaze-sont-dans-la-tourmente#primaryimage\"},\"thumbnailUrl\":\"https:\/\/static.africa-press.net\/cameroun\/sites\/57\/2023\/03\/postQueueImg_1679153290.02.jpg\",\"keywords\":[\"Africa Press\",\"Africa Press-Cameroun\",\"Cameroun\"],\"articleSection\":[\"Politique\",\"Toutes les actualit\u00e9s\"],\"inLanguage\":\"fr-FR\",\"potentialAction\":[{\"@type\":\"CommentAction\",\"name\":\"Comment\",\"target\":[\"https:\/\/www.africa-press.net\/cameroun\/politique\/amougou-belinga-en-prison-mvondo-ayolo-sauve-sa-tete-pendant-que-laurent-esso-et-motaze-sont-dans-la-tourmente#respond\"]}]},{\"@type\":\"WebPage\",\"@id\":\"https:\/\/www.africa-press.net\/cameroun\/politique\/amougou-belinga-en-prison-mvondo-ayolo-sauve-sa-tete-pendant-que-laurent-esso-et-motaze-sont-dans-la-tourmente\",\"url\":\"https:\/\/www.africa-press.net\/cameroun\/politique\/amougou-belinga-en-prison-mvondo-ayolo-sauve-sa-tete-pendant-que-laurent-esso-et-motaze-sont-dans-la-tourmente\",\"name\":\"Amougou Belinga en prison : Mvondo Ayolo 'sauve' sa t\u00eate pendant que Laurent Esso et Motaze sont dans la tourmente - Cameroun\",\"isPartOf\":{\"@id\":\"https:\/\/www.africa-press.net\/cameroun\/#website\"},\"primaryImageOfPage\":{\"@id\":\"https:\/\/www.africa-press.net\/cameroun\/politique\/amougou-belinga-en-prison-mvondo-ayolo-sauve-sa-tete-pendant-que-laurent-esso-et-motaze-sont-dans-la-tourmente#primaryimage\"},\"image\":{\"@id\":\"https:\/\/www.africa-press.net\/cameroun\/politique\/amougou-belinga-en-prison-mvondo-ayolo-sauve-sa-tete-pendant-que-laurent-esso-et-motaze-sont-dans-la-tourmente#primaryimage\"},\"thumbnailUrl\":\"https:\/\/static.africa-press.net\/cameroun\/sites\/57\/2023\/03\/postQueueImg_1679153290.02.jpg\",\"datePublished\":\"2023-03-18T18:57:51+00:00\",\"dateModified\":\"2023-03-18T19:21:24+00:00\",\"author\":{\"@id\":\"https:\/\/www.africa-press.net\/cameroun\/#\/schema\/person\/2b1cf3cd81a31e3cd26889ca66d677f1\"},\"description\":\"En marge du sommet des chefs d'Etats de la Cemac, le journaliste Re\u0301my Ngono a annonce\u0301 un rendez-vous ine\u0301dit pour parl ...\",\"breadcrumb\":{\"@id\":\"https:\/\/www.africa-press.net\/cameroun\/politique\/amougou-belinga-en-prison-mvondo-ayolo-sauve-sa-tete-pendant-que-laurent-esso-et-motaze-sont-dans-la-tourmente#breadcrumb\"},\"inLanguage\":\"fr-FR\",\"potentialAction\":[{\"@type\":\"ReadAction\",\"target\":[\"https:\/\/www.africa-press.net\/cameroun\/politique\/amougou-belinga-en-prison-mvondo-ayolo-sauve-sa-tete-pendant-que-laurent-esso-et-motaze-sont-dans-la-tourmente\"]}]},{\"@type\":\"ImageObject\",\"inLanguage\":\"fr-FR\",\"@id\":\"https:\/\/www.africa-press.net\/cameroun\/politique\/amougou-belinga-en-prison-mvondo-ayolo-sauve-sa-tete-pendant-que-laurent-esso-et-motaze-sont-dans-la-tourmente#primaryimage\",\"url\":\"https:\/\/static.africa-press.net\/cameroun\/sites\/57\/2023\/03\/postQueueImg_1679153290.02.jpg\",\"contentUrl\":\"https:\/\/static.africa-press.net\/cameroun\/sites\/57\/2023\/03\/postQueueImg_1679153290.02.jpg\",\"width\":720,\"height\":360,\"caption\":\"Amougou Belinga en prison : Mvondo Ayolo 'sauve' sa t\u00eate pendant que Laurent Esso et Motaze sont dans la tourmente\"},{\"@type\":\"BreadcrumbList\",\"@id\":\"https:\/\/www.africa-press.net\/cameroun\/politique\/amougou-belinga-en-prison-mvondo-ayolo-sauve-sa-tete-pendant-que-laurent-esso-et-motaze-sont-dans-la-tourmente#breadcrumb\",\"itemListElement\":[{\"@type\":\"ListItem\",\"position\":1,\"name\":\"Accueil\",\"item\":\"https:\/\/www.africa-press.net\/cameroun\/\"},{\"@type\":\"ListItem\",\"position\":2,\"name\":\"Amougou Belinga en prison : Mvondo Ayolo &lsquo;sauve&rsquo; sa t\u00eate pendant que Laurent Esso et Motaze sont dans la tourmente\"}]},{\"@type\":\"WebSite\",\"@id\":\"https:\/\/www.africa-press.net\/cameroun\/#website\",\"url\":\"https:\/\/www.africa-press.net\/cameroun\/\",\"name\":\"Cameroun\",\"description\":\"Just another Africa News Agency Sites site\",\"potentialAction\":[{\"@type\":\"SearchAction\",\"target\":{\"@type\":\"EntryPoint\",\"urlTemplate\":\"https:\/\/www.africa-press.net\/cameroun\/?s={search_term_string}\"},\"query-input\":{\"@type\":\"PropertyValueSpecification\",\"valueRequired\":true,\"valueName\":\"search_term_string\"}}],\"inLanguage\":\"fr-FR\"},{\"@type\":\"Person\",\"@id\":\"https:\/\/www.africa-press.net\/cameroun\/#\/schema\/person\/2b1cf3cd81a31e3cd26889ca66d677f1\",\"name\":\"cfeditorfr\"}]}<\/script>\n<!-- \/ Yoast SEO Premium plugin. -->","yoast_head_json":{"title":"Amougou Belinga en prison : Mvondo Ayolo 'sauve' sa t\u00eate pendant que Laurent Esso et Motaze sont dans la tourmente - Cameroun","description":"En marge du sommet des chefs d'Etats de la Cemac, le journaliste Re\u0301my Ngono a annonce\u0301 un rendez-vous ine\u0301dit pour parl ...","robots":{"index":"index","follow":"follow","max-snippet":"max-snippet:-1","max-image-preview":"max-image-preview:large","max-video-preview":"max-video-preview:-1"},"canonical":"https:\/\/www.africa-press.net\/cameroun\/politique\/amougou-belinga-en-prison-mvondo-ayolo-sauve-sa-tete-pendant-que-laurent-esso-et-motaze-sont-dans-la-tourmente","og_locale":"fr_FR","og_type":"article","og_title":"Amougou Belinga en prison : Mvondo Ayolo 'sauve' sa t\u00eate pendant que Laurent Esso et Motaze sont dans la tourmente","og_description":"En marge du sommet des chefs d'Etats de la Cemac, le journaliste Re\u0301my Ngono a annonce\u0301 un rendez-vous ine\u0301dit pour parl ...","og_url":"https:\/\/www.africa-press.net\/cameroun\/politique\/amougou-belinga-en-prison-mvondo-ayolo-sauve-sa-tete-pendant-que-laurent-esso-et-motaze-sont-dans-la-tourmente","og_site_name":"Cameroun","article_published_time":"2023-03-18T18:57:51+00:00","article_modified_time":"2023-03-18T19:21:24+00:00","og_image":[{"width":720,"height":360,"url":"https:\/\/static.africa-press.net\/cameroun\/sites\/57\/2023\/03\/postQueueImg_1679153290.02.jpg","type":"image\/jpeg"}],"author":"cfeditorfr","twitter_card":"summary_large_image","twitter_misc":{"\u00c9crit par":"cfeditorfr","Dur\u00e9e de lecture estim\u00e9e":"2 minutes"},"schema":{"@context":"https:\/\/schema.org","@graph":[{"@type":"Article","@id":"https:\/\/www.africa-press.net\/cameroun\/politique\/amougou-belinga-en-prison-mvondo-ayolo-sauve-sa-tete-pendant-que-laurent-esso-et-motaze-sont-dans-la-tourmente#article","isPartOf":{"@id":"https:\/\/www.africa-press.net\/cameroun\/politique\/amougou-belinga-en-prison-mvondo-ayolo-sauve-sa-tete-pendant-que-laurent-esso-et-motaze-sont-dans-la-tourmente"},"author":{"name":"cfeditorfr","@id":"https:\/\/www.africa-press.net\/cameroun\/#\/schema\/person\/2b1cf3cd81a31e3cd26889ca66d677f1"},"headline":"Amougou Belinga en prison : Mvondo Ayolo &lsquo;sauve&rsquo; sa t\u00eate pendant que Laurent Esso et Motaze sont dans la tourmente","datePublished":"2023-03-18T18:57:51+00:00","dateModified":"2023-03-18T19:21:24+00:00","mainEntityOfPage":{"@id":"https:\/\/www.africa-press.net\/cameroun\/politique\/amougou-belinga-en-prison-mvondo-ayolo-sauve-sa-tete-pendant-que-laurent-esso-et-motaze-sont-dans-la-tourmente"},"wordCount":347,"commentCount":0,"image":{"@id":"https:\/\/www.africa-press.net\/cameroun\/politique\/amougou-belinga-en-prison-mvondo-ayolo-sauve-sa-tete-pendant-que-laurent-esso-et-motaze-sont-dans-la-tourmente#primaryimage"},"thumbnailUrl":"https:\/\/static.africa-press.net\/cameroun\/sites\/57\/2023\/03\/postQueueImg_1679153290.02.jpg","keywords":["Africa Press","Africa Press-Cameroun","Cameroun"],"articleSection":["Politique","Toutes les actualit\u00e9s"],"inLanguage":"fr-FR","potentialAction":[{"@type":"CommentAction","name":"Comment","target":["https:\/\/www.africa-press.net\/cameroun\/politique\/amougou-belinga-en-prison-mvondo-ayolo-sauve-sa-tete-pendant-que-laurent-esso-et-motaze-sont-dans-la-tourmente#respond"]}]},{"@type":"WebPage","@id":"https:\/\/www.africa-press.net\/cameroun\/politique\/amougou-belinga-en-prison-mvondo-ayolo-sauve-sa-tete-pendant-que-laurent-esso-et-motaze-sont-dans-la-tourmente","url":"https:\/\/www.africa-press.net\/cameroun\/politique\/amougou-belinga-en-prison-mvondo-ayolo-sauve-sa-tete-pendant-que-laurent-esso-et-motaze-sont-dans-la-tourmente","name":"Amougou Belinga en prison : Mvondo Ayolo 'sauve' sa t\u00eate pendant que Laurent Esso et Motaze sont dans la tourmente - Cameroun","isPartOf":{"@id":"https:\/\/www.africa-press.net\/cameroun\/#website"},"primaryImageOfPage":{"@id":"https:\/\/www.africa-press.net\/cameroun\/politique\/amougou-belinga-en-prison-mvondo-ayolo-sauve-sa-tete-pendant-que-laurent-esso-et-motaze-sont-dans-la-tourmente#primaryimage"},"image":{"@id":"https:\/\/www.africa-press.net\/cameroun\/politique\/amougou-belinga-en-prison-mvondo-ayolo-sauve-sa-tete-pendant-que-laurent-esso-et-motaze-sont-dans-la-tourmente#primaryimage"},"thumbnailUrl":"https:\/\/static.africa-press.net\/cameroun\/sites\/57\/2023\/03\/postQueueImg_1679153290.02.jpg","datePublished":"2023-03-18T18:57:51+00:00","dateModified":"2023-03-18T19:21:24+00:00","author":{"@id":"https:\/\/www.africa-press.net\/cameroun\/#\/schema\/person\/2b1cf3cd81a31e3cd26889ca66d677f1"},"description":"En marge du sommet des chefs d'Etats de la Cemac, le journaliste Re\u0301my Ngono a annonce\u0301 un rendez-vous ine\u0301dit pour parl ...","breadcrumb":{"@id":"https:\/\/www.africa-press.net\/cameroun\/politique\/amougou-belinga-en-prison-mvondo-ayolo-sauve-sa-tete-pendant-que-laurent-esso-et-motaze-sont-dans-la-tourmente#breadcrumb"},"inLanguage":"fr-FR","potentialAction":[{"@type":"ReadAction","target":["https:\/\/www.africa-press.net\/cameroun\/politique\/amougou-belinga-en-prison-mvondo-ayolo-sauve-sa-tete-pendant-que-laurent-esso-et-motaze-sont-dans-la-tourmente"]}]},{"@type":"ImageObject","inLanguage":"fr-FR","@id":"https:\/\/www.africa-press.net\/cameroun\/politique\/amougou-belinga-en-prison-mvondo-ayolo-sauve-sa-tete-pendant-que-laurent-esso-et-motaze-sont-dans-la-tourmente#primaryimage","url":"https:\/\/static.africa-press.net\/cameroun\/sites\/57\/2023\/03\/postQueueImg_1679153290.02.jpg","contentUrl":"https:\/\/static.africa-press.net\/cameroun\/sites\/57\/2023\/03\/postQueueImg_1679153290.02.jpg","width":720,"height":360,"caption":"Amougou Belinga en prison : Mvondo Ayolo 'sauve' sa t\u00eate pendant que Laurent Esso et Motaze sont dans la tourmente"},{"@type":"BreadcrumbList","@id":"https:\/\/www.africa-press.net\/cameroun\/politique\/amougou-belinga-en-prison-mvondo-ayolo-sauve-sa-tete-pendant-que-laurent-esso-et-motaze-sont-dans-la-tourmente#breadcrumb","itemListElement":[{"@type":"ListItem","position":1,"name":"Accueil","item":"https:\/\/www.africa-press.net\/cameroun\/"},{"@type":"ListItem","position":2,"name":"Amougou Belinga en prison : Mvondo Ayolo &lsquo;sauve&rsquo; sa t\u00eate pendant que Laurent Esso et Motaze sont dans la tourmente"}]},{"@type":"WebSite","@id":"https:\/\/www.africa-press.net\/cameroun\/#website","url":"https:\/\/www.africa-press.net\/cameroun\/","name":"Cameroun","description":"Just another Africa News Agency Sites site","potentialAction":[{"@type":"SearchAction","target":{"@type":"EntryPoint","urlTemplate":"https:\/\/www.africa-press.net\/cameroun\/?s={search_term_string}"},"query-input":{"@type":"PropertyValueSpecification","valueRequired":true,"valueName":"search_term_string"}}],"inLanguage":"fr-FR"},{"@type":"Person","@id":"https:\/\/www.africa-press.net\/cameroun\/#\/schema\/person\/2b1cf3cd81a31e3cd26889ca66d677f1","name":"cfeditorfr"}]}},"_links":{"self":[{"href":"https:\/\/www.africa-press.net\/cameroun\/wp-json\/wp\/v2\/posts\/39740","targetHints":{"allow":["GET"]}}],"collection":[{"href":"https:\/\/www.africa-press.net\/cameroun\/wp-json\/wp\/v2\/posts"}],"about":[{"href":"https:\/\/www.africa-press.net\/cameroun\/wp-json\/wp\/v2\/types\/post"}],"author":[{"embeddable":true,"href":"https:\/\/www.africa-press.net\/cameroun\/wp-json\/wp\/v2\/users\/82"}],"replies":[{"embeddable":true,"href":"https:\/\/www.africa-press.net\/cameroun\/wp-json\/wp\/v2\/comments?post=39740"}],"version-history":[{"count":0,"href":"https:\/\/www.africa-press.net\/cameroun\/wp-json\/wp\/v2\/posts\/39740\/revisions"}],"wp:featuredmedia":[{"embeddable":true,"href":"https:\/\/www.africa-press.net\/cameroun\/wp-json\/wp\/v2\/media\/39739"}],"wp:attachment":[{"href":"https:\/\/www.africa-press.net\/cameroun\/wp-json\/wp\/v2\/media?parent=39740"}],"wp:term":[{"taxonomy":"category","embeddable":true,"href":"https:\/\/www.africa-press.net\/cameroun\/wp-json\/wp\/v2\/categories?post=39740"},{"taxonomy":"post_tag","embeddable":true,"href":"https:\/\/www.africa-press.net\/cameroun\/wp-json\/wp\/v2\/tags?post=39740"}],"curies":[{"name":"wp","href":"https:\/\/api.w.org\/{rel}","templated":true}]}}