{"id":39747,"date":"2023-03-18T19:00:08","date_gmt":"2023-03-18T19:00:08","guid":{"rendered":"https:\/\/www.africa-press.net\/cameroun\/politique\/messi-ouvert-pour-un-retour-a-barcelone"},"modified":"2023-03-18T19:31:44","modified_gmt":"2023-03-18T19:31:44","slug":"messi-ouvert-pour-un-retour-a-barcelone","status":"publish","type":"post","link":"https:\/\/www.africa-press.net\/cameroun\/sports\/messi-ouvert-pour-un-retour-a-barcelone","title":{"rendered":"Messi ouvert pour un retour \u00e0 Barcelone"},"content":{"rendered":"<p><span style=\"color: #ff6600\"><strong>Africa-Press &#8211; Cameroun. <\/strong><\/span><b>A\u0300 un peu plus de trois mois de la fin de son contrat, les spe\u0301culations vont bon train quant a\u0300 l\u2019avenir de Lionel Messi au PSG. Et si le pe\u0300re ne cesse de monter au cre\u0301neau pour de\u0301monter les rumeurs, nous sommes en mesure de vous confirmer que la Pulga a des envies d\u2019ailleurs et songe tre\u0300s se\u0301rieusement a\u0300 revenir a\u0300 Barcelone.<\/b><\/p>\n<p>Qu\u2019il semble loin le temps ou\u0300 Lionel Messi de\u0301barquait au Bourget devant des milliers de personnes qui scandaient son nom, force\u0301ment heureux de voir l\u2019un des meilleurs joueurs de l\u2019histoire du football rallier le Paris Saint-Germain et la Ligue 1. Venu pour faire passer un cap au PSG, Lionel Messi (35 ans) est loin d\u2019avoir re\u0301ussi son pari moins de deux ans apre\u0300s son arrive\u0301e. On peut me\u0302me dire que sous l\u2019impulsion de la Pulga, le club de la capitale vit sans doute l\u2019une des pires saisons sous pavillon QSI.<\/p>\n<p>Alors que tout semblait parti pour que l\u2019aventure parisienne du champion du monde 2022 se poursuive une saison supple\u0301mentaire (il est en fin de contrat le 30 juin 2023), et qu\u2019un accord verbal avait e\u0301te\u0301 trouve\u0301 en de\u0301cembre, les positions se sont clairement e\u0301loigne\u0301es, comme nous le re\u0301ve\u0301lions le 13 fe\u0301vrier dernier. Il y a un mois, une prolongation n\u2019e\u0301tait clairement pas l\u2019hypothe\u0300se privile\u0301gie\u0301e par le champion du monde et son entourage. Les dernie\u0300res semaines n\u2019ont fait que renforcer ce sentiment, malgre\u0301 les de\u0301mentis re\u0301guliers de son pe\u0300re.<\/p>\n<p><b>Lionel Messi et la nostalgie du Barc\u0327a<\/b><\/p>\n<p>Entre les trop nombreuses de\u0301faites du PSG, l\u2019e\u0301limination face au Bayern Munich, une relation plus que tendue avec les supporters, et surtout une brouille avec Christophe Galtier, l\u2019aventure parisienne se complique se\u0301rieusement. D\u2019ailleurs mardi, Lionel Messi a quitte\u0301 pre\u0301mature\u0301ment l\u2019entrainement apre\u0300s avoir refuse\u0301 de participer a\u0300 un exercice. Le coach parisien a tente\u0301 de le retenir en vain devant des joueurs parisiens, me\u0301duse\u0301s. Force\u0301ment, a\u0300 la vue de ces e\u0301le\u0301ments, Messi parai\u0302t de plus en plus loin de la capitale et ce, me\u0302me si Christophe Galtier, malgre\u0301 une certaine inimitie\u0301 de la part de sa star, appre\u0301cie et de\u0301fend toujours Leo Messi, n\u2019he\u0301sitant a\u0300 rappeler les 18 buts et 17 passes de\u0301cisives de ce dernier cette saison.<\/p>\n<p>Et si l\u2019ide\u0301e de rallier la MLS un jour et plus pre\u0301cise\u0301ment Miami existe, une autre option est de\u0301sormais envisage\u0301e par le clan Messi, a\u0300 savoir revenir a\u0300 Barcelone. Bien qu\u2019heureux a\u0300 Paris, le septuple Ballon d\u2019Or est toujours nostalgique de la cite\u0301 catalane et y retourne de\u0300s qu\u2019il en a l\u2019occasion. Revenir au Barc\u0327a, dans un club qu\u2019il connai\u0302t par c\u0153ur, serait une opportunite\u0301 en or. Des rendez-vous entre Jorge Messi et Joan Laporta ont de\u0301ja\u0300 eu lieu. Des e\u0301changes re\u0301guliers ont e\u0301galement lieu entre la Pulga et Xavi.<\/p>\n<p><b>Le Barc\u0327a essaie de trouver une solution pour le faire revenir<\/b><\/p>\n<p>Seul proble\u0300me et il est de taille, les finances exsangues du club blaugrana. De\u0301ja\u0300 en grande difficulte\u0301 pour valider le nouveau contrat de Gavi, le Barc\u0327a est scrute\u0301 de pre\u0300s par la Liga et son pre\u0301sident, Javier Tebas, qui effectue un marquage individuel aupre\u0300s du FCB. Si les deux parties veulent de nouveau travailler ensemble, il faudra vendre plusieurs joueurs et se de\u0301lester d\u2019une partie de la masse salariale pour espe\u0301rer re\u0301cupe\u0301rer la Pulga. On en est encore loin, mais le champion du monde argentin sait visiblement de plus en plus la\u0300 ou\u0300 il veut jouer la saison prochaine&#8230;<\/p>\n<p><strong>Pour plus d&rsquo;informations et d&rsquo;analyses sur la <a href=\"https:\/\/www.africa-press.net\/cameroun\">Cameroun<\/a>, suivez <a href=\"https:\/\/www.africa-press.net\/\">Africa-Press<\/a><\/strong><\/p>\n","protected":false},"excerpt":{"rendered":"<p>Africa-Press &#8211; Cameroun. A\u0300 un peu plus de trois mois de la fin de son contrat, les spe\u0301culations vont bon train quant a\u0300 l\u2019avenir de Lionel Messi au PSG. Et si le pe\u0300re ne cesse de monter au cre\u0301neau pour de\u0301monter les rumeurs, nous sommes en mesure de vous confirmer que la Pulga a des [&hellip;]<\/p>\n","protected":false},"author":82,"featured_media":39746,"comment_status":"open","ping_status":"closed","sticky":false,"template":"","format":"standard","meta":{"footnotes":""},"categories":[6,10],"tags":[36,50,49],"class_list":["post-39747","post","type-post","status-publish","format-standard","has-post-thumbnail","hentry","category-sports","category-toutes-les-actualites","tag-africa-press","tag-africa-press-cameroun","tag-cameroun"],"yoast_head":"<!-- This site is optimized with the Yoast SEO Premium plugin v26.1 (Yoast SEO v27.0) - https:\/\/yoast.com\/product\/yoast-seo-premium-wordpress\/ -->\n<title>Messi ouvert pour un retour \u00e0 Barcelone - Cameroun<\/title>\n<meta name=\"description\" content=\"A\u0300 un peu plus de trois mois de la fin de son contrat, les spe\u0301culations vont bon train quant a\u0300 l\u2019avenir de Lionel M ...\" \/>\n<meta name=\"robots\" content=\"index, follow, max-snippet:-1, max-image-preview:large, max-video-preview:-1\" \/>\n<link rel=\"canonical\" href=\"https:\/\/www.africa-press.net\/cameroun\/sports\/messi-ouvert-pour-un-retour-a-barcelone\" \/>\n<meta property=\"og:locale\" content=\"fr_FR\" \/>\n<meta property=\"og:type\" content=\"article\" \/>\n<meta property=\"og:title\" content=\"Messi ouvert pour un retour \u00e0 Barcelone\" \/>\n<meta property=\"og:description\" content=\"A\u0300 un peu plus de trois mois de la fin de son contrat, les spe\u0301culations vont bon train quant a\u0300 l\u2019avenir de Lionel M ...\" \/>\n<meta property=\"og:url\" content=\"https:\/\/www.africa-press.net\/cameroun\/sports\/messi-ouvert-pour-un-retour-a-barcelone\" \/>\n<meta property=\"og:site_name\" content=\"Cameroun\" \/>\n<meta property=\"article:published_time\" content=\"2023-03-18T19:00:08+00:00\" \/>\n<meta property=\"article:modified_time\" content=\"2023-03-18T19:31:44+00:00\" \/>\n<meta property=\"og:image\" content=\"https:\/\/static.africa-press.net\/cameroun\/sites\/57\/2023\/03\/postQueueImg_1679153412.75.jpg\" \/>\n\t<meta property=\"og:image:width\" content=\"1200\" \/>\n\t<meta property=\"og:image:height\" content=\"675\" \/>\n\t<meta property=\"og:image:type\" content=\"image\/jpeg\" \/>\n<meta name=\"author\" content=\"cfeditorfr\" \/>\n<meta name=\"twitter:card\" content=\"summary_large_image\" \/>\n<meta name=\"twitter:label1\" content=\"\u00c9crit par\" \/>\n\t<meta name=\"twitter:data1\" content=\"cfeditorfr\" \/>\n\t<meta name=\"twitter:label2\" content=\"Dur\u00e9e de lecture estim\u00e9e\" \/>\n\t<meta name=\"twitter:data2\" content=\"3 minutes\" \/>\n<script type=\"application\/ld+json\" class=\"yoast-schema-graph\">{\"@context\":\"https:\/\/schema.org\",\"@graph\":[{\"@type\":\"Article\",\"@id\":\"https:\/\/www.africa-press.net\/cameroun\/sports\/messi-ouvert-pour-un-retour-a-barcelone#article\",\"isPartOf\":{\"@id\":\"https:\/\/www.africa-press.net\/cameroun\/sports\/messi-ouvert-pour-un-retour-a-barcelone\"},\"author\":{\"name\":\"cfeditorfr\",\"@id\":\"https:\/\/www.africa-press.net\/cameroun\/#\/schema\/person\/2b1cf3cd81a31e3cd26889ca66d677f1\"},\"headline\":\"Messi ouvert pour un retour \u00e0 Barcelone\",\"datePublished\":\"2023-03-18T19:00:08+00:00\",\"dateModified\":\"2023-03-18T19:31:44+00:00\",\"mainEntityOfPage\":{\"@id\":\"https:\/\/www.africa-press.net\/cameroun\/sports\/messi-ouvert-pour-un-retour-a-barcelone\"},\"wordCount\":672,\"commentCount\":0,\"image\":{\"@id\":\"https:\/\/www.africa-press.net\/cameroun\/sports\/messi-ouvert-pour-un-retour-a-barcelone#primaryimage\"},\"thumbnailUrl\":\"https:\/\/static.africa-press.net\/cameroun\/sites\/57\/2023\/03\/postQueueImg_1679153412.75.jpg\",\"keywords\":[\"Africa Press\",\"Africa Press-Cameroun\",\"Cameroun\"],\"articleSection\":[\"Sports\",\"Toutes les actualit\u00e9s\"],\"inLanguage\":\"fr-FR\",\"potentialAction\":[{\"@type\":\"CommentAction\",\"name\":\"Comment\",\"target\":[\"https:\/\/www.africa-press.net\/cameroun\/sports\/messi-ouvert-pour-un-retour-a-barcelone#respond\"]}]},{\"@type\":\"WebPage\",\"@id\":\"https:\/\/www.africa-press.net\/cameroun\/sports\/messi-ouvert-pour-un-retour-a-barcelone\",\"url\":\"https:\/\/www.africa-press.net\/cameroun\/sports\/messi-ouvert-pour-un-retour-a-barcelone\",\"name\":\"Messi ouvert pour un retour \u00e0 Barcelone - Cameroun\",\"isPartOf\":{\"@id\":\"https:\/\/www.africa-press.net\/cameroun\/#website\"},\"primaryImageOfPage\":{\"@id\":\"https:\/\/www.africa-press.net\/cameroun\/sports\/messi-ouvert-pour-un-retour-a-barcelone#primaryimage\"},\"image\":{\"@id\":\"https:\/\/www.africa-press.net\/cameroun\/sports\/messi-ouvert-pour-un-retour-a-barcelone#primaryimage\"},\"thumbnailUrl\":\"https:\/\/static.africa-press.net\/cameroun\/sites\/57\/2023\/03\/postQueueImg_1679153412.75.jpg\",\"datePublished\":\"2023-03-18T19:00:08+00:00\",\"dateModified\":\"2023-03-18T19:31:44+00:00\",\"author\":{\"@id\":\"https:\/\/www.africa-press.net\/cameroun\/#\/schema\/person\/2b1cf3cd81a31e3cd26889ca66d677f1\"},\"description\":\"A\u0300 un peu plus de trois mois de la fin de son contrat, les spe\u0301culations vont bon train quant a\u0300 l\u2019avenir de Lionel M ...\",\"breadcrumb\":{\"@id\":\"https:\/\/www.africa-press.net\/cameroun\/sports\/messi-ouvert-pour-un-retour-a-barcelone#breadcrumb\"},\"inLanguage\":\"fr-FR\",\"potentialAction\":[{\"@type\":\"ReadAction\",\"target\":[\"https:\/\/www.africa-press.net\/cameroun\/sports\/messi-ouvert-pour-un-retour-a-barcelone\"]}]},{\"@type\":\"ImageObject\",\"inLanguage\":\"fr-FR\",\"@id\":\"https:\/\/www.africa-press.net\/cameroun\/sports\/messi-ouvert-pour-un-retour-a-barcelone#primaryimage\",\"url\":\"https:\/\/static.africa-press.net\/cameroun\/sites\/57\/2023\/03\/postQueueImg_1679153412.75.jpg\",\"contentUrl\":\"https:\/\/static.africa-press.net\/cameroun\/sites\/57\/2023\/03\/postQueueImg_1679153412.75.jpg\",\"width\":1200,\"height\":675,\"caption\":\"Messi ouvert pour un retour \u00e0 Barcelone\"},{\"@type\":\"BreadcrumbList\",\"@id\":\"https:\/\/www.africa-press.net\/cameroun\/sports\/messi-ouvert-pour-un-retour-a-barcelone#breadcrumb\",\"itemListElement\":[{\"@type\":\"ListItem\",\"position\":1,\"name\":\"Accueil\",\"item\":\"https:\/\/www.africa-press.net\/cameroun\/\"},{\"@type\":\"ListItem\",\"position\":2,\"name\":\"Messi ouvert pour un retour \u00e0 Barcelone\"}]},{\"@type\":\"WebSite\",\"@id\":\"https:\/\/www.africa-press.net\/cameroun\/#website\",\"url\":\"https:\/\/www.africa-press.net\/cameroun\/\",\"name\":\"Cameroun\",\"description\":\"Just another Africa News Agency Sites site\",\"potentialAction\":[{\"@type\":\"SearchAction\",\"target\":{\"@type\":\"EntryPoint\",\"urlTemplate\":\"https:\/\/www.africa-press.net\/cameroun\/?s={search_term_string}\"},\"query-input\":{\"@type\":\"PropertyValueSpecification\",\"valueRequired\":true,\"valueName\":\"search_term_string\"}}],\"inLanguage\":\"fr-FR\"},{\"@type\":\"Person\",\"@id\":\"https:\/\/www.africa-press.net\/cameroun\/#\/schema\/person\/2b1cf3cd81a31e3cd26889ca66d677f1\",\"name\":\"cfeditorfr\"}]}<\/script>\n<!-- \/ Yoast SEO Premium plugin. -->","yoast_head_json":{"title":"Messi ouvert pour un retour \u00e0 Barcelone - Cameroun","description":"A\u0300 un peu plus de trois mois de la fin de son contrat, les spe\u0301culations vont bon train quant a\u0300 l\u2019avenir de Lionel M ...","robots":{"index":"index","follow":"follow","max-snippet":"max-snippet:-1","max-image-preview":"max-image-preview:large","max-video-preview":"max-video-preview:-1"},"canonical":"https:\/\/www.africa-press.net\/cameroun\/sports\/messi-ouvert-pour-un-retour-a-barcelone","og_locale":"fr_FR","og_type":"article","og_title":"Messi ouvert pour un retour \u00e0 Barcelone","og_description":"A\u0300 un peu plus de trois mois de la fin de son contrat, les spe\u0301culations vont bon train quant a\u0300 l\u2019avenir de Lionel M ...","og_url":"https:\/\/www.africa-press.net\/cameroun\/sports\/messi-ouvert-pour-un-retour-a-barcelone","og_site_name":"Cameroun","article_published_time":"2023-03-18T19:00:08+00:00","article_modified_time":"2023-03-18T19:31:44+00:00","og_image":[{"width":1200,"height":675,"url":"https:\/\/static.africa-press.net\/cameroun\/sites\/57\/2023\/03\/postQueueImg_1679153412.75.jpg","type":"image\/jpeg"}],"author":"cfeditorfr","twitter_card":"summary_large_image","twitter_misc":{"\u00c9crit par":"cfeditorfr","Dur\u00e9e de lecture estim\u00e9e":"3 minutes"},"schema":{"@context":"https:\/\/schema.org","@graph":[{"@type":"Article","@id":"https:\/\/www.africa-press.net\/cameroun\/sports\/messi-ouvert-pour-un-retour-a-barcelone#article","isPartOf":{"@id":"https:\/\/www.africa-press.net\/cameroun\/sports\/messi-ouvert-pour-un-retour-a-barcelone"},"author":{"name":"cfeditorfr","@id":"https:\/\/www.africa-press.net\/cameroun\/#\/schema\/person\/2b1cf3cd81a31e3cd26889ca66d677f1"},"headline":"Messi ouvert pour un retour \u00e0 Barcelone","datePublished":"2023-03-18T19:00:08+00:00","dateModified":"2023-03-18T19:31:44+00:00","mainEntityOfPage":{"@id":"https:\/\/www.africa-press.net\/cameroun\/sports\/messi-ouvert-pour-un-retour-a-barcelone"},"wordCount":672,"commentCount":0,"image":{"@id":"https:\/\/www.africa-press.net\/cameroun\/sports\/messi-ouvert-pour-un-retour-a-barcelone#primaryimage"},"thumbnailUrl":"https:\/\/static.africa-press.net\/cameroun\/sites\/57\/2023\/03\/postQueueImg_1679153412.75.jpg","keywords":["Africa Press","Africa Press-Cameroun","Cameroun"],"articleSection":["Sports","Toutes les actualit\u00e9s"],"inLanguage":"fr-FR","potentialAction":[{"@type":"CommentAction","name":"Comment","target":["https:\/\/www.africa-press.net\/cameroun\/sports\/messi-ouvert-pour-un-retour-a-barcelone#respond"]}]},{"@type":"WebPage","@id":"https:\/\/www.africa-press.net\/cameroun\/sports\/messi-ouvert-pour-un-retour-a-barcelone","url":"https:\/\/www.africa-press.net\/cameroun\/sports\/messi-ouvert-pour-un-retour-a-barcelone","name":"Messi ouvert pour un retour \u00e0 Barcelone - Cameroun","isPartOf":{"@id":"https:\/\/www.africa-press.net\/cameroun\/#website"},"primaryImageOfPage":{"@id":"https:\/\/www.africa-press.net\/cameroun\/sports\/messi-ouvert-pour-un-retour-a-barcelone#primaryimage"},"image":{"@id":"https:\/\/www.africa-press.net\/cameroun\/sports\/messi-ouvert-pour-un-retour-a-barcelone#primaryimage"},"thumbnailUrl":"https:\/\/static.africa-press.net\/cameroun\/sites\/57\/2023\/03\/postQueueImg_1679153412.75.jpg","datePublished":"2023-03-18T19:00:08+00:00","dateModified":"2023-03-18T19:31:44+00:00","author":{"@id":"https:\/\/www.africa-press.net\/cameroun\/#\/schema\/person\/2b1cf3cd81a31e3cd26889ca66d677f1"},"description":"A\u0300 un peu plus de trois mois de la fin de son contrat, les spe\u0301culations vont bon train quant a\u0300 l\u2019avenir de Lionel M ...","breadcrumb":{"@id":"https:\/\/www.africa-press.net\/cameroun\/sports\/messi-ouvert-pour-un-retour-a-barcelone#breadcrumb"},"inLanguage":"fr-FR","potentialAction":[{"@type":"ReadAction","target":["https:\/\/www.africa-press.net\/cameroun\/sports\/messi-ouvert-pour-un-retour-a-barcelone"]}]},{"@type":"ImageObject","inLanguage":"fr-FR","@id":"https:\/\/www.africa-press.net\/cameroun\/sports\/messi-ouvert-pour-un-retour-a-barcelone#primaryimage","url":"https:\/\/static.africa-press.net\/cameroun\/sites\/57\/2023\/03\/postQueueImg_1679153412.75.jpg","contentUrl":"https:\/\/static.africa-press.net\/cameroun\/sites\/57\/2023\/03\/postQueueImg_1679153412.75.jpg","width":1200,"height":675,"caption":"Messi ouvert pour un retour \u00e0 Barcelone"},{"@type":"BreadcrumbList","@id":"https:\/\/www.africa-press.net\/cameroun\/sports\/messi-ouvert-pour-un-retour-a-barcelone#breadcrumb","itemListElement":[{"@type":"ListItem","position":1,"name":"Accueil","item":"https:\/\/www.africa-press.net\/cameroun\/"},{"@type":"ListItem","position":2,"name":"Messi ouvert pour un retour \u00e0 Barcelone"}]},{"@type":"WebSite","@id":"https:\/\/www.africa-press.net\/cameroun\/#website","url":"https:\/\/www.africa-press.net\/cameroun\/","name":"Cameroun","description":"Just another Africa News Agency Sites site","potentialAction":[{"@type":"SearchAction","target":{"@type":"EntryPoint","urlTemplate":"https:\/\/www.africa-press.net\/cameroun\/?s={search_term_string}"},"query-input":{"@type":"PropertyValueSpecification","valueRequired":true,"valueName":"search_term_string"}}],"inLanguage":"fr-FR"},{"@type":"Person","@id":"https:\/\/www.africa-press.net\/cameroun\/#\/schema\/person\/2b1cf3cd81a31e3cd26889ca66d677f1","name":"cfeditorfr"}]}},"_links":{"self":[{"href":"https:\/\/www.africa-press.net\/cameroun\/wp-json\/wp\/v2\/posts\/39747","targetHints":{"allow":["GET"]}}],"collection":[{"href":"https:\/\/www.africa-press.net\/cameroun\/wp-json\/wp\/v2\/posts"}],"about":[{"href":"https:\/\/www.africa-press.net\/cameroun\/wp-json\/wp\/v2\/types\/post"}],"author":[{"embeddable":true,"href":"https:\/\/www.africa-press.net\/cameroun\/wp-json\/wp\/v2\/users\/82"}],"replies":[{"embeddable":true,"href":"https:\/\/www.africa-press.net\/cameroun\/wp-json\/wp\/v2\/comments?post=39747"}],"version-history":[{"count":0,"href":"https:\/\/www.africa-press.net\/cameroun\/wp-json\/wp\/v2\/posts\/39747\/revisions"}],"wp:featuredmedia":[{"embeddable":true,"href":"https:\/\/www.africa-press.net\/cameroun\/wp-json\/wp\/v2\/media\/39746"}],"wp:attachment":[{"href":"https:\/\/www.africa-press.net\/cameroun\/wp-json\/wp\/v2\/media?parent=39747"}],"wp:term":[{"taxonomy":"category","embeddable":true,"href":"https:\/\/www.africa-press.net\/cameroun\/wp-json\/wp\/v2\/categories?post=39747"},{"taxonomy":"post_tag","embeddable":true,"href":"https:\/\/www.africa-press.net\/cameroun\/wp-json\/wp\/v2\/tags?post=39747"}],"curies":[{"name":"wp","href":"https:\/\/api.w.org\/{rel}","templated":true}]}}