{"id":39754,"date":"2023-03-19T10:15:44","date_gmt":"2023-03-19T10:15:44","guid":{"rendered":"https:\/\/www.africa-press.net\/cameroun\/politique\/dgsn-cabral-libii-encercle-par-des-policiers-les-ordres-sont-clairs"},"modified":"2023-03-19T10:34:55","modified_gmt":"2023-03-19T10:34:55","slug":"dgsn-cabral-libii-encercle-par-des-policiers-les-ordres-sont-clairs","status":"publish","type":"post","link":"https:\/\/www.africa-press.net\/cameroun\/toutes-les-actualites\/dgsn-cabral-libii-encercle-par-des-policiers-les-ordres-sont-clairs","title":{"rendered":"DGSN: Cabral Libii encercl\u00e9 par des policiers, les ordres sont clairs"},"content":{"rendered":"<p><span style=\"color: #ff6600\"><strong>Africa-Press &#8211; Cameroun. <\/strong><\/span>Me\u0302me si interdite, ce dimanche 19 mars, le de\u0301pute\u0301 Cabral Libii a initie\u0301 une manifestation a\u0300 Yaounde\u0301, afin de protester contre les coupures anarchiques du courant e\u0301lectrique.<\/p>\n<p>La manifestation pre\u0301vue par Cabral Libii est en train d&rsquo;e\u0302tre \u00ab\u00a0e\u0301touffe\u0301e dans l&rsquo;\u0153uf\u00a0\u00bb par des centaines de policiers mis a\u0300 la disposition du sous-pre\u0301fet de Yaounde\u0301 5 par le DGSN.<\/p>\n<p>Ce dimanche vers 08 heures, de nombreux policiers ont e\u0301te\u0301 de\u0301ploye\u0301s au stade Omnisports et sur la route qui va de Texaco Omnisports a\u0300 Mobil Omnisports. C&rsquo;est d&rsquo;ailleurs sur ce tronc\u0327on que Cabral Libii a pre\u0301vu organiser sa manifestation ce jour, malgre\u0301 l&rsquo;interdiction du sous-pre\u0301fet de Yaounde\u0301 5.<\/p>\n<p>\u00ab\u00a0La marche du 19 mars 2023 pour protester contre les de\u0301lestages sauvages, en tant que mouvement de foule et indiscutablement le\u0301gitime, a e\u0301te\u0301 interdite par le Sous-pre\u0301fet de Yaounde\u0301 5. Nous en prenons acte. Ce qui n&rsquo;a absolument pas e\u0301te\u0301 interdit, et qui ne saurait l&rsquo;e\u0302tre vis-a\u0300-vis d&rsquo;aucun citoyen, est la liberte\u0301 individuelle d&rsquo;aller et de venir sur l&rsquo;arte\u0300re du quartier Omnisports qui va de Texaco Omnisports a\u0300 Mobil Omnisports\u00a0\u00bb, avait e\u0301crit Cabral Libii la veille de la manifestation.<\/p>\n<p>\u00ab\u00a0Le peuple veut 500 MW d&rsquo;e\u0301lectricite\u0301, pas 500 policiers\u00a0\u00bb, e\u0301crit Libii ce dimanche matin, lorsqu&rsquo;il a constate\u0301 la horde de policiers poste\u0301s sur le tronc\u0327on.<\/p>\n<p>Par ailleurs, l&rsquo;on apprend e\u0301galement que le de\u0301pute\u0301 a e\u0301te\u0301 empe\u0302che\u0301 de sortir de son domicile a\u0300 Yaounde\u0301.<\/p>\n<p>\u00ab\u00a0Le Domicile de l\u2019honorable Cabral Libii encercle\u0301 par les FMO EN CE MOMENT&#8230;Nous demandons juste a\u0300 ceux qui ont la charge de la gestion de l&rsquo;e\u0301lectricite\u0301 au Cameroun de mettre les batteries en marche pour que plus jamais, ces compatriotes ne laissent plus leur femmes, maris et enfants tre\u0300s to\u0302t le matin chez eux pour venir se placer en route a\u0300 cause d&rsquo;un proble\u0300me e\u0301le\u0301mentaire que le gouvernement n&rsquo;arrive pas a\u0300 re\u0301soudre\u00a0\u00bb, e\u0301crit Julien Bapes Bapes, un proche collaborateur de Cabral Libii.<\/p>\n<p><strong>Pour plus d&rsquo;informations et d&rsquo;analyses sur la <a href=\"https:\/\/www.africa-press.net\/cameroun\">Cameroun<\/a>, suivez <a href=\"https:\/\/www.africa-press.net\/\">Africa-Press<\/a><\/strong><\/p>\n","protected":false},"excerpt":{"rendered":"<p>Africa-Press &#8211; Cameroun. Me\u0302me si interdite, ce dimanche 19 mars, le de\u0301pute\u0301 Cabral Libii a initie\u0301 une manifestation a\u0300 Yaounde\u0301, afin de protester contre les coupures anarchiques du courant e\u0301lectrique. La manifestation pre\u0301vue par Cabral Libii est en train d&rsquo;e\u0302tre \u00ab\u00a0e\u0301touffe\u0301e dans l&rsquo;\u0153uf\u00a0\u00bb par des centaines de policiers mis a\u0300 la disposition du sous-pre\u0301fet de [&hellip;]<\/p>\n","protected":false},"author":82,"featured_media":39753,"comment_status":"open","ping_status":"closed","sticky":false,"template":"","format":"standard","meta":{"footnotes":""},"categories":[21,10],"tags":[36,50,49],"class_list":["post-39754","post","type-post","status-publish","format-standard","has-post-thumbnail","hentry","category-communaute","category-toutes-les-actualites","tag-africa-press","tag-africa-press-cameroun","tag-cameroun"],"yoast_head":"<!-- This site is optimized with the Yoast SEO Premium plugin v26.1 (Yoast SEO v27.0) - https:\/\/yoast.com\/product\/yoast-seo-premium-wordpress\/ -->\n<title>DGSN: Cabral Libii encercl\u00e9 par des policiers, les ordres sont clairs - Cameroun<\/title>\n<meta name=\"description\" content=\"Me\u0302me si interdite, ce dimanche 19 mars, le de\u0301pute\u0301 Cabral Libii a initie\u0301 une manifestation a\u0300 Yaounde\u0301, afin de prote ...\" \/>\n<meta name=\"robots\" content=\"index, follow, max-snippet:-1, max-image-preview:large, max-video-preview:-1\" \/>\n<link rel=\"canonical\" href=\"https:\/\/www.africa-press.net\/cameroun\/toutes-les-actualites\/dgsn-cabral-libii-encercle-par-des-policiers-les-ordres-sont-clairs\" \/>\n<meta property=\"og:locale\" content=\"fr_FR\" \/>\n<meta property=\"og:type\" content=\"article\" \/>\n<meta property=\"og:title\" content=\"DGSN: Cabral Libii encercl\u00e9 par des policiers, les ordres sont clairs\" \/>\n<meta property=\"og:description\" content=\"Me\u0302me si interdite, ce dimanche 19 mars, le de\u0301pute\u0301 Cabral Libii a initie\u0301 une manifestation a\u0300 Yaounde\u0301, afin de prote ...\" \/>\n<meta property=\"og:url\" content=\"https:\/\/www.africa-press.net\/cameroun\/toutes-les-actualites\/dgsn-cabral-libii-encercle-par-des-policiers-les-ordres-sont-clairs\" \/>\n<meta property=\"og:site_name\" content=\"Cameroun\" \/>\n<meta property=\"article:published_time\" content=\"2023-03-19T10:15:44+00:00\" \/>\n<meta property=\"article:modified_time\" content=\"2023-03-19T10:34:55+00:00\" \/>\n<meta property=\"og:image\" content=\"https:\/\/static.africa-press.net\/cameroun\/sites\/57\/2023\/03\/postQueueImg_1679208354.31.jpg\" \/>\n\t<meta property=\"og:image:width\" content=\"720\" \/>\n\t<meta property=\"og:image:height\" content=\"360\" \/>\n\t<meta property=\"og:image:type\" content=\"image\/jpeg\" \/>\n<meta name=\"author\" content=\"cfeditorfr\" \/>\n<meta name=\"twitter:card\" content=\"summary_large_image\" \/>\n<meta name=\"twitter:label1\" content=\"\u00c9crit par\" \/>\n\t<meta name=\"twitter:data1\" content=\"cfeditorfr\" \/>\n\t<meta name=\"twitter:label2\" content=\"Dur\u00e9e de lecture estim\u00e9e\" \/>\n\t<meta name=\"twitter:data2\" content=\"2 minutes\" \/>\n<script type=\"application\/ld+json\" class=\"yoast-schema-graph\">{\"@context\":\"https:\/\/schema.org\",\"@graph\":[{\"@type\":\"Article\",\"@id\":\"https:\/\/www.africa-press.net\/cameroun\/toutes-les-actualites\/dgsn-cabral-libii-encercle-par-des-policiers-les-ordres-sont-clairs#article\",\"isPartOf\":{\"@id\":\"https:\/\/www.africa-press.net\/cameroun\/toutes-les-actualites\/dgsn-cabral-libii-encercle-par-des-policiers-les-ordres-sont-clairs\"},\"author\":{\"name\":\"cfeditorfr\",\"@id\":\"https:\/\/www.africa-press.net\/cameroun\/#\/schema\/person\/2b1cf3cd81a31e3cd26889ca66d677f1\"},\"headline\":\"DGSN: Cabral Libii encercl\u00e9 par des policiers, les ordres sont clairs\",\"datePublished\":\"2023-03-19T10:15:44+00:00\",\"dateModified\":\"2023-03-19T10:34:55+00:00\",\"mainEntityOfPage\":{\"@id\":\"https:\/\/www.africa-press.net\/cameroun\/toutes-les-actualites\/dgsn-cabral-libii-encercle-par-des-policiers-les-ordres-sont-clairs\"},\"wordCount\":383,\"commentCount\":0,\"image\":{\"@id\":\"https:\/\/www.africa-press.net\/cameroun\/toutes-les-actualites\/dgsn-cabral-libii-encercle-par-des-policiers-les-ordres-sont-clairs#primaryimage\"},\"thumbnailUrl\":\"https:\/\/static.africa-press.net\/cameroun\/sites\/57\/2023\/03\/postQueueImg_1679208354.31.jpg\",\"keywords\":[\"Africa Press\",\"Africa Press-Cameroun\",\"Cameroun\"],\"articleSection\":[\"Communaut\u00e9\",\"Toutes les actualit\u00e9s\"],\"inLanguage\":\"fr-FR\",\"potentialAction\":[{\"@type\":\"CommentAction\",\"name\":\"Comment\",\"target\":[\"https:\/\/www.africa-press.net\/cameroun\/toutes-les-actualites\/dgsn-cabral-libii-encercle-par-des-policiers-les-ordres-sont-clairs#respond\"]}]},{\"@type\":\"WebPage\",\"@id\":\"https:\/\/www.africa-press.net\/cameroun\/toutes-les-actualites\/dgsn-cabral-libii-encercle-par-des-policiers-les-ordres-sont-clairs\",\"url\":\"https:\/\/www.africa-press.net\/cameroun\/toutes-les-actualites\/dgsn-cabral-libii-encercle-par-des-policiers-les-ordres-sont-clairs\",\"name\":\"DGSN: Cabral Libii encercl\u00e9 par des policiers, les ordres sont clairs - Cameroun\",\"isPartOf\":{\"@id\":\"https:\/\/www.africa-press.net\/cameroun\/#website\"},\"primaryImageOfPage\":{\"@id\":\"https:\/\/www.africa-press.net\/cameroun\/toutes-les-actualites\/dgsn-cabral-libii-encercle-par-des-policiers-les-ordres-sont-clairs#primaryimage\"},\"image\":{\"@id\":\"https:\/\/www.africa-press.net\/cameroun\/toutes-les-actualites\/dgsn-cabral-libii-encercle-par-des-policiers-les-ordres-sont-clairs#primaryimage\"},\"thumbnailUrl\":\"https:\/\/static.africa-press.net\/cameroun\/sites\/57\/2023\/03\/postQueueImg_1679208354.31.jpg\",\"datePublished\":\"2023-03-19T10:15:44+00:00\",\"dateModified\":\"2023-03-19T10:34:55+00:00\",\"author\":{\"@id\":\"https:\/\/www.africa-press.net\/cameroun\/#\/schema\/person\/2b1cf3cd81a31e3cd26889ca66d677f1\"},\"description\":\"Me\u0302me si interdite, ce dimanche 19 mars, le de\u0301pute\u0301 Cabral Libii a initie\u0301 une manifestation a\u0300 Yaounde\u0301, afin de prote ...\",\"breadcrumb\":{\"@id\":\"https:\/\/www.africa-press.net\/cameroun\/toutes-les-actualites\/dgsn-cabral-libii-encercle-par-des-policiers-les-ordres-sont-clairs#breadcrumb\"},\"inLanguage\":\"fr-FR\",\"potentialAction\":[{\"@type\":\"ReadAction\",\"target\":[\"https:\/\/www.africa-press.net\/cameroun\/toutes-les-actualites\/dgsn-cabral-libii-encercle-par-des-policiers-les-ordres-sont-clairs\"]}]},{\"@type\":\"ImageObject\",\"inLanguage\":\"fr-FR\",\"@id\":\"https:\/\/www.africa-press.net\/cameroun\/toutes-les-actualites\/dgsn-cabral-libii-encercle-par-des-policiers-les-ordres-sont-clairs#primaryimage\",\"url\":\"https:\/\/static.africa-press.net\/cameroun\/sites\/57\/2023\/03\/postQueueImg_1679208354.31.jpg\",\"contentUrl\":\"https:\/\/static.africa-press.net\/cameroun\/sites\/57\/2023\/03\/postQueueImg_1679208354.31.jpg\",\"width\":720,\"height\":360,\"caption\":\"DGSN: Cabral Libii encercl\u00e9 par des policiers, les ordres sont clairs\"},{\"@type\":\"BreadcrumbList\",\"@id\":\"https:\/\/www.africa-press.net\/cameroun\/toutes-les-actualites\/dgsn-cabral-libii-encercle-par-des-policiers-les-ordres-sont-clairs#breadcrumb\",\"itemListElement\":[{\"@type\":\"ListItem\",\"position\":1,\"name\":\"Accueil\",\"item\":\"https:\/\/www.africa-press.net\/cameroun\/\"},{\"@type\":\"ListItem\",\"position\":2,\"name\":\"DGSN: Cabral Libii encercl\u00e9 par des policiers, les ordres sont clairs\"}]},{\"@type\":\"WebSite\",\"@id\":\"https:\/\/www.africa-press.net\/cameroun\/#website\",\"url\":\"https:\/\/www.africa-press.net\/cameroun\/\",\"name\":\"Cameroun\",\"description\":\"Just another Africa News Agency Sites site\",\"potentialAction\":[{\"@type\":\"SearchAction\",\"target\":{\"@type\":\"EntryPoint\",\"urlTemplate\":\"https:\/\/www.africa-press.net\/cameroun\/?s={search_term_string}\"},\"query-input\":{\"@type\":\"PropertyValueSpecification\",\"valueRequired\":true,\"valueName\":\"search_term_string\"}}],\"inLanguage\":\"fr-FR\"},{\"@type\":\"Person\",\"@id\":\"https:\/\/www.africa-press.net\/cameroun\/#\/schema\/person\/2b1cf3cd81a31e3cd26889ca66d677f1\",\"name\":\"cfeditorfr\"}]}<\/script>\n<!-- \/ Yoast SEO Premium plugin. -->","yoast_head_json":{"title":"DGSN: Cabral Libii encercl\u00e9 par des policiers, les ordres sont clairs - Cameroun","description":"Me\u0302me si interdite, ce dimanche 19 mars, le de\u0301pute\u0301 Cabral Libii a initie\u0301 une manifestation a\u0300 Yaounde\u0301, afin de prote ...","robots":{"index":"index","follow":"follow","max-snippet":"max-snippet:-1","max-image-preview":"max-image-preview:large","max-video-preview":"max-video-preview:-1"},"canonical":"https:\/\/www.africa-press.net\/cameroun\/toutes-les-actualites\/dgsn-cabral-libii-encercle-par-des-policiers-les-ordres-sont-clairs","og_locale":"fr_FR","og_type":"article","og_title":"DGSN: Cabral Libii encercl\u00e9 par des policiers, les ordres sont clairs","og_description":"Me\u0302me si interdite, ce dimanche 19 mars, le de\u0301pute\u0301 Cabral Libii a initie\u0301 une manifestation a\u0300 Yaounde\u0301, afin de prote ...","og_url":"https:\/\/www.africa-press.net\/cameroun\/toutes-les-actualites\/dgsn-cabral-libii-encercle-par-des-policiers-les-ordres-sont-clairs","og_site_name":"Cameroun","article_published_time":"2023-03-19T10:15:44+00:00","article_modified_time":"2023-03-19T10:34:55+00:00","og_image":[{"width":720,"height":360,"url":"https:\/\/static.africa-press.net\/cameroun\/sites\/57\/2023\/03\/postQueueImg_1679208354.31.jpg","type":"image\/jpeg"}],"author":"cfeditorfr","twitter_card":"summary_large_image","twitter_misc":{"\u00c9crit par":"cfeditorfr","Dur\u00e9e de lecture estim\u00e9e":"2 minutes"},"schema":{"@context":"https:\/\/schema.org","@graph":[{"@type":"Article","@id":"https:\/\/www.africa-press.net\/cameroun\/toutes-les-actualites\/dgsn-cabral-libii-encercle-par-des-policiers-les-ordres-sont-clairs#article","isPartOf":{"@id":"https:\/\/www.africa-press.net\/cameroun\/toutes-les-actualites\/dgsn-cabral-libii-encercle-par-des-policiers-les-ordres-sont-clairs"},"author":{"name":"cfeditorfr","@id":"https:\/\/www.africa-press.net\/cameroun\/#\/schema\/person\/2b1cf3cd81a31e3cd26889ca66d677f1"},"headline":"DGSN: Cabral Libii encercl\u00e9 par des policiers, les ordres sont clairs","datePublished":"2023-03-19T10:15:44+00:00","dateModified":"2023-03-19T10:34:55+00:00","mainEntityOfPage":{"@id":"https:\/\/www.africa-press.net\/cameroun\/toutes-les-actualites\/dgsn-cabral-libii-encercle-par-des-policiers-les-ordres-sont-clairs"},"wordCount":383,"commentCount":0,"image":{"@id":"https:\/\/www.africa-press.net\/cameroun\/toutes-les-actualites\/dgsn-cabral-libii-encercle-par-des-policiers-les-ordres-sont-clairs#primaryimage"},"thumbnailUrl":"https:\/\/static.africa-press.net\/cameroun\/sites\/57\/2023\/03\/postQueueImg_1679208354.31.jpg","keywords":["Africa Press","Africa Press-Cameroun","Cameroun"],"articleSection":["Communaut\u00e9","Toutes les actualit\u00e9s"],"inLanguage":"fr-FR","potentialAction":[{"@type":"CommentAction","name":"Comment","target":["https:\/\/www.africa-press.net\/cameroun\/toutes-les-actualites\/dgsn-cabral-libii-encercle-par-des-policiers-les-ordres-sont-clairs#respond"]}]},{"@type":"WebPage","@id":"https:\/\/www.africa-press.net\/cameroun\/toutes-les-actualites\/dgsn-cabral-libii-encercle-par-des-policiers-les-ordres-sont-clairs","url":"https:\/\/www.africa-press.net\/cameroun\/toutes-les-actualites\/dgsn-cabral-libii-encercle-par-des-policiers-les-ordres-sont-clairs","name":"DGSN: Cabral Libii encercl\u00e9 par des policiers, les ordres sont clairs - Cameroun","isPartOf":{"@id":"https:\/\/www.africa-press.net\/cameroun\/#website"},"primaryImageOfPage":{"@id":"https:\/\/www.africa-press.net\/cameroun\/toutes-les-actualites\/dgsn-cabral-libii-encercle-par-des-policiers-les-ordres-sont-clairs#primaryimage"},"image":{"@id":"https:\/\/www.africa-press.net\/cameroun\/toutes-les-actualites\/dgsn-cabral-libii-encercle-par-des-policiers-les-ordres-sont-clairs#primaryimage"},"thumbnailUrl":"https:\/\/static.africa-press.net\/cameroun\/sites\/57\/2023\/03\/postQueueImg_1679208354.31.jpg","datePublished":"2023-03-19T10:15:44+00:00","dateModified":"2023-03-19T10:34:55+00:00","author":{"@id":"https:\/\/www.africa-press.net\/cameroun\/#\/schema\/person\/2b1cf3cd81a31e3cd26889ca66d677f1"},"description":"Me\u0302me si interdite, ce dimanche 19 mars, le de\u0301pute\u0301 Cabral Libii a initie\u0301 une manifestation a\u0300 Yaounde\u0301, afin de prote ...","breadcrumb":{"@id":"https:\/\/www.africa-press.net\/cameroun\/toutes-les-actualites\/dgsn-cabral-libii-encercle-par-des-policiers-les-ordres-sont-clairs#breadcrumb"},"inLanguage":"fr-FR","potentialAction":[{"@type":"ReadAction","target":["https:\/\/www.africa-press.net\/cameroun\/toutes-les-actualites\/dgsn-cabral-libii-encercle-par-des-policiers-les-ordres-sont-clairs"]}]},{"@type":"ImageObject","inLanguage":"fr-FR","@id":"https:\/\/www.africa-press.net\/cameroun\/toutes-les-actualites\/dgsn-cabral-libii-encercle-par-des-policiers-les-ordres-sont-clairs#primaryimage","url":"https:\/\/static.africa-press.net\/cameroun\/sites\/57\/2023\/03\/postQueueImg_1679208354.31.jpg","contentUrl":"https:\/\/static.africa-press.net\/cameroun\/sites\/57\/2023\/03\/postQueueImg_1679208354.31.jpg","width":720,"height":360,"caption":"DGSN: Cabral Libii encercl\u00e9 par des policiers, les ordres sont clairs"},{"@type":"BreadcrumbList","@id":"https:\/\/www.africa-press.net\/cameroun\/toutes-les-actualites\/dgsn-cabral-libii-encercle-par-des-policiers-les-ordres-sont-clairs#breadcrumb","itemListElement":[{"@type":"ListItem","position":1,"name":"Accueil","item":"https:\/\/www.africa-press.net\/cameroun\/"},{"@type":"ListItem","position":2,"name":"DGSN: Cabral Libii encercl\u00e9 par des policiers, les ordres sont clairs"}]},{"@type":"WebSite","@id":"https:\/\/www.africa-press.net\/cameroun\/#website","url":"https:\/\/www.africa-press.net\/cameroun\/","name":"Cameroun","description":"Just another Africa News Agency Sites site","potentialAction":[{"@type":"SearchAction","target":{"@type":"EntryPoint","urlTemplate":"https:\/\/www.africa-press.net\/cameroun\/?s={search_term_string}"},"query-input":{"@type":"PropertyValueSpecification","valueRequired":true,"valueName":"search_term_string"}}],"inLanguage":"fr-FR"},{"@type":"Person","@id":"https:\/\/www.africa-press.net\/cameroun\/#\/schema\/person\/2b1cf3cd81a31e3cd26889ca66d677f1","name":"cfeditorfr"}]}},"_links":{"self":[{"href":"https:\/\/www.africa-press.net\/cameroun\/wp-json\/wp\/v2\/posts\/39754","targetHints":{"allow":["GET"]}}],"collection":[{"href":"https:\/\/www.africa-press.net\/cameroun\/wp-json\/wp\/v2\/posts"}],"about":[{"href":"https:\/\/www.africa-press.net\/cameroun\/wp-json\/wp\/v2\/types\/post"}],"author":[{"embeddable":true,"href":"https:\/\/www.africa-press.net\/cameroun\/wp-json\/wp\/v2\/users\/82"}],"replies":[{"embeddable":true,"href":"https:\/\/www.africa-press.net\/cameroun\/wp-json\/wp\/v2\/comments?post=39754"}],"version-history":[{"count":0,"href":"https:\/\/www.africa-press.net\/cameroun\/wp-json\/wp\/v2\/posts\/39754\/revisions"}],"wp:featuredmedia":[{"embeddable":true,"href":"https:\/\/www.africa-press.net\/cameroun\/wp-json\/wp\/v2\/media\/39753"}],"wp:attachment":[{"href":"https:\/\/www.africa-press.net\/cameroun\/wp-json\/wp\/v2\/media?parent=39754"}],"wp:term":[{"taxonomy":"category","embeddable":true,"href":"https:\/\/www.africa-press.net\/cameroun\/wp-json\/wp\/v2\/categories?post=39754"},{"taxonomy":"post_tag","embeddable":true,"href":"https:\/\/www.africa-press.net\/cameroun\/wp-json\/wp\/v2\/tags?post=39754"}],"curies":[{"name":"wp","href":"https:\/\/api.w.org\/{rel}","templated":true}]}}