{"id":39756,"date":"2023-03-19T10:16:17","date_gmt":"2023-03-19T10:16:17","guid":{"rendered":"https:\/\/www.africa-press.net\/cameroun\/politique\/serail-les-relations-insoupconnees-entre-maxime-eko-eko-et-franck-biya"},"modified":"2023-03-19T10:35:15","modified_gmt":"2023-03-19T10:35:15","slug":"serail-les-relations-insoupconnees-entre-maxime-eko-eko-et-franck-biya","status":"publish","type":"post","link":"https:\/\/www.africa-press.net\/cameroun\/politique\/serail-les-relations-insoupconnees-entre-maxime-eko-eko-et-franck-biya","title":{"rendered":"S\u00e9rail: les relations insoup\u00e7onn\u00e9es entre Maxime Eko Eko et Franck Biya"},"content":{"rendered":"<p><span style=\"color: #ff6600\"><strong>Africa-Press &#8211; Cameroun. <\/strong><\/span>Avant la nomination de Ferdinand Ngoh Ngoh, Secre\u0301taire ge\u0301ne\u0301ral de la pre\u0301sidence de la Re\u0301publique du Cameroun en 2011, Maxime Eko Eko qui dirigeait la DGRE depuis 2010, a vu quelques changements intervenir dans sa manie\u0300re de diriger l&rsquo;institution.<\/p>\n<p>Contexte<\/p>\n<p>L&rsquo;autonomie de gestion de la DGRE a pris un coup avec l&rsquo;arrive\u0301e du tout puissant Ferdinand Ngoh Ngoh qui a remplace\u0301 Laurent Esso. Avec ce dernier, Maxime Eko Eko s&rsquo;entendaient tre\u0300s bien et me\u0302me conside\u0301re\u0301s comme des allie\u0301s.<\/p>\n<p>Rapidement, Ferdinand Ngoh Ngoh qui n&rsquo;aimait pas du tout Eko Eko s&rsquo;est oppose\u0301 a\u0300 plusieurs ope\u0301rations de ce dernier, et a me\u0302me demande\u0301 des explications a\u0300 ce dernier sur des de\u0301penses effectue\u0301es par ce dernier. Une chose qui n&rsquo;est jamais arrive\u0301e, alors que la DGRE n&rsquo;avait jamais explique\u0301 des de\u0301penses ou du moins, ne faisait des rapports au chef de l&rsquo;Etat en personne, me\u0302me si l&rsquo;agence e\u0301tait place\u0301e sous la tutelle administrative du secre\u0301taire ge\u0301ne\u0301ral de la pre\u0301sidence.<\/p>\n<p>\u00ab\u00a0Entre Eko Eko et Ngoh Ngoh, le courant ne passe pas. La tutelle administrative du secre\u0301taire ge\u0301ne\u0301ral est un obstacle aux projets du premier. Il ne supporte pas que Ngoh Ngoh lui demande de justifier les budgets qu\u2019il demande, conside\u0300re que ses questions sont de\u0301place\u0301es et que la tutelle administrative ne veut pas dire tutelle ope\u0301rationnelle\u00a0\u00bb, nous apprend Jeune Afrique dans un article il y a quelques jours.<\/p>\n<p>Franck Biya, l&rsquo;ami de Eko Eko<\/p>\n<p>Dans le bras de fer entre Eko Eko et Ferdinand Ngoh Ngoh, le commissaire divisionnaire sort un atout qu&rsquo;il cachait tre\u0300s bien comme un Joker il y a de nombreuses anne\u0301es.<\/p>\n<p>Dans l&rsquo;un de ses bras de fer avec le SGPR, relatifs a\u0300 l&rsquo;accre\u0301ditation d\u2019un nouvel ambassadeur du Cameroun au Brazil il y a quelques anne\u0301es, Maxime Eko Eko avait utilise\u0301 son ami Franck Biya pour bloquer le processus entrepris par Ngoh Ngoh et proce\u0301der a\u0300 des remaniements au sein de la DGRE, y placer ses propres e\u0301le\u0301ments.<\/p>\n<p>Les objections du SGPR, tutelle administrative de l&rsquo;institution n&rsquo;a pas re\u0301ussi a\u0300 s&rsquo;opposer aux nominations.<\/p>\n<p>\u00ab\u00a0Ngoh Ngoh veut se de\u0301barrasser d\u2019Eko Eko. Il y parvient presque. Courant 2021, le gouvernement bre\u0301silien est saisi d\u2019une demande d\u2019accre\u0301ditation d\u2019un nouvel ambassadeur du Cameroun. Eko Eko l\u2019apprend et n\u2019he\u0301site pas a\u0300 faire jouer ses relations notamment aupre\u0300s de Franck Biya, le fils du chef de l\u2019E\u0301tat, pour court-circuiter le processus de nomination en cours. La re\u0301ponse positive de Brasilia ne change rien : Eko Eko tient le gouvernail et n\u2019a aucune intention de le la\u0302cher, encore moins de s\u2019e\u0301loigner&#8230; Courant 2021, il remanie ses e\u0301quipes, et en profite pour e\u0301loigner les profils susceptibles de lui faire de l\u2019ombre. Premier a\u0300 en faire les frais : James Elong. L\u2019ex-DO est \u00ab promu \u00bb inspecteur ge\u0301ne\u0301ral. Un placard dore\u0301. A\u0300 sa place, il positionne Justin Danwe, un lieutenant-colonel de gendarmerie qui a peu de chances de prendre un jour la place du patron. Car depuis l\u2019inde\u0301pendance, un seul gendarme \u2013 le ge\u0301ne\u0301ral Claude Angouand \u2013 a dirige\u0301 la maison, contre quatre policiers (Jean Fochive\u0301, Samuel Missomba, Bienvenu Obelabout et Le\u0301opold Maxime Eko Eko). Mais faire place nette n\u2019aura pas suffi a\u0300 pre\u0301server son fauteuil\u00a0\u00bb, lit-on dans le magazine Jeune Afrique.<\/p>\n<p><strong>Pour plus d&rsquo;informations et d&rsquo;analyses sur la <a href=\"https:\/\/www.africa-press.net\/cameroun\">Cameroun<\/a>, suivez <a href=\"https:\/\/www.africa-press.net\/\">Africa-Press<\/a><\/strong><\/p>\n","protected":false},"excerpt":{"rendered":"<p>Africa-Press &#8211; Cameroun. Avant la nomination de Ferdinand Ngoh Ngoh, Secre\u0301taire ge\u0301ne\u0301ral de la pre\u0301sidence de la Re\u0301publique du Cameroun en 2011, Maxime Eko Eko qui dirigeait la DGRE depuis 2010, a vu quelques changements intervenir dans sa manie\u0300re de diriger l&rsquo;institution. Contexte L&rsquo;autonomie de gestion de la DGRE a pris un coup avec l&rsquo;arrive\u0301e [&hellip;]<\/p>\n","protected":false},"author":82,"featured_media":39755,"comment_status":"open","ping_status":"closed","sticky":false,"template":"","format":"standard","meta":{"footnotes":""},"categories":[2,10],"tags":[36,50,49],"class_list":["post-39756","post","type-post","status-publish","format-standard","has-post-thumbnail","hentry","category-politique","category-toutes-les-actualites","tag-africa-press","tag-africa-press-cameroun","tag-cameroun"],"yoast_head":"<!-- This site is optimized with the Yoast SEO Premium plugin v26.1 (Yoast SEO v27.0) - https:\/\/yoast.com\/product\/yoast-seo-premium-wordpress\/ -->\n<title>S\u00e9rail: les relations insoup\u00e7onn\u00e9es entre Maxime Eko Eko et Franck Biya - Cameroun<\/title>\n<meta name=\"description\" content=\"Avant la nomination de Ferdinand Ngoh Ngoh, Secre\u0301taire ge\u0301ne\u0301ral de la pre\u0301sidence de la Re\u0301publique du Cameroun en 201 ...\" \/>\n<meta name=\"robots\" content=\"index, follow, max-snippet:-1, max-image-preview:large, max-video-preview:-1\" \/>\n<link rel=\"canonical\" href=\"https:\/\/www.africa-press.net\/cameroun\/politique\/serail-les-relations-insoupconnees-entre-maxime-eko-eko-et-franck-biya\" \/>\n<meta property=\"og:locale\" content=\"fr_FR\" \/>\n<meta property=\"og:type\" content=\"article\" \/>\n<meta property=\"og:title\" content=\"S\u00e9rail: les relations insoup\u00e7onn\u00e9es entre Maxime Eko Eko et Franck Biya\" \/>\n<meta property=\"og:description\" content=\"Avant la nomination de Ferdinand Ngoh Ngoh, Secre\u0301taire ge\u0301ne\u0301ral de la pre\u0301sidence de la Re\u0301publique du Cameroun en 201 ...\" \/>\n<meta property=\"og:url\" content=\"https:\/\/www.africa-press.net\/cameroun\/politique\/serail-les-relations-insoupconnees-entre-maxime-eko-eko-et-franck-biya\" \/>\n<meta property=\"og:site_name\" content=\"Cameroun\" \/>\n<meta property=\"article:published_time\" content=\"2023-03-19T10:16:17+00:00\" \/>\n<meta property=\"article:modified_time\" content=\"2023-03-19T10:35:15+00:00\" \/>\n<meta property=\"og:image\" content=\"https:\/\/static.africa-press.net\/cameroun\/sites\/57\/2023\/03\/postQueueImg_1679208436.50.jpg\" \/>\n\t<meta property=\"og:image:width\" content=\"720\" \/>\n\t<meta property=\"og:image:height\" content=\"360\" \/>\n\t<meta property=\"og:image:type\" content=\"image\/jpeg\" \/>\n<meta name=\"author\" content=\"cfeditorfr\" \/>\n<meta name=\"twitter:card\" content=\"summary_large_image\" \/>\n<meta name=\"twitter:label1\" content=\"\u00c9crit par\" \/>\n\t<meta name=\"twitter:data1\" content=\"cfeditorfr\" \/>\n\t<meta name=\"twitter:label2\" content=\"Dur\u00e9e de lecture estim\u00e9e\" \/>\n\t<meta name=\"twitter:data2\" content=\"3 minutes\" \/>\n<script type=\"application\/ld+json\" class=\"yoast-schema-graph\">{\"@context\":\"https:\/\/schema.org\",\"@graph\":[{\"@type\":\"Article\",\"@id\":\"https:\/\/www.africa-press.net\/cameroun\/politique\/serail-les-relations-insoupconnees-entre-maxime-eko-eko-et-franck-biya#article\",\"isPartOf\":{\"@id\":\"https:\/\/www.africa-press.net\/cameroun\/politique\/serail-les-relations-insoupconnees-entre-maxime-eko-eko-et-franck-biya\"},\"author\":{\"name\":\"cfeditorfr\",\"@id\":\"https:\/\/www.africa-press.net\/cameroun\/#\/schema\/person\/2b1cf3cd81a31e3cd26889ca66d677f1\"},\"headline\":\"S\u00e9rail: les relations insoup\u00e7onn\u00e9es entre Maxime Eko Eko et Franck Biya\",\"datePublished\":\"2023-03-19T10:16:17+00:00\",\"dateModified\":\"2023-03-19T10:35:15+00:00\",\"mainEntityOfPage\":{\"@id\":\"https:\/\/www.africa-press.net\/cameroun\/politique\/serail-les-relations-insoupconnees-entre-maxime-eko-eko-et-franck-biya\"},\"wordCount\":632,\"commentCount\":0,\"image\":{\"@id\":\"https:\/\/www.africa-press.net\/cameroun\/politique\/serail-les-relations-insoupconnees-entre-maxime-eko-eko-et-franck-biya#primaryimage\"},\"thumbnailUrl\":\"https:\/\/static.africa-press.net\/cameroun\/sites\/57\/2023\/03\/postQueueImg_1679208436.50.jpg\",\"keywords\":[\"Africa Press\",\"Africa Press-Cameroun\",\"Cameroun\"],\"articleSection\":[\"Politique\",\"Toutes les actualit\u00e9s\"],\"inLanguage\":\"fr-FR\",\"potentialAction\":[{\"@type\":\"CommentAction\",\"name\":\"Comment\",\"target\":[\"https:\/\/www.africa-press.net\/cameroun\/politique\/serail-les-relations-insoupconnees-entre-maxime-eko-eko-et-franck-biya#respond\"]}]},{\"@type\":\"WebPage\",\"@id\":\"https:\/\/www.africa-press.net\/cameroun\/politique\/serail-les-relations-insoupconnees-entre-maxime-eko-eko-et-franck-biya\",\"url\":\"https:\/\/www.africa-press.net\/cameroun\/politique\/serail-les-relations-insoupconnees-entre-maxime-eko-eko-et-franck-biya\",\"name\":\"S\u00e9rail: les relations insoup\u00e7onn\u00e9es entre Maxime Eko Eko et Franck Biya - Cameroun\",\"isPartOf\":{\"@id\":\"https:\/\/www.africa-press.net\/cameroun\/#website\"},\"primaryImageOfPage\":{\"@id\":\"https:\/\/www.africa-press.net\/cameroun\/politique\/serail-les-relations-insoupconnees-entre-maxime-eko-eko-et-franck-biya#primaryimage\"},\"image\":{\"@id\":\"https:\/\/www.africa-press.net\/cameroun\/politique\/serail-les-relations-insoupconnees-entre-maxime-eko-eko-et-franck-biya#primaryimage\"},\"thumbnailUrl\":\"https:\/\/static.africa-press.net\/cameroun\/sites\/57\/2023\/03\/postQueueImg_1679208436.50.jpg\",\"datePublished\":\"2023-03-19T10:16:17+00:00\",\"dateModified\":\"2023-03-19T10:35:15+00:00\",\"author\":{\"@id\":\"https:\/\/www.africa-press.net\/cameroun\/#\/schema\/person\/2b1cf3cd81a31e3cd26889ca66d677f1\"},\"description\":\"Avant la nomination de Ferdinand Ngoh Ngoh, Secre\u0301taire ge\u0301ne\u0301ral de la pre\u0301sidence de la Re\u0301publique du Cameroun en 201 ...\",\"breadcrumb\":{\"@id\":\"https:\/\/www.africa-press.net\/cameroun\/politique\/serail-les-relations-insoupconnees-entre-maxime-eko-eko-et-franck-biya#breadcrumb\"},\"inLanguage\":\"fr-FR\",\"potentialAction\":[{\"@type\":\"ReadAction\",\"target\":[\"https:\/\/www.africa-press.net\/cameroun\/politique\/serail-les-relations-insoupconnees-entre-maxime-eko-eko-et-franck-biya\"]}]},{\"@type\":\"ImageObject\",\"inLanguage\":\"fr-FR\",\"@id\":\"https:\/\/www.africa-press.net\/cameroun\/politique\/serail-les-relations-insoupconnees-entre-maxime-eko-eko-et-franck-biya#primaryimage\",\"url\":\"https:\/\/static.africa-press.net\/cameroun\/sites\/57\/2023\/03\/postQueueImg_1679208436.50.jpg\",\"contentUrl\":\"https:\/\/static.africa-press.net\/cameroun\/sites\/57\/2023\/03\/postQueueImg_1679208436.50.jpg\",\"width\":720,\"height\":360,\"caption\":\"S\u00e9rail: les relations insoup\u00e7onn\u00e9es entre Maxime Eko Eko et Franck Biya\"},{\"@type\":\"BreadcrumbList\",\"@id\":\"https:\/\/www.africa-press.net\/cameroun\/politique\/serail-les-relations-insoupconnees-entre-maxime-eko-eko-et-franck-biya#breadcrumb\",\"itemListElement\":[{\"@type\":\"ListItem\",\"position\":1,\"name\":\"Accueil\",\"item\":\"https:\/\/www.africa-press.net\/cameroun\/\"},{\"@type\":\"ListItem\",\"position\":2,\"name\":\"S\u00e9rail: les relations insoup\u00e7onn\u00e9es entre Maxime Eko Eko et Franck Biya\"}]},{\"@type\":\"WebSite\",\"@id\":\"https:\/\/www.africa-press.net\/cameroun\/#website\",\"url\":\"https:\/\/www.africa-press.net\/cameroun\/\",\"name\":\"Cameroun\",\"description\":\"Just another Africa News Agency Sites site\",\"potentialAction\":[{\"@type\":\"SearchAction\",\"target\":{\"@type\":\"EntryPoint\",\"urlTemplate\":\"https:\/\/www.africa-press.net\/cameroun\/?s={search_term_string}\"},\"query-input\":{\"@type\":\"PropertyValueSpecification\",\"valueRequired\":true,\"valueName\":\"search_term_string\"}}],\"inLanguage\":\"fr-FR\"},{\"@type\":\"Person\",\"@id\":\"https:\/\/www.africa-press.net\/cameroun\/#\/schema\/person\/2b1cf3cd81a31e3cd26889ca66d677f1\",\"name\":\"cfeditorfr\"}]}<\/script>\n<!-- \/ Yoast SEO Premium plugin. -->","yoast_head_json":{"title":"S\u00e9rail: les relations insoup\u00e7onn\u00e9es entre Maxime Eko Eko et Franck Biya - Cameroun","description":"Avant la nomination de Ferdinand Ngoh Ngoh, Secre\u0301taire ge\u0301ne\u0301ral de la pre\u0301sidence de la Re\u0301publique du Cameroun en 201 ...","robots":{"index":"index","follow":"follow","max-snippet":"max-snippet:-1","max-image-preview":"max-image-preview:large","max-video-preview":"max-video-preview:-1"},"canonical":"https:\/\/www.africa-press.net\/cameroun\/politique\/serail-les-relations-insoupconnees-entre-maxime-eko-eko-et-franck-biya","og_locale":"fr_FR","og_type":"article","og_title":"S\u00e9rail: les relations insoup\u00e7onn\u00e9es entre Maxime Eko Eko et Franck Biya","og_description":"Avant la nomination de Ferdinand Ngoh Ngoh, Secre\u0301taire ge\u0301ne\u0301ral de la pre\u0301sidence de la Re\u0301publique du Cameroun en 201 ...","og_url":"https:\/\/www.africa-press.net\/cameroun\/politique\/serail-les-relations-insoupconnees-entre-maxime-eko-eko-et-franck-biya","og_site_name":"Cameroun","article_published_time":"2023-03-19T10:16:17+00:00","article_modified_time":"2023-03-19T10:35:15+00:00","og_image":[{"width":720,"height":360,"url":"https:\/\/static.africa-press.net\/cameroun\/sites\/57\/2023\/03\/postQueueImg_1679208436.50.jpg","type":"image\/jpeg"}],"author":"cfeditorfr","twitter_card":"summary_large_image","twitter_misc":{"\u00c9crit par":"cfeditorfr","Dur\u00e9e de lecture estim\u00e9e":"3 minutes"},"schema":{"@context":"https:\/\/schema.org","@graph":[{"@type":"Article","@id":"https:\/\/www.africa-press.net\/cameroun\/politique\/serail-les-relations-insoupconnees-entre-maxime-eko-eko-et-franck-biya#article","isPartOf":{"@id":"https:\/\/www.africa-press.net\/cameroun\/politique\/serail-les-relations-insoupconnees-entre-maxime-eko-eko-et-franck-biya"},"author":{"name":"cfeditorfr","@id":"https:\/\/www.africa-press.net\/cameroun\/#\/schema\/person\/2b1cf3cd81a31e3cd26889ca66d677f1"},"headline":"S\u00e9rail: les relations insoup\u00e7onn\u00e9es entre Maxime Eko Eko et Franck Biya","datePublished":"2023-03-19T10:16:17+00:00","dateModified":"2023-03-19T10:35:15+00:00","mainEntityOfPage":{"@id":"https:\/\/www.africa-press.net\/cameroun\/politique\/serail-les-relations-insoupconnees-entre-maxime-eko-eko-et-franck-biya"},"wordCount":632,"commentCount":0,"image":{"@id":"https:\/\/www.africa-press.net\/cameroun\/politique\/serail-les-relations-insoupconnees-entre-maxime-eko-eko-et-franck-biya#primaryimage"},"thumbnailUrl":"https:\/\/static.africa-press.net\/cameroun\/sites\/57\/2023\/03\/postQueueImg_1679208436.50.jpg","keywords":["Africa Press","Africa Press-Cameroun","Cameroun"],"articleSection":["Politique","Toutes les actualit\u00e9s"],"inLanguage":"fr-FR","potentialAction":[{"@type":"CommentAction","name":"Comment","target":["https:\/\/www.africa-press.net\/cameroun\/politique\/serail-les-relations-insoupconnees-entre-maxime-eko-eko-et-franck-biya#respond"]}]},{"@type":"WebPage","@id":"https:\/\/www.africa-press.net\/cameroun\/politique\/serail-les-relations-insoupconnees-entre-maxime-eko-eko-et-franck-biya","url":"https:\/\/www.africa-press.net\/cameroun\/politique\/serail-les-relations-insoupconnees-entre-maxime-eko-eko-et-franck-biya","name":"S\u00e9rail: les relations insoup\u00e7onn\u00e9es entre Maxime Eko Eko et Franck Biya - Cameroun","isPartOf":{"@id":"https:\/\/www.africa-press.net\/cameroun\/#website"},"primaryImageOfPage":{"@id":"https:\/\/www.africa-press.net\/cameroun\/politique\/serail-les-relations-insoupconnees-entre-maxime-eko-eko-et-franck-biya#primaryimage"},"image":{"@id":"https:\/\/www.africa-press.net\/cameroun\/politique\/serail-les-relations-insoupconnees-entre-maxime-eko-eko-et-franck-biya#primaryimage"},"thumbnailUrl":"https:\/\/static.africa-press.net\/cameroun\/sites\/57\/2023\/03\/postQueueImg_1679208436.50.jpg","datePublished":"2023-03-19T10:16:17+00:00","dateModified":"2023-03-19T10:35:15+00:00","author":{"@id":"https:\/\/www.africa-press.net\/cameroun\/#\/schema\/person\/2b1cf3cd81a31e3cd26889ca66d677f1"},"description":"Avant la nomination de Ferdinand Ngoh Ngoh, Secre\u0301taire ge\u0301ne\u0301ral de la pre\u0301sidence de la Re\u0301publique du Cameroun en 201 ...","breadcrumb":{"@id":"https:\/\/www.africa-press.net\/cameroun\/politique\/serail-les-relations-insoupconnees-entre-maxime-eko-eko-et-franck-biya#breadcrumb"},"inLanguage":"fr-FR","potentialAction":[{"@type":"ReadAction","target":["https:\/\/www.africa-press.net\/cameroun\/politique\/serail-les-relations-insoupconnees-entre-maxime-eko-eko-et-franck-biya"]}]},{"@type":"ImageObject","inLanguage":"fr-FR","@id":"https:\/\/www.africa-press.net\/cameroun\/politique\/serail-les-relations-insoupconnees-entre-maxime-eko-eko-et-franck-biya#primaryimage","url":"https:\/\/static.africa-press.net\/cameroun\/sites\/57\/2023\/03\/postQueueImg_1679208436.50.jpg","contentUrl":"https:\/\/static.africa-press.net\/cameroun\/sites\/57\/2023\/03\/postQueueImg_1679208436.50.jpg","width":720,"height":360,"caption":"S\u00e9rail: les relations insoup\u00e7onn\u00e9es entre Maxime Eko Eko et Franck Biya"},{"@type":"BreadcrumbList","@id":"https:\/\/www.africa-press.net\/cameroun\/politique\/serail-les-relations-insoupconnees-entre-maxime-eko-eko-et-franck-biya#breadcrumb","itemListElement":[{"@type":"ListItem","position":1,"name":"Accueil","item":"https:\/\/www.africa-press.net\/cameroun\/"},{"@type":"ListItem","position":2,"name":"S\u00e9rail: les relations insoup\u00e7onn\u00e9es entre Maxime Eko Eko et Franck Biya"}]},{"@type":"WebSite","@id":"https:\/\/www.africa-press.net\/cameroun\/#website","url":"https:\/\/www.africa-press.net\/cameroun\/","name":"Cameroun","description":"Just another Africa News Agency Sites site","potentialAction":[{"@type":"SearchAction","target":{"@type":"EntryPoint","urlTemplate":"https:\/\/www.africa-press.net\/cameroun\/?s={search_term_string}"},"query-input":{"@type":"PropertyValueSpecification","valueRequired":true,"valueName":"search_term_string"}}],"inLanguage":"fr-FR"},{"@type":"Person","@id":"https:\/\/www.africa-press.net\/cameroun\/#\/schema\/person\/2b1cf3cd81a31e3cd26889ca66d677f1","name":"cfeditorfr"}]}},"_links":{"self":[{"href":"https:\/\/www.africa-press.net\/cameroun\/wp-json\/wp\/v2\/posts\/39756","targetHints":{"allow":["GET"]}}],"collection":[{"href":"https:\/\/www.africa-press.net\/cameroun\/wp-json\/wp\/v2\/posts"}],"about":[{"href":"https:\/\/www.africa-press.net\/cameroun\/wp-json\/wp\/v2\/types\/post"}],"author":[{"embeddable":true,"href":"https:\/\/www.africa-press.net\/cameroun\/wp-json\/wp\/v2\/users\/82"}],"replies":[{"embeddable":true,"href":"https:\/\/www.africa-press.net\/cameroun\/wp-json\/wp\/v2\/comments?post=39756"}],"version-history":[{"count":0,"href":"https:\/\/www.africa-press.net\/cameroun\/wp-json\/wp\/v2\/posts\/39756\/revisions"}],"wp:featuredmedia":[{"embeddable":true,"href":"https:\/\/www.africa-press.net\/cameroun\/wp-json\/wp\/v2\/media\/39755"}],"wp:attachment":[{"href":"https:\/\/www.africa-press.net\/cameroun\/wp-json\/wp\/v2\/media?parent=39756"}],"wp:term":[{"taxonomy":"category","embeddable":true,"href":"https:\/\/www.africa-press.net\/cameroun\/wp-json\/wp\/v2\/categories?post=39756"},{"taxonomy":"post_tag","embeddable":true,"href":"https:\/\/www.africa-press.net\/cameroun\/wp-json\/wp\/v2\/tags?post=39756"}],"curies":[{"name":"wp","href":"https:\/\/api.w.org\/{rel}","templated":true}]}}