{"id":39758,"date":"2023-03-19T10:17:18","date_gmt":"2023-03-19T10:17:18","guid":{"rendered":"https:\/\/www.africa-press.net\/cameroun\/politique\/etoudi-annonce-des-decisions-fortes-apres-le-sommet"},"modified":"2023-03-19T10:35:53","modified_gmt":"2023-03-19T10:35:53","slug":"etoudi-annonce-des-decisions-fortes-apres-le-sommet","status":"publish","type":"post","link":"https:\/\/www.africa-press.net\/cameroun\/politique\/etoudi-annonce-des-decisions-fortes-apres-le-sommet","title":{"rendered":"Etoudi annonce des d\u00e9cisions fortes apr\u00e8s le sommet"},"content":{"rendered":"<p><span style=\"color: #ff6600\"><strong>Africa-Press &#8211; Cameroun. <\/strong><\/span>Paul Biya a e\u0301te\u0301 remplace\u0301 par le pre\u0301sident centrafricain Touade\u0301ra a\u0300 la te\u0302te de la Communaute\u0301 e\u0301conomique et mone\u0301taire de l&rsquo;Afrique centrale (Cemac). Lors de la 15e\u0300me session ordinaire des chefs d&rsquo;E\u0301tats tenue a\u0300 Yaounde\u0301, des re\u0301solutions ont e\u0301te\u0301 prises, comme pre\u0301sente\u0301 par le cabinet civil de la pre\u0301sidence de la Re\u0301publique.<\/p>\n<p>1. La Confe\u0301rence fe\u0301licite le pre\u0301sident de la Re\u0301publique du Congo Denis Sassou-Nguesso, pre\u0301sident de\u0301die\u0301 au Pref-Cemac pour la qualite\u0301 du travail accompli ainsi que pour les progre\u0300s enregistre\u0301s depuis 2017 dans l&rsquo;exe\u0301cution dudit programme sur le redressement global des e\u0301conomies de la Cemac et plus particulie\u0300rement la mise en \u0153uvre des onze (11) projets inte\u0301grateurs pre\u0301sente\u0301s a\u0300 la table ronde de Paris en novembre 2020. Elle l&rsquo;a invite\u0301 a\u0300 poursuivre la deuxie\u0300me ge\u0301ne\u0301ration de cet important programme.<\/p>\n<p>2. Au titre de l&rsquo;Union mone\u0301taire de l&rsquo;Afrique centrale, la Confe\u0301rence a rec\u0327u le rapport conjoint du gouverneur de la BEAC et du pre\u0301sident de la Commission sur la re\u0301flexion ouverte sur le cadre et les conditions d&rsquo;une nouvelle coope\u0301ration mone\u0301taire avec la France.<\/p>\n<p>Elle a prescrit au Gouverneur ainsi qu&rsquo;au pre\u0301sident d&rsquo;e\u0301largir la re\u0301flexion aux ministres en charge des finances et de l&rsquo;e\u0301conomie et de lui remettre les conclusions conjointes a\u0300 bre\u0300ve e\u0301che\u0301ance en planifiant suivant l\u2019e\u0301che\u0301ancier bien pre\u0301cis des mesures a\u0300 prendre a\u0300 court moyen et long termes.<\/p>\n<p>3. La Confe\u0301rence a suivi la pre\u0301sentation de l&rsquo;analyse et la perspective de la crypto monnaie dans la sous-re\u0301gion faite par le gouverneur de la BEAC. La confe\u0301rence a re\u0301affirme\u0301 son attachement aux dispositions de l&rsquo;article 6 de la convention re\u0301gissant l&rsquo;Union mone\u0301taire de l&rsquo;Afrique centrale sur le cours le\u0301gal et pouvoir libe\u0301ratoire de la monnaie dans la communaute\u0301.<\/p>\n<p>Elle a encourage\u0301 la BEAC en collaboration avec les autres re\u0301gulateurs communautaires a\u0300 poursuivre les re\u0301flexions de\u0301ja\u0300 engage\u0301es en vue d&rsquo;e\u0301laborer un cadre le\u0301gal et re\u0300glementaire des activite\u0301s relatives a\u0300 l&rsquo;e\u0301mission et a\u0300 la gestion des crypto-actifs ainsi qu&rsquo;a\u0300 la re\u0301gulation des Fintech propose\u0301s, le cas e\u0301che\u0301ant, des solutions alternatives cre\u0301dibles.<\/p>\n<p>4. Au titre de l&rsquo;Union e\u0301conomique d&rsquo;Afrique centrale, la Confe\u0301rence a suivi la pre\u0301sentation faite sur l&rsquo;e\u0301tude mene\u0301e sur la strate\u0301gie d&rsquo;import-substitution des produits du cru de la Cemac par le Pre\u0301sident de la Commission et l&rsquo;a adopte\u0301e.<\/p>\n<p>Elle a exhorte\u0301 les E\u0301tats membres, les institutions sous-re\u0301gionales, les partenaires techniques et financiers, les ope\u0301rateurs e\u0301conomiques a\u0300 faire de la strate\u0301gie un enjeu majeur en s&rsquo;appropriant son plan d&rsquo;ope\u0301rationnalisation.<\/p>\n<p>5. La Confe\u0301rence a instruit le pre\u0301sident de la Commission de mettre en place une structure communautaire de contro\u0302le des qualite\u0301s des produits de la Cemac et s&rsquo;assurer des mesures de facilitation de la circulation desdits produits notamment par la mise en place effective des postes frontie\u0300res.<\/p>\n<p>6. Concernant le cadre institutionnel de la Cemac et en application de la de\u0301cision de retour de la Commission et de l&rsquo;E\u0301cole inter-E\u0301tat des douanes a\u0300 leurs sie\u0300ges respectifs et tenant compte de l&rsquo;ame\u0301lioration des conditions se\u0301curitaires en Re\u0301publique centrafricaine, la Confe\u0301rence a instruit la Commission de de\u0301clencher le processus de retour a\u0300 Bangui a\u0300 tre\u0300s court terme.<\/p>\n<p><strong>Pour plus d&rsquo;informations et d&rsquo;analyses sur la <a href=\"https:\/\/www.africa-press.net\/cameroun\">Cameroun<\/a>, suivez <a href=\"https:\/\/www.africa-press.net\/\">Africa-Press<\/a><\/strong><\/p>\n","protected":false},"excerpt":{"rendered":"<p>Africa-Press &#8211; Cameroun. Paul Biya a e\u0301te\u0301 remplace\u0301 par le pre\u0301sident centrafricain Touade\u0301ra a\u0300 la te\u0302te de la Communaute\u0301 e\u0301conomique et mone\u0301taire de l&rsquo;Afrique centrale (Cemac). Lors de la 15e\u0300me session ordinaire des chefs d&rsquo;E\u0301tats tenue a\u0300 Yaounde\u0301, des re\u0301solutions ont e\u0301te\u0301 prises, comme pre\u0301sente\u0301 par le cabinet civil de la pre\u0301sidence de la Re\u0301publique. [&hellip;]<\/p>\n","protected":false},"author":82,"featured_media":39757,"comment_status":"open","ping_status":"closed","sticky":false,"template":"","format":"standard","meta":{"footnotes":""},"categories":[2,10],"tags":[36,50,49],"class_list":["post-39758","post","type-post","status-publish","format-standard","has-post-thumbnail","hentry","category-politique","category-toutes-les-actualites","tag-africa-press","tag-africa-press-cameroun","tag-cameroun"],"yoast_head":"<!-- This site is optimized with the Yoast SEO Premium plugin v26.1 (Yoast SEO v27.0) - https:\/\/yoast.com\/product\/yoast-seo-premium-wordpress\/ -->\n<title>Etoudi annonce des d\u00e9cisions fortes apr\u00e8s le sommet - Cameroun<\/title>\n<meta name=\"description\" content=\"Paul Biya a e\u0301te\u0301 remplace\u0301 par le pre\u0301sident centrafricain Touade\u0301ra a\u0300 la te\u0302te de la Communaute\u0301 e\u0301conomique et mone\u0301 ...\" \/>\n<meta name=\"robots\" content=\"index, follow, max-snippet:-1, max-image-preview:large, max-video-preview:-1\" \/>\n<link rel=\"canonical\" href=\"https:\/\/www.africa-press.net\/cameroun\/politique\/etoudi-annonce-des-decisions-fortes-apres-le-sommet\" \/>\n<meta property=\"og:locale\" content=\"fr_FR\" \/>\n<meta property=\"og:type\" content=\"article\" \/>\n<meta property=\"og:title\" content=\"Etoudi annonce des d\u00e9cisions fortes apr\u00e8s le sommet\" \/>\n<meta property=\"og:description\" content=\"Paul Biya a e\u0301te\u0301 remplace\u0301 par le pre\u0301sident centrafricain Touade\u0301ra a\u0300 la te\u0302te de la Communaute\u0301 e\u0301conomique et mone\u0301 ...\" \/>\n<meta property=\"og:url\" content=\"https:\/\/www.africa-press.net\/cameroun\/politique\/etoudi-annonce-des-decisions-fortes-apres-le-sommet\" \/>\n<meta property=\"og:site_name\" content=\"Cameroun\" \/>\n<meta property=\"article:published_time\" content=\"2023-03-19T10:17:18+00:00\" \/>\n<meta property=\"article:modified_time\" content=\"2023-03-19T10:35:53+00:00\" \/>\n<meta property=\"og:image\" content=\"https:\/\/static.africa-press.net\/cameroun\/sites\/57\/2023\/03\/postQueueImg_1679208446.72.jpg\" \/>\n\t<meta property=\"og:image:width\" content=\"720\" \/>\n\t<meta property=\"og:image:height\" content=\"421\" \/>\n\t<meta property=\"og:image:type\" content=\"image\/jpeg\" \/>\n<meta name=\"author\" content=\"cfeditorfr\" \/>\n<meta name=\"twitter:card\" content=\"summary_large_image\" \/>\n<meta name=\"twitter:label1\" content=\"\u00c9crit par\" \/>\n\t<meta name=\"twitter:data1\" content=\"cfeditorfr\" \/>\n\t<meta name=\"twitter:label2\" content=\"Dur\u00e9e de lecture estim\u00e9e\" \/>\n\t<meta name=\"twitter:data2\" content=\"3 minutes\" \/>\n<script type=\"application\/ld+json\" class=\"yoast-schema-graph\">{\"@context\":\"https:\/\/schema.org\",\"@graph\":[{\"@type\":\"Article\",\"@id\":\"https:\/\/www.africa-press.net\/cameroun\/politique\/etoudi-annonce-des-decisions-fortes-apres-le-sommet#article\",\"isPartOf\":{\"@id\":\"https:\/\/www.africa-press.net\/cameroun\/politique\/etoudi-annonce-des-decisions-fortes-apres-le-sommet\"},\"author\":{\"name\":\"cfeditorfr\",\"@id\":\"https:\/\/www.africa-press.net\/cameroun\/#\/schema\/person\/2b1cf3cd81a31e3cd26889ca66d677f1\"},\"headline\":\"Etoudi annonce des d\u00e9cisions fortes apr\u00e8s le sommet\",\"datePublished\":\"2023-03-19T10:17:18+00:00\",\"dateModified\":\"2023-03-19T10:35:53+00:00\",\"mainEntityOfPage\":{\"@id\":\"https:\/\/www.africa-press.net\/cameroun\/politique\/etoudi-annonce-des-decisions-fortes-apres-le-sommet\"},\"wordCount\":645,\"commentCount\":0,\"image\":{\"@id\":\"https:\/\/www.africa-press.net\/cameroun\/politique\/etoudi-annonce-des-decisions-fortes-apres-le-sommet#primaryimage\"},\"thumbnailUrl\":\"https:\/\/static.africa-press.net\/cameroun\/sites\/57\/2023\/03\/postQueueImg_1679208446.72.jpg\",\"keywords\":[\"Africa Press\",\"Africa Press-Cameroun\",\"Cameroun\"],\"articleSection\":[\"Politique\",\"Toutes les actualit\u00e9s\"],\"inLanguage\":\"fr-FR\",\"potentialAction\":[{\"@type\":\"CommentAction\",\"name\":\"Comment\",\"target\":[\"https:\/\/www.africa-press.net\/cameroun\/politique\/etoudi-annonce-des-decisions-fortes-apres-le-sommet#respond\"]}]},{\"@type\":\"WebPage\",\"@id\":\"https:\/\/www.africa-press.net\/cameroun\/politique\/etoudi-annonce-des-decisions-fortes-apres-le-sommet\",\"url\":\"https:\/\/www.africa-press.net\/cameroun\/politique\/etoudi-annonce-des-decisions-fortes-apres-le-sommet\",\"name\":\"Etoudi annonce des d\u00e9cisions fortes apr\u00e8s le sommet - Cameroun\",\"isPartOf\":{\"@id\":\"https:\/\/www.africa-press.net\/cameroun\/#website\"},\"primaryImageOfPage\":{\"@id\":\"https:\/\/www.africa-press.net\/cameroun\/politique\/etoudi-annonce-des-decisions-fortes-apres-le-sommet#primaryimage\"},\"image\":{\"@id\":\"https:\/\/www.africa-press.net\/cameroun\/politique\/etoudi-annonce-des-decisions-fortes-apres-le-sommet#primaryimage\"},\"thumbnailUrl\":\"https:\/\/static.africa-press.net\/cameroun\/sites\/57\/2023\/03\/postQueueImg_1679208446.72.jpg\",\"datePublished\":\"2023-03-19T10:17:18+00:00\",\"dateModified\":\"2023-03-19T10:35:53+00:00\",\"author\":{\"@id\":\"https:\/\/www.africa-press.net\/cameroun\/#\/schema\/person\/2b1cf3cd81a31e3cd26889ca66d677f1\"},\"description\":\"Paul Biya a e\u0301te\u0301 remplace\u0301 par le pre\u0301sident centrafricain Touade\u0301ra a\u0300 la te\u0302te de la Communaute\u0301 e\u0301conomique et mone\u0301 ...\",\"breadcrumb\":{\"@id\":\"https:\/\/www.africa-press.net\/cameroun\/politique\/etoudi-annonce-des-decisions-fortes-apres-le-sommet#breadcrumb\"},\"inLanguage\":\"fr-FR\",\"potentialAction\":[{\"@type\":\"ReadAction\",\"target\":[\"https:\/\/www.africa-press.net\/cameroun\/politique\/etoudi-annonce-des-decisions-fortes-apres-le-sommet\"]}]},{\"@type\":\"ImageObject\",\"inLanguage\":\"fr-FR\",\"@id\":\"https:\/\/www.africa-press.net\/cameroun\/politique\/etoudi-annonce-des-decisions-fortes-apres-le-sommet#primaryimage\",\"url\":\"https:\/\/static.africa-press.net\/cameroun\/sites\/57\/2023\/03\/postQueueImg_1679208446.72.jpg\",\"contentUrl\":\"https:\/\/static.africa-press.net\/cameroun\/sites\/57\/2023\/03\/postQueueImg_1679208446.72.jpg\",\"width\":720,\"height\":421,\"caption\":\"Etoudi annonce des d\u00e9cisions fortes apr\u00e8s le sommet\"},{\"@type\":\"BreadcrumbList\",\"@id\":\"https:\/\/www.africa-press.net\/cameroun\/politique\/etoudi-annonce-des-decisions-fortes-apres-le-sommet#breadcrumb\",\"itemListElement\":[{\"@type\":\"ListItem\",\"position\":1,\"name\":\"Accueil\",\"item\":\"https:\/\/www.africa-press.net\/cameroun\/\"},{\"@type\":\"ListItem\",\"position\":2,\"name\":\"Etoudi annonce des d\u00e9cisions fortes apr\u00e8s le sommet\"}]},{\"@type\":\"WebSite\",\"@id\":\"https:\/\/www.africa-press.net\/cameroun\/#website\",\"url\":\"https:\/\/www.africa-press.net\/cameroun\/\",\"name\":\"Cameroun\",\"description\":\"Just another Africa News Agency Sites site\",\"potentialAction\":[{\"@type\":\"SearchAction\",\"target\":{\"@type\":\"EntryPoint\",\"urlTemplate\":\"https:\/\/www.africa-press.net\/cameroun\/?s={search_term_string}\"},\"query-input\":{\"@type\":\"PropertyValueSpecification\",\"valueRequired\":true,\"valueName\":\"search_term_string\"}}],\"inLanguage\":\"fr-FR\"},{\"@type\":\"Person\",\"@id\":\"https:\/\/www.africa-press.net\/cameroun\/#\/schema\/person\/2b1cf3cd81a31e3cd26889ca66d677f1\",\"name\":\"cfeditorfr\"}]}<\/script>\n<!-- \/ Yoast SEO Premium plugin. -->","yoast_head_json":{"title":"Etoudi annonce des d\u00e9cisions fortes apr\u00e8s le sommet - Cameroun","description":"Paul Biya a e\u0301te\u0301 remplace\u0301 par le pre\u0301sident centrafricain Touade\u0301ra a\u0300 la te\u0302te de la Communaute\u0301 e\u0301conomique et mone\u0301 ...","robots":{"index":"index","follow":"follow","max-snippet":"max-snippet:-1","max-image-preview":"max-image-preview:large","max-video-preview":"max-video-preview:-1"},"canonical":"https:\/\/www.africa-press.net\/cameroun\/politique\/etoudi-annonce-des-decisions-fortes-apres-le-sommet","og_locale":"fr_FR","og_type":"article","og_title":"Etoudi annonce des d\u00e9cisions fortes apr\u00e8s le sommet","og_description":"Paul Biya a e\u0301te\u0301 remplace\u0301 par le pre\u0301sident centrafricain Touade\u0301ra a\u0300 la te\u0302te de la Communaute\u0301 e\u0301conomique et mone\u0301 ...","og_url":"https:\/\/www.africa-press.net\/cameroun\/politique\/etoudi-annonce-des-decisions-fortes-apres-le-sommet","og_site_name":"Cameroun","article_published_time":"2023-03-19T10:17:18+00:00","article_modified_time":"2023-03-19T10:35:53+00:00","og_image":[{"width":720,"height":421,"url":"https:\/\/static.africa-press.net\/cameroun\/sites\/57\/2023\/03\/postQueueImg_1679208446.72.jpg","type":"image\/jpeg"}],"author":"cfeditorfr","twitter_card":"summary_large_image","twitter_misc":{"\u00c9crit par":"cfeditorfr","Dur\u00e9e de lecture estim\u00e9e":"3 minutes"},"schema":{"@context":"https:\/\/schema.org","@graph":[{"@type":"Article","@id":"https:\/\/www.africa-press.net\/cameroun\/politique\/etoudi-annonce-des-decisions-fortes-apres-le-sommet#article","isPartOf":{"@id":"https:\/\/www.africa-press.net\/cameroun\/politique\/etoudi-annonce-des-decisions-fortes-apres-le-sommet"},"author":{"name":"cfeditorfr","@id":"https:\/\/www.africa-press.net\/cameroun\/#\/schema\/person\/2b1cf3cd81a31e3cd26889ca66d677f1"},"headline":"Etoudi annonce des d\u00e9cisions fortes apr\u00e8s le sommet","datePublished":"2023-03-19T10:17:18+00:00","dateModified":"2023-03-19T10:35:53+00:00","mainEntityOfPage":{"@id":"https:\/\/www.africa-press.net\/cameroun\/politique\/etoudi-annonce-des-decisions-fortes-apres-le-sommet"},"wordCount":645,"commentCount":0,"image":{"@id":"https:\/\/www.africa-press.net\/cameroun\/politique\/etoudi-annonce-des-decisions-fortes-apres-le-sommet#primaryimage"},"thumbnailUrl":"https:\/\/static.africa-press.net\/cameroun\/sites\/57\/2023\/03\/postQueueImg_1679208446.72.jpg","keywords":["Africa Press","Africa Press-Cameroun","Cameroun"],"articleSection":["Politique","Toutes les actualit\u00e9s"],"inLanguage":"fr-FR","potentialAction":[{"@type":"CommentAction","name":"Comment","target":["https:\/\/www.africa-press.net\/cameroun\/politique\/etoudi-annonce-des-decisions-fortes-apres-le-sommet#respond"]}]},{"@type":"WebPage","@id":"https:\/\/www.africa-press.net\/cameroun\/politique\/etoudi-annonce-des-decisions-fortes-apres-le-sommet","url":"https:\/\/www.africa-press.net\/cameroun\/politique\/etoudi-annonce-des-decisions-fortes-apres-le-sommet","name":"Etoudi annonce des d\u00e9cisions fortes apr\u00e8s le sommet - Cameroun","isPartOf":{"@id":"https:\/\/www.africa-press.net\/cameroun\/#website"},"primaryImageOfPage":{"@id":"https:\/\/www.africa-press.net\/cameroun\/politique\/etoudi-annonce-des-decisions-fortes-apres-le-sommet#primaryimage"},"image":{"@id":"https:\/\/www.africa-press.net\/cameroun\/politique\/etoudi-annonce-des-decisions-fortes-apres-le-sommet#primaryimage"},"thumbnailUrl":"https:\/\/static.africa-press.net\/cameroun\/sites\/57\/2023\/03\/postQueueImg_1679208446.72.jpg","datePublished":"2023-03-19T10:17:18+00:00","dateModified":"2023-03-19T10:35:53+00:00","author":{"@id":"https:\/\/www.africa-press.net\/cameroun\/#\/schema\/person\/2b1cf3cd81a31e3cd26889ca66d677f1"},"description":"Paul Biya a e\u0301te\u0301 remplace\u0301 par le pre\u0301sident centrafricain Touade\u0301ra a\u0300 la te\u0302te de la Communaute\u0301 e\u0301conomique et mone\u0301 ...","breadcrumb":{"@id":"https:\/\/www.africa-press.net\/cameroun\/politique\/etoudi-annonce-des-decisions-fortes-apres-le-sommet#breadcrumb"},"inLanguage":"fr-FR","potentialAction":[{"@type":"ReadAction","target":["https:\/\/www.africa-press.net\/cameroun\/politique\/etoudi-annonce-des-decisions-fortes-apres-le-sommet"]}]},{"@type":"ImageObject","inLanguage":"fr-FR","@id":"https:\/\/www.africa-press.net\/cameroun\/politique\/etoudi-annonce-des-decisions-fortes-apres-le-sommet#primaryimage","url":"https:\/\/static.africa-press.net\/cameroun\/sites\/57\/2023\/03\/postQueueImg_1679208446.72.jpg","contentUrl":"https:\/\/static.africa-press.net\/cameroun\/sites\/57\/2023\/03\/postQueueImg_1679208446.72.jpg","width":720,"height":421,"caption":"Etoudi annonce des d\u00e9cisions fortes apr\u00e8s le sommet"},{"@type":"BreadcrumbList","@id":"https:\/\/www.africa-press.net\/cameroun\/politique\/etoudi-annonce-des-decisions-fortes-apres-le-sommet#breadcrumb","itemListElement":[{"@type":"ListItem","position":1,"name":"Accueil","item":"https:\/\/www.africa-press.net\/cameroun\/"},{"@type":"ListItem","position":2,"name":"Etoudi annonce des d\u00e9cisions fortes apr\u00e8s le sommet"}]},{"@type":"WebSite","@id":"https:\/\/www.africa-press.net\/cameroun\/#website","url":"https:\/\/www.africa-press.net\/cameroun\/","name":"Cameroun","description":"Just another Africa News Agency Sites site","potentialAction":[{"@type":"SearchAction","target":{"@type":"EntryPoint","urlTemplate":"https:\/\/www.africa-press.net\/cameroun\/?s={search_term_string}"},"query-input":{"@type":"PropertyValueSpecification","valueRequired":true,"valueName":"search_term_string"}}],"inLanguage":"fr-FR"},{"@type":"Person","@id":"https:\/\/www.africa-press.net\/cameroun\/#\/schema\/person\/2b1cf3cd81a31e3cd26889ca66d677f1","name":"cfeditorfr"}]}},"_links":{"self":[{"href":"https:\/\/www.africa-press.net\/cameroun\/wp-json\/wp\/v2\/posts\/39758","targetHints":{"allow":["GET"]}}],"collection":[{"href":"https:\/\/www.africa-press.net\/cameroun\/wp-json\/wp\/v2\/posts"}],"about":[{"href":"https:\/\/www.africa-press.net\/cameroun\/wp-json\/wp\/v2\/types\/post"}],"author":[{"embeddable":true,"href":"https:\/\/www.africa-press.net\/cameroun\/wp-json\/wp\/v2\/users\/82"}],"replies":[{"embeddable":true,"href":"https:\/\/www.africa-press.net\/cameroun\/wp-json\/wp\/v2\/comments?post=39758"}],"version-history":[{"count":0,"href":"https:\/\/www.africa-press.net\/cameroun\/wp-json\/wp\/v2\/posts\/39758\/revisions"}],"wp:featuredmedia":[{"embeddable":true,"href":"https:\/\/www.africa-press.net\/cameroun\/wp-json\/wp\/v2\/media\/39757"}],"wp:attachment":[{"href":"https:\/\/www.africa-press.net\/cameroun\/wp-json\/wp\/v2\/media?parent=39758"}],"wp:term":[{"taxonomy":"category","embeddable":true,"href":"https:\/\/www.africa-press.net\/cameroun\/wp-json\/wp\/v2\/categories?post=39758"},{"taxonomy":"post_tag","embeddable":true,"href":"https:\/\/www.africa-press.net\/cameroun\/wp-json\/wp\/v2\/tags?post=39758"}],"curies":[{"name":"wp","href":"https:\/\/api.w.org\/{rel}","templated":true}]}}