{"id":39762,"date":"2023-03-19T10:17:29","date_gmt":"2023-03-19T10:17:29","guid":{"rendered":"https:\/\/www.africa-press.net\/cameroun\/politique\/destruction-violent-incendie-a-vision-4-le-media-damougou-belinga-coule"},"modified":"2023-03-19T10:36:40","modified_gmt":"2023-03-19T10:36:40","slug":"destruction-violent-incendie-a-vision-4-le-media-damougou-belinga-coule","status":"publish","type":"post","link":"https:\/\/www.africa-press.net\/cameroun\/toutes-les-actualites\/destruction-violent-incendie-a-vision-4-le-media-damougou-belinga-coule","title":{"rendered":"Destruction : violent incendie \u00e0 Vision 4, le m\u00e9dia d&rsquo;Amougou Belinga coule"},"content":{"rendered":"<p><span style=\"color: #ff6600\"><strong>Africa-Press &#8211; Cameroun. <\/strong><\/span>Les jours se suivent et se ressemblent pour le pre\u0301sident directeur ge\u0301ne\u0301ral de Vision 4 Jean-Pierre Amougou Belinga. Le magnat de la presse camerounaise en prison n\u2019est certainement pas encore au bout de ses peines, lui qui a de\u0301ja\u0300 e\u0301te\u0301 emprisonne\u0301 apre\u0300s avoir e\u0301te\u0301 inculpe\u0301 pour une \u00ab complicite\u0301 de torture par aide \u00bb dans l\u2019affaire du moment au pays.<\/p>\n<p>Celui qui se fait appeler le zomloa des zomloa a e\u0301te\u0301 envoye\u0301 a\u0300 Kondengui avec le patron de la Direction ge\u0301ne\u0301rale de la recherche exte\u0301rieure (DGRE) Le\u0301opold Maxime Eko Eko. Lui est accuse\u0301 de \u00ab filature \u00bb, \u00ab enle\u0300vement \u00bb et \u00ab torture \u00bb du journaliste radio Martinez Zogo. Des agents de la DGRE sont aussi aux arre\u0302ts.<\/p>\n<p>Ces derniers jours, nous avons appris depuis la prison que Jean-Pierre Amougou Belinga ne se portait pas bien. Physiquement et psychologiquement. Le milliardaire a me\u0302me demande\u0301 a\u0300 e\u0302tre observe\u0301 par un professionnel de la sante\u0301 pour qu\u2019il ne de\u0301prime pas ou que la situation qu\u2019il traverse ne porte pas atteinte a\u0300 sa vie.<\/p>\n<p>Et ce n\u2019est pas la dernie\u0300re nouvelle qui risque de calmer les choses dans la te\u0302te du controverse\u0301 Jean-Pierre Amougou Belinga, proprie\u0301taire du groupe L\u2019Anecdote et ami de plusieurs ministres comme Laurent Esso, Louis-Paul Motaze, etc.<\/p>\n<p>Ces dernie\u0300res heures, un feu est parti de l\u2019immeuble appartenant a\u0300 Jean-Pierre Amougou Belinga comme l\u2019indique le lanceur d\u2019alertes Nzui Manto sur les re\u0301seaux sociaux avec une vide\u0301o de\u0301monstrative a\u0300 l\u2019appui.<\/p>\n<p>Ce dernier fait savoir qu\u2019il y a eu un \u00ab incendie a\u0300 l&rsquo;immeuble de Vision 4. Un incendie s&rsquo;est de\u0301clare\u0301 ce jour (samedi le 18 mars, ndlr) dans l&rsquo;une des pie\u0300ces situe\u0301es au sommet de l&rsquo;immeuble abritant Zomloa TV. Informe\u0301s, journalistes et stagiaires ont re\u0301ussi a\u0300 prendre la tangente abandonnant leurs postes \u00bb.<\/p>\n<p>Pour l\u2019instant, on ne sait pas ce qui a pu causer ce de\u0301part de feu dans la boite de Jean-Pierre Amougou Belinga pour qui les mauvaises nouvelles s\u2019enchai\u0302nent depuis quelque temps.<\/p>\n<p>Avec toutes les actualite\u0301s re\u0301centes lie\u0301es au PDG, aux employe\u0301s ainsi qu&rsquo;aux proble\u0300mes pendants et le nouvel incendie (dont on ignore si c&rsquo;est criminel ou accidentel), le me\u0301dia du zomloa est sur une pente glissante et tout semble indiquer qu&rsquo;il aura beaucoup de mal a\u0300 se redresser.<\/p>\n<p><strong>Pour plus d&rsquo;informations et d&rsquo;analyses sur la <a href=\"https:\/\/www.africa-press.net\/cameroun\">Cameroun<\/a>, suivez <a href=\"https:\/\/www.africa-press.net\/\">Africa-Press<\/a><\/strong><\/p>\n","protected":false},"excerpt":{"rendered":"<p>Africa-Press &#8211; Cameroun. Les jours se suivent et se ressemblent pour le pre\u0301sident directeur ge\u0301ne\u0301ral de Vision 4 Jean-Pierre Amougou Belinga. Le magnat de la presse camerounaise en prison n\u2019est certainement pas encore au bout de ses peines, lui qui a de\u0301ja\u0300 e\u0301te\u0301 emprisonne\u0301 apre\u0300s avoir e\u0301te\u0301 inculpe\u0301 pour une \u00ab complicite\u0301 de torture par [&hellip;]<\/p>\n","protected":false},"author":82,"featured_media":39760,"comment_status":"open","ping_status":"closed","sticky":false,"template":"","format":"standard","meta":{"footnotes":""},"categories":[21,10],"tags":[36,50,49],"class_list":["post-39762","post","type-post","status-publish","format-standard","has-post-thumbnail","hentry","category-communaute","category-toutes-les-actualites","tag-africa-press","tag-africa-press-cameroun","tag-cameroun"],"yoast_head":"<!-- This site is optimized with the Yoast SEO Premium plugin v26.1 (Yoast SEO v27.0) - https:\/\/yoast.com\/product\/yoast-seo-premium-wordpress\/ -->\n<title>Destruction : violent incendie \u00e0 Vision 4, le m\u00e9dia d&#039;Amougou Belinga coule - Cameroun<\/title>\n<meta name=\"description\" content=\"Les jours se suivent et se ressemblent pour le pre\u0301sident directeur ge\u0301ne\u0301ral de Vision 4 Jean-Pierre Amougou Belinga. L ...\" \/>\n<meta name=\"robots\" content=\"index, follow, max-snippet:-1, max-image-preview:large, max-video-preview:-1\" \/>\n<link rel=\"canonical\" href=\"https:\/\/www.africa-press.net\/cameroun\/toutes-les-actualites\/destruction-violent-incendie-a-vision-4-le-media-damougou-belinga-coule\" \/>\n<meta property=\"og:locale\" content=\"fr_FR\" \/>\n<meta property=\"og:type\" content=\"article\" \/>\n<meta property=\"og:title\" content=\"Destruction : violent incendie \u00e0 Vision 4, le m\u00e9dia d&#039;Amougou Belinga coule\" \/>\n<meta property=\"og:description\" content=\"Les jours se suivent et se ressemblent pour le pre\u0301sident directeur ge\u0301ne\u0301ral de Vision 4 Jean-Pierre Amougou Belinga. L ...\" \/>\n<meta property=\"og:url\" content=\"https:\/\/www.africa-press.net\/cameroun\/toutes-les-actualites\/destruction-violent-incendie-a-vision-4-le-media-damougou-belinga-coule\" \/>\n<meta property=\"og:site_name\" content=\"Cameroun\" \/>\n<meta property=\"article:published_time\" content=\"2023-03-19T10:17:29+00:00\" \/>\n<meta property=\"article:modified_time\" content=\"2023-03-19T10:36:40+00:00\" \/>\n<meta property=\"og:image\" content=\"https:\/\/static.africa-press.net\/cameroun\/sites\/57\/2023\/03\/postQueueImg_1679208492.58.jpg\" \/>\n\t<meta property=\"og:image:width\" content=\"720\" \/>\n\t<meta property=\"og:image:height\" content=\"494\" \/>\n\t<meta property=\"og:image:type\" content=\"image\/jpeg\" \/>\n<meta name=\"author\" content=\"cfeditorfr\" \/>\n<meta name=\"twitter:card\" content=\"summary_large_image\" \/>\n<meta name=\"twitter:label1\" content=\"\u00c9crit par\" \/>\n\t<meta name=\"twitter:data1\" content=\"cfeditorfr\" \/>\n\t<meta name=\"twitter:label2\" content=\"Dur\u00e9e de lecture estim\u00e9e\" \/>\n\t<meta name=\"twitter:data2\" content=\"2 minutes\" \/>\n<script type=\"application\/ld+json\" class=\"yoast-schema-graph\">{\"@context\":\"https:\/\/schema.org\",\"@graph\":[{\"@type\":\"Article\",\"@id\":\"https:\/\/www.africa-press.net\/cameroun\/toutes-les-actualites\/destruction-violent-incendie-a-vision-4-le-media-damougou-belinga-coule#article\",\"isPartOf\":{\"@id\":\"https:\/\/www.africa-press.net\/cameroun\/toutes-les-actualites\/destruction-violent-incendie-a-vision-4-le-media-damougou-belinga-coule\"},\"author\":{\"name\":\"cfeditorfr\",\"@id\":\"https:\/\/www.africa-press.net\/cameroun\/#\/schema\/person\/2b1cf3cd81a31e3cd26889ca66d677f1\"},\"headline\":\"Destruction : violent incendie \u00e0 Vision 4, le m\u00e9dia d&rsquo;Amougou Belinga coule\",\"datePublished\":\"2023-03-19T10:17:29+00:00\",\"dateModified\":\"2023-03-19T10:36:40+00:00\",\"mainEntityOfPage\":{\"@id\":\"https:\/\/www.africa-press.net\/cameroun\/toutes-les-actualites\/destruction-violent-incendie-a-vision-4-le-media-damougou-belinga-coule\"},\"wordCount\":439,\"commentCount\":0,\"image\":{\"@id\":\"https:\/\/www.africa-press.net\/cameroun\/toutes-les-actualites\/destruction-violent-incendie-a-vision-4-le-media-damougou-belinga-coule#primaryimage\"},\"thumbnailUrl\":\"https:\/\/static.africa-press.net\/cameroun\/sites\/57\/2023\/03\/postQueueImg_1679208492.58.jpg\",\"keywords\":[\"Africa Press\",\"Africa Press-Cameroun\",\"Cameroun\"],\"articleSection\":[\"Communaut\u00e9\",\"Toutes les actualit\u00e9s\"],\"inLanguage\":\"fr-FR\",\"potentialAction\":[{\"@type\":\"CommentAction\",\"name\":\"Comment\",\"target\":[\"https:\/\/www.africa-press.net\/cameroun\/toutes-les-actualites\/destruction-violent-incendie-a-vision-4-le-media-damougou-belinga-coule#respond\"]}]},{\"@type\":\"WebPage\",\"@id\":\"https:\/\/www.africa-press.net\/cameroun\/toutes-les-actualites\/destruction-violent-incendie-a-vision-4-le-media-damougou-belinga-coule\",\"url\":\"https:\/\/www.africa-press.net\/cameroun\/toutes-les-actualites\/destruction-violent-incendie-a-vision-4-le-media-damougou-belinga-coule\",\"name\":\"Destruction : violent incendie \u00e0 Vision 4, le m\u00e9dia d'Amougou Belinga coule - Cameroun\",\"isPartOf\":{\"@id\":\"https:\/\/www.africa-press.net\/cameroun\/#website\"},\"primaryImageOfPage\":{\"@id\":\"https:\/\/www.africa-press.net\/cameroun\/toutes-les-actualites\/destruction-violent-incendie-a-vision-4-le-media-damougou-belinga-coule#primaryimage\"},\"image\":{\"@id\":\"https:\/\/www.africa-press.net\/cameroun\/toutes-les-actualites\/destruction-violent-incendie-a-vision-4-le-media-damougou-belinga-coule#primaryimage\"},\"thumbnailUrl\":\"https:\/\/static.africa-press.net\/cameroun\/sites\/57\/2023\/03\/postQueueImg_1679208492.58.jpg\",\"datePublished\":\"2023-03-19T10:17:29+00:00\",\"dateModified\":\"2023-03-19T10:36:40+00:00\",\"author\":{\"@id\":\"https:\/\/www.africa-press.net\/cameroun\/#\/schema\/person\/2b1cf3cd81a31e3cd26889ca66d677f1\"},\"description\":\"Les jours se suivent et se ressemblent pour le pre\u0301sident directeur ge\u0301ne\u0301ral de Vision 4 Jean-Pierre Amougou Belinga. L ...\",\"breadcrumb\":{\"@id\":\"https:\/\/www.africa-press.net\/cameroun\/toutes-les-actualites\/destruction-violent-incendie-a-vision-4-le-media-damougou-belinga-coule#breadcrumb\"},\"inLanguage\":\"fr-FR\",\"potentialAction\":[{\"@type\":\"ReadAction\",\"target\":[\"https:\/\/www.africa-press.net\/cameroun\/toutes-les-actualites\/destruction-violent-incendie-a-vision-4-le-media-damougou-belinga-coule\"]}]},{\"@type\":\"ImageObject\",\"inLanguage\":\"fr-FR\",\"@id\":\"https:\/\/www.africa-press.net\/cameroun\/toutes-les-actualites\/destruction-violent-incendie-a-vision-4-le-media-damougou-belinga-coule#primaryimage\",\"url\":\"https:\/\/static.africa-press.net\/cameroun\/sites\/57\/2023\/03\/postQueueImg_1679208492.58.jpg\",\"contentUrl\":\"https:\/\/static.africa-press.net\/cameroun\/sites\/57\/2023\/03\/postQueueImg_1679208492.58.jpg\",\"width\":720,\"height\":494,\"caption\":\"Destruction : violent incendie \u00e0 Vision 4, le m\u00e9dia d'Amougou Belinga coule\"},{\"@type\":\"BreadcrumbList\",\"@id\":\"https:\/\/www.africa-press.net\/cameroun\/toutes-les-actualites\/destruction-violent-incendie-a-vision-4-le-media-damougou-belinga-coule#breadcrumb\",\"itemListElement\":[{\"@type\":\"ListItem\",\"position\":1,\"name\":\"Accueil\",\"item\":\"https:\/\/www.africa-press.net\/cameroun\/\"},{\"@type\":\"ListItem\",\"position\":2,\"name\":\"Destruction : violent incendie \u00e0 Vision 4, le m\u00e9dia d&rsquo;Amougou Belinga coule\"}]},{\"@type\":\"WebSite\",\"@id\":\"https:\/\/www.africa-press.net\/cameroun\/#website\",\"url\":\"https:\/\/www.africa-press.net\/cameroun\/\",\"name\":\"Cameroun\",\"description\":\"Just another Africa News Agency Sites site\",\"potentialAction\":[{\"@type\":\"SearchAction\",\"target\":{\"@type\":\"EntryPoint\",\"urlTemplate\":\"https:\/\/www.africa-press.net\/cameroun\/?s={search_term_string}\"},\"query-input\":{\"@type\":\"PropertyValueSpecification\",\"valueRequired\":true,\"valueName\":\"search_term_string\"}}],\"inLanguage\":\"fr-FR\"},{\"@type\":\"Person\",\"@id\":\"https:\/\/www.africa-press.net\/cameroun\/#\/schema\/person\/2b1cf3cd81a31e3cd26889ca66d677f1\",\"name\":\"cfeditorfr\"}]}<\/script>\n<!-- \/ Yoast SEO Premium plugin. -->","yoast_head_json":{"title":"Destruction : violent incendie \u00e0 Vision 4, le m\u00e9dia d'Amougou Belinga coule - Cameroun","description":"Les jours se suivent et se ressemblent pour le pre\u0301sident directeur ge\u0301ne\u0301ral de Vision 4 Jean-Pierre Amougou Belinga. L ...","robots":{"index":"index","follow":"follow","max-snippet":"max-snippet:-1","max-image-preview":"max-image-preview:large","max-video-preview":"max-video-preview:-1"},"canonical":"https:\/\/www.africa-press.net\/cameroun\/toutes-les-actualites\/destruction-violent-incendie-a-vision-4-le-media-damougou-belinga-coule","og_locale":"fr_FR","og_type":"article","og_title":"Destruction : violent incendie \u00e0 Vision 4, le m\u00e9dia d'Amougou Belinga coule","og_description":"Les jours se suivent et se ressemblent pour le pre\u0301sident directeur ge\u0301ne\u0301ral de Vision 4 Jean-Pierre Amougou Belinga. L ...","og_url":"https:\/\/www.africa-press.net\/cameroun\/toutes-les-actualites\/destruction-violent-incendie-a-vision-4-le-media-damougou-belinga-coule","og_site_name":"Cameroun","article_published_time":"2023-03-19T10:17:29+00:00","article_modified_time":"2023-03-19T10:36:40+00:00","og_image":[{"width":720,"height":494,"url":"https:\/\/static.africa-press.net\/cameroun\/sites\/57\/2023\/03\/postQueueImg_1679208492.58.jpg","type":"image\/jpeg"}],"author":"cfeditorfr","twitter_card":"summary_large_image","twitter_misc":{"\u00c9crit par":"cfeditorfr","Dur\u00e9e de lecture estim\u00e9e":"2 minutes"},"schema":{"@context":"https:\/\/schema.org","@graph":[{"@type":"Article","@id":"https:\/\/www.africa-press.net\/cameroun\/toutes-les-actualites\/destruction-violent-incendie-a-vision-4-le-media-damougou-belinga-coule#article","isPartOf":{"@id":"https:\/\/www.africa-press.net\/cameroun\/toutes-les-actualites\/destruction-violent-incendie-a-vision-4-le-media-damougou-belinga-coule"},"author":{"name":"cfeditorfr","@id":"https:\/\/www.africa-press.net\/cameroun\/#\/schema\/person\/2b1cf3cd81a31e3cd26889ca66d677f1"},"headline":"Destruction : violent incendie \u00e0 Vision 4, le m\u00e9dia d&rsquo;Amougou Belinga coule","datePublished":"2023-03-19T10:17:29+00:00","dateModified":"2023-03-19T10:36:40+00:00","mainEntityOfPage":{"@id":"https:\/\/www.africa-press.net\/cameroun\/toutes-les-actualites\/destruction-violent-incendie-a-vision-4-le-media-damougou-belinga-coule"},"wordCount":439,"commentCount":0,"image":{"@id":"https:\/\/www.africa-press.net\/cameroun\/toutes-les-actualites\/destruction-violent-incendie-a-vision-4-le-media-damougou-belinga-coule#primaryimage"},"thumbnailUrl":"https:\/\/static.africa-press.net\/cameroun\/sites\/57\/2023\/03\/postQueueImg_1679208492.58.jpg","keywords":["Africa Press","Africa Press-Cameroun","Cameroun"],"articleSection":["Communaut\u00e9","Toutes les actualit\u00e9s"],"inLanguage":"fr-FR","potentialAction":[{"@type":"CommentAction","name":"Comment","target":["https:\/\/www.africa-press.net\/cameroun\/toutes-les-actualites\/destruction-violent-incendie-a-vision-4-le-media-damougou-belinga-coule#respond"]}]},{"@type":"WebPage","@id":"https:\/\/www.africa-press.net\/cameroun\/toutes-les-actualites\/destruction-violent-incendie-a-vision-4-le-media-damougou-belinga-coule","url":"https:\/\/www.africa-press.net\/cameroun\/toutes-les-actualites\/destruction-violent-incendie-a-vision-4-le-media-damougou-belinga-coule","name":"Destruction : violent incendie \u00e0 Vision 4, le m\u00e9dia d'Amougou Belinga coule - Cameroun","isPartOf":{"@id":"https:\/\/www.africa-press.net\/cameroun\/#website"},"primaryImageOfPage":{"@id":"https:\/\/www.africa-press.net\/cameroun\/toutes-les-actualites\/destruction-violent-incendie-a-vision-4-le-media-damougou-belinga-coule#primaryimage"},"image":{"@id":"https:\/\/www.africa-press.net\/cameroun\/toutes-les-actualites\/destruction-violent-incendie-a-vision-4-le-media-damougou-belinga-coule#primaryimage"},"thumbnailUrl":"https:\/\/static.africa-press.net\/cameroun\/sites\/57\/2023\/03\/postQueueImg_1679208492.58.jpg","datePublished":"2023-03-19T10:17:29+00:00","dateModified":"2023-03-19T10:36:40+00:00","author":{"@id":"https:\/\/www.africa-press.net\/cameroun\/#\/schema\/person\/2b1cf3cd81a31e3cd26889ca66d677f1"},"description":"Les jours se suivent et se ressemblent pour le pre\u0301sident directeur ge\u0301ne\u0301ral de Vision 4 Jean-Pierre Amougou Belinga. L ...","breadcrumb":{"@id":"https:\/\/www.africa-press.net\/cameroun\/toutes-les-actualites\/destruction-violent-incendie-a-vision-4-le-media-damougou-belinga-coule#breadcrumb"},"inLanguage":"fr-FR","potentialAction":[{"@type":"ReadAction","target":["https:\/\/www.africa-press.net\/cameroun\/toutes-les-actualites\/destruction-violent-incendie-a-vision-4-le-media-damougou-belinga-coule"]}]},{"@type":"ImageObject","inLanguage":"fr-FR","@id":"https:\/\/www.africa-press.net\/cameroun\/toutes-les-actualites\/destruction-violent-incendie-a-vision-4-le-media-damougou-belinga-coule#primaryimage","url":"https:\/\/static.africa-press.net\/cameroun\/sites\/57\/2023\/03\/postQueueImg_1679208492.58.jpg","contentUrl":"https:\/\/static.africa-press.net\/cameroun\/sites\/57\/2023\/03\/postQueueImg_1679208492.58.jpg","width":720,"height":494,"caption":"Destruction : violent incendie \u00e0 Vision 4, le m\u00e9dia d'Amougou Belinga coule"},{"@type":"BreadcrumbList","@id":"https:\/\/www.africa-press.net\/cameroun\/toutes-les-actualites\/destruction-violent-incendie-a-vision-4-le-media-damougou-belinga-coule#breadcrumb","itemListElement":[{"@type":"ListItem","position":1,"name":"Accueil","item":"https:\/\/www.africa-press.net\/cameroun\/"},{"@type":"ListItem","position":2,"name":"Destruction : violent incendie \u00e0 Vision 4, le m\u00e9dia d&rsquo;Amougou Belinga coule"}]},{"@type":"WebSite","@id":"https:\/\/www.africa-press.net\/cameroun\/#website","url":"https:\/\/www.africa-press.net\/cameroun\/","name":"Cameroun","description":"Just another Africa News Agency Sites site","potentialAction":[{"@type":"SearchAction","target":{"@type":"EntryPoint","urlTemplate":"https:\/\/www.africa-press.net\/cameroun\/?s={search_term_string}"},"query-input":{"@type":"PropertyValueSpecification","valueRequired":true,"valueName":"search_term_string"}}],"inLanguage":"fr-FR"},{"@type":"Person","@id":"https:\/\/www.africa-press.net\/cameroun\/#\/schema\/person\/2b1cf3cd81a31e3cd26889ca66d677f1","name":"cfeditorfr"}]}},"_links":{"self":[{"href":"https:\/\/www.africa-press.net\/cameroun\/wp-json\/wp\/v2\/posts\/39762","targetHints":{"allow":["GET"]}}],"collection":[{"href":"https:\/\/www.africa-press.net\/cameroun\/wp-json\/wp\/v2\/posts"}],"about":[{"href":"https:\/\/www.africa-press.net\/cameroun\/wp-json\/wp\/v2\/types\/post"}],"author":[{"embeddable":true,"href":"https:\/\/www.africa-press.net\/cameroun\/wp-json\/wp\/v2\/users\/82"}],"replies":[{"embeddable":true,"href":"https:\/\/www.africa-press.net\/cameroun\/wp-json\/wp\/v2\/comments?post=39762"}],"version-history":[{"count":0,"href":"https:\/\/www.africa-press.net\/cameroun\/wp-json\/wp\/v2\/posts\/39762\/revisions"}],"wp:featuredmedia":[{"embeddable":true,"href":"https:\/\/www.africa-press.net\/cameroun\/wp-json\/wp\/v2\/media\/39760"}],"wp:attachment":[{"href":"https:\/\/www.africa-press.net\/cameroun\/wp-json\/wp\/v2\/media?parent=39762"}],"wp:term":[{"taxonomy":"category","embeddable":true,"href":"https:\/\/www.africa-press.net\/cameroun\/wp-json\/wp\/v2\/categories?post=39762"},{"taxonomy":"post_tag","embeddable":true,"href":"https:\/\/www.africa-press.net\/cameroun\/wp-json\/wp\/v2\/tags?post=39762"}],"curies":[{"name":"wp","href":"https:\/\/api.w.org\/{rel}","templated":true}]}}