{"id":39783,"date":"2023-03-19T21:36:36","date_gmt":"2023-03-19T21:36:36","guid":{"rendered":"https:\/\/www.africa-press.net\/cameroun\/politique\/tragedie-un-nouvel-assassinat-ebranle-le-cameroun-un-eminent-professeur-tue"},"modified":"2023-03-19T21:53:37","modified_gmt":"2023-03-19T21:53:37","slug":"tragedie-un-nouvel-assassinat-ebranle-le-cameroun-un-eminent-professeur-tue","status":"publish","type":"post","link":"https:\/\/www.africa-press.net\/cameroun\/politique\/tragedie-un-nouvel-assassinat-ebranle-le-cameroun-un-eminent-professeur-tue","title":{"rendered":"Trag\u00e9die : un nouvel assassinat \u00e9branle le Cameroun, un \u00e9minent professeur tu\u00e9"},"content":{"rendered":"<p><span style=\"color: #ff6600\"><strong>Africa-Press &#8211; Cameroun. <\/strong><\/span>La re\u0301daction de Camerounweb vient d&rsquo;apprendre de sources me\u0301diatiques l&rsquo;assassinat tragique du Professeur Chiabi Emmanuel. Ce dernier a e\u0301te\u0301 assassine\u0301 ce jeudi 16 mars 2023 a\u0300 Bamenda. L\u2019enseignant a e\u0301te\u0301 crible\u0301 de balles devant sa maison par des personnes qui se revendiquent e\u0302tre des ambazoniens, rapporte MMI.<\/p>\n<p>Apre\u0300s l\u2019annonce de son de\u0301ce\u0300s, Akere Muna homme politique camerounais, se dit chagrine\u0301 par cette disparition. \u201cUn gentilhomme et un universitaire irre\u0301prochable. Je me fiche de ce pour quoi vous vous battez ou me\u0302me de qui vous pre\u0301tendez prote\u0301ger ; si vous ne respectez pas la vie humaine, vous e\u0302tes terroriste. Pr RIP\u201d, a-t-il e\u0301crit.<\/p>\n<p>Le confre\u0300re MMI ajoute e\u0301galement que Capo Daniel, le chef d\u2019un groupe se\u0301cessionniste d\u2019Ambazonie de\u0301ment l\u2019information selon laquelle, ce serait l\u2019un des leurs qui a assassine\u0301 le professeur d\u2019universite\u0301. Ils n\u2019appartiennent pas a\u0300 l&rsquo;\u201dAmbazonian Defense Forces\u201d. Selon nos informations, l\u2019enseignant d\u2019Histoire a\u0300 L\u2019universite\u0301 de Bamenda avait fui son village pour se re\u0301fugier dans le Chef lieu de la re\u0301gion, Bamenda<\/p>\n<p>\u201cQuelle quantite\u0301 de sang est-il encore ne\u0301cessaire pour mettre fin a\u0300 cette barbarie du Nord-ouest et du Sud Ouest\u201d s\u2019indigne le professeur Emmanuel TCHUMTCHOUA, enseignant d\u2019histoire a\u0300 L\u2019universite\u0301 de Douala apre\u0300s avoir appris le de\u0301ce\u0300s de l\u2019enseignant.<\/p>\n<p><strong>Pour plus d&rsquo;informations et d&rsquo;analyses sur la <a href=\"https:\/\/www.africa-press.net\/cameroun\">Cameroun<\/a>, suivez <a href=\"https:\/\/www.africa-press.net\/\">Africa-Press<\/a><\/strong><\/p>\n","protected":false},"excerpt":{"rendered":"<p>Africa-Press &#8211; Cameroun. La re\u0301daction de Camerounweb vient d&rsquo;apprendre de sources me\u0301diatiques l&rsquo;assassinat tragique du Professeur Chiabi Emmanuel. Ce dernier a e\u0301te\u0301 assassine\u0301 ce jeudi 16 mars 2023 a\u0300 Bamenda. L\u2019enseignant a e\u0301te\u0301 crible\u0301 de balles devant sa maison par des personnes qui se revendiquent e\u0302tre des ambazoniens, rapporte MMI. Apre\u0300s l\u2019annonce de son de\u0301ce\u0300s, [&hellip;]<\/p>\n","protected":false},"author":82,"featured_media":39781,"comment_status":"open","ping_status":"closed","sticky":false,"template":"","format":"standard","meta":{"footnotes":""},"categories":[2,10],"tags":[36,50,49],"class_list":["post-39783","post","type-post","status-publish","format-standard","has-post-thumbnail","hentry","category-politique","category-toutes-les-actualites","tag-africa-press","tag-africa-press-cameroun","tag-cameroun"],"yoast_head":"<!-- This site is optimized with the Yoast SEO Premium plugin v26.1 (Yoast SEO v27.0) - https:\/\/yoast.com\/product\/yoast-seo-premium-wordpress\/ -->\n<title>Trag\u00e9die : un nouvel assassinat \u00e9branle le Cameroun, un \u00e9minent professeur tu\u00e9 - Cameroun<\/title>\n<meta name=\"description\" content=\"La re\u0301daction de Camerounweb vient d&#039;apprendre de sources me\u0301diatiques l&#039;assassinat tragique du Professeur Chiabi Emmanu ...\" \/>\n<meta name=\"robots\" content=\"index, follow, max-snippet:-1, max-image-preview:large, max-video-preview:-1\" \/>\n<link rel=\"canonical\" href=\"https:\/\/www.africa-press.net\/cameroun\/politique\/tragedie-un-nouvel-assassinat-ebranle-le-cameroun-un-eminent-professeur-tue\" \/>\n<meta property=\"og:locale\" content=\"fr_FR\" \/>\n<meta property=\"og:type\" content=\"article\" \/>\n<meta property=\"og:title\" content=\"Trag\u00e9die : un nouvel assassinat \u00e9branle le Cameroun, un \u00e9minent professeur tu\u00e9\" \/>\n<meta property=\"og:description\" content=\"La re\u0301daction de Camerounweb vient d&#039;apprendre de sources me\u0301diatiques l&#039;assassinat tragique du Professeur Chiabi Emmanu ...\" \/>\n<meta property=\"og:url\" content=\"https:\/\/www.africa-press.net\/cameroun\/politique\/tragedie-un-nouvel-assassinat-ebranle-le-cameroun-un-eminent-professeur-tue\" \/>\n<meta property=\"og:site_name\" content=\"Cameroun\" \/>\n<meta property=\"article:published_time\" content=\"2023-03-19T21:36:36+00:00\" \/>\n<meta property=\"article:modified_time\" content=\"2023-03-19T21:53:37+00:00\" \/>\n<meta property=\"og:image\" content=\"https:\/\/static.africa-press.net\/cameroun\/sites\/57\/2023\/03\/postQueueImg_1679249204.33.jpg\" \/>\n\t<meta property=\"og:image:width\" content=\"1280\" \/>\n\t<meta property=\"og:image:height\" content=\"720\" \/>\n\t<meta property=\"og:image:type\" content=\"image\/jpeg\" \/>\n<meta name=\"author\" content=\"cfeditorfr\" \/>\n<meta name=\"twitter:card\" content=\"summary_large_image\" \/>\n<meta name=\"twitter:label1\" content=\"\u00c9crit par\" \/>\n\t<meta name=\"twitter:data1\" content=\"cfeditorfr\" \/>\n\t<meta name=\"twitter:label2\" content=\"Dur\u00e9e de lecture estim\u00e9e\" \/>\n\t<meta name=\"twitter:data2\" content=\"1 minute\" \/>\n<script type=\"application\/ld+json\" class=\"yoast-schema-graph\">{\"@context\":\"https:\/\/schema.org\",\"@graph\":[{\"@type\":\"Article\",\"@id\":\"https:\/\/www.africa-press.net\/cameroun\/politique\/tragedie-un-nouvel-assassinat-ebranle-le-cameroun-un-eminent-professeur-tue#article\",\"isPartOf\":{\"@id\":\"https:\/\/www.africa-press.net\/cameroun\/politique\/tragedie-un-nouvel-assassinat-ebranle-le-cameroun-un-eminent-professeur-tue\"},\"author\":{\"name\":\"cfeditorfr\",\"@id\":\"https:\/\/www.africa-press.net\/cameroun\/#\/schema\/person\/2b1cf3cd81a31e3cd26889ca66d677f1\"},\"headline\":\"Trag\u00e9die : un nouvel assassinat \u00e9branle le Cameroun, un \u00e9minent professeur tu\u00e9\",\"datePublished\":\"2023-03-19T21:36:36+00:00\",\"dateModified\":\"2023-03-19T21:53:37+00:00\",\"mainEntityOfPage\":{\"@id\":\"https:\/\/www.africa-press.net\/cameroun\/politique\/tragedie-un-nouvel-assassinat-ebranle-le-cameroun-un-eminent-professeur-tue\"},\"wordCount\":265,\"commentCount\":0,\"image\":{\"@id\":\"https:\/\/www.africa-press.net\/cameroun\/politique\/tragedie-un-nouvel-assassinat-ebranle-le-cameroun-un-eminent-professeur-tue#primaryimage\"},\"thumbnailUrl\":\"https:\/\/static.africa-press.net\/cameroun\/sites\/57\/2023\/03\/postQueueImg_1679249204.33.jpg\",\"keywords\":[\"Africa Press\",\"Africa Press-Cameroun\",\"Cameroun\"],\"articleSection\":[\"Politique\",\"Toutes les actualit\u00e9s\"],\"inLanguage\":\"fr-FR\",\"potentialAction\":[{\"@type\":\"CommentAction\",\"name\":\"Comment\",\"target\":[\"https:\/\/www.africa-press.net\/cameroun\/politique\/tragedie-un-nouvel-assassinat-ebranle-le-cameroun-un-eminent-professeur-tue#respond\"]}]},{\"@type\":\"WebPage\",\"@id\":\"https:\/\/www.africa-press.net\/cameroun\/politique\/tragedie-un-nouvel-assassinat-ebranle-le-cameroun-un-eminent-professeur-tue\",\"url\":\"https:\/\/www.africa-press.net\/cameroun\/politique\/tragedie-un-nouvel-assassinat-ebranle-le-cameroun-un-eminent-professeur-tue\",\"name\":\"Trag\u00e9die : un nouvel assassinat \u00e9branle le Cameroun, un \u00e9minent professeur tu\u00e9 - Cameroun\",\"isPartOf\":{\"@id\":\"https:\/\/www.africa-press.net\/cameroun\/#website\"},\"primaryImageOfPage\":{\"@id\":\"https:\/\/www.africa-press.net\/cameroun\/politique\/tragedie-un-nouvel-assassinat-ebranle-le-cameroun-un-eminent-professeur-tue#primaryimage\"},\"image\":{\"@id\":\"https:\/\/www.africa-press.net\/cameroun\/politique\/tragedie-un-nouvel-assassinat-ebranle-le-cameroun-un-eminent-professeur-tue#primaryimage\"},\"thumbnailUrl\":\"https:\/\/static.africa-press.net\/cameroun\/sites\/57\/2023\/03\/postQueueImg_1679249204.33.jpg\",\"datePublished\":\"2023-03-19T21:36:36+00:00\",\"dateModified\":\"2023-03-19T21:53:37+00:00\",\"author\":{\"@id\":\"https:\/\/www.africa-press.net\/cameroun\/#\/schema\/person\/2b1cf3cd81a31e3cd26889ca66d677f1\"},\"description\":\"La re\u0301daction de Camerounweb vient d'apprendre de sources me\u0301diatiques l'assassinat tragique du Professeur Chiabi Emmanu ...\",\"breadcrumb\":{\"@id\":\"https:\/\/www.africa-press.net\/cameroun\/politique\/tragedie-un-nouvel-assassinat-ebranle-le-cameroun-un-eminent-professeur-tue#breadcrumb\"},\"inLanguage\":\"fr-FR\",\"potentialAction\":[{\"@type\":\"ReadAction\",\"target\":[\"https:\/\/www.africa-press.net\/cameroun\/politique\/tragedie-un-nouvel-assassinat-ebranle-le-cameroun-un-eminent-professeur-tue\"]}]},{\"@type\":\"ImageObject\",\"inLanguage\":\"fr-FR\",\"@id\":\"https:\/\/www.africa-press.net\/cameroun\/politique\/tragedie-un-nouvel-assassinat-ebranle-le-cameroun-un-eminent-professeur-tue#primaryimage\",\"url\":\"https:\/\/static.africa-press.net\/cameroun\/sites\/57\/2023\/03\/postQueueImg_1679249204.33.jpg\",\"contentUrl\":\"https:\/\/static.africa-press.net\/cameroun\/sites\/57\/2023\/03\/postQueueImg_1679249204.33.jpg\",\"width\":1280,\"height\":720,\"caption\":\"Trag\u00e9die : un nouvel assassinat \u00e9branle le Cameroun, un \u00e9minent professeur tu\u00e9\"},{\"@type\":\"BreadcrumbList\",\"@id\":\"https:\/\/www.africa-press.net\/cameroun\/politique\/tragedie-un-nouvel-assassinat-ebranle-le-cameroun-un-eminent-professeur-tue#breadcrumb\",\"itemListElement\":[{\"@type\":\"ListItem\",\"position\":1,\"name\":\"Accueil\",\"item\":\"https:\/\/www.africa-press.net\/cameroun\/\"},{\"@type\":\"ListItem\",\"position\":2,\"name\":\"Trag\u00e9die : un nouvel assassinat \u00e9branle le Cameroun, un \u00e9minent professeur tu\u00e9\"}]},{\"@type\":\"WebSite\",\"@id\":\"https:\/\/www.africa-press.net\/cameroun\/#website\",\"url\":\"https:\/\/www.africa-press.net\/cameroun\/\",\"name\":\"Cameroun\",\"description\":\"Just another Africa News Agency Sites site\",\"potentialAction\":[{\"@type\":\"SearchAction\",\"target\":{\"@type\":\"EntryPoint\",\"urlTemplate\":\"https:\/\/www.africa-press.net\/cameroun\/?s={search_term_string}\"},\"query-input\":{\"@type\":\"PropertyValueSpecification\",\"valueRequired\":true,\"valueName\":\"search_term_string\"}}],\"inLanguage\":\"fr-FR\"},{\"@type\":\"Person\",\"@id\":\"https:\/\/www.africa-press.net\/cameroun\/#\/schema\/person\/2b1cf3cd81a31e3cd26889ca66d677f1\",\"name\":\"cfeditorfr\"}]}<\/script>\n<!-- \/ Yoast SEO Premium plugin. -->","yoast_head_json":{"title":"Trag\u00e9die : un nouvel assassinat \u00e9branle le Cameroun, un \u00e9minent professeur tu\u00e9 - Cameroun","description":"La re\u0301daction de Camerounweb vient d'apprendre de sources me\u0301diatiques l'assassinat tragique du Professeur Chiabi Emmanu ...","robots":{"index":"index","follow":"follow","max-snippet":"max-snippet:-1","max-image-preview":"max-image-preview:large","max-video-preview":"max-video-preview:-1"},"canonical":"https:\/\/www.africa-press.net\/cameroun\/politique\/tragedie-un-nouvel-assassinat-ebranle-le-cameroun-un-eminent-professeur-tue","og_locale":"fr_FR","og_type":"article","og_title":"Trag\u00e9die : un nouvel assassinat \u00e9branle le Cameroun, un \u00e9minent professeur tu\u00e9","og_description":"La re\u0301daction de Camerounweb vient d'apprendre de sources me\u0301diatiques l'assassinat tragique du Professeur Chiabi Emmanu ...","og_url":"https:\/\/www.africa-press.net\/cameroun\/politique\/tragedie-un-nouvel-assassinat-ebranle-le-cameroun-un-eminent-professeur-tue","og_site_name":"Cameroun","article_published_time":"2023-03-19T21:36:36+00:00","article_modified_time":"2023-03-19T21:53:37+00:00","og_image":[{"width":1280,"height":720,"url":"https:\/\/static.africa-press.net\/cameroun\/sites\/57\/2023\/03\/postQueueImg_1679249204.33.jpg","type":"image\/jpeg"}],"author":"cfeditorfr","twitter_card":"summary_large_image","twitter_misc":{"\u00c9crit par":"cfeditorfr","Dur\u00e9e de lecture estim\u00e9e":"1 minute"},"schema":{"@context":"https:\/\/schema.org","@graph":[{"@type":"Article","@id":"https:\/\/www.africa-press.net\/cameroun\/politique\/tragedie-un-nouvel-assassinat-ebranle-le-cameroun-un-eminent-professeur-tue#article","isPartOf":{"@id":"https:\/\/www.africa-press.net\/cameroun\/politique\/tragedie-un-nouvel-assassinat-ebranle-le-cameroun-un-eminent-professeur-tue"},"author":{"name":"cfeditorfr","@id":"https:\/\/www.africa-press.net\/cameroun\/#\/schema\/person\/2b1cf3cd81a31e3cd26889ca66d677f1"},"headline":"Trag\u00e9die : un nouvel assassinat \u00e9branle le Cameroun, un \u00e9minent professeur tu\u00e9","datePublished":"2023-03-19T21:36:36+00:00","dateModified":"2023-03-19T21:53:37+00:00","mainEntityOfPage":{"@id":"https:\/\/www.africa-press.net\/cameroun\/politique\/tragedie-un-nouvel-assassinat-ebranle-le-cameroun-un-eminent-professeur-tue"},"wordCount":265,"commentCount":0,"image":{"@id":"https:\/\/www.africa-press.net\/cameroun\/politique\/tragedie-un-nouvel-assassinat-ebranle-le-cameroun-un-eminent-professeur-tue#primaryimage"},"thumbnailUrl":"https:\/\/static.africa-press.net\/cameroun\/sites\/57\/2023\/03\/postQueueImg_1679249204.33.jpg","keywords":["Africa Press","Africa Press-Cameroun","Cameroun"],"articleSection":["Politique","Toutes les actualit\u00e9s"],"inLanguage":"fr-FR","potentialAction":[{"@type":"CommentAction","name":"Comment","target":["https:\/\/www.africa-press.net\/cameroun\/politique\/tragedie-un-nouvel-assassinat-ebranle-le-cameroun-un-eminent-professeur-tue#respond"]}]},{"@type":"WebPage","@id":"https:\/\/www.africa-press.net\/cameroun\/politique\/tragedie-un-nouvel-assassinat-ebranle-le-cameroun-un-eminent-professeur-tue","url":"https:\/\/www.africa-press.net\/cameroun\/politique\/tragedie-un-nouvel-assassinat-ebranle-le-cameroun-un-eminent-professeur-tue","name":"Trag\u00e9die : un nouvel assassinat \u00e9branle le Cameroun, un \u00e9minent professeur tu\u00e9 - Cameroun","isPartOf":{"@id":"https:\/\/www.africa-press.net\/cameroun\/#website"},"primaryImageOfPage":{"@id":"https:\/\/www.africa-press.net\/cameroun\/politique\/tragedie-un-nouvel-assassinat-ebranle-le-cameroun-un-eminent-professeur-tue#primaryimage"},"image":{"@id":"https:\/\/www.africa-press.net\/cameroun\/politique\/tragedie-un-nouvel-assassinat-ebranle-le-cameroun-un-eminent-professeur-tue#primaryimage"},"thumbnailUrl":"https:\/\/static.africa-press.net\/cameroun\/sites\/57\/2023\/03\/postQueueImg_1679249204.33.jpg","datePublished":"2023-03-19T21:36:36+00:00","dateModified":"2023-03-19T21:53:37+00:00","author":{"@id":"https:\/\/www.africa-press.net\/cameroun\/#\/schema\/person\/2b1cf3cd81a31e3cd26889ca66d677f1"},"description":"La re\u0301daction de Camerounweb vient d'apprendre de sources me\u0301diatiques l'assassinat tragique du Professeur Chiabi Emmanu ...","breadcrumb":{"@id":"https:\/\/www.africa-press.net\/cameroun\/politique\/tragedie-un-nouvel-assassinat-ebranle-le-cameroun-un-eminent-professeur-tue#breadcrumb"},"inLanguage":"fr-FR","potentialAction":[{"@type":"ReadAction","target":["https:\/\/www.africa-press.net\/cameroun\/politique\/tragedie-un-nouvel-assassinat-ebranle-le-cameroun-un-eminent-professeur-tue"]}]},{"@type":"ImageObject","inLanguage":"fr-FR","@id":"https:\/\/www.africa-press.net\/cameroun\/politique\/tragedie-un-nouvel-assassinat-ebranle-le-cameroun-un-eminent-professeur-tue#primaryimage","url":"https:\/\/static.africa-press.net\/cameroun\/sites\/57\/2023\/03\/postQueueImg_1679249204.33.jpg","contentUrl":"https:\/\/static.africa-press.net\/cameroun\/sites\/57\/2023\/03\/postQueueImg_1679249204.33.jpg","width":1280,"height":720,"caption":"Trag\u00e9die : un nouvel assassinat \u00e9branle le Cameroun, un \u00e9minent professeur tu\u00e9"},{"@type":"BreadcrumbList","@id":"https:\/\/www.africa-press.net\/cameroun\/politique\/tragedie-un-nouvel-assassinat-ebranle-le-cameroun-un-eminent-professeur-tue#breadcrumb","itemListElement":[{"@type":"ListItem","position":1,"name":"Accueil","item":"https:\/\/www.africa-press.net\/cameroun\/"},{"@type":"ListItem","position":2,"name":"Trag\u00e9die : un nouvel assassinat \u00e9branle le Cameroun, un \u00e9minent professeur tu\u00e9"}]},{"@type":"WebSite","@id":"https:\/\/www.africa-press.net\/cameroun\/#website","url":"https:\/\/www.africa-press.net\/cameroun\/","name":"Cameroun","description":"Just another Africa News Agency Sites site","potentialAction":[{"@type":"SearchAction","target":{"@type":"EntryPoint","urlTemplate":"https:\/\/www.africa-press.net\/cameroun\/?s={search_term_string}"},"query-input":{"@type":"PropertyValueSpecification","valueRequired":true,"valueName":"search_term_string"}}],"inLanguage":"fr-FR"},{"@type":"Person","@id":"https:\/\/www.africa-press.net\/cameroun\/#\/schema\/person\/2b1cf3cd81a31e3cd26889ca66d677f1","name":"cfeditorfr"}]}},"_links":{"self":[{"href":"https:\/\/www.africa-press.net\/cameroun\/wp-json\/wp\/v2\/posts\/39783","targetHints":{"allow":["GET"]}}],"collection":[{"href":"https:\/\/www.africa-press.net\/cameroun\/wp-json\/wp\/v2\/posts"}],"about":[{"href":"https:\/\/www.africa-press.net\/cameroun\/wp-json\/wp\/v2\/types\/post"}],"author":[{"embeddable":true,"href":"https:\/\/www.africa-press.net\/cameroun\/wp-json\/wp\/v2\/users\/82"}],"replies":[{"embeddable":true,"href":"https:\/\/www.africa-press.net\/cameroun\/wp-json\/wp\/v2\/comments?post=39783"}],"version-history":[{"count":0,"href":"https:\/\/www.africa-press.net\/cameroun\/wp-json\/wp\/v2\/posts\/39783\/revisions"}],"wp:featuredmedia":[{"embeddable":true,"href":"https:\/\/www.africa-press.net\/cameroun\/wp-json\/wp\/v2\/media\/39781"}],"wp:attachment":[{"href":"https:\/\/www.africa-press.net\/cameroun\/wp-json\/wp\/v2\/media?parent=39783"}],"wp:term":[{"taxonomy":"category","embeddable":true,"href":"https:\/\/www.africa-press.net\/cameroun\/wp-json\/wp\/v2\/categories?post=39783"},{"taxonomy":"post_tag","embeddable":true,"href":"https:\/\/www.africa-press.net\/cameroun\/wp-json\/wp\/v2\/tags?post=39783"}],"curies":[{"name":"wp","href":"https:\/\/api.w.org\/{rel}","templated":true}]}}