{"id":39786,"date":"2023-03-19T21:36:47","date_gmt":"2023-03-19T21:36:47","guid":{"rendered":"https:\/\/www.africa-press.net\/cameroun\/politique\/drame-de-buea-maurice-kamto-reagit-suite-aux-inondations-meurtrieres-de-cette-nuit"},"modified":"2023-03-19T21:53:53","modified_gmt":"2023-03-19T21:53:53","slug":"drame-de-buea-maurice-kamto-reagit-suite-aux-inondations-meurtrieres-de-cette-nuit","status":"publish","type":"post","link":"https:\/\/www.africa-press.net\/cameroun\/toutes-les-actualites\/drame-de-buea-maurice-kamto-reagit-suite-aux-inondations-meurtrieres-de-cette-nuit","title":{"rendered":"Drame de Buea : Maurice Kamto r\u00e9agit suite aux inondations meurtri\u00e8res de cette nuit"},"content":{"rendered":"<p><span style=\"color: #ff6600\"><strong>Africa-Press &#8211; Cameroun. <\/strong><\/span>Le Cameroun est frappe\u0301 par un nouveau de\u0301sastre. En effet, suite a\u0300 un afflux d\u2019eau de pluie dans le chef-lieu de la re\u0301gion du Sud-Ouest dans la nuit du 18 au 19 mars 2023, il y aurait eu des morts et des blesse\u0301s. Selon les dernie\u0300res informations en provenance de Buea, outre les de\u0301ga\u0302ts importants, au moins six (6) personnes sont porte\u0301es disparues.<\/p>\n<p>Pour l&rsquo;heure, les autorite\u0301s administratives n\u2019ont pas encore fourni de bilan officiel apre\u0300s ce drame mais selon nos informations, une re\u0301union d\u2019urgence a e\u0301te\u0301 organise\u0301e ce dimanche matin dans les services du Gouverneur du Sud-Ouest et des autorite\u0301s administratives ont effectue\u0301 des descentes dans les zones fortement sinistre\u0301es pour faire le point de la situation.<\/p>\n<p>Dans un tweet, adressant ses condole\u0301ances aux familles e\u0301prouve\u0301es, le pre\u0301sident du Mouvement pour la renaissance du Cameroun (Mrc), Maurice Kamto a e\u0301voque\u0301 les morts et les nombreux de\u0301ga\u0302ts mate\u0301riels qui ont e\u0301te\u0301 cause\u0301s par les inondations. Il exprime e\u0301galement sa consternation face au drame.<\/p>\n<p>\u00ab J\u2019apprends avec consternation que la ville de Buea (Sud-Ouest) a, une fois de plus, e\u0301te\u0301 frappe\u0301e par des inondations qui ont fait des morts, des blesse\u0301s et des de\u0301ga\u0302ts mate\u0301riels. J\u2019adresse mes condole\u0301ances aux familles e\u0301prouve\u0301es et mes v\u0153ux de prompt re\u0301tablissement aux blesse\u0301s \u00bb a e\u0301crit Maurice Kamto<\/p>\n<p>Sur les lieux du drame, des volontaires de la Croix-Rouge se sont de\u0301ploye\u0301s pour porter secours et fournir un soutien psychologique aux personnes touche\u0301es.<\/p>\n<p><strong>Pour plus d&rsquo;informations et d&rsquo;analyses sur la <a href=\"https:\/\/www.africa-press.net\/cameroun\">Cameroun<\/a>, suivez <a href=\"https:\/\/www.africa-press.net\/\">Africa-Press<\/a><\/strong><\/p>\n","protected":false},"excerpt":{"rendered":"<p>Africa-Press &#8211; Cameroun. Le Cameroun est frappe\u0301 par un nouveau de\u0301sastre. En effet, suite a\u0300 un afflux d\u2019eau de pluie dans le chef-lieu de la re\u0301gion du Sud-Ouest dans la nuit du 18 au 19 mars 2023, il y aurait eu des morts et des blesse\u0301s. Selon les dernie\u0300res informations en provenance de Buea, outre [&hellip;]<\/p>\n","protected":false},"author":82,"featured_media":39784,"comment_status":"open","ping_status":"closed","sticky":false,"template":"","format":"standard","meta":{"footnotes":""},"categories":[21,10],"tags":[36,50,49],"class_list":["post-39786","post","type-post","status-publish","format-standard","has-post-thumbnail","hentry","category-communaute","category-toutes-les-actualites","tag-africa-press","tag-africa-press-cameroun","tag-cameroun"],"yoast_head":"<!-- This site is optimized with the Yoast SEO Premium plugin v26.1 (Yoast SEO v27.0) - https:\/\/yoast.com\/product\/yoast-seo-premium-wordpress\/ -->\n<title>Drame de Buea : Maurice Kamto r\u00e9agit suite aux inondations meurtri\u00e8res de cette nuit - Cameroun<\/title>\n<meta name=\"description\" content=\"Le Cameroun est frappe\u0301 par un nouveau de\u0301sastre. En effet, suite a\u0300 un afflux d\u2019eau de pluie dans le chef-lieu de la re ...\" \/>\n<meta name=\"robots\" content=\"index, follow, max-snippet:-1, max-image-preview:large, max-video-preview:-1\" \/>\n<link rel=\"canonical\" href=\"https:\/\/www.africa-press.net\/cameroun\/toutes-les-actualites\/drame-de-buea-maurice-kamto-reagit-suite-aux-inondations-meurtrieres-de-cette-nuit\" \/>\n<meta property=\"og:locale\" content=\"fr_FR\" \/>\n<meta property=\"og:type\" content=\"article\" \/>\n<meta property=\"og:title\" content=\"Drame de Buea : Maurice Kamto r\u00e9agit suite aux inondations meurtri\u00e8res de cette nuit\" \/>\n<meta property=\"og:description\" content=\"Le Cameroun est frappe\u0301 par un nouveau de\u0301sastre. En effet, suite a\u0300 un afflux d\u2019eau de pluie dans le chef-lieu de la re ...\" \/>\n<meta property=\"og:url\" content=\"https:\/\/www.africa-press.net\/cameroun\/toutes-les-actualites\/drame-de-buea-maurice-kamto-reagit-suite-aux-inondations-meurtrieres-de-cette-nuit\" \/>\n<meta property=\"og:site_name\" content=\"Cameroun\" \/>\n<meta property=\"article:published_time\" content=\"2023-03-19T21:36:47+00:00\" \/>\n<meta property=\"article:modified_time\" content=\"2023-03-19T21:53:53+00:00\" \/>\n<meta property=\"og:image\" content=\"https:\/\/static.africa-press.net\/cameroun\/sites\/57\/2023\/03\/postQueueImg_1679249209.42.jpg\" \/>\n\t<meta property=\"og:image:width\" content=\"720\" \/>\n\t<meta property=\"og:image:height\" content=\"440\" \/>\n\t<meta property=\"og:image:type\" content=\"image\/jpeg\" \/>\n<meta name=\"author\" content=\"cfeditorfr\" \/>\n<meta name=\"twitter:card\" content=\"summary_large_image\" \/>\n<meta name=\"twitter:label1\" content=\"\u00c9crit par\" \/>\n\t<meta name=\"twitter:data1\" content=\"cfeditorfr\" \/>\n\t<meta name=\"twitter:label2\" content=\"Dur\u00e9e de lecture estim\u00e9e\" \/>\n\t<meta name=\"twitter:data2\" content=\"1 minute\" \/>\n<script type=\"application\/ld+json\" class=\"yoast-schema-graph\">{\"@context\":\"https:\/\/schema.org\",\"@graph\":[{\"@type\":\"Article\",\"@id\":\"https:\/\/www.africa-press.net\/cameroun\/toutes-les-actualites\/drame-de-buea-maurice-kamto-reagit-suite-aux-inondations-meurtrieres-de-cette-nuit#article\",\"isPartOf\":{\"@id\":\"https:\/\/www.africa-press.net\/cameroun\/toutes-les-actualites\/drame-de-buea-maurice-kamto-reagit-suite-aux-inondations-meurtrieres-de-cette-nuit\"},\"author\":{\"name\":\"cfeditorfr\",\"@id\":\"https:\/\/www.africa-press.net\/cameroun\/#\/schema\/person\/2b1cf3cd81a31e3cd26889ca66d677f1\"},\"headline\":\"Drame de Buea : Maurice Kamto r\u00e9agit suite aux inondations meurtri\u00e8res de cette nuit\",\"datePublished\":\"2023-03-19T21:36:47+00:00\",\"dateModified\":\"2023-03-19T21:53:53+00:00\",\"mainEntityOfPage\":{\"@id\":\"https:\/\/www.africa-press.net\/cameroun\/toutes-les-actualites\/drame-de-buea-maurice-kamto-reagit-suite-aux-inondations-meurtrieres-de-cette-nuit\"},\"wordCount\":308,\"commentCount\":0,\"image\":{\"@id\":\"https:\/\/www.africa-press.net\/cameroun\/toutes-les-actualites\/drame-de-buea-maurice-kamto-reagit-suite-aux-inondations-meurtrieres-de-cette-nuit#primaryimage\"},\"thumbnailUrl\":\"https:\/\/static.africa-press.net\/cameroun\/sites\/57\/2023\/03\/postQueueImg_1679249209.42.jpg\",\"keywords\":[\"Africa Press\",\"Africa Press-Cameroun\",\"Cameroun\"],\"articleSection\":[\"Communaut\u00e9\",\"Toutes les actualit\u00e9s\"],\"inLanguage\":\"fr-FR\",\"potentialAction\":[{\"@type\":\"CommentAction\",\"name\":\"Comment\",\"target\":[\"https:\/\/www.africa-press.net\/cameroun\/toutes-les-actualites\/drame-de-buea-maurice-kamto-reagit-suite-aux-inondations-meurtrieres-de-cette-nuit#respond\"]}]},{\"@type\":\"WebPage\",\"@id\":\"https:\/\/www.africa-press.net\/cameroun\/toutes-les-actualites\/drame-de-buea-maurice-kamto-reagit-suite-aux-inondations-meurtrieres-de-cette-nuit\",\"url\":\"https:\/\/www.africa-press.net\/cameroun\/toutes-les-actualites\/drame-de-buea-maurice-kamto-reagit-suite-aux-inondations-meurtrieres-de-cette-nuit\",\"name\":\"Drame de Buea : Maurice Kamto r\u00e9agit suite aux inondations meurtri\u00e8res de cette nuit - Cameroun\",\"isPartOf\":{\"@id\":\"https:\/\/www.africa-press.net\/cameroun\/#website\"},\"primaryImageOfPage\":{\"@id\":\"https:\/\/www.africa-press.net\/cameroun\/toutes-les-actualites\/drame-de-buea-maurice-kamto-reagit-suite-aux-inondations-meurtrieres-de-cette-nuit#primaryimage\"},\"image\":{\"@id\":\"https:\/\/www.africa-press.net\/cameroun\/toutes-les-actualites\/drame-de-buea-maurice-kamto-reagit-suite-aux-inondations-meurtrieres-de-cette-nuit#primaryimage\"},\"thumbnailUrl\":\"https:\/\/static.africa-press.net\/cameroun\/sites\/57\/2023\/03\/postQueueImg_1679249209.42.jpg\",\"datePublished\":\"2023-03-19T21:36:47+00:00\",\"dateModified\":\"2023-03-19T21:53:53+00:00\",\"author\":{\"@id\":\"https:\/\/www.africa-press.net\/cameroun\/#\/schema\/person\/2b1cf3cd81a31e3cd26889ca66d677f1\"},\"description\":\"Le Cameroun est frappe\u0301 par un nouveau de\u0301sastre. En effet, suite a\u0300 un afflux d\u2019eau de pluie dans le chef-lieu de la re ...\",\"breadcrumb\":{\"@id\":\"https:\/\/www.africa-press.net\/cameroun\/toutes-les-actualites\/drame-de-buea-maurice-kamto-reagit-suite-aux-inondations-meurtrieres-de-cette-nuit#breadcrumb\"},\"inLanguage\":\"fr-FR\",\"potentialAction\":[{\"@type\":\"ReadAction\",\"target\":[\"https:\/\/www.africa-press.net\/cameroun\/toutes-les-actualites\/drame-de-buea-maurice-kamto-reagit-suite-aux-inondations-meurtrieres-de-cette-nuit\"]}]},{\"@type\":\"ImageObject\",\"inLanguage\":\"fr-FR\",\"@id\":\"https:\/\/www.africa-press.net\/cameroun\/toutes-les-actualites\/drame-de-buea-maurice-kamto-reagit-suite-aux-inondations-meurtrieres-de-cette-nuit#primaryimage\",\"url\":\"https:\/\/static.africa-press.net\/cameroun\/sites\/57\/2023\/03\/postQueueImg_1679249209.42.jpg\",\"contentUrl\":\"https:\/\/static.africa-press.net\/cameroun\/sites\/57\/2023\/03\/postQueueImg_1679249209.42.jpg\",\"width\":720,\"height\":440,\"caption\":\"Drame de Buea : Maurice Kamto r\u00e9agit suite aux inondations meurtri\u00e8res de cette nuit\"},{\"@type\":\"BreadcrumbList\",\"@id\":\"https:\/\/www.africa-press.net\/cameroun\/toutes-les-actualites\/drame-de-buea-maurice-kamto-reagit-suite-aux-inondations-meurtrieres-de-cette-nuit#breadcrumb\",\"itemListElement\":[{\"@type\":\"ListItem\",\"position\":1,\"name\":\"Accueil\",\"item\":\"https:\/\/www.africa-press.net\/cameroun\/\"},{\"@type\":\"ListItem\",\"position\":2,\"name\":\"Drame de Buea : Maurice Kamto r\u00e9agit suite aux inondations meurtri\u00e8res de cette nuit\"}]},{\"@type\":\"WebSite\",\"@id\":\"https:\/\/www.africa-press.net\/cameroun\/#website\",\"url\":\"https:\/\/www.africa-press.net\/cameroun\/\",\"name\":\"Cameroun\",\"description\":\"Just another Africa News Agency Sites site\",\"potentialAction\":[{\"@type\":\"SearchAction\",\"target\":{\"@type\":\"EntryPoint\",\"urlTemplate\":\"https:\/\/www.africa-press.net\/cameroun\/?s={search_term_string}\"},\"query-input\":{\"@type\":\"PropertyValueSpecification\",\"valueRequired\":true,\"valueName\":\"search_term_string\"}}],\"inLanguage\":\"fr-FR\"},{\"@type\":\"Person\",\"@id\":\"https:\/\/www.africa-press.net\/cameroun\/#\/schema\/person\/2b1cf3cd81a31e3cd26889ca66d677f1\",\"name\":\"cfeditorfr\"}]}<\/script>\n<!-- \/ Yoast SEO Premium plugin. -->","yoast_head_json":{"title":"Drame de Buea : Maurice Kamto r\u00e9agit suite aux inondations meurtri\u00e8res de cette nuit - Cameroun","description":"Le Cameroun est frappe\u0301 par un nouveau de\u0301sastre. En effet, suite a\u0300 un afflux d\u2019eau de pluie dans le chef-lieu de la re ...","robots":{"index":"index","follow":"follow","max-snippet":"max-snippet:-1","max-image-preview":"max-image-preview:large","max-video-preview":"max-video-preview:-1"},"canonical":"https:\/\/www.africa-press.net\/cameroun\/toutes-les-actualites\/drame-de-buea-maurice-kamto-reagit-suite-aux-inondations-meurtrieres-de-cette-nuit","og_locale":"fr_FR","og_type":"article","og_title":"Drame de Buea : Maurice Kamto r\u00e9agit suite aux inondations meurtri\u00e8res de cette nuit","og_description":"Le Cameroun est frappe\u0301 par un nouveau de\u0301sastre. En effet, suite a\u0300 un afflux d\u2019eau de pluie dans le chef-lieu de la re ...","og_url":"https:\/\/www.africa-press.net\/cameroun\/toutes-les-actualites\/drame-de-buea-maurice-kamto-reagit-suite-aux-inondations-meurtrieres-de-cette-nuit","og_site_name":"Cameroun","article_published_time":"2023-03-19T21:36:47+00:00","article_modified_time":"2023-03-19T21:53:53+00:00","og_image":[{"width":720,"height":440,"url":"https:\/\/static.africa-press.net\/cameroun\/sites\/57\/2023\/03\/postQueueImg_1679249209.42.jpg","type":"image\/jpeg"}],"author":"cfeditorfr","twitter_card":"summary_large_image","twitter_misc":{"\u00c9crit par":"cfeditorfr","Dur\u00e9e de lecture estim\u00e9e":"1 minute"},"schema":{"@context":"https:\/\/schema.org","@graph":[{"@type":"Article","@id":"https:\/\/www.africa-press.net\/cameroun\/toutes-les-actualites\/drame-de-buea-maurice-kamto-reagit-suite-aux-inondations-meurtrieres-de-cette-nuit#article","isPartOf":{"@id":"https:\/\/www.africa-press.net\/cameroun\/toutes-les-actualites\/drame-de-buea-maurice-kamto-reagit-suite-aux-inondations-meurtrieres-de-cette-nuit"},"author":{"name":"cfeditorfr","@id":"https:\/\/www.africa-press.net\/cameroun\/#\/schema\/person\/2b1cf3cd81a31e3cd26889ca66d677f1"},"headline":"Drame de Buea : Maurice Kamto r\u00e9agit suite aux inondations meurtri\u00e8res de cette nuit","datePublished":"2023-03-19T21:36:47+00:00","dateModified":"2023-03-19T21:53:53+00:00","mainEntityOfPage":{"@id":"https:\/\/www.africa-press.net\/cameroun\/toutes-les-actualites\/drame-de-buea-maurice-kamto-reagit-suite-aux-inondations-meurtrieres-de-cette-nuit"},"wordCount":308,"commentCount":0,"image":{"@id":"https:\/\/www.africa-press.net\/cameroun\/toutes-les-actualites\/drame-de-buea-maurice-kamto-reagit-suite-aux-inondations-meurtrieres-de-cette-nuit#primaryimage"},"thumbnailUrl":"https:\/\/static.africa-press.net\/cameroun\/sites\/57\/2023\/03\/postQueueImg_1679249209.42.jpg","keywords":["Africa Press","Africa Press-Cameroun","Cameroun"],"articleSection":["Communaut\u00e9","Toutes les actualit\u00e9s"],"inLanguage":"fr-FR","potentialAction":[{"@type":"CommentAction","name":"Comment","target":["https:\/\/www.africa-press.net\/cameroun\/toutes-les-actualites\/drame-de-buea-maurice-kamto-reagit-suite-aux-inondations-meurtrieres-de-cette-nuit#respond"]}]},{"@type":"WebPage","@id":"https:\/\/www.africa-press.net\/cameroun\/toutes-les-actualites\/drame-de-buea-maurice-kamto-reagit-suite-aux-inondations-meurtrieres-de-cette-nuit","url":"https:\/\/www.africa-press.net\/cameroun\/toutes-les-actualites\/drame-de-buea-maurice-kamto-reagit-suite-aux-inondations-meurtrieres-de-cette-nuit","name":"Drame de Buea : Maurice Kamto r\u00e9agit suite aux inondations meurtri\u00e8res de cette nuit - Cameroun","isPartOf":{"@id":"https:\/\/www.africa-press.net\/cameroun\/#website"},"primaryImageOfPage":{"@id":"https:\/\/www.africa-press.net\/cameroun\/toutes-les-actualites\/drame-de-buea-maurice-kamto-reagit-suite-aux-inondations-meurtrieres-de-cette-nuit#primaryimage"},"image":{"@id":"https:\/\/www.africa-press.net\/cameroun\/toutes-les-actualites\/drame-de-buea-maurice-kamto-reagit-suite-aux-inondations-meurtrieres-de-cette-nuit#primaryimage"},"thumbnailUrl":"https:\/\/static.africa-press.net\/cameroun\/sites\/57\/2023\/03\/postQueueImg_1679249209.42.jpg","datePublished":"2023-03-19T21:36:47+00:00","dateModified":"2023-03-19T21:53:53+00:00","author":{"@id":"https:\/\/www.africa-press.net\/cameroun\/#\/schema\/person\/2b1cf3cd81a31e3cd26889ca66d677f1"},"description":"Le Cameroun est frappe\u0301 par un nouveau de\u0301sastre. En effet, suite a\u0300 un afflux d\u2019eau de pluie dans le chef-lieu de la re ...","breadcrumb":{"@id":"https:\/\/www.africa-press.net\/cameroun\/toutes-les-actualites\/drame-de-buea-maurice-kamto-reagit-suite-aux-inondations-meurtrieres-de-cette-nuit#breadcrumb"},"inLanguage":"fr-FR","potentialAction":[{"@type":"ReadAction","target":["https:\/\/www.africa-press.net\/cameroun\/toutes-les-actualites\/drame-de-buea-maurice-kamto-reagit-suite-aux-inondations-meurtrieres-de-cette-nuit"]}]},{"@type":"ImageObject","inLanguage":"fr-FR","@id":"https:\/\/www.africa-press.net\/cameroun\/toutes-les-actualites\/drame-de-buea-maurice-kamto-reagit-suite-aux-inondations-meurtrieres-de-cette-nuit#primaryimage","url":"https:\/\/static.africa-press.net\/cameroun\/sites\/57\/2023\/03\/postQueueImg_1679249209.42.jpg","contentUrl":"https:\/\/static.africa-press.net\/cameroun\/sites\/57\/2023\/03\/postQueueImg_1679249209.42.jpg","width":720,"height":440,"caption":"Drame de Buea : Maurice Kamto r\u00e9agit suite aux inondations meurtri\u00e8res de cette nuit"},{"@type":"BreadcrumbList","@id":"https:\/\/www.africa-press.net\/cameroun\/toutes-les-actualites\/drame-de-buea-maurice-kamto-reagit-suite-aux-inondations-meurtrieres-de-cette-nuit#breadcrumb","itemListElement":[{"@type":"ListItem","position":1,"name":"Accueil","item":"https:\/\/www.africa-press.net\/cameroun\/"},{"@type":"ListItem","position":2,"name":"Drame de Buea : Maurice Kamto r\u00e9agit suite aux inondations meurtri\u00e8res de cette nuit"}]},{"@type":"WebSite","@id":"https:\/\/www.africa-press.net\/cameroun\/#website","url":"https:\/\/www.africa-press.net\/cameroun\/","name":"Cameroun","description":"Just another Africa News Agency Sites site","potentialAction":[{"@type":"SearchAction","target":{"@type":"EntryPoint","urlTemplate":"https:\/\/www.africa-press.net\/cameroun\/?s={search_term_string}"},"query-input":{"@type":"PropertyValueSpecification","valueRequired":true,"valueName":"search_term_string"}}],"inLanguage":"fr-FR"},{"@type":"Person","@id":"https:\/\/www.africa-press.net\/cameroun\/#\/schema\/person\/2b1cf3cd81a31e3cd26889ca66d677f1","name":"cfeditorfr"}]}},"_links":{"self":[{"href":"https:\/\/www.africa-press.net\/cameroun\/wp-json\/wp\/v2\/posts\/39786","targetHints":{"allow":["GET"]}}],"collection":[{"href":"https:\/\/www.africa-press.net\/cameroun\/wp-json\/wp\/v2\/posts"}],"about":[{"href":"https:\/\/www.africa-press.net\/cameroun\/wp-json\/wp\/v2\/types\/post"}],"author":[{"embeddable":true,"href":"https:\/\/www.africa-press.net\/cameroun\/wp-json\/wp\/v2\/users\/82"}],"replies":[{"embeddable":true,"href":"https:\/\/www.africa-press.net\/cameroun\/wp-json\/wp\/v2\/comments?post=39786"}],"version-history":[{"count":0,"href":"https:\/\/www.africa-press.net\/cameroun\/wp-json\/wp\/v2\/posts\/39786\/revisions"}],"wp:featuredmedia":[{"embeddable":true,"href":"https:\/\/www.africa-press.net\/cameroun\/wp-json\/wp\/v2\/media\/39784"}],"wp:attachment":[{"href":"https:\/\/www.africa-press.net\/cameroun\/wp-json\/wp\/v2\/media?parent=39786"}],"wp:term":[{"taxonomy":"category","embeddable":true,"href":"https:\/\/www.africa-press.net\/cameroun\/wp-json\/wp\/v2\/categories?post=39786"},{"taxonomy":"post_tag","embeddable":true,"href":"https:\/\/www.africa-press.net\/cameroun\/wp-json\/wp\/v2\/tags?post=39786"}],"curies":[{"name":"wp","href":"https:\/\/api.w.org\/{rel}","templated":true}]}}