{"id":39788,"date":"2023-03-19T21:36:52","date_gmt":"2023-03-19T21:36:52","guid":{"rendered":"https:\/\/www.africa-press.net\/cameroun\/politique\/scoop-franck-biya-charge-dune-importante-mission-apres-le-sommet-de-la-cemac"},"modified":"2023-03-19T21:54:21","modified_gmt":"2023-03-19T21:54:21","slug":"scoop-franck-biya-charge-dune-importante-mission-apres-le-sommet-de-la-cemac","status":"publish","type":"post","link":"https:\/\/www.africa-press.net\/cameroun\/politique\/scoop-franck-biya-charge-dune-importante-mission-apres-le-sommet-de-la-cemac","title":{"rendered":"Scoop : Franck Biya charg\u00e9 d\u2019une importante mission apr\u00e8s le sommet de la Cemac"},"content":{"rendered":"<p><span style=\"color: #ff6600\"><strong>Africa-Press &#8211; Cameroun. <\/strong><\/span>Les pre\u0301sidents des six e\u0301tats membres de la Communaute\u0301 e\u0301conomique des e\u0301tats de l\u2019Afrique centrale(CEMAC) ont participe\u0301 a\u0300 la 15e\u0300me confe\u0301rence des chefs d\u2019Etats membres de l\u2019organisation.<\/p>\n<p>Impossible de passer a\u0300 co\u0302te\u0301 des images de Franck Biya qui a e\u0301te\u0301 lui aussi aperc\u0327u lors de cette rencontre le 17 mars 2023.<\/p>\n<p>Cette pre\u0301sence du fils du Chef de l\u2019Etat a attire\u0301 l\u2019attention d\u2019un grand nombre de personnes. C\u2019est ainsi que le de\u0301bat sur la succession de Paul Biya a refait surface.<\/p>\n<p>Selon l\u2019analyste politique Hamidou Biao le pre\u0301sident est en train de pre\u0301parer son dauphin. \u00abOfficiellement, le fils du Chef d\u2019Etat n\u2019a aucun poste politique mais occupe a\u0300 toutes les sorties officielles une place de choix sur le plan protocolaire ces derniers temps(&#8230;) En politique, pas besoin d\u2019e\u0302tre politologue pour comprendre certains signes et actes politiques\u00bb, a-t-il analyse\u0301 sur sa page Facebook.<\/p>\n<p>De son co\u0302te\u0301, et me\u0302me si certains surveillent de pre\u0300s ses faits et gestes, Franck Biya va de nouveau accomplir une mission pour son pe\u0300re, Paul Biya. Selon des sources bien informe\u0301es, l\u2019homme d\u2019affaires et entrepreneur sera tre\u0300s biento\u0302t dans la Lekie\u0301, un de\u0301partement de la re\u0301gion centre du Cameroun. Par contre les raisons de cette visite n\u2019ont pas e\u0301te\u0301 de\u0301voile\u0301es.<\/p>\n<p>Mais, il ne faut pas oublier que le 5 et 6 novembre, le fils aine\u0301 du Chef de l\u2019Etat a effectue\u0301 une visite dans le Nord. Un accueil digne d\u2019un Chef d\u2019Etat lui a e\u0301te\u0301 re\u0301serve\u0301 a\u0300 Rey-Bouba par le lamido Aboubakary Abdoulaye puis a\u0300 Garoua au cours du meeting de ce\u0301le\u0301bration des 40 ans du renouveau et au lamidat de la ville.<\/p>\n<p>Aura-t-on de nouveau droit de nouveau droit a\u0300 cette me\u0302me e\u0301pisode? Les images de ces diffe\u0301rentes apparitions avaient anime\u0301es la toile en faisant exploser un grand de\u0301bat qui est toujours d\u2019actualite\u0301 : Paul Biya serait-il en train de pre\u0301parer son fils aine\u0301 a\u0300 prendre sa place en 2025 ?<\/p>\n<p><strong>Pour plus d&rsquo;informations et d&rsquo;analyses sur la <a href=\"https:\/\/www.africa-press.net\/cameroun\">Cameroun<\/a>, suivez <a href=\"https:\/\/www.africa-press.net\/\">Africa-Press<\/a><\/strong><\/p>\n","protected":false},"excerpt":{"rendered":"<p>Africa-Press &#8211; Cameroun. Les pre\u0301sidents des six e\u0301tats membres de la Communaute\u0301 e\u0301conomique des e\u0301tats de l\u2019Afrique centrale(CEMAC) ont participe\u0301 a\u0300 la 15e\u0300me confe\u0301rence des chefs d\u2019Etats membres de l\u2019organisation. Impossible de passer a\u0300 co\u0302te\u0301 des images de Franck Biya qui a e\u0301te\u0301 lui aussi aperc\u0327u lors de cette rencontre le 17 mars 2023. Cette [&hellip;]<\/p>\n","protected":false},"author":82,"featured_media":39787,"comment_status":"open","ping_status":"closed","sticky":false,"template":"","format":"standard","meta":{"footnotes":""},"categories":[2,10],"tags":[36,50,49],"class_list":["post-39788","post","type-post","status-publish","format-standard","has-post-thumbnail","hentry","category-politique","category-toutes-les-actualites","tag-africa-press","tag-africa-press-cameroun","tag-cameroun"],"yoast_head":"<!-- This site is optimized with the Yoast SEO Premium plugin v26.1 (Yoast SEO v27.0) - https:\/\/yoast.com\/product\/yoast-seo-premium-wordpress\/ -->\n<title>Scoop : Franck Biya charg\u00e9 d\u2019une importante mission apr\u00e8s le sommet de la Cemac - Cameroun<\/title>\n<meta name=\"description\" content=\"Les pre\u0301sidents des six e\u0301tats membres de la Communaute\u0301 e\u0301conomique des e\u0301tats de l\u2019Afrique centrale(CEMAC) ont partici ...\" \/>\n<meta name=\"robots\" content=\"index, follow, max-snippet:-1, max-image-preview:large, max-video-preview:-1\" \/>\n<link rel=\"canonical\" href=\"https:\/\/www.africa-press.net\/cameroun\/politique\/scoop-franck-biya-charge-dune-importante-mission-apres-le-sommet-de-la-cemac\" \/>\n<meta property=\"og:locale\" content=\"fr_FR\" \/>\n<meta property=\"og:type\" content=\"article\" \/>\n<meta property=\"og:title\" content=\"Scoop : Franck Biya charg\u00e9 d\u2019une importante mission apr\u00e8s le sommet de la Cemac\" \/>\n<meta property=\"og:description\" content=\"Les pre\u0301sidents des six e\u0301tats membres de la Communaute\u0301 e\u0301conomique des e\u0301tats de l\u2019Afrique centrale(CEMAC) ont partici ...\" \/>\n<meta property=\"og:url\" content=\"https:\/\/www.africa-press.net\/cameroun\/politique\/scoop-franck-biya-charge-dune-importante-mission-apres-le-sommet-de-la-cemac\" \/>\n<meta property=\"og:site_name\" content=\"Cameroun\" \/>\n<meta property=\"article:published_time\" content=\"2023-03-19T21:36:52+00:00\" \/>\n<meta property=\"article:modified_time\" content=\"2023-03-19T21:54:21+00:00\" \/>\n<meta property=\"og:image\" content=\"https:\/\/static.africa-press.net\/cameroun\/sites\/57\/2023\/03\/postQueueImg_1679249214.72.jpg\" \/>\n\t<meta property=\"og:image:width\" content=\"720\" \/>\n\t<meta property=\"og:image:height\" content=\"480\" \/>\n\t<meta property=\"og:image:type\" content=\"image\/jpeg\" \/>\n<meta name=\"author\" content=\"cfeditorfr\" \/>\n<meta name=\"twitter:card\" content=\"summary_large_image\" \/>\n<meta name=\"twitter:label1\" content=\"\u00c9crit par\" \/>\n\t<meta name=\"twitter:data1\" content=\"cfeditorfr\" \/>\n\t<meta name=\"twitter:label2\" content=\"Dur\u00e9e de lecture estim\u00e9e\" \/>\n\t<meta name=\"twitter:data2\" content=\"2 minutes\" \/>\n<script type=\"application\/ld+json\" class=\"yoast-schema-graph\">{\"@context\":\"https:\/\/schema.org\",\"@graph\":[{\"@type\":\"Article\",\"@id\":\"https:\/\/www.africa-press.net\/cameroun\/politique\/scoop-franck-biya-charge-dune-importante-mission-apres-le-sommet-de-la-cemac#article\",\"isPartOf\":{\"@id\":\"https:\/\/www.africa-press.net\/cameroun\/politique\/scoop-franck-biya-charge-dune-importante-mission-apres-le-sommet-de-la-cemac\"},\"author\":{\"name\":\"cfeditorfr\",\"@id\":\"https:\/\/www.africa-press.net\/cameroun\/#\/schema\/person\/2b1cf3cd81a31e3cd26889ca66d677f1\"},\"headline\":\"Scoop : Franck Biya charg\u00e9 d\u2019une importante mission apr\u00e8s le sommet de la Cemac\",\"datePublished\":\"2023-03-19T21:36:52+00:00\",\"dateModified\":\"2023-03-19T21:54:21+00:00\",\"mainEntityOfPage\":{\"@id\":\"https:\/\/www.africa-press.net\/cameroun\/politique\/scoop-franck-biya-charge-dune-importante-mission-apres-le-sommet-de-la-cemac\"},\"wordCount\":392,\"commentCount\":0,\"image\":{\"@id\":\"https:\/\/www.africa-press.net\/cameroun\/politique\/scoop-franck-biya-charge-dune-importante-mission-apres-le-sommet-de-la-cemac#primaryimage\"},\"thumbnailUrl\":\"https:\/\/static.africa-press.net\/cameroun\/sites\/57\/2023\/03\/postQueueImg_1679249214.72.jpg\",\"keywords\":[\"Africa Press\",\"Africa Press-Cameroun\",\"Cameroun\"],\"articleSection\":[\"Politique\",\"Toutes les actualit\u00e9s\"],\"inLanguage\":\"fr-FR\",\"potentialAction\":[{\"@type\":\"CommentAction\",\"name\":\"Comment\",\"target\":[\"https:\/\/www.africa-press.net\/cameroun\/politique\/scoop-franck-biya-charge-dune-importante-mission-apres-le-sommet-de-la-cemac#respond\"]}]},{\"@type\":\"WebPage\",\"@id\":\"https:\/\/www.africa-press.net\/cameroun\/politique\/scoop-franck-biya-charge-dune-importante-mission-apres-le-sommet-de-la-cemac\",\"url\":\"https:\/\/www.africa-press.net\/cameroun\/politique\/scoop-franck-biya-charge-dune-importante-mission-apres-le-sommet-de-la-cemac\",\"name\":\"Scoop : Franck Biya charg\u00e9 d\u2019une importante mission apr\u00e8s le sommet de la Cemac - Cameroun\",\"isPartOf\":{\"@id\":\"https:\/\/www.africa-press.net\/cameroun\/#website\"},\"primaryImageOfPage\":{\"@id\":\"https:\/\/www.africa-press.net\/cameroun\/politique\/scoop-franck-biya-charge-dune-importante-mission-apres-le-sommet-de-la-cemac#primaryimage\"},\"image\":{\"@id\":\"https:\/\/www.africa-press.net\/cameroun\/politique\/scoop-franck-biya-charge-dune-importante-mission-apres-le-sommet-de-la-cemac#primaryimage\"},\"thumbnailUrl\":\"https:\/\/static.africa-press.net\/cameroun\/sites\/57\/2023\/03\/postQueueImg_1679249214.72.jpg\",\"datePublished\":\"2023-03-19T21:36:52+00:00\",\"dateModified\":\"2023-03-19T21:54:21+00:00\",\"author\":{\"@id\":\"https:\/\/www.africa-press.net\/cameroun\/#\/schema\/person\/2b1cf3cd81a31e3cd26889ca66d677f1\"},\"description\":\"Les pre\u0301sidents des six e\u0301tats membres de la Communaute\u0301 e\u0301conomique des e\u0301tats de l\u2019Afrique centrale(CEMAC) ont partici ...\",\"breadcrumb\":{\"@id\":\"https:\/\/www.africa-press.net\/cameroun\/politique\/scoop-franck-biya-charge-dune-importante-mission-apres-le-sommet-de-la-cemac#breadcrumb\"},\"inLanguage\":\"fr-FR\",\"potentialAction\":[{\"@type\":\"ReadAction\",\"target\":[\"https:\/\/www.africa-press.net\/cameroun\/politique\/scoop-franck-biya-charge-dune-importante-mission-apres-le-sommet-de-la-cemac\"]}]},{\"@type\":\"ImageObject\",\"inLanguage\":\"fr-FR\",\"@id\":\"https:\/\/www.africa-press.net\/cameroun\/politique\/scoop-franck-biya-charge-dune-importante-mission-apres-le-sommet-de-la-cemac#primaryimage\",\"url\":\"https:\/\/static.africa-press.net\/cameroun\/sites\/57\/2023\/03\/postQueueImg_1679249214.72.jpg\",\"contentUrl\":\"https:\/\/static.africa-press.net\/cameroun\/sites\/57\/2023\/03\/postQueueImg_1679249214.72.jpg\",\"width\":720,\"height\":480,\"caption\":\"Scoop : Franck Biya charg\u00e9 d\u2019une importante mission apr\u00e8s le sommet de la Cemac\"},{\"@type\":\"BreadcrumbList\",\"@id\":\"https:\/\/www.africa-press.net\/cameroun\/politique\/scoop-franck-biya-charge-dune-importante-mission-apres-le-sommet-de-la-cemac#breadcrumb\",\"itemListElement\":[{\"@type\":\"ListItem\",\"position\":1,\"name\":\"Accueil\",\"item\":\"https:\/\/www.africa-press.net\/cameroun\/\"},{\"@type\":\"ListItem\",\"position\":2,\"name\":\"Scoop : Franck Biya charg\u00e9 d\u2019une importante mission apr\u00e8s le sommet de la Cemac\"}]},{\"@type\":\"WebSite\",\"@id\":\"https:\/\/www.africa-press.net\/cameroun\/#website\",\"url\":\"https:\/\/www.africa-press.net\/cameroun\/\",\"name\":\"Cameroun\",\"description\":\"Just another Africa News Agency Sites site\",\"potentialAction\":[{\"@type\":\"SearchAction\",\"target\":{\"@type\":\"EntryPoint\",\"urlTemplate\":\"https:\/\/www.africa-press.net\/cameroun\/?s={search_term_string}\"},\"query-input\":{\"@type\":\"PropertyValueSpecification\",\"valueRequired\":true,\"valueName\":\"search_term_string\"}}],\"inLanguage\":\"fr-FR\"},{\"@type\":\"Person\",\"@id\":\"https:\/\/www.africa-press.net\/cameroun\/#\/schema\/person\/2b1cf3cd81a31e3cd26889ca66d677f1\",\"name\":\"cfeditorfr\"}]}<\/script>\n<!-- \/ Yoast SEO Premium plugin. -->","yoast_head_json":{"title":"Scoop : Franck Biya charg\u00e9 d\u2019une importante mission apr\u00e8s le sommet de la Cemac - Cameroun","description":"Les pre\u0301sidents des six e\u0301tats membres de la Communaute\u0301 e\u0301conomique des e\u0301tats de l\u2019Afrique centrale(CEMAC) ont partici ...","robots":{"index":"index","follow":"follow","max-snippet":"max-snippet:-1","max-image-preview":"max-image-preview:large","max-video-preview":"max-video-preview:-1"},"canonical":"https:\/\/www.africa-press.net\/cameroun\/politique\/scoop-franck-biya-charge-dune-importante-mission-apres-le-sommet-de-la-cemac","og_locale":"fr_FR","og_type":"article","og_title":"Scoop : Franck Biya charg\u00e9 d\u2019une importante mission apr\u00e8s le sommet de la Cemac","og_description":"Les pre\u0301sidents des six e\u0301tats membres de la Communaute\u0301 e\u0301conomique des e\u0301tats de l\u2019Afrique centrale(CEMAC) ont partici ...","og_url":"https:\/\/www.africa-press.net\/cameroun\/politique\/scoop-franck-biya-charge-dune-importante-mission-apres-le-sommet-de-la-cemac","og_site_name":"Cameroun","article_published_time":"2023-03-19T21:36:52+00:00","article_modified_time":"2023-03-19T21:54:21+00:00","og_image":[{"width":720,"height":480,"url":"https:\/\/static.africa-press.net\/cameroun\/sites\/57\/2023\/03\/postQueueImg_1679249214.72.jpg","type":"image\/jpeg"}],"author":"cfeditorfr","twitter_card":"summary_large_image","twitter_misc":{"\u00c9crit par":"cfeditorfr","Dur\u00e9e de lecture estim\u00e9e":"2 minutes"},"schema":{"@context":"https:\/\/schema.org","@graph":[{"@type":"Article","@id":"https:\/\/www.africa-press.net\/cameroun\/politique\/scoop-franck-biya-charge-dune-importante-mission-apres-le-sommet-de-la-cemac#article","isPartOf":{"@id":"https:\/\/www.africa-press.net\/cameroun\/politique\/scoop-franck-biya-charge-dune-importante-mission-apres-le-sommet-de-la-cemac"},"author":{"name":"cfeditorfr","@id":"https:\/\/www.africa-press.net\/cameroun\/#\/schema\/person\/2b1cf3cd81a31e3cd26889ca66d677f1"},"headline":"Scoop : Franck Biya charg\u00e9 d\u2019une importante mission apr\u00e8s le sommet de la Cemac","datePublished":"2023-03-19T21:36:52+00:00","dateModified":"2023-03-19T21:54:21+00:00","mainEntityOfPage":{"@id":"https:\/\/www.africa-press.net\/cameroun\/politique\/scoop-franck-biya-charge-dune-importante-mission-apres-le-sommet-de-la-cemac"},"wordCount":392,"commentCount":0,"image":{"@id":"https:\/\/www.africa-press.net\/cameroun\/politique\/scoop-franck-biya-charge-dune-importante-mission-apres-le-sommet-de-la-cemac#primaryimage"},"thumbnailUrl":"https:\/\/static.africa-press.net\/cameroun\/sites\/57\/2023\/03\/postQueueImg_1679249214.72.jpg","keywords":["Africa Press","Africa Press-Cameroun","Cameroun"],"articleSection":["Politique","Toutes les actualit\u00e9s"],"inLanguage":"fr-FR","potentialAction":[{"@type":"CommentAction","name":"Comment","target":["https:\/\/www.africa-press.net\/cameroun\/politique\/scoop-franck-biya-charge-dune-importante-mission-apres-le-sommet-de-la-cemac#respond"]}]},{"@type":"WebPage","@id":"https:\/\/www.africa-press.net\/cameroun\/politique\/scoop-franck-biya-charge-dune-importante-mission-apres-le-sommet-de-la-cemac","url":"https:\/\/www.africa-press.net\/cameroun\/politique\/scoop-franck-biya-charge-dune-importante-mission-apres-le-sommet-de-la-cemac","name":"Scoop : Franck Biya charg\u00e9 d\u2019une importante mission apr\u00e8s le sommet de la Cemac - Cameroun","isPartOf":{"@id":"https:\/\/www.africa-press.net\/cameroun\/#website"},"primaryImageOfPage":{"@id":"https:\/\/www.africa-press.net\/cameroun\/politique\/scoop-franck-biya-charge-dune-importante-mission-apres-le-sommet-de-la-cemac#primaryimage"},"image":{"@id":"https:\/\/www.africa-press.net\/cameroun\/politique\/scoop-franck-biya-charge-dune-importante-mission-apres-le-sommet-de-la-cemac#primaryimage"},"thumbnailUrl":"https:\/\/static.africa-press.net\/cameroun\/sites\/57\/2023\/03\/postQueueImg_1679249214.72.jpg","datePublished":"2023-03-19T21:36:52+00:00","dateModified":"2023-03-19T21:54:21+00:00","author":{"@id":"https:\/\/www.africa-press.net\/cameroun\/#\/schema\/person\/2b1cf3cd81a31e3cd26889ca66d677f1"},"description":"Les pre\u0301sidents des six e\u0301tats membres de la Communaute\u0301 e\u0301conomique des e\u0301tats de l\u2019Afrique centrale(CEMAC) ont partici ...","breadcrumb":{"@id":"https:\/\/www.africa-press.net\/cameroun\/politique\/scoop-franck-biya-charge-dune-importante-mission-apres-le-sommet-de-la-cemac#breadcrumb"},"inLanguage":"fr-FR","potentialAction":[{"@type":"ReadAction","target":["https:\/\/www.africa-press.net\/cameroun\/politique\/scoop-franck-biya-charge-dune-importante-mission-apres-le-sommet-de-la-cemac"]}]},{"@type":"ImageObject","inLanguage":"fr-FR","@id":"https:\/\/www.africa-press.net\/cameroun\/politique\/scoop-franck-biya-charge-dune-importante-mission-apres-le-sommet-de-la-cemac#primaryimage","url":"https:\/\/static.africa-press.net\/cameroun\/sites\/57\/2023\/03\/postQueueImg_1679249214.72.jpg","contentUrl":"https:\/\/static.africa-press.net\/cameroun\/sites\/57\/2023\/03\/postQueueImg_1679249214.72.jpg","width":720,"height":480,"caption":"Scoop : Franck Biya charg\u00e9 d\u2019une importante mission apr\u00e8s le sommet de la Cemac"},{"@type":"BreadcrumbList","@id":"https:\/\/www.africa-press.net\/cameroun\/politique\/scoop-franck-biya-charge-dune-importante-mission-apres-le-sommet-de-la-cemac#breadcrumb","itemListElement":[{"@type":"ListItem","position":1,"name":"Accueil","item":"https:\/\/www.africa-press.net\/cameroun\/"},{"@type":"ListItem","position":2,"name":"Scoop : Franck Biya charg\u00e9 d\u2019une importante mission apr\u00e8s le sommet de la Cemac"}]},{"@type":"WebSite","@id":"https:\/\/www.africa-press.net\/cameroun\/#website","url":"https:\/\/www.africa-press.net\/cameroun\/","name":"Cameroun","description":"Just another Africa News Agency Sites site","potentialAction":[{"@type":"SearchAction","target":{"@type":"EntryPoint","urlTemplate":"https:\/\/www.africa-press.net\/cameroun\/?s={search_term_string}"},"query-input":{"@type":"PropertyValueSpecification","valueRequired":true,"valueName":"search_term_string"}}],"inLanguage":"fr-FR"},{"@type":"Person","@id":"https:\/\/www.africa-press.net\/cameroun\/#\/schema\/person\/2b1cf3cd81a31e3cd26889ca66d677f1","name":"cfeditorfr"}]}},"_links":{"self":[{"href":"https:\/\/www.africa-press.net\/cameroun\/wp-json\/wp\/v2\/posts\/39788","targetHints":{"allow":["GET"]}}],"collection":[{"href":"https:\/\/www.africa-press.net\/cameroun\/wp-json\/wp\/v2\/posts"}],"about":[{"href":"https:\/\/www.africa-press.net\/cameroun\/wp-json\/wp\/v2\/types\/post"}],"author":[{"embeddable":true,"href":"https:\/\/www.africa-press.net\/cameroun\/wp-json\/wp\/v2\/users\/82"}],"replies":[{"embeddable":true,"href":"https:\/\/www.africa-press.net\/cameroun\/wp-json\/wp\/v2\/comments?post=39788"}],"version-history":[{"count":0,"href":"https:\/\/www.africa-press.net\/cameroun\/wp-json\/wp\/v2\/posts\/39788\/revisions"}],"wp:featuredmedia":[{"embeddable":true,"href":"https:\/\/www.africa-press.net\/cameroun\/wp-json\/wp\/v2\/media\/39787"}],"wp:attachment":[{"href":"https:\/\/www.africa-press.net\/cameroun\/wp-json\/wp\/v2\/media?parent=39788"}],"wp:term":[{"taxonomy":"category","embeddable":true,"href":"https:\/\/www.africa-press.net\/cameroun\/wp-json\/wp\/v2\/categories?post=39788"},{"taxonomy":"post_tag","embeddable":true,"href":"https:\/\/www.africa-press.net\/cameroun\/wp-json\/wp\/v2\/tags?post=39788"}],"curies":[{"name":"wp","href":"https:\/\/api.w.org\/{rel}","templated":true}]}}