{"id":39801,"date":"2023-03-20T09:47:52","date_gmt":"2023-03-20T09:47:52","guid":{"rendered":"https:\/\/www.africa-press.net\/cameroun\/politique\/coupures-de-courant-un-avocat-humilie-de-gouvernement-camerounais-et-eneo"},"modified":"2023-03-20T10:03:42","modified_gmt":"2023-03-20T10:03:42","slug":"coupures-de-courant-un-avocat-humilie-de-gouvernement-camerounais-et-eneo","status":"publish","type":"post","link":"https:\/\/www.africa-press.net\/cameroun\/toutes-les-actualites\/coupures-de-courant-un-avocat-humilie-de-gouvernement-camerounais-et-eneo","title":{"rendered":"Coupures de courant: un avocat humilie de gouvernement camerounais et Eneo"},"content":{"rendered":"<p><span style=\"color: #ff6600\"><strong>Africa-Press &#8211; Cameroun. <\/strong><\/span>Ce dimanche 19 mars a eu lieu une manifestation (me\u0302me si e\u0301touffe\u0301e par la police) sur les de\u0301lestages de courant qui durent plusieurs heures et parfois plusieurs jours au Cameroun.<\/p>\n<p>Organise\u0301e par le pre\u0301sident du PCRN, cette manifestation av ait pour objectif d&rsquo;amener le gouvernement a\u0300 prendre une fois pour de bon, a\u0300 bras le corps, le manque d&rsquo;e\u0301nergie e\u0301lectrique dont souffrent les Camerounais dans leur ensemble.<\/p>\n<p>Certains camerounais ne sont pas sortis pour manifester. Mais a\u0300 travers leurs publications sur les re\u0301seaux sociaux, ils posent clairement les proble\u0300mes graves que causes les coupures \u00ab\u00a0sauvages\u00a0\u00bb de courant et leurs conse\u0301quences au Cameroun.<\/p>\n<p>L&rsquo;une des publications qui ont retenues l&rsquo;attention est celle de Me Ulrich Xavier Ovono Ondoua, avocat au Cameroun.<\/p>\n<p>\u00ab\u00a0Ce n&rsquo;est peut e\u0302tre pas visible, mais cette photo est la mienne, en pleine audience a\u0300 l&rsquo;e\u0301poque au Tribunal de Premie\u0300re Instance de Douala Bonanjo. Eneo nous avait la\u0302che\u0301 et nous avions des dossiers avec des pre\u0301venus dont la de\u0301tention devenait ge\u0302nante. Il fallait au moins achever les de\u0301bats et mettre le dossier en e\u0301tat de recevoir un jugement. Quand on dit qu&rsquo;Eneo est un proble\u0300me, les gens ne peuvent pas imaginer jusqu&rsquo;ou\u0300 peut aller l&rsquo;impact de ces coupures. Contribuer a\u0300 rendre justice avec la torche de son te\u0301le\u0301phone, c&rsquo;est tout, sauf e\u0301vident.<\/p>\n<p>Vivement qu&rsquo;on trouve une solution a\u0300 ces coupures d&rsquo;e\u0301lectricite\u0301 qu&rsquo;on ne prend me\u0302me plus la peine de nous expliquer au minimum. C&rsquo;est triste\u00a0\u00bb, e\u0301crit l&rsquo;avocat qui illustre sa publication avec une photo de lui travaillant dans un tribunal dans le noir, muni de la torche de son te\u0301le\u0301phone portable.<\/p>\n<p><strong>Pour plus d&rsquo;informations et d&rsquo;analyses sur la <a href=\"https:\/\/www.africa-press.net\/cameroun\">Cameroun<\/a>, suivez <a href=\"https:\/\/www.africa-press.net\/\">Africa-Press<\/a><\/strong><\/p>\n","protected":false},"excerpt":{"rendered":"<p>Africa-Press &#8211; Cameroun. Ce dimanche 19 mars a eu lieu une manifestation (me\u0302me si e\u0301touffe\u0301e par la police) sur les de\u0301lestages de courant qui durent plusieurs heures et parfois plusieurs jours au Cameroun. Organise\u0301e par le pre\u0301sident du PCRN, cette manifestation av ait pour objectif d&rsquo;amener le gouvernement a\u0300 prendre une fois pour de bon, [&hellip;]<\/p>\n","protected":false},"author":82,"featured_media":39800,"comment_status":"open","ping_status":"closed","sticky":false,"template":"","format":"standard","meta":{"footnotes":""},"categories":[21,10],"tags":[36,50,49],"class_list":["post-39801","post","type-post","status-publish","format-standard","has-post-thumbnail","hentry","category-communaute","category-toutes-les-actualites","tag-africa-press","tag-africa-press-cameroun","tag-cameroun"],"yoast_head":"<!-- This site is optimized with the Yoast SEO Premium plugin v26.1 (Yoast SEO v27.0) - https:\/\/yoast.com\/product\/yoast-seo-premium-wordpress\/ -->\n<title>Coupures de courant: un avocat humilie de gouvernement camerounais et Eneo - Cameroun<\/title>\n<meta name=\"description\" content=\"Ce dimanche 19 mars a eu lieu une manifestation (me\u0302me si e\u0301touffe\u0301e par la police) sur les de\u0301lestages de courant qui d ...\" \/>\n<meta name=\"robots\" content=\"index, follow, max-snippet:-1, max-image-preview:large, max-video-preview:-1\" \/>\n<link rel=\"canonical\" href=\"https:\/\/www.africa-press.net\/cameroun\/toutes-les-actualites\/coupures-de-courant-un-avocat-humilie-de-gouvernement-camerounais-et-eneo\" \/>\n<meta property=\"og:locale\" content=\"fr_FR\" \/>\n<meta property=\"og:type\" content=\"article\" \/>\n<meta property=\"og:title\" content=\"Coupures de courant: un avocat humilie de gouvernement camerounais et Eneo\" \/>\n<meta property=\"og:description\" content=\"Ce dimanche 19 mars a eu lieu une manifestation (me\u0302me si e\u0301touffe\u0301e par la police) sur les de\u0301lestages de courant qui d ...\" \/>\n<meta property=\"og:url\" content=\"https:\/\/www.africa-press.net\/cameroun\/toutes-les-actualites\/coupures-de-courant-un-avocat-humilie-de-gouvernement-camerounais-et-eneo\" \/>\n<meta property=\"og:site_name\" content=\"Cameroun\" \/>\n<meta property=\"article:published_time\" content=\"2023-03-20T09:47:52+00:00\" \/>\n<meta property=\"article:modified_time\" content=\"2023-03-20T10:03:42+00:00\" \/>\n<meta property=\"og:image\" content=\"https:\/\/static.africa-press.net\/cameroun\/sites\/57\/2023\/03\/postQueueImg_1679293075.07.jpg\" \/>\n\t<meta property=\"og:image:width\" content=\"720\" \/>\n\t<meta property=\"og:image:height\" content=\"360\" \/>\n\t<meta property=\"og:image:type\" content=\"image\/jpeg\" \/>\n<meta name=\"author\" content=\"cfeditorfr\" \/>\n<meta name=\"twitter:card\" content=\"summary_large_image\" \/>\n<meta name=\"twitter:label1\" content=\"\u00c9crit par\" \/>\n\t<meta name=\"twitter:data1\" content=\"cfeditorfr\" \/>\n\t<meta name=\"twitter:label2\" content=\"Dur\u00e9e de lecture estim\u00e9e\" \/>\n\t<meta name=\"twitter:data2\" content=\"2 minutes\" \/>\n<script type=\"application\/ld+json\" class=\"yoast-schema-graph\">{\"@context\":\"https:\/\/schema.org\",\"@graph\":[{\"@type\":\"Article\",\"@id\":\"https:\/\/www.africa-press.net\/cameroun\/toutes-les-actualites\/coupures-de-courant-un-avocat-humilie-de-gouvernement-camerounais-et-eneo#article\",\"isPartOf\":{\"@id\":\"https:\/\/www.africa-press.net\/cameroun\/toutes-les-actualites\/coupures-de-courant-un-avocat-humilie-de-gouvernement-camerounais-et-eneo\"},\"author\":{\"name\":\"cfeditorfr\",\"@id\":\"https:\/\/www.africa-press.net\/cameroun\/#\/schema\/person\/2b1cf3cd81a31e3cd26889ca66d677f1\"},\"headline\":\"Coupures de courant: un avocat humilie de gouvernement camerounais et Eneo\",\"datePublished\":\"2023-03-20T09:47:52+00:00\",\"dateModified\":\"2023-03-20T10:03:42+00:00\",\"mainEntityOfPage\":{\"@id\":\"https:\/\/www.africa-press.net\/cameroun\/toutes-les-actualites\/coupures-de-courant-un-avocat-humilie-de-gouvernement-camerounais-et-eneo\"},\"wordCount\":331,\"commentCount\":0,\"image\":{\"@id\":\"https:\/\/www.africa-press.net\/cameroun\/toutes-les-actualites\/coupures-de-courant-un-avocat-humilie-de-gouvernement-camerounais-et-eneo#primaryimage\"},\"thumbnailUrl\":\"https:\/\/static.africa-press.net\/cameroun\/sites\/57\/2023\/03\/postQueueImg_1679293075.07.jpg\",\"keywords\":[\"Africa Press\",\"Africa Press-Cameroun\",\"Cameroun\"],\"articleSection\":[\"Communaut\u00e9\",\"Toutes les actualit\u00e9s\"],\"inLanguage\":\"fr-FR\",\"potentialAction\":[{\"@type\":\"CommentAction\",\"name\":\"Comment\",\"target\":[\"https:\/\/www.africa-press.net\/cameroun\/toutes-les-actualites\/coupures-de-courant-un-avocat-humilie-de-gouvernement-camerounais-et-eneo#respond\"]}]},{\"@type\":\"WebPage\",\"@id\":\"https:\/\/www.africa-press.net\/cameroun\/toutes-les-actualites\/coupures-de-courant-un-avocat-humilie-de-gouvernement-camerounais-et-eneo\",\"url\":\"https:\/\/www.africa-press.net\/cameroun\/toutes-les-actualites\/coupures-de-courant-un-avocat-humilie-de-gouvernement-camerounais-et-eneo\",\"name\":\"Coupures de courant: un avocat humilie de gouvernement camerounais et Eneo - Cameroun\",\"isPartOf\":{\"@id\":\"https:\/\/www.africa-press.net\/cameroun\/#website\"},\"primaryImageOfPage\":{\"@id\":\"https:\/\/www.africa-press.net\/cameroun\/toutes-les-actualites\/coupures-de-courant-un-avocat-humilie-de-gouvernement-camerounais-et-eneo#primaryimage\"},\"image\":{\"@id\":\"https:\/\/www.africa-press.net\/cameroun\/toutes-les-actualites\/coupures-de-courant-un-avocat-humilie-de-gouvernement-camerounais-et-eneo#primaryimage\"},\"thumbnailUrl\":\"https:\/\/static.africa-press.net\/cameroun\/sites\/57\/2023\/03\/postQueueImg_1679293075.07.jpg\",\"datePublished\":\"2023-03-20T09:47:52+00:00\",\"dateModified\":\"2023-03-20T10:03:42+00:00\",\"author\":{\"@id\":\"https:\/\/www.africa-press.net\/cameroun\/#\/schema\/person\/2b1cf3cd81a31e3cd26889ca66d677f1\"},\"description\":\"Ce dimanche 19 mars a eu lieu une manifestation (me\u0302me si e\u0301touffe\u0301e par la police) sur les de\u0301lestages de courant qui d ...\",\"breadcrumb\":{\"@id\":\"https:\/\/www.africa-press.net\/cameroun\/toutes-les-actualites\/coupures-de-courant-un-avocat-humilie-de-gouvernement-camerounais-et-eneo#breadcrumb\"},\"inLanguage\":\"fr-FR\",\"potentialAction\":[{\"@type\":\"ReadAction\",\"target\":[\"https:\/\/www.africa-press.net\/cameroun\/toutes-les-actualites\/coupures-de-courant-un-avocat-humilie-de-gouvernement-camerounais-et-eneo\"]}]},{\"@type\":\"ImageObject\",\"inLanguage\":\"fr-FR\",\"@id\":\"https:\/\/www.africa-press.net\/cameroun\/toutes-les-actualites\/coupures-de-courant-un-avocat-humilie-de-gouvernement-camerounais-et-eneo#primaryimage\",\"url\":\"https:\/\/static.africa-press.net\/cameroun\/sites\/57\/2023\/03\/postQueueImg_1679293075.07.jpg\",\"contentUrl\":\"https:\/\/static.africa-press.net\/cameroun\/sites\/57\/2023\/03\/postQueueImg_1679293075.07.jpg\",\"width\":720,\"height\":360,\"caption\":\"Coupures de courant: un avocat humilie de gouvernement camerounais et Eneo\"},{\"@type\":\"BreadcrumbList\",\"@id\":\"https:\/\/www.africa-press.net\/cameroun\/toutes-les-actualites\/coupures-de-courant-un-avocat-humilie-de-gouvernement-camerounais-et-eneo#breadcrumb\",\"itemListElement\":[{\"@type\":\"ListItem\",\"position\":1,\"name\":\"Accueil\",\"item\":\"https:\/\/www.africa-press.net\/cameroun\/\"},{\"@type\":\"ListItem\",\"position\":2,\"name\":\"Coupures de courant: un avocat humilie de gouvernement camerounais et Eneo\"}]},{\"@type\":\"WebSite\",\"@id\":\"https:\/\/www.africa-press.net\/cameroun\/#website\",\"url\":\"https:\/\/www.africa-press.net\/cameroun\/\",\"name\":\"Cameroun\",\"description\":\"Just another Africa News Agency Sites site\",\"potentialAction\":[{\"@type\":\"SearchAction\",\"target\":{\"@type\":\"EntryPoint\",\"urlTemplate\":\"https:\/\/www.africa-press.net\/cameroun\/?s={search_term_string}\"},\"query-input\":{\"@type\":\"PropertyValueSpecification\",\"valueRequired\":true,\"valueName\":\"search_term_string\"}}],\"inLanguage\":\"fr-FR\"},{\"@type\":\"Person\",\"@id\":\"https:\/\/www.africa-press.net\/cameroun\/#\/schema\/person\/2b1cf3cd81a31e3cd26889ca66d677f1\",\"name\":\"cfeditorfr\"}]}<\/script>\n<!-- \/ Yoast SEO Premium plugin. -->","yoast_head_json":{"title":"Coupures de courant: un avocat humilie de gouvernement camerounais et Eneo - Cameroun","description":"Ce dimanche 19 mars a eu lieu une manifestation (me\u0302me si e\u0301touffe\u0301e par la police) sur les de\u0301lestages de courant qui d ...","robots":{"index":"index","follow":"follow","max-snippet":"max-snippet:-1","max-image-preview":"max-image-preview:large","max-video-preview":"max-video-preview:-1"},"canonical":"https:\/\/www.africa-press.net\/cameroun\/toutes-les-actualites\/coupures-de-courant-un-avocat-humilie-de-gouvernement-camerounais-et-eneo","og_locale":"fr_FR","og_type":"article","og_title":"Coupures de courant: un avocat humilie de gouvernement camerounais et Eneo","og_description":"Ce dimanche 19 mars a eu lieu une manifestation (me\u0302me si e\u0301touffe\u0301e par la police) sur les de\u0301lestages de courant qui d ...","og_url":"https:\/\/www.africa-press.net\/cameroun\/toutes-les-actualites\/coupures-de-courant-un-avocat-humilie-de-gouvernement-camerounais-et-eneo","og_site_name":"Cameroun","article_published_time":"2023-03-20T09:47:52+00:00","article_modified_time":"2023-03-20T10:03:42+00:00","og_image":[{"width":720,"height":360,"url":"https:\/\/static.africa-press.net\/cameroun\/sites\/57\/2023\/03\/postQueueImg_1679293075.07.jpg","type":"image\/jpeg"}],"author":"cfeditorfr","twitter_card":"summary_large_image","twitter_misc":{"\u00c9crit par":"cfeditorfr","Dur\u00e9e de lecture estim\u00e9e":"2 minutes"},"schema":{"@context":"https:\/\/schema.org","@graph":[{"@type":"Article","@id":"https:\/\/www.africa-press.net\/cameroun\/toutes-les-actualites\/coupures-de-courant-un-avocat-humilie-de-gouvernement-camerounais-et-eneo#article","isPartOf":{"@id":"https:\/\/www.africa-press.net\/cameroun\/toutes-les-actualites\/coupures-de-courant-un-avocat-humilie-de-gouvernement-camerounais-et-eneo"},"author":{"name":"cfeditorfr","@id":"https:\/\/www.africa-press.net\/cameroun\/#\/schema\/person\/2b1cf3cd81a31e3cd26889ca66d677f1"},"headline":"Coupures de courant: un avocat humilie de gouvernement camerounais et Eneo","datePublished":"2023-03-20T09:47:52+00:00","dateModified":"2023-03-20T10:03:42+00:00","mainEntityOfPage":{"@id":"https:\/\/www.africa-press.net\/cameroun\/toutes-les-actualites\/coupures-de-courant-un-avocat-humilie-de-gouvernement-camerounais-et-eneo"},"wordCount":331,"commentCount":0,"image":{"@id":"https:\/\/www.africa-press.net\/cameroun\/toutes-les-actualites\/coupures-de-courant-un-avocat-humilie-de-gouvernement-camerounais-et-eneo#primaryimage"},"thumbnailUrl":"https:\/\/static.africa-press.net\/cameroun\/sites\/57\/2023\/03\/postQueueImg_1679293075.07.jpg","keywords":["Africa Press","Africa Press-Cameroun","Cameroun"],"articleSection":["Communaut\u00e9","Toutes les actualit\u00e9s"],"inLanguage":"fr-FR","potentialAction":[{"@type":"CommentAction","name":"Comment","target":["https:\/\/www.africa-press.net\/cameroun\/toutes-les-actualites\/coupures-de-courant-un-avocat-humilie-de-gouvernement-camerounais-et-eneo#respond"]}]},{"@type":"WebPage","@id":"https:\/\/www.africa-press.net\/cameroun\/toutes-les-actualites\/coupures-de-courant-un-avocat-humilie-de-gouvernement-camerounais-et-eneo","url":"https:\/\/www.africa-press.net\/cameroun\/toutes-les-actualites\/coupures-de-courant-un-avocat-humilie-de-gouvernement-camerounais-et-eneo","name":"Coupures de courant: un avocat humilie de gouvernement camerounais et Eneo - Cameroun","isPartOf":{"@id":"https:\/\/www.africa-press.net\/cameroun\/#website"},"primaryImageOfPage":{"@id":"https:\/\/www.africa-press.net\/cameroun\/toutes-les-actualites\/coupures-de-courant-un-avocat-humilie-de-gouvernement-camerounais-et-eneo#primaryimage"},"image":{"@id":"https:\/\/www.africa-press.net\/cameroun\/toutes-les-actualites\/coupures-de-courant-un-avocat-humilie-de-gouvernement-camerounais-et-eneo#primaryimage"},"thumbnailUrl":"https:\/\/static.africa-press.net\/cameroun\/sites\/57\/2023\/03\/postQueueImg_1679293075.07.jpg","datePublished":"2023-03-20T09:47:52+00:00","dateModified":"2023-03-20T10:03:42+00:00","author":{"@id":"https:\/\/www.africa-press.net\/cameroun\/#\/schema\/person\/2b1cf3cd81a31e3cd26889ca66d677f1"},"description":"Ce dimanche 19 mars a eu lieu une manifestation (me\u0302me si e\u0301touffe\u0301e par la police) sur les de\u0301lestages de courant qui d ...","breadcrumb":{"@id":"https:\/\/www.africa-press.net\/cameroun\/toutes-les-actualites\/coupures-de-courant-un-avocat-humilie-de-gouvernement-camerounais-et-eneo#breadcrumb"},"inLanguage":"fr-FR","potentialAction":[{"@type":"ReadAction","target":["https:\/\/www.africa-press.net\/cameroun\/toutes-les-actualites\/coupures-de-courant-un-avocat-humilie-de-gouvernement-camerounais-et-eneo"]}]},{"@type":"ImageObject","inLanguage":"fr-FR","@id":"https:\/\/www.africa-press.net\/cameroun\/toutes-les-actualites\/coupures-de-courant-un-avocat-humilie-de-gouvernement-camerounais-et-eneo#primaryimage","url":"https:\/\/static.africa-press.net\/cameroun\/sites\/57\/2023\/03\/postQueueImg_1679293075.07.jpg","contentUrl":"https:\/\/static.africa-press.net\/cameroun\/sites\/57\/2023\/03\/postQueueImg_1679293075.07.jpg","width":720,"height":360,"caption":"Coupures de courant: un avocat humilie de gouvernement camerounais et Eneo"},{"@type":"BreadcrumbList","@id":"https:\/\/www.africa-press.net\/cameroun\/toutes-les-actualites\/coupures-de-courant-un-avocat-humilie-de-gouvernement-camerounais-et-eneo#breadcrumb","itemListElement":[{"@type":"ListItem","position":1,"name":"Accueil","item":"https:\/\/www.africa-press.net\/cameroun\/"},{"@type":"ListItem","position":2,"name":"Coupures de courant: un avocat humilie de gouvernement camerounais et Eneo"}]},{"@type":"WebSite","@id":"https:\/\/www.africa-press.net\/cameroun\/#website","url":"https:\/\/www.africa-press.net\/cameroun\/","name":"Cameroun","description":"Just another Africa News Agency Sites site","potentialAction":[{"@type":"SearchAction","target":{"@type":"EntryPoint","urlTemplate":"https:\/\/www.africa-press.net\/cameroun\/?s={search_term_string}"},"query-input":{"@type":"PropertyValueSpecification","valueRequired":true,"valueName":"search_term_string"}}],"inLanguage":"fr-FR"},{"@type":"Person","@id":"https:\/\/www.africa-press.net\/cameroun\/#\/schema\/person\/2b1cf3cd81a31e3cd26889ca66d677f1","name":"cfeditorfr"}]}},"_links":{"self":[{"href":"https:\/\/www.africa-press.net\/cameroun\/wp-json\/wp\/v2\/posts\/39801","targetHints":{"allow":["GET"]}}],"collection":[{"href":"https:\/\/www.africa-press.net\/cameroun\/wp-json\/wp\/v2\/posts"}],"about":[{"href":"https:\/\/www.africa-press.net\/cameroun\/wp-json\/wp\/v2\/types\/post"}],"author":[{"embeddable":true,"href":"https:\/\/www.africa-press.net\/cameroun\/wp-json\/wp\/v2\/users\/82"}],"replies":[{"embeddable":true,"href":"https:\/\/www.africa-press.net\/cameroun\/wp-json\/wp\/v2\/comments?post=39801"}],"version-history":[{"count":0,"href":"https:\/\/www.africa-press.net\/cameroun\/wp-json\/wp\/v2\/posts\/39801\/revisions"}],"wp:featuredmedia":[{"embeddable":true,"href":"https:\/\/www.africa-press.net\/cameroun\/wp-json\/wp\/v2\/media\/39800"}],"wp:attachment":[{"href":"https:\/\/www.africa-press.net\/cameroun\/wp-json\/wp\/v2\/media?parent=39801"}],"wp:term":[{"taxonomy":"category","embeddable":true,"href":"https:\/\/www.africa-press.net\/cameroun\/wp-json\/wp\/v2\/categories?post=39801"},{"taxonomy":"post_tag","embeddable":true,"href":"https:\/\/www.africa-press.net\/cameroun\/wp-json\/wp\/v2\/tags?post=39801"}],"curies":[{"name":"wp","href":"https:\/\/api.w.org\/{rel}","templated":true}]}}