{"id":39804,"date":"2023-03-20T09:47:57","date_gmt":"2023-03-20T09:47:57","guid":{"rendered":"https:\/\/www.africa-press.net\/cameroun\/politique\/vision4-le-patron-bidjang-recompense-un-ami-qui-ne-la-pas-oublie-quand-il-etait-au-sed"},"modified":"2023-03-20T10:04:02","modified_gmt":"2023-03-20T10:04:02","slug":"vision4-le-patron-bidjang-recompense-un-ami-qui-ne-la-pas-oublie-quand-il-etait-au-sed","status":"publish","type":"post","link":"https:\/\/www.africa-press.net\/cameroun\/toutes-les-actualites\/vision4-le-patron-bidjang-recompense-un-ami-qui-ne-la-pas-oublie-quand-il-etait-au-sed","title":{"rendered":"Vision4: le patron Bidjang r\u00e9compense un &lsquo;ami&rsquo; qui ne l&rsquo;a pas oubli\u00e9 quand il \u00e9tait au SED"},"content":{"rendered":"<p><span style=\"color: #ff6600\"><strong>Africa-Press &#8211; Cameroun. <\/strong><\/span>Le DG des me\u0301dias du groupe l&rsquo;Anecdote a de\u0301ja\u0300 commence\u0301 par re\u0301compenser les personnes qui lui ont te\u0301moigne\u0301 leur soutien, lorsqu&rsquo;il avait e\u0301te\u0301 arre\u0302te\u0301 et garde\u0301 au SED, dans le cadre des enque\u0302tes.<\/p>\n<p>Hier dimanche dans la nuit, Brono Bidjang lui-me\u0302me, a annonce\u0301 le recrutement de Francis Jamel Laplage a\u0300 Vision4, tout en souhaitant la bienvenue a\u0300 ce dernier. L&rsquo;ancien animateur pre\u0301sentateur de \u00ab\u00a0Nous chez vous\u00a0\u00bb sur canal2 international, va de\u0301sormais bosser au groupe l&rsquo;Anecdote. Une sorte de re\u0301compense pour lui, apre\u0300s qu&rsquo;il ait soutenu publiquement Bidjang, lorsqu&rsquo;il e\u0301tait de\u0301tenu au SED.<\/p>\n<p>\u00ab\u00a0Respectueux de ta force d\u2019esprit face aux turbulences jeune fre\u0300re. Admiratif de ton de\u0301vouement et de ta fide\u0301lite\u0301 sans faille envers ton employeur monsieur Amougou Belinga le Zomlo\u2019o des Zomlo\u2019o.<\/p>\n<p>Je le sais homme qui n\u2019oublie pas ceux qui traversent les e\u0301preuves avec lui.<\/p>\n<p>Je vous fais a\u0300 tous, mes encouragements since\u0300res.<\/p>\n<p>Je sais que ma publication a de\u0301ja\u0300 active\u0301 l\u2019inimitie\u0301 de certains de mes \u00ab amis \u00bb. Mais n\u2019est-ce pas c\u0327a fait aussi partie du jeu de la vie ? Si avoir un cargo ANTONOV d\u2019amis ne m\u2019a aide\u0301 en rien ce n\u2019est pas en les perdant que ma vie en sera plus mal.<\/p>\n<p>Comme je fais la ronde de leur table chaque midi pour ne pas mourir de faim, cette fois quand ils ne me verront pas ils pourront aise\u0301ment dire comme ils le savent si bien faire, que j\u2019ai rec\u0327u de l\u2019argent.<\/p>\n<p>Nous n\u2019avons que notre origine camerounaise en commun, contrairement a\u0300 certains je n\u2019ai jamais rien demande\u0301 a\u0300 personne pour parler de lui. Je dis ce que je ressens sans chercher a\u0300 savoir si celui dont je parle me connai\u0302t ou non\u00a0\u00bb, avait e\u0301crit Francis Jamel Laplage en soutien a\u0300 Bruno Bidjang.<\/p>\n<p><strong>Pour plus d&rsquo;informations et d&rsquo;analyses sur la <a href=\"https:\/\/www.africa-press.net\/cameroun\">Cameroun<\/a>, suivez <a href=\"https:\/\/www.africa-press.net\/\">Africa-Press<\/a><\/strong><\/p>\n","protected":false},"excerpt":{"rendered":"<p>Africa-Press &#8211; Cameroun. Le DG des me\u0301dias du groupe l&rsquo;Anecdote a de\u0301ja\u0300 commence\u0301 par re\u0301compenser les personnes qui lui ont te\u0301moigne\u0301 leur soutien, lorsqu&rsquo;il avait e\u0301te\u0301 arre\u0302te\u0301 et garde\u0301 au SED, dans le cadre des enque\u0302tes. Hier dimanche dans la nuit, Brono Bidjang lui-me\u0302me, a annonce\u0301 le recrutement de Francis Jamel Laplage a\u0300 Vision4, tout [&hellip;]<\/p>\n","protected":false},"author":82,"featured_media":39802,"comment_status":"open","ping_status":"closed","sticky":false,"template":"","format":"standard","meta":{"footnotes":""},"categories":[21,10],"tags":[36,50,49],"class_list":["post-39804","post","type-post","status-publish","format-standard","has-post-thumbnail","hentry","category-communaute","category-toutes-les-actualites","tag-africa-press","tag-africa-press-cameroun","tag-cameroun"],"yoast_head":"<!-- This site is optimized with the Yoast SEO Premium plugin v26.1 (Yoast SEO v27.0) - https:\/\/yoast.com\/product\/yoast-seo-premium-wordpress\/ -->\n<title>Vision4: le patron Bidjang r\u00e9compense un &#039;ami&#039; qui ne l&#039;a pas oubli\u00e9 quand il \u00e9tait au SED - Cameroun<\/title>\n<meta name=\"description\" content=\"Le DG des me\u0301dias du groupe l&#039;Anecdote a de\u0301ja\u0300 commence\u0301 par re\u0301compenser les personnes qui lui ont te\u0301moigne\u0301 leur sou ...\" \/>\n<meta name=\"robots\" content=\"index, follow, max-snippet:-1, max-image-preview:large, max-video-preview:-1\" \/>\n<link rel=\"canonical\" href=\"https:\/\/www.africa-press.net\/cameroun\/toutes-les-actualites\/vision4-le-patron-bidjang-recompense-un-ami-qui-ne-la-pas-oublie-quand-il-etait-au-sed\" \/>\n<meta property=\"og:locale\" content=\"fr_FR\" \/>\n<meta property=\"og:type\" content=\"article\" \/>\n<meta property=\"og:title\" content=\"Vision4: le patron Bidjang r\u00e9compense un &#039;ami&#039; qui ne l&#039;a pas oubli\u00e9 quand il \u00e9tait au SED\" \/>\n<meta property=\"og:description\" content=\"Le DG des me\u0301dias du groupe l&#039;Anecdote a de\u0301ja\u0300 commence\u0301 par re\u0301compenser les personnes qui lui ont te\u0301moigne\u0301 leur sou ...\" \/>\n<meta property=\"og:url\" content=\"https:\/\/www.africa-press.net\/cameroun\/toutes-les-actualites\/vision4-le-patron-bidjang-recompense-un-ami-qui-ne-la-pas-oublie-quand-il-etait-au-sed\" \/>\n<meta property=\"og:site_name\" content=\"Cameroun\" \/>\n<meta property=\"article:published_time\" content=\"2023-03-20T09:47:57+00:00\" \/>\n<meta property=\"article:modified_time\" content=\"2023-03-20T10:04:02+00:00\" \/>\n<meta property=\"og:image\" content=\"https:\/\/static.africa-press.net\/cameroun\/sites\/57\/2023\/03\/postQueueImg_1679293092.77.jpg\" \/>\n\t<meta property=\"og:image:width\" content=\"720\" \/>\n\t<meta property=\"og:image:height\" content=\"360\" \/>\n\t<meta property=\"og:image:type\" content=\"image\/jpeg\" \/>\n<meta name=\"author\" content=\"cfeditorfr\" \/>\n<meta name=\"twitter:card\" content=\"summary_large_image\" \/>\n<meta name=\"twitter:label1\" content=\"\u00c9crit par\" \/>\n\t<meta name=\"twitter:data1\" content=\"cfeditorfr\" \/>\n\t<meta name=\"twitter:label2\" content=\"Dur\u00e9e de lecture estim\u00e9e\" \/>\n\t<meta name=\"twitter:data2\" content=\"2 minutes\" \/>\n<script type=\"application\/ld+json\" class=\"yoast-schema-graph\">{\"@context\":\"https:\/\/schema.org\",\"@graph\":[{\"@type\":\"Article\",\"@id\":\"https:\/\/www.africa-press.net\/cameroun\/toutes-les-actualites\/vision4-le-patron-bidjang-recompense-un-ami-qui-ne-la-pas-oublie-quand-il-etait-au-sed#article\",\"isPartOf\":{\"@id\":\"https:\/\/www.africa-press.net\/cameroun\/toutes-les-actualites\/vision4-le-patron-bidjang-recompense-un-ami-qui-ne-la-pas-oublie-quand-il-etait-au-sed\"},\"author\":{\"name\":\"cfeditorfr\",\"@id\":\"https:\/\/www.africa-press.net\/cameroun\/#\/schema\/person\/2b1cf3cd81a31e3cd26889ca66d677f1\"},\"headline\":\"Vision4: le patron Bidjang r\u00e9compense un &lsquo;ami&rsquo; qui ne l&rsquo;a pas oubli\u00e9 quand il \u00e9tait au SED\",\"datePublished\":\"2023-03-20T09:47:57+00:00\",\"dateModified\":\"2023-03-20T10:04:02+00:00\",\"mainEntityOfPage\":{\"@id\":\"https:\/\/www.africa-press.net\/cameroun\/toutes-les-actualites\/vision4-le-patron-bidjang-recompense-un-ami-qui-ne-la-pas-oublie-quand-il-etait-au-sed\"},\"wordCount\":363,\"commentCount\":0,\"image\":{\"@id\":\"https:\/\/www.africa-press.net\/cameroun\/toutes-les-actualites\/vision4-le-patron-bidjang-recompense-un-ami-qui-ne-la-pas-oublie-quand-il-etait-au-sed#primaryimage\"},\"thumbnailUrl\":\"https:\/\/static.africa-press.net\/cameroun\/sites\/57\/2023\/03\/postQueueImg_1679293092.77.jpg\",\"keywords\":[\"Africa Press\",\"Africa Press-Cameroun\",\"Cameroun\"],\"articleSection\":[\"Communaut\u00e9\",\"Toutes les actualit\u00e9s\"],\"inLanguage\":\"fr-FR\",\"potentialAction\":[{\"@type\":\"CommentAction\",\"name\":\"Comment\",\"target\":[\"https:\/\/www.africa-press.net\/cameroun\/toutes-les-actualites\/vision4-le-patron-bidjang-recompense-un-ami-qui-ne-la-pas-oublie-quand-il-etait-au-sed#respond\"]}]},{\"@type\":\"WebPage\",\"@id\":\"https:\/\/www.africa-press.net\/cameroun\/toutes-les-actualites\/vision4-le-patron-bidjang-recompense-un-ami-qui-ne-la-pas-oublie-quand-il-etait-au-sed\",\"url\":\"https:\/\/www.africa-press.net\/cameroun\/toutes-les-actualites\/vision4-le-patron-bidjang-recompense-un-ami-qui-ne-la-pas-oublie-quand-il-etait-au-sed\",\"name\":\"Vision4: le patron Bidjang r\u00e9compense un 'ami' qui ne l'a pas oubli\u00e9 quand il \u00e9tait au SED - Cameroun\",\"isPartOf\":{\"@id\":\"https:\/\/www.africa-press.net\/cameroun\/#website\"},\"primaryImageOfPage\":{\"@id\":\"https:\/\/www.africa-press.net\/cameroun\/toutes-les-actualites\/vision4-le-patron-bidjang-recompense-un-ami-qui-ne-la-pas-oublie-quand-il-etait-au-sed#primaryimage\"},\"image\":{\"@id\":\"https:\/\/www.africa-press.net\/cameroun\/toutes-les-actualites\/vision4-le-patron-bidjang-recompense-un-ami-qui-ne-la-pas-oublie-quand-il-etait-au-sed#primaryimage\"},\"thumbnailUrl\":\"https:\/\/static.africa-press.net\/cameroun\/sites\/57\/2023\/03\/postQueueImg_1679293092.77.jpg\",\"datePublished\":\"2023-03-20T09:47:57+00:00\",\"dateModified\":\"2023-03-20T10:04:02+00:00\",\"author\":{\"@id\":\"https:\/\/www.africa-press.net\/cameroun\/#\/schema\/person\/2b1cf3cd81a31e3cd26889ca66d677f1\"},\"description\":\"Le DG des me\u0301dias du groupe l'Anecdote a de\u0301ja\u0300 commence\u0301 par re\u0301compenser les personnes qui lui ont te\u0301moigne\u0301 leur sou ...\",\"breadcrumb\":{\"@id\":\"https:\/\/www.africa-press.net\/cameroun\/toutes-les-actualites\/vision4-le-patron-bidjang-recompense-un-ami-qui-ne-la-pas-oublie-quand-il-etait-au-sed#breadcrumb\"},\"inLanguage\":\"fr-FR\",\"potentialAction\":[{\"@type\":\"ReadAction\",\"target\":[\"https:\/\/www.africa-press.net\/cameroun\/toutes-les-actualites\/vision4-le-patron-bidjang-recompense-un-ami-qui-ne-la-pas-oublie-quand-il-etait-au-sed\"]}]},{\"@type\":\"ImageObject\",\"inLanguage\":\"fr-FR\",\"@id\":\"https:\/\/www.africa-press.net\/cameroun\/toutes-les-actualites\/vision4-le-patron-bidjang-recompense-un-ami-qui-ne-la-pas-oublie-quand-il-etait-au-sed#primaryimage\",\"url\":\"https:\/\/static.africa-press.net\/cameroun\/sites\/57\/2023\/03\/postQueueImg_1679293092.77.jpg\",\"contentUrl\":\"https:\/\/static.africa-press.net\/cameroun\/sites\/57\/2023\/03\/postQueueImg_1679293092.77.jpg\",\"width\":720,\"height\":360,\"caption\":\"Vision4: le patron Bidjang r\u00e9compense un 'ami' qui ne l'a pas oubli\u00e9 quand il \u00e9tait au SED\"},{\"@type\":\"BreadcrumbList\",\"@id\":\"https:\/\/www.africa-press.net\/cameroun\/toutes-les-actualites\/vision4-le-patron-bidjang-recompense-un-ami-qui-ne-la-pas-oublie-quand-il-etait-au-sed#breadcrumb\",\"itemListElement\":[{\"@type\":\"ListItem\",\"position\":1,\"name\":\"Accueil\",\"item\":\"https:\/\/www.africa-press.net\/cameroun\/\"},{\"@type\":\"ListItem\",\"position\":2,\"name\":\"Vision4: le patron Bidjang r\u00e9compense un &lsquo;ami&rsquo; qui ne l&rsquo;a pas oubli\u00e9 quand il \u00e9tait au SED\"}]},{\"@type\":\"WebSite\",\"@id\":\"https:\/\/www.africa-press.net\/cameroun\/#website\",\"url\":\"https:\/\/www.africa-press.net\/cameroun\/\",\"name\":\"Cameroun\",\"description\":\"Just another Africa News Agency Sites site\",\"potentialAction\":[{\"@type\":\"SearchAction\",\"target\":{\"@type\":\"EntryPoint\",\"urlTemplate\":\"https:\/\/www.africa-press.net\/cameroun\/?s={search_term_string}\"},\"query-input\":{\"@type\":\"PropertyValueSpecification\",\"valueRequired\":true,\"valueName\":\"search_term_string\"}}],\"inLanguage\":\"fr-FR\"},{\"@type\":\"Person\",\"@id\":\"https:\/\/www.africa-press.net\/cameroun\/#\/schema\/person\/2b1cf3cd81a31e3cd26889ca66d677f1\",\"name\":\"cfeditorfr\"}]}<\/script>\n<!-- \/ Yoast SEO Premium plugin. -->","yoast_head_json":{"title":"Vision4: le patron Bidjang r\u00e9compense un 'ami' qui ne l'a pas oubli\u00e9 quand il \u00e9tait au SED - Cameroun","description":"Le DG des me\u0301dias du groupe l'Anecdote a de\u0301ja\u0300 commence\u0301 par re\u0301compenser les personnes qui lui ont te\u0301moigne\u0301 leur sou ...","robots":{"index":"index","follow":"follow","max-snippet":"max-snippet:-1","max-image-preview":"max-image-preview:large","max-video-preview":"max-video-preview:-1"},"canonical":"https:\/\/www.africa-press.net\/cameroun\/toutes-les-actualites\/vision4-le-patron-bidjang-recompense-un-ami-qui-ne-la-pas-oublie-quand-il-etait-au-sed","og_locale":"fr_FR","og_type":"article","og_title":"Vision4: le patron Bidjang r\u00e9compense un 'ami' qui ne l'a pas oubli\u00e9 quand il \u00e9tait au SED","og_description":"Le DG des me\u0301dias du groupe l'Anecdote a de\u0301ja\u0300 commence\u0301 par re\u0301compenser les personnes qui lui ont te\u0301moigne\u0301 leur sou ...","og_url":"https:\/\/www.africa-press.net\/cameroun\/toutes-les-actualites\/vision4-le-patron-bidjang-recompense-un-ami-qui-ne-la-pas-oublie-quand-il-etait-au-sed","og_site_name":"Cameroun","article_published_time":"2023-03-20T09:47:57+00:00","article_modified_time":"2023-03-20T10:04:02+00:00","og_image":[{"width":720,"height":360,"url":"https:\/\/static.africa-press.net\/cameroun\/sites\/57\/2023\/03\/postQueueImg_1679293092.77.jpg","type":"image\/jpeg"}],"author":"cfeditorfr","twitter_card":"summary_large_image","twitter_misc":{"\u00c9crit par":"cfeditorfr","Dur\u00e9e de lecture estim\u00e9e":"2 minutes"},"schema":{"@context":"https:\/\/schema.org","@graph":[{"@type":"Article","@id":"https:\/\/www.africa-press.net\/cameroun\/toutes-les-actualites\/vision4-le-patron-bidjang-recompense-un-ami-qui-ne-la-pas-oublie-quand-il-etait-au-sed#article","isPartOf":{"@id":"https:\/\/www.africa-press.net\/cameroun\/toutes-les-actualites\/vision4-le-patron-bidjang-recompense-un-ami-qui-ne-la-pas-oublie-quand-il-etait-au-sed"},"author":{"name":"cfeditorfr","@id":"https:\/\/www.africa-press.net\/cameroun\/#\/schema\/person\/2b1cf3cd81a31e3cd26889ca66d677f1"},"headline":"Vision4: le patron Bidjang r\u00e9compense un &lsquo;ami&rsquo; qui ne l&rsquo;a pas oubli\u00e9 quand il \u00e9tait au SED","datePublished":"2023-03-20T09:47:57+00:00","dateModified":"2023-03-20T10:04:02+00:00","mainEntityOfPage":{"@id":"https:\/\/www.africa-press.net\/cameroun\/toutes-les-actualites\/vision4-le-patron-bidjang-recompense-un-ami-qui-ne-la-pas-oublie-quand-il-etait-au-sed"},"wordCount":363,"commentCount":0,"image":{"@id":"https:\/\/www.africa-press.net\/cameroun\/toutes-les-actualites\/vision4-le-patron-bidjang-recompense-un-ami-qui-ne-la-pas-oublie-quand-il-etait-au-sed#primaryimage"},"thumbnailUrl":"https:\/\/static.africa-press.net\/cameroun\/sites\/57\/2023\/03\/postQueueImg_1679293092.77.jpg","keywords":["Africa Press","Africa Press-Cameroun","Cameroun"],"articleSection":["Communaut\u00e9","Toutes les actualit\u00e9s"],"inLanguage":"fr-FR","potentialAction":[{"@type":"CommentAction","name":"Comment","target":["https:\/\/www.africa-press.net\/cameroun\/toutes-les-actualites\/vision4-le-patron-bidjang-recompense-un-ami-qui-ne-la-pas-oublie-quand-il-etait-au-sed#respond"]}]},{"@type":"WebPage","@id":"https:\/\/www.africa-press.net\/cameroun\/toutes-les-actualites\/vision4-le-patron-bidjang-recompense-un-ami-qui-ne-la-pas-oublie-quand-il-etait-au-sed","url":"https:\/\/www.africa-press.net\/cameroun\/toutes-les-actualites\/vision4-le-patron-bidjang-recompense-un-ami-qui-ne-la-pas-oublie-quand-il-etait-au-sed","name":"Vision4: le patron Bidjang r\u00e9compense un 'ami' qui ne l'a pas oubli\u00e9 quand il \u00e9tait au SED - Cameroun","isPartOf":{"@id":"https:\/\/www.africa-press.net\/cameroun\/#website"},"primaryImageOfPage":{"@id":"https:\/\/www.africa-press.net\/cameroun\/toutes-les-actualites\/vision4-le-patron-bidjang-recompense-un-ami-qui-ne-la-pas-oublie-quand-il-etait-au-sed#primaryimage"},"image":{"@id":"https:\/\/www.africa-press.net\/cameroun\/toutes-les-actualites\/vision4-le-patron-bidjang-recompense-un-ami-qui-ne-la-pas-oublie-quand-il-etait-au-sed#primaryimage"},"thumbnailUrl":"https:\/\/static.africa-press.net\/cameroun\/sites\/57\/2023\/03\/postQueueImg_1679293092.77.jpg","datePublished":"2023-03-20T09:47:57+00:00","dateModified":"2023-03-20T10:04:02+00:00","author":{"@id":"https:\/\/www.africa-press.net\/cameroun\/#\/schema\/person\/2b1cf3cd81a31e3cd26889ca66d677f1"},"description":"Le DG des me\u0301dias du groupe l'Anecdote a de\u0301ja\u0300 commence\u0301 par re\u0301compenser les personnes qui lui ont te\u0301moigne\u0301 leur sou ...","breadcrumb":{"@id":"https:\/\/www.africa-press.net\/cameroun\/toutes-les-actualites\/vision4-le-patron-bidjang-recompense-un-ami-qui-ne-la-pas-oublie-quand-il-etait-au-sed#breadcrumb"},"inLanguage":"fr-FR","potentialAction":[{"@type":"ReadAction","target":["https:\/\/www.africa-press.net\/cameroun\/toutes-les-actualites\/vision4-le-patron-bidjang-recompense-un-ami-qui-ne-la-pas-oublie-quand-il-etait-au-sed"]}]},{"@type":"ImageObject","inLanguage":"fr-FR","@id":"https:\/\/www.africa-press.net\/cameroun\/toutes-les-actualites\/vision4-le-patron-bidjang-recompense-un-ami-qui-ne-la-pas-oublie-quand-il-etait-au-sed#primaryimage","url":"https:\/\/static.africa-press.net\/cameroun\/sites\/57\/2023\/03\/postQueueImg_1679293092.77.jpg","contentUrl":"https:\/\/static.africa-press.net\/cameroun\/sites\/57\/2023\/03\/postQueueImg_1679293092.77.jpg","width":720,"height":360,"caption":"Vision4: le patron Bidjang r\u00e9compense un 'ami' qui ne l'a pas oubli\u00e9 quand il \u00e9tait au SED"},{"@type":"BreadcrumbList","@id":"https:\/\/www.africa-press.net\/cameroun\/toutes-les-actualites\/vision4-le-patron-bidjang-recompense-un-ami-qui-ne-la-pas-oublie-quand-il-etait-au-sed#breadcrumb","itemListElement":[{"@type":"ListItem","position":1,"name":"Accueil","item":"https:\/\/www.africa-press.net\/cameroun\/"},{"@type":"ListItem","position":2,"name":"Vision4: le patron Bidjang r\u00e9compense un &lsquo;ami&rsquo; qui ne l&rsquo;a pas oubli\u00e9 quand il \u00e9tait au SED"}]},{"@type":"WebSite","@id":"https:\/\/www.africa-press.net\/cameroun\/#website","url":"https:\/\/www.africa-press.net\/cameroun\/","name":"Cameroun","description":"Just another Africa News Agency Sites site","potentialAction":[{"@type":"SearchAction","target":{"@type":"EntryPoint","urlTemplate":"https:\/\/www.africa-press.net\/cameroun\/?s={search_term_string}"},"query-input":{"@type":"PropertyValueSpecification","valueRequired":true,"valueName":"search_term_string"}}],"inLanguage":"fr-FR"},{"@type":"Person","@id":"https:\/\/www.africa-press.net\/cameroun\/#\/schema\/person\/2b1cf3cd81a31e3cd26889ca66d677f1","name":"cfeditorfr"}]}},"_links":{"self":[{"href":"https:\/\/www.africa-press.net\/cameroun\/wp-json\/wp\/v2\/posts\/39804","targetHints":{"allow":["GET"]}}],"collection":[{"href":"https:\/\/www.africa-press.net\/cameroun\/wp-json\/wp\/v2\/posts"}],"about":[{"href":"https:\/\/www.africa-press.net\/cameroun\/wp-json\/wp\/v2\/types\/post"}],"author":[{"embeddable":true,"href":"https:\/\/www.africa-press.net\/cameroun\/wp-json\/wp\/v2\/users\/82"}],"replies":[{"embeddable":true,"href":"https:\/\/www.africa-press.net\/cameroun\/wp-json\/wp\/v2\/comments?post=39804"}],"version-history":[{"count":0,"href":"https:\/\/www.africa-press.net\/cameroun\/wp-json\/wp\/v2\/posts\/39804\/revisions"}],"wp:featuredmedia":[{"embeddable":true,"href":"https:\/\/www.africa-press.net\/cameroun\/wp-json\/wp\/v2\/media\/39802"}],"wp:attachment":[{"href":"https:\/\/www.africa-press.net\/cameroun\/wp-json\/wp\/v2\/media?parent=39804"}],"wp:term":[{"taxonomy":"category","embeddable":true,"href":"https:\/\/www.africa-press.net\/cameroun\/wp-json\/wp\/v2\/categories?post=39804"},{"taxonomy":"post_tag","embeddable":true,"href":"https:\/\/www.africa-press.net\/cameroun\/wp-json\/wp\/v2\/tags?post=39804"}],"curies":[{"name":"wp","href":"https:\/\/api.w.org\/{rel}","templated":true}]}}