{"id":39809,"date":"2023-03-20T09:48:26","date_gmt":"2023-03-20T09:48:26","guid":{"rendered":"https:\/\/www.africa-press.net\/cameroun\/politique\/obseques-sans-le-corps-un-vieux-tenor-du-serail-etrangement-enterre-loin-des-regards"},"modified":"2023-03-20T10:04:41","modified_gmt":"2023-03-20T10:04:41","slug":"obseques-sans-le-corps-un-vieux-tenor-du-serail-etrangement-enterre-loin-des-regards","status":"publish","type":"post","link":"https:\/\/www.africa-press.net\/cameroun\/toutes-les-actualites\/obseques-sans-le-corps-un-vieux-tenor-du-serail-etrangement-enterre-loin-des-regards","title":{"rendered":"&lsquo;Obs\u00e8ques sans le corps&rsquo;: un vieux t\u00e9nor du s\u00e9rail \u00e9trangement enterr\u00e9, loin des regards"},"content":{"rendered":"<p><span style=\"color: #ff6600\"><strong>Africa-Press &#8211; Cameroun. <\/strong><\/span>De\u0301ce\u0301de\u0301 le 1er juillet 2022, il a fallu attendre le samedi 18 mars 2023, pour que Madou Ndengue, le pre\u0301sident du Conseil d&rsquo;administration de Magzi soit inhume\u0301.<\/p>\n<p>Alors que plusieurs cadres du RDPC, des patrons d&rsquo;entreprises et proches de l&rsquo;ancien cadre du re\u0301gime s&rsquo;attendaient a\u0300 lui faire leurs adieux, ils ont e\u0301te\u0301 surpris de l&rsquo;absence du cercueil de l&rsquo;illustre disparu lors des obse\u0300ques qui se sont tenues a\u0300 Ngoungoumou le weekend dernier.<\/p>\n<p>Les raisons du choix de ne pas exposer le corps du vieil homme n&rsquo;ont pas e\u0301te\u0301 de\u0301voile\u0301es. Mais les supputations vont bon train. Pour certain, abi\u0302me\u0301 par la maladie, le corps n&rsquo;e\u0301tait pas bon a\u0300 exposer. D&rsquo;autres expliquent ce choix par des raisons mystiques&#8230;<\/p>\n<p>Alors que beaucoup attendaient sa mise a\u0300 la retraite ou au mieux sa de\u0301mission pour longe\u0301vite\u0301 a\u0300 un seul et me\u0302me poste depuis sa cre\u0301ation en 1974 (46 ans), Monsieur MADOU NDENGUE JEAN est de\u0301ce\u0301de\u0301 le 1 juillet 2022, apre\u0300s une longue maladie.<\/p>\n<p>De ce qui avait fuite\u0301 sur les causes de sa mort, il ressort que le patriarche s&rsquo;est battu contre une maladie dont nous ignorons le nom jusqu&rsquo;a\u0300 pre\u0301sent. Mais quelque soit le nom de cette maladie, elle aura eu raison de MADOU NDENGUE JEAN, Pre\u0301sident du Conseil D&rsquo;administration de la Mission d\u2019ame\u0301nagement et de gestion des zones industrielles (MAGZI).<\/p>\n<p>Jean Madou Ndengue\u0301, est en poste depuis 1974. Il a avait e\u0301te\u0301 nomme\u0301 a\u0300 cette fonction par l\u2019ancien Pre\u0301sident de la Re\u0301publique, Ahmadou Ahidjo, trois ans avant la monte\u0301e au pouvoir de Paul Biya.<\/p>\n<p>Sous la pre\u0301sidence de Madou Ndengue Jean, la Mission d\u2019Ame\u0301nagement et de Gestion des Zones Industrielles(Magzi), a tenu la cinquie\u0300me re\u0301union de son conseil d\u2019administration le 30 septembre 2021. Les travaux e\u0301taient consacre\u0301s a\u0300 l\u2019examen des comptes de la Magzi au 31 de\u0301cembre 2020.<\/p>\n<p>Il ressort de la session que la socie\u0301te\u0301 au capital de 1,5 milliard de FCFA, affiche un chiffre d\u2019affaires de 34 milliards de Fcfa a\u0300 fin 2020 contre 11 milliards de FCFA en 2019, une progression de 23 milliards en valeur absolue et 209% en valeur relative, rele\u0300ve EcoMatin.<\/p>\n<p><strong>Pour plus d&rsquo;informations et d&rsquo;analyses sur la <a href=\"https:\/\/www.africa-press.net\/cameroun\">Cameroun<\/a>, suivez <a href=\"https:\/\/www.africa-press.net\/\">Africa-Press<\/a><\/strong><\/p>\n","protected":false},"excerpt":{"rendered":"<p>Africa-Press &#8211; Cameroun. De\u0301ce\u0301de\u0301 le 1er juillet 2022, il a fallu attendre le samedi 18 mars 2023, pour que Madou Ndengue, le pre\u0301sident du Conseil d&rsquo;administration de Magzi soit inhume\u0301. Alors que plusieurs cadres du RDPC, des patrons d&rsquo;entreprises et proches de l&rsquo;ancien cadre du re\u0301gime s&rsquo;attendaient a\u0300 lui faire leurs adieux, ils ont e\u0301te\u0301 [&hellip;]<\/p>\n","protected":false},"author":82,"featured_media":39808,"comment_status":"open","ping_status":"closed","sticky":false,"template":"","format":"standard","meta":{"footnotes":""},"categories":[21,10],"tags":[36,50,49],"class_list":["post-39809","post","type-post","status-publish","format-standard","has-post-thumbnail","hentry","category-communaute","category-toutes-les-actualites","tag-africa-press","tag-africa-press-cameroun","tag-cameroun"],"yoast_head":"<!-- This site is optimized with the Yoast SEO Premium plugin v26.1 (Yoast SEO v27.0) - https:\/\/yoast.com\/product\/yoast-seo-premium-wordpress\/ -->\n<title>&#039;Obs\u00e8ques sans le corps&#039;: un vieux t\u00e9nor du s\u00e9rail \u00e9trangement enterr\u00e9, loin des regards - Cameroun<\/title>\n<meta name=\"description\" content=\"De\u0301ce\u0301de\u0301 le 1er juillet 2022, il a fallu attendre le samedi 18 mars 2023, pour que Madou Ndengue, le pre\u0301sident du Cons ...\" \/>\n<meta name=\"robots\" content=\"index, follow, max-snippet:-1, max-image-preview:large, max-video-preview:-1\" \/>\n<link rel=\"canonical\" href=\"https:\/\/www.africa-press.net\/cameroun\/toutes-les-actualites\/obseques-sans-le-corps-un-vieux-tenor-du-serail-etrangement-enterre-loin-des-regards\" \/>\n<meta property=\"og:locale\" content=\"fr_FR\" \/>\n<meta property=\"og:type\" content=\"article\" \/>\n<meta property=\"og:title\" content=\"&#039;Obs\u00e8ques sans le corps&#039;: un vieux t\u00e9nor du s\u00e9rail \u00e9trangement enterr\u00e9, loin des regards\" \/>\n<meta property=\"og:description\" content=\"De\u0301ce\u0301de\u0301 le 1er juillet 2022, il a fallu attendre le samedi 18 mars 2023, pour que Madou Ndengue, le pre\u0301sident du Cons ...\" \/>\n<meta property=\"og:url\" content=\"https:\/\/www.africa-press.net\/cameroun\/toutes-les-actualites\/obseques-sans-le-corps-un-vieux-tenor-du-serail-etrangement-enterre-loin-des-regards\" \/>\n<meta property=\"og:site_name\" content=\"Cameroun\" \/>\n<meta property=\"article:published_time\" content=\"2023-03-20T09:48:26+00:00\" \/>\n<meta property=\"article:modified_time\" content=\"2023-03-20T10:04:41+00:00\" \/>\n<meta property=\"og:image\" content=\"https:\/\/static.africa-press.net\/cameroun\/sites\/57\/2023\/03\/postQueueImg_1679293110.51.jpg\" \/>\n\t<meta property=\"og:image:width\" content=\"720\" \/>\n\t<meta property=\"og:image:height\" content=\"402\" \/>\n\t<meta property=\"og:image:type\" content=\"image\/jpeg\" \/>\n<meta name=\"author\" content=\"cfeditorfr\" \/>\n<meta name=\"twitter:card\" content=\"summary_large_image\" \/>\n<meta name=\"twitter:label1\" content=\"\u00c9crit par\" \/>\n\t<meta name=\"twitter:data1\" content=\"cfeditorfr\" \/>\n\t<meta name=\"twitter:label2\" content=\"Dur\u00e9e de lecture estim\u00e9e\" \/>\n\t<meta name=\"twitter:data2\" content=\"2 minutes\" \/>\n<script type=\"application\/ld+json\" class=\"yoast-schema-graph\">{\"@context\":\"https:\/\/schema.org\",\"@graph\":[{\"@type\":\"Article\",\"@id\":\"https:\/\/www.africa-press.net\/cameroun\/toutes-les-actualites\/obseques-sans-le-corps-un-vieux-tenor-du-serail-etrangement-enterre-loin-des-regards#article\",\"isPartOf\":{\"@id\":\"https:\/\/www.africa-press.net\/cameroun\/toutes-les-actualites\/obseques-sans-le-corps-un-vieux-tenor-du-serail-etrangement-enterre-loin-des-regards\"},\"author\":{\"name\":\"cfeditorfr\",\"@id\":\"https:\/\/www.africa-press.net\/cameroun\/#\/schema\/person\/2b1cf3cd81a31e3cd26889ca66d677f1\"},\"headline\":\"&lsquo;Obs\u00e8ques sans le corps&rsquo;: un vieux t\u00e9nor du s\u00e9rail \u00e9trangement enterr\u00e9, loin des regards\",\"datePublished\":\"2023-03-20T09:48:26+00:00\",\"dateModified\":\"2023-03-20T10:04:41+00:00\",\"mainEntityOfPage\":{\"@id\":\"https:\/\/www.africa-press.net\/cameroun\/toutes-les-actualites\/obseques-sans-le-corps-un-vieux-tenor-du-serail-etrangement-enterre-loin-des-regards\"},\"wordCount\":411,\"commentCount\":0,\"image\":{\"@id\":\"https:\/\/www.africa-press.net\/cameroun\/toutes-les-actualites\/obseques-sans-le-corps-un-vieux-tenor-du-serail-etrangement-enterre-loin-des-regards#primaryimage\"},\"thumbnailUrl\":\"https:\/\/static.africa-press.net\/cameroun\/sites\/57\/2023\/03\/postQueueImg_1679293110.51.jpg\",\"keywords\":[\"Africa Press\",\"Africa Press-Cameroun\",\"Cameroun\"],\"articleSection\":[\"Communaut\u00e9\",\"Toutes les actualit\u00e9s\"],\"inLanguage\":\"fr-FR\",\"potentialAction\":[{\"@type\":\"CommentAction\",\"name\":\"Comment\",\"target\":[\"https:\/\/www.africa-press.net\/cameroun\/toutes-les-actualites\/obseques-sans-le-corps-un-vieux-tenor-du-serail-etrangement-enterre-loin-des-regards#respond\"]}]},{\"@type\":\"WebPage\",\"@id\":\"https:\/\/www.africa-press.net\/cameroun\/toutes-les-actualites\/obseques-sans-le-corps-un-vieux-tenor-du-serail-etrangement-enterre-loin-des-regards\",\"url\":\"https:\/\/www.africa-press.net\/cameroun\/toutes-les-actualites\/obseques-sans-le-corps-un-vieux-tenor-du-serail-etrangement-enterre-loin-des-regards\",\"name\":\"'Obs\u00e8ques sans le corps': un vieux t\u00e9nor du s\u00e9rail \u00e9trangement enterr\u00e9, loin des regards - Cameroun\",\"isPartOf\":{\"@id\":\"https:\/\/www.africa-press.net\/cameroun\/#website\"},\"primaryImageOfPage\":{\"@id\":\"https:\/\/www.africa-press.net\/cameroun\/toutes-les-actualites\/obseques-sans-le-corps-un-vieux-tenor-du-serail-etrangement-enterre-loin-des-regards#primaryimage\"},\"image\":{\"@id\":\"https:\/\/www.africa-press.net\/cameroun\/toutes-les-actualites\/obseques-sans-le-corps-un-vieux-tenor-du-serail-etrangement-enterre-loin-des-regards#primaryimage\"},\"thumbnailUrl\":\"https:\/\/static.africa-press.net\/cameroun\/sites\/57\/2023\/03\/postQueueImg_1679293110.51.jpg\",\"datePublished\":\"2023-03-20T09:48:26+00:00\",\"dateModified\":\"2023-03-20T10:04:41+00:00\",\"author\":{\"@id\":\"https:\/\/www.africa-press.net\/cameroun\/#\/schema\/person\/2b1cf3cd81a31e3cd26889ca66d677f1\"},\"description\":\"De\u0301ce\u0301de\u0301 le 1er juillet 2022, il a fallu attendre le samedi 18 mars 2023, pour que Madou Ndengue, le pre\u0301sident du Cons ...\",\"breadcrumb\":{\"@id\":\"https:\/\/www.africa-press.net\/cameroun\/toutes-les-actualites\/obseques-sans-le-corps-un-vieux-tenor-du-serail-etrangement-enterre-loin-des-regards#breadcrumb\"},\"inLanguage\":\"fr-FR\",\"potentialAction\":[{\"@type\":\"ReadAction\",\"target\":[\"https:\/\/www.africa-press.net\/cameroun\/toutes-les-actualites\/obseques-sans-le-corps-un-vieux-tenor-du-serail-etrangement-enterre-loin-des-regards\"]}]},{\"@type\":\"ImageObject\",\"inLanguage\":\"fr-FR\",\"@id\":\"https:\/\/www.africa-press.net\/cameroun\/toutes-les-actualites\/obseques-sans-le-corps-un-vieux-tenor-du-serail-etrangement-enterre-loin-des-regards#primaryimage\",\"url\":\"https:\/\/static.africa-press.net\/cameroun\/sites\/57\/2023\/03\/postQueueImg_1679293110.51.jpg\",\"contentUrl\":\"https:\/\/static.africa-press.net\/cameroun\/sites\/57\/2023\/03\/postQueueImg_1679293110.51.jpg\",\"width\":720,\"height\":402,\"caption\":\"'Obs\u00e8ques sans le corps': un vieux t\u00e9nor du s\u00e9rail \u00e9trangement enterr\u00e9, loin des regards\"},{\"@type\":\"BreadcrumbList\",\"@id\":\"https:\/\/www.africa-press.net\/cameroun\/toutes-les-actualites\/obseques-sans-le-corps-un-vieux-tenor-du-serail-etrangement-enterre-loin-des-regards#breadcrumb\",\"itemListElement\":[{\"@type\":\"ListItem\",\"position\":1,\"name\":\"Accueil\",\"item\":\"https:\/\/www.africa-press.net\/cameroun\/\"},{\"@type\":\"ListItem\",\"position\":2,\"name\":\"&lsquo;Obs\u00e8ques sans le corps&rsquo;: un vieux t\u00e9nor du s\u00e9rail \u00e9trangement enterr\u00e9, loin des regards\"}]},{\"@type\":\"WebSite\",\"@id\":\"https:\/\/www.africa-press.net\/cameroun\/#website\",\"url\":\"https:\/\/www.africa-press.net\/cameroun\/\",\"name\":\"Cameroun\",\"description\":\"Just another Africa News Agency Sites site\",\"potentialAction\":[{\"@type\":\"SearchAction\",\"target\":{\"@type\":\"EntryPoint\",\"urlTemplate\":\"https:\/\/www.africa-press.net\/cameroun\/?s={search_term_string}\"},\"query-input\":{\"@type\":\"PropertyValueSpecification\",\"valueRequired\":true,\"valueName\":\"search_term_string\"}}],\"inLanguage\":\"fr-FR\"},{\"@type\":\"Person\",\"@id\":\"https:\/\/www.africa-press.net\/cameroun\/#\/schema\/person\/2b1cf3cd81a31e3cd26889ca66d677f1\",\"name\":\"cfeditorfr\"}]}<\/script>\n<!-- \/ Yoast SEO Premium plugin. -->","yoast_head_json":{"title":"'Obs\u00e8ques sans le corps': un vieux t\u00e9nor du s\u00e9rail \u00e9trangement enterr\u00e9, loin des regards - Cameroun","description":"De\u0301ce\u0301de\u0301 le 1er juillet 2022, il a fallu attendre le samedi 18 mars 2023, pour que Madou Ndengue, le pre\u0301sident du Cons ...","robots":{"index":"index","follow":"follow","max-snippet":"max-snippet:-1","max-image-preview":"max-image-preview:large","max-video-preview":"max-video-preview:-1"},"canonical":"https:\/\/www.africa-press.net\/cameroun\/toutes-les-actualites\/obseques-sans-le-corps-un-vieux-tenor-du-serail-etrangement-enterre-loin-des-regards","og_locale":"fr_FR","og_type":"article","og_title":"'Obs\u00e8ques sans le corps': un vieux t\u00e9nor du s\u00e9rail \u00e9trangement enterr\u00e9, loin des regards","og_description":"De\u0301ce\u0301de\u0301 le 1er juillet 2022, il a fallu attendre le samedi 18 mars 2023, pour que Madou Ndengue, le pre\u0301sident du Cons ...","og_url":"https:\/\/www.africa-press.net\/cameroun\/toutes-les-actualites\/obseques-sans-le-corps-un-vieux-tenor-du-serail-etrangement-enterre-loin-des-regards","og_site_name":"Cameroun","article_published_time":"2023-03-20T09:48:26+00:00","article_modified_time":"2023-03-20T10:04:41+00:00","og_image":[{"width":720,"height":402,"url":"https:\/\/static.africa-press.net\/cameroun\/sites\/57\/2023\/03\/postQueueImg_1679293110.51.jpg","type":"image\/jpeg"}],"author":"cfeditorfr","twitter_card":"summary_large_image","twitter_misc":{"\u00c9crit par":"cfeditorfr","Dur\u00e9e de lecture estim\u00e9e":"2 minutes"},"schema":{"@context":"https:\/\/schema.org","@graph":[{"@type":"Article","@id":"https:\/\/www.africa-press.net\/cameroun\/toutes-les-actualites\/obseques-sans-le-corps-un-vieux-tenor-du-serail-etrangement-enterre-loin-des-regards#article","isPartOf":{"@id":"https:\/\/www.africa-press.net\/cameroun\/toutes-les-actualites\/obseques-sans-le-corps-un-vieux-tenor-du-serail-etrangement-enterre-loin-des-regards"},"author":{"name":"cfeditorfr","@id":"https:\/\/www.africa-press.net\/cameroun\/#\/schema\/person\/2b1cf3cd81a31e3cd26889ca66d677f1"},"headline":"&lsquo;Obs\u00e8ques sans le corps&rsquo;: un vieux t\u00e9nor du s\u00e9rail \u00e9trangement enterr\u00e9, loin des regards","datePublished":"2023-03-20T09:48:26+00:00","dateModified":"2023-03-20T10:04:41+00:00","mainEntityOfPage":{"@id":"https:\/\/www.africa-press.net\/cameroun\/toutes-les-actualites\/obseques-sans-le-corps-un-vieux-tenor-du-serail-etrangement-enterre-loin-des-regards"},"wordCount":411,"commentCount":0,"image":{"@id":"https:\/\/www.africa-press.net\/cameroun\/toutes-les-actualites\/obseques-sans-le-corps-un-vieux-tenor-du-serail-etrangement-enterre-loin-des-regards#primaryimage"},"thumbnailUrl":"https:\/\/static.africa-press.net\/cameroun\/sites\/57\/2023\/03\/postQueueImg_1679293110.51.jpg","keywords":["Africa Press","Africa Press-Cameroun","Cameroun"],"articleSection":["Communaut\u00e9","Toutes les actualit\u00e9s"],"inLanguage":"fr-FR","potentialAction":[{"@type":"CommentAction","name":"Comment","target":["https:\/\/www.africa-press.net\/cameroun\/toutes-les-actualites\/obseques-sans-le-corps-un-vieux-tenor-du-serail-etrangement-enterre-loin-des-regards#respond"]}]},{"@type":"WebPage","@id":"https:\/\/www.africa-press.net\/cameroun\/toutes-les-actualites\/obseques-sans-le-corps-un-vieux-tenor-du-serail-etrangement-enterre-loin-des-regards","url":"https:\/\/www.africa-press.net\/cameroun\/toutes-les-actualites\/obseques-sans-le-corps-un-vieux-tenor-du-serail-etrangement-enterre-loin-des-regards","name":"'Obs\u00e8ques sans le corps': un vieux t\u00e9nor du s\u00e9rail \u00e9trangement enterr\u00e9, loin des regards - Cameroun","isPartOf":{"@id":"https:\/\/www.africa-press.net\/cameroun\/#website"},"primaryImageOfPage":{"@id":"https:\/\/www.africa-press.net\/cameroun\/toutes-les-actualites\/obseques-sans-le-corps-un-vieux-tenor-du-serail-etrangement-enterre-loin-des-regards#primaryimage"},"image":{"@id":"https:\/\/www.africa-press.net\/cameroun\/toutes-les-actualites\/obseques-sans-le-corps-un-vieux-tenor-du-serail-etrangement-enterre-loin-des-regards#primaryimage"},"thumbnailUrl":"https:\/\/static.africa-press.net\/cameroun\/sites\/57\/2023\/03\/postQueueImg_1679293110.51.jpg","datePublished":"2023-03-20T09:48:26+00:00","dateModified":"2023-03-20T10:04:41+00:00","author":{"@id":"https:\/\/www.africa-press.net\/cameroun\/#\/schema\/person\/2b1cf3cd81a31e3cd26889ca66d677f1"},"description":"De\u0301ce\u0301de\u0301 le 1er juillet 2022, il a fallu attendre le samedi 18 mars 2023, pour que Madou Ndengue, le pre\u0301sident du Cons ...","breadcrumb":{"@id":"https:\/\/www.africa-press.net\/cameroun\/toutes-les-actualites\/obseques-sans-le-corps-un-vieux-tenor-du-serail-etrangement-enterre-loin-des-regards#breadcrumb"},"inLanguage":"fr-FR","potentialAction":[{"@type":"ReadAction","target":["https:\/\/www.africa-press.net\/cameroun\/toutes-les-actualites\/obseques-sans-le-corps-un-vieux-tenor-du-serail-etrangement-enterre-loin-des-regards"]}]},{"@type":"ImageObject","inLanguage":"fr-FR","@id":"https:\/\/www.africa-press.net\/cameroun\/toutes-les-actualites\/obseques-sans-le-corps-un-vieux-tenor-du-serail-etrangement-enterre-loin-des-regards#primaryimage","url":"https:\/\/static.africa-press.net\/cameroun\/sites\/57\/2023\/03\/postQueueImg_1679293110.51.jpg","contentUrl":"https:\/\/static.africa-press.net\/cameroun\/sites\/57\/2023\/03\/postQueueImg_1679293110.51.jpg","width":720,"height":402,"caption":"'Obs\u00e8ques sans le corps': un vieux t\u00e9nor du s\u00e9rail \u00e9trangement enterr\u00e9, loin des regards"},{"@type":"BreadcrumbList","@id":"https:\/\/www.africa-press.net\/cameroun\/toutes-les-actualites\/obseques-sans-le-corps-un-vieux-tenor-du-serail-etrangement-enterre-loin-des-regards#breadcrumb","itemListElement":[{"@type":"ListItem","position":1,"name":"Accueil","item":"https:\/\/www.africa-press.net\/cameroun\/"},{"@type":"ListItem","position":2,"name":"&lsquo;Obs\u00e8ques sans le corps&rsquo;: un vieux t\u00e9nor du s\u00e9rail \u00e9trangement enterr\u00e9, loin des regards"}]},{"@type":"WebSite","@id":"https:\/\/www.africa-press.net\/cameroun\/#website","url":"https:\/\/www.africa-press.net\/cameroun\/","name":"Cameroun","description":"Just another Africa News Agency Sites site","potentialAction":[{"@type":"SearchAction","target":{"@type":"EntryPoint","urlTemplate":"https:\/\/www.africa-press.net\/cameroun\/?s={search_term_string}"},"query-input":{"@type":"PropertyValueSpecification","valueRequired":true,"valueName":"search_term_string"}}],"inLanguage":"fr-FR"},{"@type":"Person","@id":"https:\/\/www.africa-press.net\/cameroun\/#\/schema\/person\/2b1cf3cd81a31e3cd26889ca66d677f1","name":"cfeditorfr"}]}},"_links":{"self":[{"href":"https:\/\/www.africa-press.net\/cameroun\/wp-json\/wp\/v2\/posts\/39809","targetHints":{"allow":["GET"]}}],"collection":[{"href":"https:\/\/www.africa-press.net\/cameroun\/wp-json\/wp\/v2\/posts"}],"about":[{"href":"https:\/\/www.africa-press.net\/cameroun\/wp-json\/wp\/v2\/types\/post"}],"author":[{"embeddable":true,"href":"https:\/\/www.africa-press.net\/cameroun\/wp-json\/wp\/v2\/users\/82"}],"replies":[{"embeddable":true,"href":"https:\/\/www.africa-press.net\/cameroun\/wp-json\/wp\/v2\/comments?post=39809"}],"version-history":[{"count":0,"href":"https:\/\/www.africa-press.net\/cameroun\/wp-json\/wp\/v2\/posts\/39809\/revisions"}],"wp:featuredmedia":[{"embeddable":true,"href":"https:\/\/www.africa-press.net\/cameroun\/wp-json\/wp\/v2\/media\/39808"}],"wp:attachment":[{"href":"https:\/\/www.africa-press.net\/cameroun\/wp-json\/wp\/v2\/media?parent=39809"}],"wp:term":[{"taxonomy":"category","embeddable":true,"href":"https:\/\/www.africa-press.net\/cameroun\/wp-json\/wp\/v2\/categories?post=39809"},{"taxonomy":"post_tag","embeddable":true,"href":"https:\/\/www.africa-press.net\/cameroun\/wp-json\/wp\/v2\/tags?post=39809"}],"curies":[{"name":"wp","href":"https:\/\/api.w.org\/{rel}","templated":true}]}}