{"id":39812,"date":"2023-03-20T09:48:33","date_gmt":"2023-03-20T09:48:33","guid":{"rendered":"https:\/\/www.africa-press.net\/cameroun\/politique\/1er-homme-daffaire-et-lun-des-1er-milliardaire-camerounais-voici-qui-etait-theodore-bella"},"modified":"2023-03-20T10:05:03","modified_gmt":"2023-03-20T10:05:03","slug":"1er-homme-daffaire-et-lun-des-1er-milliardaire-camerounais-voici-qui-etait-theodore-bella","status":"publish","type":"post","link":"https:\/\/www.africa-press.net\/cameroun\/toutes-les-actualites\/1er-homme-daffaire-et-lun-des-1er-milliardaire-camerounais-voici-qui-etait-theodore-bella","title":{"rendered":"1er homme d&rsquo;affaire et l&rsquo;un des 1er milliardaire camerounais: voici qui \u00e9tait Th\u00e9odore Bella"},"content":{"rendered":"<p><span style=\"color: #ff6600\"><strong>Africa-Press &#8211; Cameroun. <\/strong><\/span>Aujourd&rsquo;hui, son nom, sa me\u0301moire et son he\u0301ritage ont e\u0301te\u0301 souille\u0301s par ses fils qui se de\u0301chirent pour son he\u0301ritage ba\u0302ti apre\u0300s de nombreuses anne\u0301es d&rsquo;efforts et de sacrifices. Mais, il The\u0301odore Bella reste l&rsquo;un des tout premiers camerounais a\u0300 se lancer dans les affaire, et le premier a\u0300 faire des milliards, dans un contexte e\u0301conomique difficile pour les nationaux.<\/p>\n<p>Pour re\u0301sumer la vie de cet homme d&rsquo;affaires camerounais, il faut dire, qu&rsquo;il a fait son entre\u0301e dans le monde des affaires en 1960. Il est le premier Noir a\u0300 obtenir la gestion libre d&rsquo;une station-service d&rsquo;essence dans la ville de Yaounde\u0301. et entre bien d&rsquo;autres, il est l&rsquo;un des premiers a\u0300 introduire la bureautique au Cameroun.<\/p>\n<p>Voici son parcours<\/p>\n<p>Apre\u0300s des e\u0301tudes primaires sanctionne\u0301es par le CEPE a\u0300 la mission catholique d&rsquo;Efok, il poursuivra ses classes a\u0300 Yaounde\u0301, jusqu&rsquo;en 4e\u0300. Commis des postes, il acquiert en 1960 le fonds de commerce d&rsquo;un certain D. Chevalier et fait son entre\u0301e dans le monde des affaires. Cette anne\u0301e marquera aussi la naissance de la raison sociale T. BELLA.<\/p>\n<p>Le nom des \u00a0\u00bb Che\u0301ris cars \u00a0\u00bb par contre est reste\u0301 dans la me\u0301moire de ceux qui, dans les anne\u0301es 60, en sont venus a\u0300 effectuer le de\u0301placement de Yaounde\u0301 pour Obala. A travers The\u0301odore Bella, pour la premie\u0300re fois, le transport par car s&rsquo;est fait sur cette ligne. Il a ensuite e\u0301tendu ses activite\u0301s sur la ligne Yaounde\u0301-Akonolinga. T. Bella sera un pionnier dans plusieurs domaines. Il sera le premier Noir a\u0300 obtenir la gestion libre d&rsquo;une station-service d&rsquo;essence dans la ville de Yaounde\u0301. Il est aussi le deuxie\u0300me exportateur de Cacao au Cameroun, apre\u0300s le Grec Mavromatis.<\/p>\n<p>En 1984, il est l&rsquo;un des premiers a\u0300 introduire la bureautique au Cameroun, en tant que repre\u0301sentant de la marque Olivetti. De la me\u0302me fac\u0327on, il repre\u0301sentera les produits de la marque Louis Roderer et ses fameux champagnes Cristal. L&rsquo;homme d&rsquo;affaires fera aussi une incursion dans le domaine du football, en tant que pre\u0301sident de Tarzan d&rsquo;Obala. Le club de sa ville sera me\u0302me en ce moment-la\u0300 au sein de l&rsquo;e\u0301lite.<\/p>\n<p>Membre de la chambre de commerce, des mines et de l&rsquo;industrie, il en sera ensuite le de\u0301le\u0301gue\u0301 pour la province du Centre, tout comme il coiffera la casquette de membre, et plus tard 1er vice-pre\u0301sident du Conseil e\u0301conomique et social.<\/p>\n<p>Passage en prison<\/p>\n<p>Pendant plusieurs anne\u0301es, ses affaires seront prospe\u0300res. Cependant, un passage en prison pour son implication dans une affaire de faux billets contribuera a\u0300 le freiner quelque peu. Le supermarche\u0301 fermera ses portes. Mais la le\u0301gende de T. BELLA avait de\u0301ja\u0300 e\u0301te\u0301 faite. C&rsquo;est en effet en 1979 que The\u0301odore BELLA engage la construction de l\u2019immeuble qui porte son nom.<\/p>\n<p>En 1980, le supermarche\u0301 Prisunic T. Bella y est ouvert et sera tre\u0300s vite l&rsquo;un des plus fre\u0301quente\u0301s de la capitale. Cette intense activite\u0301 va de pair avec des fonctions diverses. Par exemple, The\u0301odore Bella est de\u0301le\u0301gue\u0301 de la Chambre de Commerce pour le Centre, 1er Vice-pre\u0301sident du Conseil e\u0301conomique et social.<\/p>\n<p>Dans le domaine sportif, il est pre\u0301sident de la Fe\u0301de\u0301ration camerounaise de boxe et surtout, pre\u0301sident de Tarzan Club d\u2019Obala. Sur le plan politique, ses proches affirment qu\u2019il a e\u0301te\u0301 militant de l\u2019UC, de l\u2019UNC, et du RDPC. C\u2019est d\u2019ailleurs gra\u0302ce aux couleurs de ce parti qu\u2019il a occupe\u0301 le poste de maire de la commune rurale d\u2019Obala, jusqu\u2019en 2002.<\/p>\n<p>Dans le cercle familial, on reconnai\u0302t son franc-parler et le bon chef de famille. Il e\u0301tait aussi chef traditionnel a\u0300 Elig Bodo. The\u0301odore Bella e\u0301tait chevalier de l\u2019ordre de la valeur. Il a laisse\u0301 deux veuves et six enfants.<\/p>\n<p><strong>Pour plus d&rsquo;informations et d&rsquo;analyses sur la <a href=\"https:\/\/www.africa-press.net\/cameroun\">Cameroun<\/a>, suivez <a href=\"https:\/\/www.africa-press.net\/\">Africa-Press<\/a><\/strong><\/p>\n","protected":false},"excerpt":{"rendered":"<p>Africa-Press &#8211; Cameroun. Aujourd&rsquo;hui, son nom, sa me\u0301moire et son he\u0301ritage ont e\u0301te\u0301 souille\u0301s par ses fils qui se de\u0301chirent pour son he\u0301ritage ba\u0302ti apre\u0300s de nombreuses anne\u0301es d&rsquo;efforts et de sacrifices. Mais, il The\u0301odore Bella reste l&rsquo;un des tout premiers camerounais a\u0300 se lancer dans les affaire, et le premier a\u0300 faire des milliards, [&hellip;]<\/p>\n","protected":false},"author":82,"featured_media":39811,"comment_status":"open","ping_status":"closed","sticky":false,"template":"","format":"standard","meta":{"footnotes":""},"categories":[21,10],"tags":[36,50,49],"class_list":["post-39812","post","type-post","status-publish","format-standard","has-post-thumbnail","hentry","category-communaute","category-toutes-les-actualites","tag-africa-press","tag-africa-press-cameroun","tag-cameroun"],"yoast_head":"<!-- This site is optimized with the Yoast SEO Premium plugin v26.1 (Yoast SEO v27.0) - https:\/\/yoast.com\/product\/yoast-seo-premium-wordpress\/ -->\n<title>1er homme d&#039;affaire et l&#039;un des 1er milliardaire camerounais: voici qui \u00e9tait Th\u00e9odore Bella - Cameroun<\/title>\n<meta name=\"description\" content=\"Aujourd&#039;hui, son nom, sa me\u0301moire et son he\u0301ritage ont e\u0301te\u0301 souille\u0301s par ses fils qui se de\u0301chirent pour son he\u0301ritage ...\" \/>\n<meta name=\"robots\" content=\"index, follow, max-snippet:-1, max-image-preview:large, max-video-preview:-1\" \/>\n<link rel=\"canonical\" href=\"https:\/\/www.africa-press.net\/cameroun\/toutes-les-actualites\/1er-homme-daffaire-et-lun-des-1er-milliardaire-camerounais-voici-qui-etait-theodore-bella\" \/>\n<meta property=\"og:locale\" content=\"fr_FR\" \/>\n<meta property=\"og:type\" content=\"article\" \/>\n<meta property=\"og:title\" content=\"1er homme d&#039;affaire et l&#039;un des 1er milliardaire camerounais: voici qui \u00e9tait Th\u00e9odore Bella\" \/>\n<meta property=\"og:description\" content=\"Aujourd&#039;hui, son nom, sa me\u0301moire et son he\u0301ritage ont e\u0301te\u0301 souille\u0301s par ses fils qui se de\u0301chirent pour son he\u0301ritage ...\" \/>\n<meta property=\"og:url\" content=\"https:\/\/www.africa-press.net\/cameroun\/toutes-les-actualites\/1er-homme-daffaire-et-lun-des-1er-milliardaire-camerounais-voici-qui-etait-theodore-bella\" \/>\n<meta property=\"og:site_name\" content=\"Cameroun\" \/>\n<meta property=\"article:published_time\" content=\"2023-03-20T09:48:33+00:00\" \/>\n<meta property=\"article:modified_time\" content=\"2023-03-20T10:05:03+00:00\" \/>\n<meta property=\"og:image\" content=\"https:\/\/static.africa-press.net\/cameroun\/sites\/57\/2023\/03\/postQueueImg_1679293116.55.jpg\" \/>\n\t<meta property=\"og:image:width\" content=\"720\" \/>\n\t<meta property=\"og:image:height\" content=\"360\" \/>\n\t<meta property=\"og:image:type\" content=\"image\/jpeg\" \/>\n<meta name=\"author\" content=\"cfeditorfr\" \/>\n<meta name=\"twitter:card\" content=\"summary_large_image\" \/>\n<meta name=\"twitter:label1\" content=\"\u00c9crit par\" \/>\n\t<meta name=\"twitter:data1\" content=\"cfeditorfr\" \/>\n\t<meta name=\"twitter:label2\" content=\"Dur\u00e9e de lecture estim\u00e9e\" \/>\n\t<meta name=\"twitter:data2\" content=\"3 minutes\" \/>\n<script type=\"application\/ld+json\" class=\"yoast-schema-graph\">{\"@context\":\"https:\/\/schema.org\",\"@graph\":[{\"@type\":\"Article\",\"@id\":\"https:\/\/www.africa-press.net\/cameroun\/toutes-les-actualites\/1er-homme-daffaire-et-lun-des-1er-milliardaire-camerounais-voici-qui-etait-theodore-bella#article\",\"isPartOf\":{\"@id\":\"https:\/\/www.africa-press.net\/cameroun\/toutes-les-actualites\/1er-homme-daffaire-et-lun-des-1er-milliardaire-camerounais-voici-qui-etait-theodore-bella\"},\"author\":{\"name\":\"cfeditorfr\",\"@id\":\"https:\/\/www.africa-press.net\/cameroun\/#\/schema\/person\/2b1cf3cd81a31e3cd26889ca66d677f1\"},\"headline\":\"1er homme d&rsquo;affaire et l&rsquo;un des 1er milliardaire camerounais: voici qui \u00e9tait Th\u00e9odore Bella\",\"datePublished\":\"2023-03-20T09:48:33+00:00\",\"dateModified\":\"2023-03-20T10:05:03+00:00\",\"mainEntityOfPage\":{\"@id\":\"https:\/\/www.africa-press.net\/cameroun\/toutes-les-actualites\/1er-homme-daffaire-et-lun-des-1er-milliardaire-camerounais-voici-qui-etait-theodore-bella\"},\"wordCount\":721,\"commentCount\":0,\"image\":{\"@id\":\"https:\/\/www.africa-press.net\/cameroun\/toutes-les-actualites\/1er-homme-daffaire-et-lun-des-1er-milliardaire-camerounais-voici-qui-etait-theodore-bella#primaryimage\"},\"thumbnailUrl\":\"https:\/\/static.africa-press.net\/cameroun\/sites\/57\/2023\/03\/postQueueImg_1679293116.55.jpg\",\"keywords\":[\"Africa Press\",\"Africa Press-Cameroun\",\"Cameroun\"],\"articleSection\":[\"Communaut\u00e9\",\"Toutes les actualit\u00e9s\"],\"inLanguage\":\"fr-FR\",\"potentialAction\":[{\"@type\":\"CommentAction\",\"name\":\"Comment\",\"target\":[\"https:\/\/www.africa-press.net\/cameroun\/toutes-les-actualites\/1er-homme-daffaire-et-lun-des-1er-milliardaire-camerounais-voici-qui-etait-theodore-bella#respond\"]}]},{\"@type\":\"WebPage\",\"@id\":\"https:\/\/www.africa-press.net\/cameroun\/toutes-les-actualites\/1er-homme-daffaire-et-lun-des-1er-milliardaire-camerounais-voici-qui-etait-theodore-bella\",\"url\":\"https:\/\/www.africa-press.net\/cameroun\/toutes-les-actualites\/1er-homme-daffaire-et-lun-des-1er-milliardaire-camerounais-voici-qui-etait-theodore-bella\",\"name\":\"1er homme d'affaire et l'un des 1er milliardaire camerounais: voici qui \u00e9tait Th\u00e9odore Bella - Cameroun\",\"isPartOf\":{\"@id\":\"https:\/\/www.africa-press.net\/cameroun\/#website\"},\"primaryImageOfPage\":{\"@id\":\"https:\/\/www.africa-press.net\/cameroun\/toutes-les-actualites\/1er-homme-daffaire-et-lun-des-1er-milliardaire-camerounais-voici-qui-etait-theodore-bella#primaryimage\"},\"image\":{\"@id\":\"https:\/\/www.africa-press.net\/cameroun\/toutes-les-actualites\/1er-homme-daffaire-et-lun-des-1er-milliardaire-camerounais-voici-qui-etait-theodore-bella#primaryimage\"},\"thumbnailUrl\":\"https:\/\/static.africa-press.net\/cameroun\/sites\/57\/2023\/03\/postQueueImg_1679293116.55.jpg\",\"datePublished\":\"2023-03-20T09:48:33+00:00\",\"dateModified\":\"2023-03-20T10:05:03+00:00\",\"author\":{\"@id\":\"https:\/\/www.africa-press.net\/cameroun\/#\/schema\/person\/2b1cf3cd81a31e3cd26889ca66d677f1\"},\"description\":\"Aujourd'hui, son nom, sa me\u0301moire et son he\u0301ritage ont e\u0301te\u0301 souille\u0301s par ses fils qui se de\u0301chirent pour son he\u0301ritage ...\",\"breadcrumb\":{\"@id\":\"https:\/\/www.africa-press.net\/cameroun\/toutes-les-actualites\/1er-homme-daffaire-et-lun-des-1er-milliardaire-camerounais-voici-qui-etait-theodore-bella#breadcrumb\"},\"inLanguage\":\"fr-FR\",\"potentialAction\":[{\"@type\":\"ReadAction\",\"target\":[\"https:\/\/www.africa-press.net\/cameroun\/toutes-les-actualites\/1er-homme-daffaire-et-lun-des-1er-milliardaire-camerounais-voici-qui-etait-theodore-bella\"]}]},{\"@type\":\"ImageObject\",\"inLanguage\":\"fr-FR\",\"@id\":\"https:\/\/www.africa-press.net\/cameroun\/toutes-les-actualites\/1er-homme-daffaire-et-lun-des-1er-milliardaire-camerounais-voici-qui-etait-theodore-bella#primaryimage\",\"url\":\"https:\/\/static.africa-press.net\/cameroun\/sites\/57\/2023\/03\/postQueueImg_1679293116.55.jpg\",\"contentUrl\":\"https:\/\/static.africa-press.net\/cameroun\/sites\/57\/2023\/03\/postQueueImg_1679293116.55.jpg\",\"width\":720,\"height\":360,\"caption\":\"1er homme d'affaire et l'un des 1er milliardaire camerounais: voici qui \u00e9tait Th\u00e9odore Bella\"},{\"@type\":\"BreadcrumbList\",\"@id\":\"https:\/\/www.africa-press.net\/cameroun\/toutes-les-actualites\/1er-homme-daffaire-et-lun-des-1er-milliardaire-camerounais-voici-qui-etait-theodore-bella#breadcrumb\",\"itemListElement\":[{\"@type\":\"ListItem\",\"position\":1,\"name\":\"Accueil\",\"item\":\"https:\/\/www.africa-press.net\/cameroun\/\"},{\"@type\":\"ListItem\",\"position\":2,\"name\":\"1er homme d&rsquo;affaire et l&rsquo;un des 1er milliardaire camerounais: voici qui \u00e9tait Th\u00e9odore Bella\"}]},{\"@type\":\"WebSite\",\"@id\":\"https:\/\/www.africa-press.net\/cameroun\/#website\",\"url\":\"https:\/\/www.africa-press.net\/cameroun\/\",\"name\":\"Cameroun\",\"description\":\"Just another Africa News Agency Sites site\",\"potentialAction\":[{\"@type\":\"SearchAction\",\"target\":{\"@type\":\"EntryPoint\",\"urlTemplate\":\"https:\/\/www.africa-press.net\/cameroun\/?s={search_term_string}\"},\"query-input\":{\"@type\":\"PropertyValueSpecification\",\"valueRequired\":true,\"valueName\":\"search_term_string\"}}],\"inLanguage\":\"fr-FR\"},{\"@type\":\"Person\",\"@id\":\"https:\/\/www.africa-press.net\/cameroun\/#\/schema\/person\/2b1cf3cd81a31e3cd26889ca66d677f1\",\"name\":\"cfeditorfr\"}]}<\/script>\n<!-- \/ Yoast SEO Premium plugin. -->","yoast_head_json":{"title":"1er homme d'affaire et l'un des 1er milliardaire camerounais: voici qui \u00e9tait Th\u00e9odore Bella - Cameroun","description":"Aujourd'hui, son nom, sa me\u0301moire et son he\u0301ritage ont e\u0301te\u0301 souille\u0301s par ses fils qui se de\u0301chirent pour son he\u0301ritage ...","robots":{"index":"index","follow":"follow","max-snippet":"max-snippet:-1","max-image-preview":"max-image-preview:large","max-video-preview":"max-video-preview:-1"},"canonical":"https:\/\/www.africa-press.net\/cameroun\/toutes-les-actualites\/1er-homme-daffaire-et-lun-des-1er-milliardaire-camerounais-voici-qui-etait-theodore-bella","og_locale":"fr_FR","og_type":"article","og_title":"1er homme d'affaire et l'un des 1er milliardaire camerounais: voici qui \u00e9tait Th\u00e9odore Bella","og_description":"Aujourd'hui, son nom, sa me\u0301moire et son he\u0301ritage ont e\u0301te\u0301 souille\u0301s par ses fils qui se de\u0301chirent pour son he\u0301ritage ...","og_url":"https:\/\/www.africa-press.net\/cameroun\/toutes-les-actualites\/1er-homme-daffaire-et-lun-des-1er-milliardaire-camerounais-voici-qui-etait-theodore-bella","og_site_name":"Cameroun","article_published_time":"2023-03-20T09:48:33+00:00","article_modified_time":"2023-03-20T10:05:03+00:00","og_image":[{"width":720,"height":360,"url":"https:\/\/static.africa-press.net\/cameroun\/sites\/57\/2023\/03\/postQueueImg_1679293116.55.jpg","type":"image\/jpeg"}],"author":"cfeditorfr","twitter_card":"summary_large_image","twitter_misc":{"\u00c9crit par":"cfeditorfr","Dur\u00e9e de lecture estim\u00e9e":"3 minutes"},"schema":{"@context":"https:\/\/schema.org","@graph":[{"@type":"Article","@id":"https:\/\/www.africa-press.net\/cameroun\/toutes-les-actualites\/1er-homme-daffaire-et-lun-des-1er-milliardaire-camerounais-voici-qui-etait-theodore-bella#article","isPartOf":{"@id":"https:\/\/www.africa-press.net\/cameroun\/toutes-les-actualites\/1er-homme-daffaire-et-lun-des-1er-milliardaire-camerounais-voici-qui-etait-theodore-bella"},"author":{"name":"cfeditorfr","@id":"https:\/\/www.africa-press.net\/cameroun\/#\/schema\/person\/2b1cf3cd81a31e3cd26889ca66d677f1"},"headline":"1er homme d&rsquo;affaire et l&rsquo;un des 1er milliardaire camerounais: voici qui \u00e9tait Th\u00e9odore Bella","datePublished":"2023-03-20T09:48:33+00:00","dateModified":"2023-03-20T10:05:03+00:00","mainEntityOfPage":{"@id":"https:\/\/www.africa-press.net\/cameroun\/toutes-les-actualites\/1er-homme-daffaire-et-lun-des-1er-milliardaire-camerounais-voici-qui-etait-theodore-bella"},"wordCount":721,"commentCount":0,"image":{"@id":"https:\/\/www.africa-press.net\/cameroun\/toutes-les-actualites\/1er-homme-daffaire-et-lun-des-1er-milliardaire-camerounais-voici-qui-etait-theodore-bella#primaryimage"},"thumbnailUrl":"https:\/\/static.africa-press.net\/cameroun\/sites\/57\/2023\/03\/postQueueImg_1679293116.55.jpg","keywords":["Africa Press","Africa Press-Cameroun","Cameroun"],"articleSection":["Communaut\u00e9","Toutes les actualit\u00e9s"],"inLanguage":"fr-FR","potentialAction":[{"@type":"CommentAction","name":"Comment","target":["https:\/\/www.africa-press.net\/cameroun\/toutes-les-actualites\/1er-homme-daffaire-et-lun-des-1er-milliardaire-camerounais-voici-qui-etait-theodore-bella#respond"]}]},{"@type":"WebPage","@id":"https:\/\/www.africa-press.net\/cameroun\/toutes-les-actualites\/1er-homme-daffaire-et-lun-des-1er-milliardaire-camerounais-voici-qui-etait-theodore-bella","url":"https:\/\/www.africa-press.net\/cameroun\/toutes-les-actualites\/1er-homme-daffaire-et-lun-des-1er-milliardaire-camerounais-voici-qui-etait-theodore-bella","name":"1er homme d'affaire et l'un des 1er milliardaire camerounais: voici qui \u00e9tait Th\u00e9odore Bella - Cameroun","isPartOf":{"@id":"https:\/\/www.africa-press.net\/cameroun\/#website"},"primaryImageOfPage":{"@id":"https:\/\/www.africa-press.net\/cameroun\/toutes-les-actualites\/1er-homme-daffaire-et-lun-des-1er-milliardaire-camerounais-voici-qui-etait-theodore-bella#primaryimage"},"image":{"@id":"https:\/\/www.africa-press.net\/cameroun\/toutes-les-actualites\/1er-homme-daffaire-et-lun-des-1er-milliardaire-camerounais-voici-qui-etait-theodore-bella#primaryimage"},"thumbnailUrl":"https:\/\/static.africa-press.net\/cameroun\/sites\/57\/2023\/03\/postQueueImg_1679293116.55.jpg","datePublished":"2023-03-20T09:48:33+00:00","dateModified":"2023-03-20T10:05:03+00:00","author":{"@id":"https:\/\/www.africa-press.net\/cameroun\/#\/schema\/person\/2b1cf3cd81a31e3cd26889ca66d677f1"},"description":"Aujourd'hui, son nom, sa me\u0301moire et son he\u0301ritage ont e\u0301te\u0301 souille\u0301s par ses fils qui se de\u0301chirent pour son he\u0301ritage ...","breadcrumb":{"@id":"https:\/\/www.africa-press.net\/cameroun\/toutes-les-actualites\/1er-homme-daffaire-et-lun-des-1er-milliardaire-camerounais-voici-qui-etait-theodore-bella#breadcrumb"},"inLanguage":"fr-FR","potentialAction":[{"@type":"ReadAction","target":["https:\/\/www.africa-press.net\/cameroun\/toutes-les-actualites\/1er-homme-daffaire-et-lun-des-1er-milliardaire-camerounais-voici-qui-etait-theodore-bella"]}]},{"@type":"ImageObject","inLanguage":"fr-FR","@id":"https:\/\/www.africa-press.net\/cameroun\/toutes-les-actualites\/1er-homme-daffaire-et-lun-des-1er-milliardaire-camerounais-voici-qui-etait-theodore-bella#primaryimage","url":"https:\/\/static.africa-press.net\/cameroun\/sites\/57\/2023\/03\/postQueueImg_1679293116.55.jpg","contentUrl":"https:\/\/static.africa-press.net\/cameroun\/sites\/57\/2023\/03\/postQueueImg_1679293116.55.jpg","width":720,"height":360,"caption":"1er homme d'affaire et l'un des 1er milliardaire camerounais: voici qui \u00e9tait Th\u00e9odore Bella"},{"@type":"BreadcrumbList","@id":"https:\/\/www.africa-press.net\/cameroun\/toutes-les-actualites\/1er-homme-daffaire-et-lun-des-1er-milliardaire-camerounais-voici-qui-etait-theodore-bella#breadcrumb","itemListElement":[{"@type":"ListItem","position":1,"name":"Accueil","item":"https:\/\/www.africa-press.net\/cameroun\/"},{"@type":"ListItem","position":2,"name":"1er homme d&rsquo;affaire et l&rsquo;un des 1er milliardaire camerounais: voici qui \u00e9tait Th\u00e9odore Bella"}]},{"@type":"WebSite","@id":"https:\/\/www.africa-press.net\/cameroun\/#website","url":"https:\/\/www.africa-press.net\/cameroun\/","name":"Cameroun","description":"Just another Africa News Agency Sites site","potentialAction":[{"@type":"SearchAction","target":{"@type":"EntryPoint","urlTemplate":"https:\/\/www.africa-press.net\/cameroun\/?s={search_term_string}"},"query-input":{"@type":"PropertyValueSpecification","valueRequired":true,"valueName":"search_term_string"}}],"inLanguage":"fr-FR"},{"@type":"Person","@id":"https:\/\/www.africa-press.net\/cameroun\/#\/schema\/person\/2b1cf3cd81a31e3cd26889ca66d677f1","name":"cfeditorfr"}]}},"_links":{"self":[{"href":"https:\/\/www.africa-press.net\/cameroun\/wp-json\/wp\/v2\/posts\/39812","targetHints":{"allow":["GET"]}}],"collection":[{"href":"https:\/\/www.africa-press.net\/cameroun\/wp-json\/wp\/v2\/posts"}],"about":[{"href":"https:\/\/www.africa-press.net\/cameroun\/wp-json\/wp\/v2\/types\/post"}],"author":[{"embeddable":true,"href":"https:\/\/www.africa-press.net\/cameroun\/wp-json\/wp\/v2\/users\/82"}],"replies":[{"embeddable":true,"href":"https:\/\/www.africa-press.net\/cameroun\/wp-json\/wp\/v2\/comments?post=39812"}],"version-history":[{"count":0,"href":"https:\/\/www.africa-press.net\/cameroun\/wp-json\/wp\/v2\/posts\/39812\/revisions"}],"wp:featuredmedia":[{"embeddable":true,"href":"https:\/\/www.africa-press.net\/cameroun\/wp-json\/wp\/v2\/media\/39811"}],"wp:attachment":[{"href":"https:\/\/www.africa-press.net\/cameroun\/wp-json\/wp\/v2\/media?parent=39812"}],"wp:term":[{"taxonomy":"category","embeddable":true,"href":"https:\/\/www.africa-press.net\/cameroun\/wp-json\/wp\/v2\/categories?post=39812"},{"taxonomy":"post_tag","embeddable":true,"href":"https:\/\/www.africa-press.net\/cameroun\/wp-json\/wp\/v2\/tags?post=39812"}],"curies":[{"name":"wp","href":"https:\/\/api.w.org\/{rel}","templated":true}]}}