{"id":39829,"date":"2023-03-20T09:49:21","date_gmt":"2023-03-20T09:49:21","guid":{"rendered":"https:\/\/www.africa-press.net\/cameroun\/politique\/apres-le-sommet-de-la-cemac-le-cameroun-accueille-une-autre-rencontre-de-haut-niveau"},"modified":"2023-03-20T10:07:34","modified_gmt":"2023-03-20T10:07:34","slug":"apres-le-sommet-de-la-cemac-le-cameroun-accueille-une-autre-rencontre-de-haut-niveau","status":"publish","type":"post","link":"https:\/\/www.africa-press.net\/cameroun\/politique\/apres-le-sommet-de-la-cemac-le-cameroun-accueille-une-autre-rencontre-de-haut-niveau","title":{"rendered":"Apr\u00e8s le Sommet de la CEMAC, le Cameroun accueille une autre rencontre de haut niveau"},"content":{"rendered":"<p><span style=\"color: #ff6600\"><strong>Africa-Press &#8211; Cameroun. <\/strong><\/span>Le Cameroun venait d\u2019accueillir le Sommet des Chefs d\u2019Etat de la CEMAC, une re\u0301union a\u0300 l\u2019issue de laquelle, le pre\u0301sident centrafricain Archange Faustin Touadera a e\u0301te\u0301 e\u0301lu par ses pairs comme le nouveau pre\u0301sident en exercice de la Communaute\u0301.<\/p>\n<p>Apre\u0300s ce sommet, le Cameroun se pre\u0301pare a\u0300 accueillir un autre rendez-vous de taille. Il s\u2019agit de la 50e\u0300me session du conseil des ministres des affaires e\u0301trange\u0300res de l\u2019OCI.<\/p>\n<p>C\u2019est en substance ce qu\u2019il faut retenir de la 49e\u0300me session du Conseil des Ministe\u0300res des Affaires E\u0301trange\u0300res de l\u2019Organisation de la Coope\u0301ration Islamique (OCI) qui s\u2019est tenue du 16 au 17 mars 2023 a\u0300 Nouakchott, en Re\u0301publique Islamique de Mauritanie.<\/p>\n<p>Participant aux travaux de la 49e\u0300me CEMAE de l\u2019OCI pour le compte du Cameroun, S.E. MBAYU Fe\u0301lix, Ministre De\u0301le\u0301gue\u0301 aupre\u0300s du Ministre des Relations Exte\u0301rieures, a re\u0301ite\u0301re\u0301 dans sa de\u0301claration l\u2019engagement du Cameroun a\u0300 renforcer la coope\u0301ration, la solidarite\u0301 et le partenariat avec les E\u0301tats membres de l\u2019OCI, tout en saluant les initiatives de l\u2019Organisation d\u2019une part, dans la re\u0301solution des diffe\u0301rents conflits dans le monde musulman et d\u2019autre part, dans le renforcement de l\u2019action islamique commune.<\/p>\n<p>La 49e\u0300me session du CEMAE de l\u2019OCI a e\u0301te\u0301 ponctue\u0301e de plusieurs re\u0301unions de haut niveau notamment : une se\u0301ance ministe\u0301rielle de brainstorming dont l\u2019objectif e\u0301tait de discuter de la \u00ab lutte contre l\u2019extre\u0301misme violent \u00bb fle\u0301au qui mine plusieurs pays du monde entier dont le Cameroun.<\/p>\n<p>A\u0300 cet effet, S.E. MBAYU Fe\u0301lix a re\u0301ite\u0301re\u0301 l\u2019importance d\u2019adopter une se\u0301rie de mesures pre\u0301ventives afin d\u2019e\u0301radiquer les causes profondes de l\u2019extre\u0301misme et qui visent a\u0300 promouvoir l\u2019e\u0301ducation, la bonne gouvernance et la promotion des valeurs de paix et de coexistence pacifique.<\/p>\n<p><strong>Pour plus d&rsquo;informations et d&rsquo;analyses sur la <a href=\"https:\/\/www.africa-press.net\/cameroun\">Cameroun<\/a>, suivez <a href=\"https:\/\/www.africa-press.net\/\">Africa-Press<\/a><\/strong><\/p>\n","protected":false},"excerpt":{"rendered":"<p>Africa-Press &#8211; Cameroun. Le Cameroun venait d\u2019accueillir le Sommet des Chefs d\u2019Etat de la CEMAC, une re\u0301union a\u0300 l\u2019issue de laquelle, le pre\u0301sident centrafricain Archange Faustin Touadera a e\u0301te\u0301 e\u0301lu par ses pairs comme le nouveau pre\u0301sident en exercice de la Communaute\u0301. Apre\u0300s ce sommet, le Cameroun se pre\u0301pare a\u0300 accueillir un autre rendez-vous de [&hellip;]<\/p>\n","protected":false},"author":82,"featured_media":39827,"comment_status":"open","ping_status":"closed","sticky":false,"template":"","format":"standard","meta":{"footnotes":""},"categories":[2,10],"tags":[36,50,49],"class_list":["post-39829","post","type-post","status-publish","format-standard","has-post-thumbnail","hentry","category-politique","category-toutes-les-actualites","tag-africa-press","tag-africa-press-cameroun","tag-cameroun"],"yoast_head":"<!-- This site is optimized with the Yoast SEO Premium plugin v26.1 (Yoast SEO v27.0) - https:\/\/yoast.com\/product\/yoast-seo-premium-wordpress\/ -->\n<title>Apr\u00e8s le Sommet de la CEMAC, le Cameroun accueille une autre rencontre de haut niveau - Cameroun<\/title>\n<meta name=\"description\" content=\"Le Cameroun venait d\u2019accueillir le Sommet des Chefs d\u2019Etat de la CEMAC, une re\u0301union a\u0300 l\u2019issue de laquelle, le pre\u0301side ...\" \/>\n<meta name=\"robots\" content=\"index, follow, max-snippet:-1, max-image-preview:large, max-video-preview:-1\" \/>\n<link rel=\"canonical\" href=\"https:\/\/www.africa-press.net\/cameroun\/politique\/apres-le-sommet-de-la-cemac-le-cameroun-accueille-une-autre-rencontre-de-haut-niveau\" \/>\n<meta property=\"og:locale\" content=\"fr_FR\" \/>\n<meta property=\"og:type\" content=\"article\" \/>\n<meta property=\"og:title\" content=\"Apr\u00e8s le Sommet de la CEMAC, le Cameroun accueille une autre rencontre de haut niveau\" \/>\n<meta property=\"og:description\" content=\"Le Cameroun venait d\u2019accueillir le Sommet des Chefs d\u2019Etat de la CEMAC, une re\u0301union a\u0300 l\u2019issue de laquelle, le pre\u0301side ...\" \/>\n<meta property=\"og:url\" content=\"https:\/\/www.africa-press.net\/cameroun\/politique\/apres-le-sommet-de-la-cemac-le-cameroun-accueille-une-autre-rencontre-de-haut-niveau\" \/>\n<meta property=\"og:site_name\" content=\"Cameroun\" \/>\n<meta property=\"article:published_time\" content=\"2023-03-20T09:49:21+00:00\" \/>\n<meta property=\"article:modified_time\" content=\"2023-03-20T10:07:34+00:00\" \/>\n<meta property=\"og:image\" content=\"https:\/\/static.africa-press.net\/cameroun\/sites\/57\/2023\/03\/postQueueImg_1679293173.01.jpg\" \/>\n\t<meta property=\"og:image:width\" content=\"720\" \/>\n\t<meta property=\"og:image:height\" content=\"404\" \/>\n\t<meta property=\"og:image:type\" content=\"image\/jpeg\" \/>\n<meta name=\"author\" content=\"cfeditorfr\" \/>\n<meta name=\"twitter:card\" content=\"summary_large_image\" \/>\n<meta name=\"twitter:label1\" content=\"\u00c9crit par\" \/>\n\t<meta name=\"twitter:data1\" content=\"cfeditorfr\" \/>\n\t<meta name=\"twitter:label2\" content=\"Dur\u00e9e de lecture estim\u00e9e\" \/>\n\t<meta name=\"twitter:data2\" content=\"2 minutes\" \/>\n<script type=\"application\/ld+json\" class=\"yoast-schema-graph\">{\"@context\":\"https:\/\/schema.org\",\"@graph\":[{\"@type\":\"Article\",\"@id\":\"https:\/\/www.africa-press.net\/cameroun\/politique\/apres-le-sommet-de-la-cemac-le-cameroun-accueille-une-autre-rencontre-de-haut-niveau#article\",\"isPartOf\":{\"@id\":\"https:\/\/www.africa-press.net\/cameroun\/politique\/apres-le-sommet-de-la-cemac-le-cameroun-accueille-une-autre-rencontre-de-haut-niveau\"},\"author\":{\"name\":\"cfeditorfr\",\"@id\":\"https:\/\/www.africa-press.net\/cameroun\/#\/schema\/person\/2b1cf3cd81a31e3cd26889ca66d677f1\"},\"headline\":\"Apr\u00e8s le Sommet de la CEMAC, le Cameroun accueille une autre rencontre de haut niveau\",\"datePublished\":\"2023-03-20T09:49:21+00:00\",\"dateModified\":\"2023-03-20T10:07:34+00:00\",\"mainEntityOfPage\":{\"@id\":\"https:\/\/www.africa-press.net\/cameroun\/politique\/apres-le-sommet-de-la-cemac-le-cameroun-accueille-une-autre-rencontre-de-haut-niveau\"},\"wordCount\":372,\"commentCount\":0,\"image\":{\"@id\":\"https:\/\/www.africa-press.net\/cameroun\/politique\/apres-le-sommet-de-la-cemac-le-cameroun-accueille-une-autre-rencontre-de-haut-niveau#primaryimage\"},\"thumbnailUrl\":\"https:\/\/static.africa-press.net\/cameroun\/sites\/57\/2023\/03\/postQueueImg_1679293173.01.jpg\",\"keywords\":[\"Africa Press\",\"Africa Press-Cameroun\",\"Cameroun\"],\"articleSection\":[\"Politique\",\"Toutes les actualit\u00e9s\"],\"inLanguage\":\"fr-FR\",\"potentialAction\":[{\"@type\":\"CommentAction\",\"name\":\"Comment\",\"target\":[\"https:\/\/www.africa-press.net\/cameroun\/politique\/apres-le-sommet-de-la-cemac-le-cameroun-accueille-une-autre-rencontre-de-haut-niveau#respond\"]}]},{\"@type\":\"WebPage\",\"@id\":\"https:\/\/www.africa-press.net\/cameroun\/politique\/apres-le-sommet-de-la-cemac-le-cameroun-accueille-une-autre-rencontre-de-haut-niveau\",\"url\":\"https:\/\/www.africa-press.net\/cameroun\/politique\/apres-le-sommet-de-la-cemac-le-cameroun-accueille-une-autre-rencontre-de-haut-niveau\",\"name\":\"Apr\u00e8s le Sommet de la CEMAC, le Cameroun accueille une autre rencontre de haut niveau - Cameroun\",\"isPartOf\":{\"@id\":\"https:\/\/www.africa-press.net\/cameroun\/#website\"},\"primaryImageOfPage\":{\"@id\":\"https:\/\/www.africa-press.net\/cameroun\/politique\/apres-le-sommet-de-la-cemac-le-cameroun-accueille-une-autre-rencontre-de-haut-niveau#primaryimage\"},\"image\":{\"@id\":\"https:\/\/www.africa-press.net\/cameroun\/politique\/apres-le-sommet-de-la-cemac-le-cameroun-accueille-une-autre-rencontre-de-haut-niveau#primaryimage\"},\"thumbnailUrl\":\"https:\/\/static.africa-press.net\/cameroun\/sites\/57\/2023\/03\/postQueueImg_1679293173.01.jpg\",\"datePublished\":\"2023-03-20T09:49:21+00:00\",\"dateModified\":\"2023-03-20T10:07:34+00:00\",\"author\":{\"@id\":\"https:\/\/www.africa-press.net\/cameroun\/#\/schema\/person\/2b1cf3cd81a31e3cd26889ca66d677f1\"},\"description\":\"Le Cameroun venait d\u2019accueillir le Sommet des Chefs d\u2019Etat de la CEMAC, une re\u0301union a\u0300 l\u2019issue de laquelle, le pre\u0301side ...\",\"breadcrumb\":{\"@id\":\"https:\/\/www.africa-press.net\/cameroun\/politique\/apres-le-sommet-de-la-cemac-le-cameroun-accueille-une-autre-rencontre-de-haut-niveau#breadcrumb\"},\"inLanguage\":\"fr-FR\",\"potentialAction\":[{\"@type\":\"ReadAction\",\"target\":[\"https:\/\/www.africa-press.net\/cameroun\/politique\/apres-le-sommet-de-la-cemac-le-cameroun-accueille-une-autre-rencontre-de-haut-niveau\"]}]},{\"@type\":\"ImageObject\",\"inLanguage\":\"fr-FR\",\"@id\":\"https:\/\/www.africa-press.net\/cameroun\/politique\/apres-le-sommet-de-la-cemac-le-cameroun-accueille-une-autre-rencontre-de-haut-niveau#primaryimage\",\"url\":\"https:\/\/static.africa-press.net\/cameroun\/sites\/57\/2023\/03\/postQueueImg_1679293173.01.jpg\",\"contentUrl\":\"https:\/\/static.africa-press.net\/cameroun\/sites\/57\/2023\/03\/postQueueImg_1679293173.01.jpg\",\"width\":720,\"height\":404,\"caption\":\"Apr\u00e8s le Sommet de la CEMAC, le Cameroun accueille une autre rencontre de haut niveau\"},{\"@type\":\"BreadcrumbList\",\"@id\":\"https:\/\/www.africa-press.net\/cameroun\/politique\/apres-le-sommet-de-la-cemac-le-cameroun-accueille-une-autre-rencontre-de-haut-niveau#breadcrumb\",\"itemListElement\":[{\"@type\":\"ListItem\",\"position\":1,\"name\":\"Accueil\",\"item\":\"https:\/\/www.africa-press.net\/cameroun\/\"},{\"@type\":\"ListItem\",\"position\":2,\"name\":\"Apr\u00e8s le Sommet de la CEMAC, le Cameroun accueille une autre rencontre de haut niveau\"}]},{\"@type\":\"WebSite\",\"@id\":\"https:\/\/www.africa-press.net\/cameroun\/#website\",\"url\":\"https:\/\/www.africa-press.net\/cameroun\/\",\"name\":\"Cameroun\",\"description\":\"Just another Africa News Agency Sites site\",\"potentialAction\":[{\"@type\":\"SearchAction\",\"target\":{\"@type\":\"EntryPoint\",\"urlTemplate\":\"https:\/\/www.africa-press.net\/cameroun\/?s={search_term_string}\"},\"query-input\":{\"@type\":\"PropertyValueSpecification\",\"valueRequired\":true,\"valueName\":\"search_term_string\"}}],\"inLanguage\":\"fr-FR\"},{\"@type\":\"Person\",\"@id\":\"https:\/\/www.africa-press.net\/cameroun\/#\/schema\/person\/2b1cf3cd81a31e3cd26889ca66d677f1\",\"name\":\"cfeditorfr\"}]}<\/script>\n<!-- \/ Yoast SEO Premium plugin. -->","yoast_head_json":{"title":"Apr\u00e8s le Sommet de la CEMAC, le Cameroun accueille une autre rencontre de haut niveau - Cameroun","description":"Le Cameroun venait d\u2019accueillir le Sommet des Chefs d\u2019Etat de la CEMAC, une re\u0301union a\u0300 l\u2019issue de laquelle, le pre\u0301side ...","robots":{"index":"index","follow":"follow","max-snippet":"max-snippet:-1","max-image-preview":"max-image-preview:large","max-video-preview":"max-video-preview:-1"},"canonical":"https:\/\/www.africa-press.net\/cameroun\/politique\/apres-le-sommet-de-la-cemac-le-cameroun-accueille-une-autre-rencontre-de-haut-niveau","og_locale":"fr_FR","og_type":"article","og_title":"Apr\u00e8s le Sommet de la CEMAC, le Cameroun accueille une autre rencontre de haut niveau","og_description":"Le Cameroun venait d\u2019accueillir le Sommet des Chefs d\u2019Etat de la CEMAC, une re\u0301union a\u0300 l\u2019issue de laquelle, le pre\u0301side ...","og_url":"https:\/\/www.africa-press.net\/cameroun\/politique\/apres-le-sommet-de-la-cemac-le-cameroun-accueille-une-autre-rencontre-de-haut-niveau","og_site_name":"Cameroun","article_published_time":"2023-03-20T09:49:21+00:00","article_modified_time":"2023-03-20T10:07:34+00:00","og_image":[{"width":720,"height":404,"url":"https:\/\/static.africa-press.net\/cameroun\/sites\/57\/2023\/03\/postQueueImg_1679293173.01.jpg","type":"image\/jpeg"}],"author":"cfeditorfr","twitter_card":"summary_large_image","twitter_misc":{"\u00c9crit par":"cfeditorfr","Dur\u00e9e de lecture estim\u00e9e":"2 minutes"},"schema":{"@context":"https:\/\/schema.org","@graph":[{"@type":"Article","@id":"https:\/\/www.africa-press.net\/cameroun\/politique\/apres-le-sommet-de-la-cemac-le-cameroun-accueille-une-autre-rencontre-de-haut-niveau#article","isPartOf":{"@id":"https:\/\/www.africa-press.net\/cameroun\/politique\/apres-le-sommet-de-la-cemac-le-cameroun-accueille-une-autre-rencontre-de-haut-niveau"},"author":{"name":"cfeditorfr","@id":"https:\/\/www.africa-press.net\/cameroun\/#\/schema\/person\/2b1cf3cd81a31e3cd26889ca66d677f1"},"headline":"Apr\u00e8s le Sommet de la CEMAC, le Cameroun accueille une autre rencontre de haut niveau","datePublished":"2023-03-20T09:49:21+00:00","dateModified":"2023-03-20T10:07:34+00:00","mainEntityOfPage":{"@id":"https:\/\/www.africa-press.net\/cameroun\/politique\/apres-le-sommet-de-la-cemac-le-cameroun-accueille-une-autre-rencontre-de-haut-niveau"},"wordCount":372,"commentCount":0,"image":{"@id":"https:\/\/www.africa-press.net\/cameroun\/politique\/apres-le-sommet-de-la-cemac-le-cameroun-accueille-une-autre-rencontre-de-haut-niveau#primaryimage"},"thumbnailUrl":"https:\/\/static.africa-press.net\/cameroun\/sites\/57\/2023\/03\/postQueueImg_1679293173.01.jpg","keywords":["Africa Press","Africa Press-Cameroun","Cameroun"],"articleSection":["Politique","Toutes les actualit\u00e9s"],"inLanguage":"fr-FR","potentialAction":[{"@type":"CommentAction","name":"Comment","target":["https:\/\/www.africa-press.net\/cameroun\/politique\/apres-le-sommet-de-la-cemac-le-cameroun-accueille-une-autre-rencontre-de-haut-niveau#respond"]}]},{"@type":"WebPage","@id":"https:\/\/www.africa-press.net\/cameroun\/politique\/apres-le-sommet-de-la-cemac-le-cameroun-accueille-une-autre-rencontre-de-haut-niveau","url":"https:\/\/www.africa-press.net\/cameroun\/politique\/apres-le-sommet-de-la-cemac-le-cameroun-accueille-une-autre-rencontre-de-haut-niveau","name":"Apr\u00e8s le Sommet de la CEMAC, le Cameroun accueille une autre rencontre de haut niveau - Cameroun","isPartOf":{"@id":"https:\/\/www.africa-press.net\/cameroun\/#website"},"primaryImageOfPage":{"@id":"https:\/\/www.africa-press.net\/cameroun\/politique\/apres-le-sommet-de-la-cemac-le-cameroun-accueille-une-autre-rencontre-de-haut-niveau#primaryimage"},"image":{"@id":"https:\/\/www.africa-press.net\/cameroun\/politique\/apres-le-sommet-de-la-cemac-le-cameroun-accueille-une-autre-rencontre-de-haut-niveau#primaryimage"},"thumbnailUrl":"https:\/\/static.africa-press.net\/cameroun\/sites\/57\/2023\/03\/postQueueImg_1679293173.01.jpg","datePublished":"2023-03-20T09:49:21+00:00","dateModified":"2023-03-20T10:07:34+00:00","author":{"@id":"https:\/\/www.africa-press.net\/cameroun\/#\/schema\/person\/2b1cf3cd81a31e3cd26889ca66d677f1"},"description":"Le Cameroun venait d\u2019accueillir le Sommet des Chefs d\u2019Etat de la CEMAC, une re\u0301union a\u0300 l\u2019issue de laquelle, le pre\u0301side ...","breadcrumb":{"@id":"https:\/\/www.africa-press.net\/cameroun\/politique\/apres-le-sommet-de-la-cemac-le-cameroun-accueille-une-autre-rencontre-de-haut-niveau#breadcrumb"},"inLanguage":"fr-FR","potentialAction":[{"@type":"ReadAction","target":["https:\/\/www.africa-press.net\/cameroun\/politique\/apres-le-sommet-de-la-cemac-le-cameroun-accueille-une-autre-rencontre-de-haut-niveau"]}]},{"@type":"ImageObject","inLanguage":"fr-FR","@id":"https:\/\/www.africa-press.net\/cameroun\/politique\/apres-le-sommet-de-la-cemac-le-cameroun-accueille-une-autre-rencontre-de-haut-niveau#primaryimage","url":"https:\/\/static.africa-press.net\/cameroun\/sites\/57\/2023\/03\/postQueueImg_1679293173.01.jpg","contentUrl":"https:\/\/static.africa-press.net\/cameroun\/sites\/57\/2023\/03\/postQueueImg_1679293173.01.jpg","width":720,"height":404,"caption":"Apr\u00e8s le Sommet de la CEMAC, le Cameroun accueille une autre rencontre de haut niveau"},{"@type":"BreadcrumbList","@id":"https:\/\/www.africa-press.net\/cameroun\/politique\/apres-le-sommet-de-la-cemac-le-cameroun-accueille-une-autre-rencontre-de-haut-niveau#breadcrumb","itemListElement":[{"@type":"ListItem","position":1,"name":"Accueil","item":"https:\/\/www.africa-press.net\/cameroun\/"},{"@type":"ListItem","position":2,"name":"Apr\u00e8s le Sommet de la CEMAC, le Cameroun accueille une autre rencontre de haut niveau"}]},{"@type":"WebSite","@id":"https:\/\/www.africa-press.net\/cameroun\/#website","url":"https:\/\/www.africa-press.net\/cameroun\/","name":"Cameroun","description":"Just another Africa News Agency Sites site","potentialAction":[{"@type":"SearchAction","target":{"@type":"EntryPoint","urlTemplate":"https:\/\/www.africa-press.net\/cameroun\/?s={search_term_string}"},"query-input":{"@type":"PropertyValueSpecification","valueRequired":true,"valueName":"search_term_string"}}],"inLanguage":"fr-FR"},{"@type":"Person","@id":"https:\/\/www.africa-press.net\/cameroun\/#\/schema\/person\/2b1cf3cd81a31e3cd26889ca66d677f1","name":"cfeditorfr"}]}},"_links":{"self":[{"href":"https:\/\/www.africa-press.net\/cameroun\/wp-json\/wp\/v2\/posts\/39829","targetHints":{"allow":["GET"]}}],"collection":[{"href":"https:\/\/www.africa-press.net\/cameroun\/wp-json\/wp\/v2\/posts"}],"about":[{"href":"https:\/\/www.africa-press.net\/cameroun\/wp-json\/wp\/v2\/types\/post"}],"author":[{"embeddable":true,"href":"https:\/\/www.africa-press.net\/cameroun\/wp-json\/wp\/v2\/users\/82"}],"replies":[{"embeddable":true,"href":"https:\/\/www.africa-press.net\/cameroun\/wp-json\/wp\/v2\/comments?post=39829"}],"version-history":[{"count":0,"href":"https:\/\/www.africa-press.net\/cameroun\/wp-json\/wp\/v2\/posts\/39829\/revisions"}],"wp:featuredmedia":[{"embeddable":true,"href":"https:\/\/www.africa-press.net\/cameroun\/wp-json\/wp\/v2\/media\/39827"}],"wp:attachment":[{"href":"https:\/\/www.africa-press.net\/cameroun\/wp-json\/wp\/v2\/media?parent=39829"}],"wp:term":[{"taxonomy":"category","embeddable":true,"href":"https:\/\/www.africa-press.net\/cameroun\/wp-json\/wp\/v2\/categories?post=39829"},{"taxonomy":"post_tag","embeddable":true,"href":"https:\/\/www.africa-press.net\/cameroun\/wp-json\/wp\/v2\/tags?post=39829"}],"curies":[{"name":"wp","href":"https:\/\/api.w.org\/{rel}","templated":true}]}}