{"id":39838,"date":"2023-03-20T09:50:41","date_gmt":"2023-03-20T09:50:41","guid":{"rendered":"https:\/\/www.africa-press.net\/cameroun\/politique\/inaptitude-de-biya-details-tres-precis-sur-les-magnats-qui-dirigent-officieusement-le-pays"},"modified":"2023-03-20T10:10:03","modified_gmt":"2023-03-20T10:10:03","slug":"inaptitude-de-biya-details-tres-precis-sur-les-magnats-qui-dirigent-officieusement-le-pays","status":"publish","type":"post","link":"https:\/\/www.africa-press.net\/cameroun\/politique\/inaptitude-de-biya-details-tres-precis-sur-les-magnats-qui-dirigent-officieusement-le-pays","title":{"rendered":"Inaptitude de Biya : d\u00e9tails tr\u00e8s pr\u00e9cis sur les magnats qui dirigent officieusement le pays"},"content":{"rendered":"<p><span style=\"color: #ff6600\"><strong>Africa-Press &#8211; Cameroun. <\/strong><\/span>Officiellement, c\u2019est le pre\u0301sident du parti au pouvoir (RDPC) Paul Biya aujourd\u2019hui a\u0302ge\u0301 de quatre-vingt-dix (90) ans. Mais officieusement, il y a des hommes rompus a\u0300 la ta\u0302che qui tirent les ficelles depuis des anne\u0301es maintenant au sommet de l\u2019E\u0301tat, surtout que le leader e\u0301lu est devenu vieux et moins actif que lorsqu\u2019il e\u0301tait de\u0301bordant d\u2019e\u0301nergie. Alors on peut se demander qui gouverne la chose publique et comment cette gestion est-elle faite. Le tre\u0300s renseigne\u0301 activiste Jorel Jacques Zang donne des e\u0301le\u0301ments de re\u0301ponses tre\u0300s inte\u0301ressants.<\/p>\n<p>\u00ab Quand certains Ekang disent qu&rsquo;ils ont le pouvoir ou que certains bamile\u0301ke\u0301s estiment que le pouvoir appartient aux Ekang, c\u0327a me fait bien rire. La re\u0301alite\u0301 c&rsquo;est qu&rsquo;aucune tribu au Cameroun n&rsquo;a le pouvoir mais en revanche des individus de plusieurs tribus ont le pouvoir.<\/p>\n<p>Avoir le pouvoir c&rsquo;est e\u0302tre en mesure de faire bouger les lignes et faire la diffe\u0301rence et je peux vous affirmer que contrairement a\u0300 la pense\u0301e populaire les Ekang n&rsquo;ont aucun pouvoir (de\u0301ja\u0300 la re\u0301gion la plus sous-de\u0301veloppe\u0301e au Cameroun c&rsquo;est celle du sud ou\u0300 il y a des endroits qui n&rsquo;ont jamais vu le courant depuis toujours).<\/p>\n<p>De\u0301ja\u0300 avoir le pouvoir ne veut pas dire e\u0302tre originaire de la re\u0301gion du pre\u0301sident, ne veut pas dire avoir la moitie\u0301 sinon la quasi-totalite\u0301 des postes de de\u0301cisions. La zone la plus urbanise\u0301e au Cameroun c&rsquo;est l&rsquo;Ouest Cameroun (vous avez le goudron me\u0302me dans les villages les plus recule\u0301s).<\/p>\n<p>La zone la plus e\u0301lectrifie\u0301e du Cameroun, c&rsquo;est toujours l&rsquo;Ouest Cameroun. La zone la plus de\u0301centralise\u0301e par le pouvoir est encore l&rsquo;Ouest Cameroun.<\/p>\n<p>La zone la plus culturelle du Cameroun c&rsquo;est encore l&rsquo;Ouest Cameroun. La zone ou\u0300 vous retrouvez le plus grand nombre de milliardaires dont une bonne partie ont toujours be\u0301ne\u0301ficie\u0301 des me\u0302mes lignes budge\u0301taires que Bolingo sont de l&rsquo;Ouest Cameroun.<\/p>\n<p>Et qui donne acce\u0300s ces lignes budge\u0301taires a\u0300 une bonne partie des milliardaires de l&rsquo;Ouest et autres. C&rsquo;est encore des ministres Ekang (pour que vous comprenez vous les tribalistes Ekang et bamile\u0301ke\u0301s et \u00ab\u00a0tous vos colle\u0300gues\u00a0\u00bb une bonne fois pour toute que le tribalisme que vous aimez la\u0300 c&rsquo;est \u00ab\u00a0entre vous le bas peuple\u00a0\u00bb car en haut dans les sphe\u0300res de de\u0301cision les me\u0302mes Ekang et les me\u0302mes bamile\u0301ke\u0301s boivent le champagne ensemble tout en s&rsquo;en foutant de vous le peuple).<\/p>\n<p>C\u2019est pour vous dire que le Cameroun est dirige\u0301 par un groupuscule de puissantes familles et de privile\u0301gie\u0301s depuis des de\u0301cennies et cela de ge\u0301ne\u0301rations en ge\u0301ne\u0301rations. Aucune tribu n&rsquo;a le pouvoir au Cameroun, je dis bien aucune.<\/p>\n<p>Et si bien me\u0302me on doit aller dans la logique de \u00ab\u00a0tribu\u00a0\u00bb qui aurait le pouvoir au Cameroun, ce serait dans la capacite\u0301 de celle-ci a\u0300 \u00ab\u00a0s&rsquo;autonomiser en dehors du re\u0301gime\u00a0\u00bb et dans cette posture, ce serait les bamile\u0301ke\u0301s qui ont le pouvoir.<\/p>\n<p>Pourquoi je le dis. Simplement parce que de manie\u0300re ge\u0301ne\u0301rale c&rsquo;est un peuple travailleur (que ce soit dans le faux comme dans le vrai). Ce sont des personnes qui arrivent a\u0300 \u00ab\u00a0se de\u0301brouiller inde\u0301pendamment\u00a0\u00bb du pouvoir et c&rsquo;est d&rsquo;ailleurs la raison pour laquelle c&rsquo;est eux qui de\u0301tiennent le pouvoir e\u0301conomique du pouvoir.<\/p>\n<p>En conclusion, le tribalisme est une arme forte et puissante utilise\u0301e par un groupuscule de dirigeants de diffe\u0301rentes tribus pour mieux contro\u0302ler et diriger le bas peuple. Ces dirigeants qui sont unis et solidaires autour de leurs seuls inte\u0301re\u0302ts utilisent le tribalisme pour vous diviser davantage en vous cognant les te\u0302tes car le jour ou\u0300 vous serez unis vous les Camerounais ce re\u0301gime ne pourra plus rien faire contre vous et tombera. Donc arre\u0302tez d&rsquo;e\u0302tre be\u0302tes.<\/p>\n<p><strong>Pour plus d&rsquo;informations et d&rsquo;analyses sur la <a href=\"https:\/\/www.africa-press.net\/cameroun\">Cameroun<\/a>, suivez <a href=\"https:\/\/www.africa-press.net\/\">Africa-Press<\/a><\/strong><\/p>\n","protected":false},"excerpt":{"rendered":"<p>Africa-Press &#8211; Cameroun. Officiellement, c\u2019est le pre\u0301sident du parti au pouvoir (RDPC) Paul Biya aujourd\u2019hui a\u0302ge\u0301 de quatre-vingt-dix (90) ans. Mais officieusement, il y a des hommes rompus a\u0300 la ta\u0302che qui tirent les ficelles depuis des anne\u0301es maintenant au sommet de l\u2019E\u0301tat, surtout que le leader e\u0301lu est devenu vieux et moins actif que [&hellip;]<\/p>\n","protected":false},"author":82,"featured_media":39836,"comment_status":"open","ping_status":"closed","sticky":false,"template":"","format":"standard","meta":{"footnotes":""},"categories":[2,10],"tags":[36,50,49],"class_list":["post-39838","post","type-post","status-publish","format-standard","has-post-thumbnail","hentry","category-politique","category-toutes-les-actualites","tag-africa-press","tag-africa-press-cameroun","tag-cameroun"],"yoast_head":"<!-- This site is optimized with the Yoast SEO Premium plugin v26.1 (Yoast SEO v27.0) - https:\/\/yoast.com\/product\/yoast-seo-premium-wordpress\/ -->\n<title>Inaptitude de Biya : d\u00e9tails tr\u00e8s pr\u00e9cis sur les magnats qui dirigent officieusement le pays - Cameroun<\/title>\n<meta name=\"description\" content=\"Officiellement, c\u2019est le pre\u0301sident du parti au pouvoir (RDPC) Paul Biya aujourd\u2019hui a\u0302ge\u0301 de quatre-vingt-dix (90) ans. ...\" \/>\n<meta name=\"robots\" content=\"index, follow, max-snippet:-1, max-image-preview:large, max-video-preview:-1\" \/>\n<link rel=\"canonical\" href=\"https:\/\/www.africa-press.net\/cameroun\/politique\/inaptitude-de-biya-details-tres-precis-sur-les-magnats-qui-dirigent-officieusement-le-pays\" \/>\n<meta property=\"og:locale\" content=\"fr_FR\" \/>\n<meta property=\"og:type\" content=\"article\" \/>\n<meta property=\"og:title\" content=\"Inaptitude de Biya : d\u00e9tails tr\u00e8s pr\u00e9cis sur les magnats qui dirigent officieusement le pays\" \/>\n<meta property=\"og:description\" content=\"Officiellement, c\u2019est le pre\u0301sident du parti au pouvoir (RDPC) Paul Biya aujourd\u2019hui a\u0302ge\u0301 de quatre-vingt-dix (90) ans. ...\" \/>\n<meta property=\"og:url\" content=\"https:\/\/www.africa-press.net\/cameroun\/politique\/inaptitude-de-biya-details-tres-precis-sur-les-magnats-qui-dirigent-officieusement-le-pays\" \/>\n<meta property=\"og:site_name\" content=\"Cameroun\" \/>\n<meta property=\"article:published_time\" content=\"2023-03-20T09:50:41+00:00\" \/>\n<meta property=\"article:modified_time\" content=\"2023-03-20T10:10:03+00:00\" \/>\n<meta property=\"og:image\" content=\"https:\/\/static.africa-press.net\/cameroun\/sites\/57\/2023\/03\/postQueueImg_1679293257.84.jpg\" \/>\n\t<meta property=\"og:image:width\" content=\"720\" \/>\n\t<meta property=\"og:image:height\" content=\"480\" \/>\n\t<meta property=\"og:image:type\" content=\"image\/jpeg\" \/>\n<meta name=\"author\" content=\"cfeditorfr\" \/>\n<meta name=\"twitter:card\" content=\"summary_large_image\" \/>\n<meta name=\"twitter:label1\" content=\"\u00c9crit par\" \/>\n\t<meta name=\"twitter:data1\" content=\"cfeditorfr\" \/>\n\t<meta name=\"twitter:label2\" content=\"Dur\u00e9e de lecture estim\u00e9e\" \/>\n\t<meta name=\"twitter:data2\" content=\"3 minutes\" \/>\n<script type=\"application\/ld+json\" class=\"yoast-schema-graph\">{\"@context\":\"https:\/\/schema.org\",\"@graph\":[{\"@type\":\"Article\",\"@id\":\"https:\/\/www.africa-press.net\/cameroun\/politique\/inaptitude-de-biya-details-tres-precis-sur-les-magnats-qui-dirigent-officieusement-le-pays#article\",\"isPartOf\":{\"@id\":\"https:\/\/www.africa-press.net\/cameroun\/politique\/inaptitude-de-biya-details-tres-precis-sur-les-magnats-qui-dirigent-officieusement-le-pays\"},\"author\":{\"name\":\"cfeditorfr\",\"@id\":\"https:\/\/www.africa-press.net\/cameroun\/#\/schema\/person\/2b1cf3cd81a31e3cd26889ca66d677f1\"},\"headline\":\"Inaptitude de Biya : d\u00e9tails tr\u00e8s pr\u00e9cis sur les magnats qui dirigent officieusement le pays\",\"datePublished\":\"2023-03-20T09:50:41+00:00\",\"dateModified\":\"2023-03-20T10:10:03+00:00\",\"mainEntityOfPage\":{\"@id\":\"https:\/\/www.africa-press.net\/cameroun\/politique\/inaptitude-de-biya-details-tres-precis-sur-les-magnats-qui-dirigent-officieusement-le-pays\"},\"wordCount\":736,\"commentCount\":0,\"image\":{\"@id\":\"https:\/\/www.africa-press.net\/cameroun\/politique\/inaptitude-de-biya-details-tres-precis-sur-les-magnats-qui-dirigent-officieusement-le-pays#primaryimage\"},\"thumbnailUrl\":\"https:\/\/static.africa-press.net\/cameroun\/sites\/57\/2023\/03\/postQueueImg_1679293257.84.jpg\",\"keywords\":[\"Africa Press\",\"Africa Press-Cameroun\",\"Cameroun\"],\"articleSection\":[\"Politique\",\"Toutes les actualit\u00e9s\"],\"inLanguage\":\"fr-FR\",\"potentialAction\":[{\"@type\":\"CommentAction\",\"name\":\"Comment\",\"target\":[\"https:\/\/www.africa-press.net\/cameroun\/politique\/inaptitude-de-biya-details-tres-precis-sur-les-magnats-qui-dirigent-officieusement-le-pays#respond\"]}]},{\"@type\":\"WebPage\",\"@id\":\"https:\/\/www.africa-press.net\/cameroun\/politique\/inaptitude-de-biya-details-tres-precis-sur-les-magnats-qui-dirigent-officieusement-le-pays\",\"url\":\"https:\/\/www.africa-press.net\/cameroun\/politique\/inaptitude-de-biya-details-tres-precis-sur-les-magnats-qui-dirigent-officieusement-le-pays\",\"name\":\"Inaptitude de Biya : d\u00e9tails tr\u00e8s pr\u00e9cis sur les magnats qui dirigent officieusement le pays - Cameroun\",\"isPartOf\":{\"@id\":\"https:\/\/www.africa-press.net\/cameroun\/#website\"},\"primaryImageOfPage\":{\"@id\":\"https:\/\/www.africa-press.net\/cameroun\/politique\/inaptitude-de-biya-details-tres-precis-sur-les-magnats-qui-dirigent-officieusement-le-pays#primaryimage\"},\"image\":{\"@id\":\"https:\/\/www.africa-press.net\/cameroun\/politique\/inaptitude-de-biya-details-tres-precis-sur-les-magnats-qui-dirigent-officieusement-le-pays#primaryimage\"},\"thumbnailUrl\":\"https:\/\/static.africa-press.net\/cameroun\/sites\/57\/2023\/03\/postQueueImg_1679293257.84.jpg\",\"datePublished\":\"2023-03-20T09:50:41+00:00\",\"dateModified\":\"2023-03-20T10:10:03+00:00\",\"author\":{\"@id\":\"https:\/\/www.africa-press.net\/cameroun\/#\/schema\/person\/2b1cf3cd81a31e3cd26889ca66d677f1\"},\"description\":\"Officiellement, c\u2019est le pre\u0301sident du parti au pouvoir (RDPC) Paul Biya aujourd\u2019hui a\u0302ge\u0301 de quatre-vingt-dix (90) ans. ...\",\"breadcrumb\":{\"@id\":\"https:\/\/www.africa-press.net\/cameroun\/politique\/inaptitude-de-biya-details-tres-precis-sur-les-magnats-qui-dirigent-officieusement-le-pays#breadcrumb\"},\"inLanguage\":\"fr-FR\",\"potentialAction\":[{\"@type\":\"ReadAction\",\"target\":[\"https:\/\/www.africa-press.net\/cameroun\/politique\/inaptitude-de-biya-details-tres-precis-sur-les-magnats-qui-dirigent-officieusement-le-pays\"]}]},{\"@type\":\"ImageObject\",\"inLanguage\":\"fr-FR\",\"@id\":\"https:\/\/www.africa-press.net\/cameroun\/politique\/inaptitude-de-biya-details-tres-precis-sur-les-magnats-qui-dirigent-officieusement-le-pays#primaryimage\",\"url\":\"https:\/\/static.africa-press.net\/cameroun\/sites\/57\/2023\/03\/postQueueImg_1679293257.84.jpg\",\"contentUrl\":\"https:\/\/static.africa-press.net\/cameroun\/sites\/57\/2023\/03\/postQueueImg_1679293257.84.jpg\",\"width\":720,\"height\":480,\"caption\":\"Inaptitude de Biya : d\u00e9tails tr\u00e8s pr\u00e9cis sur les magnats qui dirigent officieusement le pays\"},{\"@type\":\"BreadcrumbList\",\"@id\":\"https:\/\/www.africa-press.net\/cameroun\/politique\/inaptitude-de-biya-details-tres-precis-sur-les-magnats-qui-dirigent-officieusement-le-pays#breadcrumb\",\"itemListElement\":[{\"@type\":\"ListItem\",\"position\":1,\"name\":\"Accueil\",\"item\":\"https:\/\/www.africa-press.net\/cameroun\/\"},{\"@type\":\"ListItem\",\"position\":2,\"name\":\"Inaptitude de Biya : d\u00e9tails tr\u00e8s pr\u00e9cis sur les magnats qui dirigent officieusement le pays\"}]},{\"@type\":\"WebSite\",\"@id\":\"https:\/\/www.africa-press.net\/cameroun\/#website\",\"url\":\"https:\/\/www.africa-press.net\/cameroun\/\",\"name\":\"Cameroun\",\"description\":\"Just another Africa News Agency Sites site\",\"potentialAction\":[{\"@type\":\"SearchAction\",\"target\":{\"@type\":\"EntryPoint\",\"urlTemplate\":\"https:\/\/www.africa-press.net\/cameroun\/?s={search_term_string}\"},\"query-input\":{\"@type\":\"PropertyValueSpecification\",\"valueRequired\":true,\"valueName\":\"search_term_string\"}}],\"inLanguage\":\"fr-FR\"},{\"@type\":\"Person\",\"@id\":\"https:\/\/www.africa-press.net\/cameroun\/#\/schema\/person\/2b1cf3cd81a31e3cd26889ca66d677f1\",\"name\":\"cfeditorfr\"}]}<\/script>\n<!-- \/ Yoast SEO Premium plugin. -->","yoast_head_json":{"title":"Inaptitude de Biya : d\u00e9tails tr\u00e8s pr\u00e9cis sur les magnats qui dirigent officieusement le pays - Cameroun","description":"Officiellement, c\u2019est le pre\u0301sident du parti au pouvoir (RDPC) Paul Biya aujourd\u2019hui a\u0302ge\u0301 de quatre-vingt-dix (90) ans. ...","robots":{"index":"index","follow":"follow","max-snippet":"max-snippet:-1","max-image-preview":"max-image-preview:large","max-video-preview":"max-video-preview:-1"},"canonical":"https:\/\/www.africa-press.net\/cameroun\/politique\/inaptitude-de-biya-details-tres-precis-sur-les-magnats-qui-dirigent-officieusement-le-pays","og_locale":"fr_FR","og_type":"article","og_title":"Inaptitude de Biya : d\u00e9tails tr\u00e8s pr\u00e9cis sur les magnats qui dirigent officieusement le pays","og_description":"Officiellement, c\u2019est le pre\u0301sident du parti au pouvoir (RDPC) Paul Biya aujourd\u2019hui a\u0302ge\u0301 de quatre-vingt-dix (90) ans. ...","og_url":"https:\/\/www.africa-press.net\/cameroun\/politique\/inaptitude-de-biya-details-tres-precis-sur-les-magnats-qui-dirigent-officieusement-le-pays","og_site_name":"Cameroun","article_published_time":"2023-03-20T09:50:41+00:00","article_modified_time":"2023-03-20T10:10:03+00:00","og_image":[{"width":720,"height":480,"url":"https:\/\/static.africa-press.net\/cameroun\/sites\/57\/2023\/03\/postQueueImg_1679293257.84.jpg","type":"image\/jpeg"}],"author":"cfeditorfr","twitter_card":"summary_large_image","twitter_misc":{"\u00c9crit par":"cfeditorfr","Dur\u00e9e de lecture estim\u00e9e":"3 minutes"},"schema":{"@context":"https:\/\/schema.org","@graph":[{"@type":"Article","@id":"https:\/\/www.africa-press.net\/cameroun\/politique\/inaptitude-de-biya-details-tres-precis-sur-les-magnats-qui-dirigent-officieusement-le-pays#article","isPartOf":{"@id":"https:\/\/www.africa-press.net\/cameroun\/politique\/inaptitude-de-biya-details-tres-precis-sur-les-magnats-qui-dirigent-officieusement-le-pays"},"author":{"name":"cfeditorfr","@id":"https:\/\/www.africa-press.net\/cameroun\/#\/schema\/person\/2b1cf3cd81a31e3cd26889ca66d677f1"},"headline":"Inaptitude de Biya : d\u00e9tails tr\u00e8s pr\u00e9cis sur les magnats qui dirigent officieusement le pays","datePublished":"2023-03-20T09:50:41+00:00","dateModified":"2023-03-20T10:10:03+00:00","mainEntityOfPage":{"@id":"https:\/\/www.africa-press.net\/cameroun\/politique\/inaptitude-de-biya-details-tres-precis-sur-les-magnats-qui-dirigent-officieusement-le-pays"},"wordCount":736,"commentCount":0,"image":{"@id":"https:\/\/www.africa-press.net\/cameroun\/politique\/inaptitude-de-biya-details-tres-precis-sur-les-magnats-qui-dirigent-officieusement-le-pays#primaryimage"},"thumbnailUrl":"https:\/\/static.africa-press.net\/cameroun\/sites\/57\/2023\/03\/postQueueImg_1679293257.84.jpg","keywords":["Africa Press","Africa Press-Cameroun","Cameroun"],"articleSection":["Politique","Toutes les actualit\u00e9s"],"inLanguage":"fr-FR","potentialAction":[{"@type":"CommentAction","name":"Comment","target":["https:\/\/www.africa-press.net\/cameroun\/politique\/inaptitude-de-biya-details-tres-precis-sur-les-magnats-qui-dirigent-officieusement-le-pays#respond"]}]},{"@type":"WebPage","@id":"https:\/\/www.africa-press.net\/cameroun\/politique\/inaptitude-de-biya-details-tres-precis-sur-les-magnats-qui-dirigent-officieusement-le-pays","url":"https:\/\/www.africa-press.net\/cameroun\/politique\/inaptitude-de-biya-details-tres-precis-sur-les-magnats-qui-dirigent-officieusement-le-pays","name":"Inaptitude de Biya : d\u00e9tails tr\u00e8s pr\u00e9cis sur les magnats qui dirigent officieusement le pays - Cameroun","isPartOf":{"@id":"https:\/\/www.africa-press.net\/cameroun\/#website"},"primaryImageOfPage":{"@id":"https:\/\/www.africa-press.net\/cameroun\/politique\/inaptitude-de-biya-details-tres-precis-sur-les-magnats-qui-dirigent-officieusement-le-pays#primaryimage"},"image":{"@id":"https:\/\/www.africa-press.net\/cameroun\/politique\/inaptitude-de-biya-details-tres-precis-sur-les-magnats-qui-dirigent-officieusement-le-pays#primaryimage"},"thumbnailUrl":"https:\/\/static.africa-press.net\/cameroun\/sites\/57\/2023\/03\/postQueueImg_1679293257.84.jpg","datePublished":"2023-03-20T09:50:41+00:00","dateModified":"2023-03-20T10:10:03+00:00","author":{"@id":"https:\/\/www.africa-press.net\/cameroun\/#\/schema\/person\/2b1cf3cd81a31e3cd26889ca66d677f1"},"description":"Officiellement, c\u2019est le pre\u0301sident du parti au pouvoir (RDPC) Paul Biya aujourd\u2019hui a\u0302ge\u0301 de quatre-vingt-dix (90) ans. ...","breadcrumb":{"@id":"https:\/\/www.africa-press.net\/cameroun\/politique\/inaptitude-de-biya-details-tres-precis-sur-les-magnats-qui-dirigent-officieusement-le-pays#breadcrumb"},"inLanguage":"fr-FR","potentialAction":[{"@type":"ReadAction","target":["https:\/\/www.africa-press.net\/cameroun\/politique\/inaptitude-de-biya-details-tres-precis-sur-les-magnats-qui-dirigent-officieusement-le-pays"]}]},{"@type":"ImageObject","inLanguage":"fr-FR","@id":"https:\/\/www.africa-press.net\/cameroun\/politique\/inaptitude-de-biya-details-tres-precis-sur-les-magnats-qui-dirigent-officieusement-le-pays#primaryimage","url":"https:\/\/static.africa-press.net\/cameroun\/sites\/57\/2023\/03\/postQueueImg_1679293257.84.jpg","contentUrl":"https:\/\/static.africa-press.net\/cameroun\/sites\/57\/2023\/03\/postQueueImg_1679293257.84.jpg","width":720,"height":480,"caption":"Inaptitude de Biya : d\u00e9tails tr\u00e8s pr\u00e9cis sur les magnats qui dirigent officieusement le pays"},{"@type":"BreadcrumbList","@id":"https:\/\/www.africa-press.net\/cameroun\/politique\/inaptitude-de-biya-details-tres-precis-sur-les-magnats-qui-dirigent-officieusement-le-pays#breadcrumb","itemListElement":[{"@type":"ListItem","position":1,"name":"Accueil","item":"https:\/\/www.africa-press.net\/cameroun\/"},{"@type":"ListItem","position":2,"name":"Inaptitude de Biya : d\u00e9tails tr\u00e8s pr\u00e9cis sur les magnats qui dirigent officieusement le pays"}]},{"@type":"WebSite","@id":"https:\/\/www.africa-press.net\/cameroun\/#website","url":"https:\/\/www.africa-press.net\/cameroun\/","name":"Cameroun","description":"Just another Africa News Agency Sites site","potentialAction":[{"@type":"SearchAction","target":{"@type":"EntryPoint","urlTemplate":"https:\/\/www.africa-press.net\/cameroun\/?s={search_term_string}"},"query-input":{"@type":"PropertyValueSpecification","valueRequired":true,"valueName":"search_term_string"}}],"inLanguage":"fr-FR"},{"@type":"Person","@id":"https:\/\/www.africa-press.net\/cameroun\/#\/schema\/person\/2b1cf3cd81a31e3cd26889ca66d677f1","name":"cfeditorfr"}]}},"_links":{"self":[{"href":"https:\/\/www.africa-press.net\/cameroun\/wp-json\/wp\/v2\/posts\/39838","targetHints":{"allow":["GET"]}}],"collection":[{"href":"https:\/\/www.africa-press.net\/cameroun\/wp-json\/wp\/v2\/posts"}],"about":[{"href":"https:\/\/www.africa-press.net\/cameroun\/wp-json\/wp\/v2\/types\/post"}],"author":[{"embeddable":true,"href":"https:\/\/www.africa-press.net\/cameroun\/wp-json\/wp\/v2\/users\/82"}],"replies":[{"embeddable":true,"href":"https:\/\/www.africa-press.net\/cameroun\/wp-json\/wp\/v2\/comments?post=39838"}],"version-history":[{"count":0,"href":"https:\/\/www.africa-press.net\/cameroun\/wp-json\/wp\/v2\/posts\/39838\/revisions"}],"wp:featuredmedia":[{"embeddable":true,"href":"https:\/\/www.africa-press.net\/cameroun\/wp-json\/wp\/v2\/media\/39836"}],"wp:attachment":[{"href":"https:\/\/www.africa-press.net\/cameroun\/wp-json\/wp\/v2\/media?parent=39838"}],"wp:term":[{"taxonomy":"category","embeddable":true,"href":"https:\/\/www.africa-press.net\/cameroun\/wp-json\/wp\/v2\/categories?post=39838"},{"taxonomy":"post_tag","embeddable":true,"href":"https:\/\/www.africa-press.net\/cameroun\/wp-json\/wp\/v2\/tags?post=39838"}],"curies":[{"name":"wp","href":"https:\/\/api.w.org\/{rel}","templated":true}]}}