{"id":39841,"date":"2023-03-20T18:26:44","date_gmt":"2023-03-20T18:26:44","guid":{"rendered":"https:\/\/www.africa-press.net\/cameroun\/politique\/derive-tribale-le-maire-de-la-ville-de-douala-condamne-un-projet-de-boycott-des-commercants-originaires-de-louest"},"modified":"2023-03-20T18:58:38","modified_gmt":"2023-03-20T18:58:38","slug":"derive-tribale-le-maire-de-la-ville-de-douala-condamne-un-projet-de-boycott-des-commercants-originaires-de-louest","status":"publish","type":"post","link":"https:\/\/www.africa-press.net\/cameroun\/politique\/derive-tribale-le-maire-de-la-ville-de-douala-condamne-un-projet-de-boycott-des-commercants-originaires-de-louest","title":{"rendered":"D\u00e9rive tribale: Le Maire de la ville de Douala condamne un projet de boycott des commer\u00e7ants originaires de l&rsquo;Ouest"},"content":{"rendered":"<p><span style=\"color: #ff6600\"><strong>Africa-Press &#8211; Cameroun. <\/strong><\/span>Une association de\u0301nomme\u0301e <b>\u00abJeunesse Sawa\u00bb <\/b>a appele\u0301 a\u0300 une journe\u0301e morte pour toutes les activite\u0301s des ressortissants de la re\u0301gion de l&rsquo;Ouest ce lundi 20 mars 2023 dans la capitale e\u0301conomique. \u00ab Le Maire de la ville rejette fermement les appels a\u0300 des \u201cjourne\u0301es mortes\u201d (&#8230;) et appelle toutes les populations de la ville de Douala, toutes origines confondues, a\u0300 vaquer paisiblement a\u0300 leurs occupations le 20 mars 2023 et les jours et semaines qui suivent et a\u0300 de\u0301noncer sans he\u0301sitation aupre\u0300s des autorite\u0301s administratives et des forces de maintien de l\u2019ordre toute tentative de perturbation de l\u2019ordre public \u00bb, e\u0301crit le Roger Mbassa Ndine dans un communique\u0301 publie\u0301 le 19 mars.<\/p>\n<p>Le 15 mars, une association de\u0301nomme\u0301e \u00ab Jeunesse Sawa \u00bb a, dans un communique\u0301 relaye\u0301 sur les re\u0301seaux sociaux, de\u0301clare\u0301 le 20 mars \u00ab journe\u0301e morte \u00bb pour tous les ressortissants de la re\u0301gion de l\u2019Ouest menant des activite\u0301s commerciales a\u0300 Douala. Ladite association les invite a\u0300 \u00ab fermer boutique \u00bb, menac\u0327ant de repre\u0301sailles ceux qui ne respecteront pas cette consigne. Elle explique que cette de\u0301cision est la re\u0301ponse \u00ab aux provocations de la <b>BAS<\/b> (Brigade Anti-sardinards) qui, depuis 2018, commet des actes de barbarie vis-a\u0300-vis de tous ceux qui ne sont pas des leurs \u00bb.<\/p>\n<p>Cette sortie de la \u00ab Jeunesse Sawa \u00bb intervient au lendemain de l\u2019annonce de <b>Ben Decca<\/b>, artiste de renom, originaire de l\u2019aire culturelle Sawa, d\u2019annuler sa participation a\u0300 un concert pre\u0301vu le 15 avril prochain en Allemagne.<\/p>\n<p>Me\u0302me si le chanteur de makossa assure que sa de\u0301cision n\u2019a rien a\u0300 voir avec la BAS, ce mouvement de la diaspora camerounaise hostile au re\u0301gime de Yaounde\u0301 a appele\u0301 au boycott de son spectacle. Un boycott qui vise e\u0301galement tous les artistes ayant soutenu le Pre\u0301sident <b>Paul Biya<\/b> lors de la dernie\u0300re e\u0301lection pre\u0301sidentielle en octobre 2018. \u00ab Nous ne resterons plus silencieux face a\u0300 leurs attaques et la riposte sera proportionnelle \u00bb, pre\u0301viennent les membres de cette association qui pre\u0301tend parler au nom du peuple Sawa.<\/p>\n<p>Mais le Maire de la ville affirme que cette association est \u00ab totalement inconnue \u00bb des autorite\u0301s traditionnelles de cette aire culturelle et n\u2019est pas \u00ab le\u0301galement \u00bb de\u0301clare\u0301e dans les registres de la pre\u0301fecture du de\u0301partement du Wouri. Tout en condamnant \u00ab les actes d\u2019intole\u0301rance et de violence gratuite \u00bb perpe\u0301tre\u0301s a\u0300 l\u2019exte\u0301rieur par la BAS, Roger Mbassa Ndine invite \u00ab les auteurs anonymes de ce tract a\u0300 s\u2019abstenir de toute action visant a\u0300 mettre en \u0153uvre leurs menaces \u00bb. Il assure qu\u2019\u00ab aucune tentative d\u2019imposition de \u201cjourne\u0301es mortes\u201d dans la ville de Douala et d\u2019atteinte par ce biais a\u0300 la volonte\u0301 partage\u0301e des habitants de cette ville a\u0300 vivre-ensemble dans la paix, ne sera tole\u0301re\u0301e et sera re\u0301prime\u0301e avec fermete\u0301, sans la moindre faiblesse \u00bb.<\/p>\n<p><strong>Pour plus d&rsquo;informations et d&rsquo;analyses sur la <a href=\"https:\/\/www.africa-press.net\/cameroun\">Cameroun<\/a>, suivez <a href=\"https:\/\/www.africa-press.net\/\">Africa-Press<\/a><\/strong><\/p>\n","protected":false},"excerpt":{"rendered":"<p>Africa-Press &#8211; Cameroun. Une association de\u0301nomme\u0301e \u00abJeunesse Sawa\u00bb a appele\u0301 a\u0300 une journe\u0301e morte pour toutes les activite\u0301s des ressortissants de la re\u0301gion de l&rsquo;Ouest ce lundi 20 mars 2023 dans la capitale e\u0301conomique. \u00ab Le Maire de la ville rejette fermement les appels a\u0300 des \u201cjourne\u0301es mortes\u201d (&#8230;) et appelle toutes les populations de [&hellip;]<\/p>\n","protected":false},"author":82,"featured_media":39840,"comment_status":"open","ping_status":"closed","sticky":false,"template":"","format":"standard","meta":{"footnotes":""},"categories":[2,10],"tags":[36,50,49],"class_list":["post-39841","post","type-post","status-publish","format-standard","has-post-thumbnail","hentry","category-politique","category-toutes-les-actualites","tag-africa-press","tag-africa-press-cameroun","tag-cameroun"],"yoast_head":"<!-- This site is optimized with the Yoast SEO Premium plugin v26.1 (Yoast SEO v27.0) - https:\/\/yoast.com\/product\/yoast-seo-premium-wordpress\/ -->\n<title>D\u00e9rive tribale: Le Maire de la ville de Douala condamne un projet de boycott des commer\u00e7ants originaires de l&#039;Ouest - Cameroun<\/title>\n<meta name=\"description\" content=\"Une association de\u0301nomme\u0301e \u00abJeunesse Sawa\u00bb a appele\u0301 a\u0300 une journe\u0301e morte pour toutes les activite\u0301s des ressort ...\" \/>\n<meta name=\"robots\" content=\"index, follow, max-snippet:-1, max-image-preview:large, max-video-preview:-1\" \/>\n<link rel=\"canonical\" href=\"https:\/\/www.africa-press.net\/cameroun\/politique\/derive-tribale-le-maire-de-la-ville-de-douala-condamne-un-projet-de-boycott-des-commercants-originaires-de-louest\" \/>\n<meta property=\"og:locale\" content=\"fr_FR\" \/>\n<meta property=\"og:type\" content=\"article\" \/>\n<meta property=\"og:title\" content=\"D\u00e9rive tribale: Le Maire de la ville de Douala condamne un projet de boycott des commer\u00e7ants originaires de l&#039;Ouest\" \/>\n<meta property=\"og:description\" content=\"Une association de\u0301nomme\u0301e \u00abJeunesse Sawa\u00bb a appele\u0301 a\u0300 une journe\u0301e morte pour toutes les activite\u0301s des ressort ...\" \/>\n<meta property=\"og:url\" content=\"https:\/\/www.africa-press.net\/cameroun\/politique\/derive-tribale-le-maire-de-la-ville-de-douala-condamne-un-projet-de-boycott-des-commercants-originaires-de-louest\" \/>\n<meta property=\"og:site_name\" content=\"Cameroun\" \/>\n<meta property=\"article:published_time\" content=\"2023-03-20T18:26:44+00:00\" \/>\n<meta property=\"article:modified_time\" content=\"2023-03-20T18:58:38+00:00\" \/>\n<meta property=\"og:image\" content=\"https:\/\/static.africa-press.net\/cameroun\/sites\/57\/2023\/03\/postQueueImg_1679324214.70.jpg\" \/>\n\t<meta property=\"og:image:width\" content=\"1280\" \/>\n\t<meta property=\"og:image:height\" content=\"720\" \/>\n\t<meta property=\"og:image:type\" content=\"image\/jpeg\" \/>\n<meta name=\"author\" content=\"cfeditorfr\" \/>\n<meta name=\"twitter:card\" content=\"summary_large_image\" \/>\n<meta name=\"twitter:label1\" content=\"\u00c9crit par\" \/>\n\t<meta name=\"twitter:data1\" content=\"cfeditorfr\" \/>\n\t<meta name=\"twitter:label2\" content=\"Dur\u00e9e de lecture estim\u00e9e\" \/>\n\t<meta name=\"twitter:data2\" content=\"3 minutes\" \/>\n<script type=\"application\/ld+json\" class=\"yoast-schema-graph\">{\"@context\":\"https:\/\/schema.org\",\"@graph\":[{\"@type\":\"Article\",\"@id\":\"https:\/\/www.africa-press.net\/cameroun\/politique\/derive-tribale-le-maire-de-la-ville-de-douala-condamne-un-projet-de-boycott-des-commercants-originaires-de-louest#article\",\"isPartOf\":{\"@id\":\"https:\/\/www.africa-press.net\/cameroun\/politique\/derive-tribale-le-maire-de-la-ville-de-douala-condamne-un-projet-de-boycott-des-commercants-originaires-de-louest\"},\"author\":{\"name\":\"cfeditorfr\",\"@id\":\"https:\/\/www.africa-press.net\/cameroun\/#\/schema\/person\/2b1cf3cd81a31e3cd26889ca66d677f1\"},\"headline\":\"D\u00e9rive tribale: Le Maire de la ville de Douala condamne un projet de boycott des commer\u00e7ants originaires de l&rsquo;Ouest\",\"datePublished\":\"2023-03-20T18:26:44+00:00\",\"dateModified\":\"2023-03-20T18:58:38+00:00\",\"mainEntityOfPage\":{\"@id\":\"https:\/\/www.africa-press.net\/cameroun\/politique\/derive-tribale-le-maire-de-la-ville-de-douala-condamne-un-projet-de-boycott-des-commercants-originaires-de-louest\"},\"wordCount\":528,\"commentCount\":0,\"image\":{\"@id\":\"https:\/\/www.africa-press.net\/cameroun\/politique\/derive-tribale-le-maire-de-la-ville-de-douala-condamne-un-projet-de-boycott-des-commercants-originaires-de-louest#primaryimage\"},\"thumbnailUrl\":\"https:\/\/static.africa-press.net\/cameroun\/sites\/57\/2023\/03\/postQueueImg_1679324214.70.jpg\",\"keywords\":[\"Africa Press\",\"Africa Press-Cameroun\",\"Cameroun\"],\"articleSection\":[\"Politique\",\"Toutes les actualit\u00e9s\"],\"inLanguage\":\"fr-FR\",\"potentialAction\":[{\"@type\":\"CommentAction\",\"name\":\"Comment\",\"target\":[\"https:\/\/www.africa-press.net\/cameroun\/politique\/derive-tribale-le-maire-de-la-ville-de-douala-condamne-un-projet-de-boycott-des-commercants-originaires-de-louest#respond\"]}]},{\"@type\":\"WebPage\",\"@id\":\"https:\/\/www.africa-press.net\/cameroun\/politique\/derive-tribale-le-maire-de-la-ville-de-douala-condamne-un-projet-de-boycott-des-commercants-originaires-de-louest\",\"url\":\"https:\/\/www.africa-press.net\/cameroun\/politique\/derive-tribale-le-maire-de-la-ville-de-douala-condamne-un-projet-de-boycott-des-commercants-originaires-de-louest\",\"name\":\"D\u00e9rive tribale: Le Maire de la ville de Douala condamne un projet de boycott des commer\u00e7ants originaires de l'Ouest - Cameroun\",\"isPartOf\":{\"@id\":\"https:\/\/www.africa-press.net\/cameroun\/#website\"},\"primaryImageOfPage\":{\"@id\":\"https:\/\/www.africa-press.net\/cameroun\/politique\/derive-tribale-le-maire-de-la-ville-de-douala-condamne-un-projet-de-boycott-des-commercants-originaires-de-louest#primaryimage\"},\"image\":{\"@id\":\"https:\/\/www.africa-press.net\/cameroun\/politique\/derive-tribale-le-maire-de-la-ville-de-douala-condamne-un-projet-de-boycott-des-commercants-originaires-de-louest#primaryimage\"},\"thumbnailUrl\":\"https:\/\/static.africa-press.net\/cameroun\/sites\/57\/2023\/03\/postQueueImg_1679324214.70.jpg\",\"datePublished\":\"2023-03-20T18:26:44+00:00\",\"dateModified\":\"2023-03-20T18:58:38+00:00\",\"author\":{\"@id\":\"https:\/\/www.africa-press.net\/cameroun\/#\/schema\/person\/2b1cf3cd81a31e3cd26889ca66d677f1\"},\"description\":\"Une association de\u0301nomme\u0301e \u00abJeunesse Sawa\u00bb a appele\u0301 a\u0300 une journe\u0301e morte pour toutes les activite\u0301s des ressort ...\",\"breadcrumb\":{\"@id\":\"https:\/\/www.africa-press.net\/cameroun\/politique\/derive-tribale-le-maire-de-la-ville-de-douala-condamne-un-projet-de-boycott-des-commercants-originaires-de-louest#breadcrumb\"},\"inLanguage\":\"fr-FR\",\"potentialAction\":[{\"@type\":\"ReadAction\",\"target\":[\"https:\/\/www.africa-press.net\/cameroun\/politique\/derive-tribale-le-maire-de-la-ville-de-douala-condamne-un-projet-de-boycott-des-commercants-originaires-de-louest\"]}]},{\"@type\":\"ImageObject\",\"inLanguage\":\"fr-FR\",\"@id\":\"https:\/\/www.africa-press.net\/cameroun\/politique\/derive-tribale-le-maire-de-la-ville-de-douala-condamne-un-projet-de-boycott-des-commercants-originaires-de-louest#primaryimage\",\"url\":\"https:\/\/static.africa-press.net\/cameroun\/sites\/57\/2023\/03\/postQueueImg_1679324214.70.jpg\",\"contentUrl\":\"https:\/\/static.africa-press.net\/cameroun\/sites\/57\/2023\/03\/postQueueImg_1679324214.70.jpg\",\"width\":1280,\"height\":720,\"caption\":\"D\u00e9rive tribale: Le Maire de la ville de Douala condamne un projet de boycott des commer\u00e7ants originaires de l'Ouest\"},{\"@type\":\"BreadcrumbList\",\"@id\":\"https:\/\/www.africa-press.net\/cameroun\/politique\/derive-tribale-le-maire-de-la-ville-de-douala-condamne-un-projet-de-boycott-des-commercants-originaires-de-louest#breadcrumb\",\"itemListElement\":[{\"@type\":\"ListItem\",\"position\":1,\"name\":\"Accueil\",\"item\":\"https:\/\/www.africa-press.net\/cameroun\/\"},{\"@type\":\"ListItem\",\"position\":2,\"name\":\"D\u00e9rive tribale: Le Maire de la ville de Douala condamne un projet de boycott des commer\u00e7ants originaires de l&rsquo;Ouest\"}]},{\"@type\":\"WebSite\",\"@id\":\"https:\/\/www.africa-press.net\/cameroun\/#website\",\"url\":\"https:\/\/www.africa-press.net\/cameroun\/\",\"name\":\"Cameroun\",\"description\":\"Just another Africa News Agency Sites site\",\"potentialAction\":[{\"@type\":\"SearchAction\",\"target\":{\"@type\":\"EntryPoint\",\"urlTemplate\":\"https:\/\/www.africa-press.net\/cameroun\/?s={search_term_string}\"},\"query-input\":{\"@type\":\"PropertyValueSpecification\",\"valueRequired\":true,\"valueName\":\"search_term_string\"}}],\"inLanguage\":\"fr-FR\"},{\"@type\":\"Person\",\"@id\":\"https:\/\/www.africa-press.net\/cameroun\/#\/schema\/person\/2b1cf3cd81a31e3cd26889ca66d677f1\",\"name\":\"cfeditorfr\"}]}<\/script>\n<!-- \/ Yoast SEO Premium plugin. -->","yoast_head_json":{"title":"D\u00e9rive tribale: Le Maire de la ville de Douala condamne un projet de boycott des commer\u00e7ants originaires de l'Ouest - Cameroun","description":"Une association de\u0301nomme\u0301e \u00abJeunesse Sawa\u00bb a appele\u0301 a\u0300 une journe\u0301e morte pour toutes les activite\u0301s des ressort ...","robots":{"index":"index","follow":"follow","max-snippet":"max-snippet:-1","max-image-preview":"max-image-preview:large","max-video-preview":"max-video-preview:-1"},"canonical":"https:\/\/www.africa-press.net\/cameroun\/politique\/derive-tribale-le-maire-de-la-ville-de-douala-condamne-un-projet-de-boycott-des-commercants-originaires-de-louest","og_locale":"fr_FR","og_type":"article","og_title":"D\u00e9rive tribale: Le Maire de la ville de Douala condamne un projet de boycott des commer\u00e7ants originaires de l'Ouest","og_description":"Une association de\u0301nomme\u0301e \u00abJeunesse Sawa\u00bb a appele\u0301 a\u0300 une journe\u0301e morte pour toutes les activite\u0301s des ressort ...","og_url":"https:\/\/www.africa-press.net\/cameroun\/politique\/derive-tribale-le-maire-de-la-ville-de-douala-condamne-un-projet-de-boycott-des-commercants-originaires-de-louest","og_site_name":"Cameroun","article_published_time":"2023-03-20T18:26:44+00:00","article_modified_time":"2023-03-20T18:58:38+00:00","og_image":[{"width":1280,"height":720,"url":"https:\/\/static.africa-press.net\/cameroun\/sites\/57\/2023\/03\/postQueueImg_1679324214.70.jpg","type":"image\/jpeg"}],"author":"cfeditorfr","twitter_card":"summary_large_image","twitter_misc":{"\u00c9crit par":"cfeditorfr","Dur\u00e9e de lecture estim\u00e9e":"3 minutes"},"schema":{"@context":"https:\/\/schema.org","@graph":[{"@type":"Article","@id":"https:\/\/www.africa-press.net\/cameroun\/politique\/derive-tribale-le-maire-de-la-ville-de-douala-condamne-un-projet-de-boycott-des-commercants-originaires-de-louest#article","isPartOf":{"@id":"https:\/\/www.africa-press.net\/cameroun\/politique\/derive-tribale-le-maire-de-la-ville-de-douala-condamne-un-projet-de-boycott-des-commercants-originaires-de-louest"},"author":{"name":"cfeditorfr","@id":"https:\/\/www.africa-press.net\/cameroun\/#\/schema\/person\/2b1cf3cd81a31e3cd26889ca66d677f1"},"headline":"D\u00e9rive tribale: Le Maire de la ville de Douala condamne un projet de boycott des commer\u00e7ants originaires de l&rsquo;Ouest","datePublished":"2023-03-20T18:26:44+00:00","dateModified":"2023-03-20T18:58:38+00:00","mainEntityOfPage":{"@id":"https:\/\/www.africa-press.net\/cameroun\/politique\/derive-tribale-le-maire-de-la-ville-de-douala-condamne-un-projet-de-boycott-des-commercants-originaires-de-louest"},"wordCount":528,"commentCount":0,"image":{"@id":"https:\/\/www.africa-press.net\/cameroun\/politique\/derive-tribale-le-maire-de-la-ville-de-douala-condamne-un-projet-de-boycott-des-commercants-originaires-de-louest#primaryimage"},"thumbnailUrl":"https:\/\/static.africa-press.net\/cameroun\/sites\/57\/2023\/03\/postQueueImg_1679324214.70.jpg","keywords":["Africa Press","Africa Press-Cameroun","Cameroun"],"articleSection":["Politique","Toutes les actualit\u00e9s"],"inLanguage":"fr-FR","potentialAction":[{"@type":"CommentAction","name":"Comment","target":["https:\/\/www.africa-press.net\/cameroun\/politique\/derive-tribale-le-maire-de-la-ville-de-douala-condamne-un-projet-de-boycott-des-commercants-originaires-de-louest#respond"]}]},{"@type":"WebPage","@id":"https:\/\/www.africa-press.net\/cameroun\/politique\/derive-tribale-le-maire-de-la-ville-de-douala-condamne-un-projet-de-boycott-des-commercants-originaires-de-louest","url":"https:\/\/www.africa-press.net\/cameroun\/politique\/derive-tribale-le-maire-de-la-ville-de-douala-condamne-un-projet-de-boycott-des-commercants-originaires-de-louest","name":"D\u00e9rive tribale: Le Maire de la ville de Douala condamne un projet de boycott des commer\u00e7ants originaires de l'Ouest - Cameroun","isPartOf":{"@id":"https:\/\/www.africa-press.net\/cameroun\/#website"},"primaryImageOfPage":{"@id":"https:\/\/www.africa-press.net\/cameroun\/politique\/derive-tribale-le-maire-de-la-ville-de-douala-condamne-un-projet-de-boycott-des-commercants-originaires-de-louest#primaryimage"},"image":{"@id":"https:\/\/www.africa-press.net\/cameroun\/politique\/derive-tribale-le-maire-de-la-ville-de-douala-condamne-un-projet-de-boycott-des-commercants-originaires-de-louest#primaryimage"},"thumbnailUrl":"https:\/\/static.africa-press.net\/cameroun\/sites\/57\/2023\/03\/postQueueImg_1679324214.70.jpg","datePublished":"2023-03-20T18:26:44+00:00","dateModified":"2023-03-20T18:58:38+00:00","author":{"@id":"https:\/\/www.africa-press.net\/cameroun\/#\/schema\/person\/2b1cf3cd81a31e3cd26889ca66d677f1"},"description":"Une association de\u0301nomme\u0301e \u00abJeunesse Sawa\u00bb a appele\u0301 a\u0300 une journe\u0301e morte pour toutes les activite\u0301s des ressort ...","breadcrumb":{"@id":"https:\/\/www.africa-press.net\/cameroun\/politique\/derive-tribale-le-maire-de-la-ville-de-douala-condamne-un-projet-de-boycott-des-commercants-originaires-de-louest#breadcrumb"},"inLanguage":"fr-FR","potentialAction":[{"@type":"ReadAction","target":["https:\/\/www.africa-press.net\/cameroun\/politique\/derive-tribale-le-maire-de-la-ville-de-douala-condamne-un-projet-de-boycott-des-commercants-originaires-de-louest"]}]},{"@type":"ImageObject","inLanguage":"fr-FR","@id":"https:\/\/www.africa-press.net\/cameroun\/politique\/derive-tribale-le-maire-de-la-ville-de-douala-condamne-un-projet-de-boycott-des-commercants-originaires-de-louest#primaryimage","url":"https:\/\/static.africa-press.net\/cameroun\/sites\/57\/2023\/03\/postQueueImg_1679324214.70.jpg","contentUrl":"https:\/\/static.africa-press.net\/cameroun\/sites\/57\/2023\/03\/postQueueImg_1679324214.70.jpg","width":1280,"height":720,"caption":"D\u00e9rive tribale: Le Maire de la ville de Douala condamne un projet de boycott des commer\u00e7ants originaires de l'Ouest"},{"@type":"BreadcrumbList","@id":"https:\/\/www.africa-press.net\/cameroun\/politique\/derive-tribale-le-maire-de-la-ville-de-douala-condamne-un-projet-de-boycott-des-commercants-originaires-de-louest#breadcrumb","itemListElement":[{"@type":"ListItem","position":1,"name":"Accueil","item":"https:\/\/www.africa-press.net\/cameroun\/"},{"@type":"ListItem","position":2,"name":"D\u00e9rive tribale: Le Maire de la ville de Douala condamne un projet de boycott des commer\u00e7ants originaires de l&rsquo;Ouest"}]},{"@type":"WebSite","@id":"https:\/\/www.africa-press.net\/cameroun\/#website","url":"https:\/\/www.africa-press.net\/cameroun\/","name":"Cameroun","description":"Just another Africa News Agency Sites site","potentialAction":[{"@type":"SearchAction","target":{"@type":"EntryPoint","urlTemplate":"https:\/\/www.africa-press.net\/cameroun\/?s={search_term_string}"},"query-input":{"@type":"PropertyValueSpecification","valueRequired":true,"valueName":"search_term_string"}}],"inLanguage":"fr-FR"},{"@type":"Person","@id":"https:\/\/www.africa-press.net\/cameroun\/#\/schema\/person\/2b1cf3cd81a31e3cd26889ca66d677f1","name":"cfeditorfr"}]}},"_links":{"self":[{"href":"https:\/\/www.africa-press.net\/cameroun\/wp-json\/wp\/v2\/posts\/39841","targetHints":{"allow":["GET"]}}],"collection":[{"href":"https:\/\/www.africa-press.net\/cameroun\/wp-json\/wp\/v2\/posts"}],"about":[{"href":"https:\/\/www.africa-press.net\/cameroun\/wp-json\/wp\/v2\/types\/post"}],"author":[{"embeddable":true,"href":"https:\/\/www.africa-press.net\/cameroun\/wp-json\/wp\/v2\/users\/82"}],"replies":[{"embeddable":true,"href":"https:\/\/www.africa-press.net\/cameroun\/wp-json\/wp\/v2\/comments?post=39841"}],"version-history":[{"count":0,"href":"https:\/\/www.africa-press.net\/cameroun\/wp-json\/wp\/v2\/posts\/39841\/revisions"}],"wp:featuredmedia":[{"embeddable":true,"href":"https:\/\/www.africa-press.net\/cameroun\/wp-json\/wp\/v2\/media\/39840"}],"wp:attachment":[{"href":"https:\/\/www.africa-press.net\/cameroun\/wp-json\/wp\/v2\/media?parent=39841"}],"wp:term":[{"taxonomy":"category","embeddable":true,"href":"https:\/\/www.africa-press.net\/cameroun\/wp-json\/wp\/v2\/categories?post=39841"},{"taxonomy":"post_tag","embeddable":true,"href":"https:\/\/www.africa-press.net\/cameroun\/wp-json\/wp\/v2\/tags?post=39841"}],"curies":[{"name":"wp","href":"https:\/\/api.w.org\/{rel}","templated":true}]}}