{"id":39843,"date":"2023-03-20T18:26:57","date_gmt":"2023-03-20T18:26:57","guid":{"rendered":"https:\/\/www.africa-press.net\/cameroun\/politique\/cameroun-le-president-paul-biya-nomme-un-nouveau-directeur-general-des-impots-en-remplacement-de-modeste-mopa-fatoing"},"modified":"2023-03-20T18:59:28","modified_gmt":"2023-03-20T18:59:28","slug":"cameroun-le-president-paul-biya-nomme-un-nouveau-directeur-general-des-impots-en-remplacement-de-modeste-mopa-fatoing","status":"publish","type":"post","link":"https:\/\/www.africa-press.net\/cameroun\/toutes-les-actualites\/cameroun-le-president-paul-biya-nomme-un-nouveau-directeur-general-des-impots-en-remplacement-de-modeste-mopa-fatoing","title":{"rendered":"Cameroun\u00a0: Le Pr\u00e9sident Paul Biya nomme un nouveau Directeur g\u00e9n\u00e9ral des Imp\u00f4ts en remplacement de Modeste Mopa Fatoing."},"content":{"rendered":"<p><span style=\"color: #ff6600\"><strong>Africa-Press &#8211; Cameroun. <\/strong><\/span>Cet Inspecteur principal des Re\u0301gies financie\u0300res (Impo\u0302ts), a e\u0301te\u0301 nomme\u0301 ce lundi 20 mars 2023 par un de\u0301cret du Chef de l\u2019Etat Paul Biya.<\/p>\n<p>Roger Athanase Meyong Abath prend les re\u0302nes d\u2019une direction ge\u0301ne\u0301rale qu\u2019il connai\u0302t tre\u0300s bien car avant sa nomination au poste de Directeur ge\u0301ne\u0301ral, il assurait les fonctions de Chef de l\u2019Inspection des services des Impo\u0302ts.<\/p>\n<p>Titulaire d\u2019un Doctorat en Fiscalite\u0301 de l\u2019Universite\u0301 de Paris Dauphine et diplo\u0302me\u0301 de l\u2019IRIC et de l\u2019ENAM, le nouveau DG est l\u2019auteur de \u00ab L\u2019harmonisation fiscale et douanie\u0300re en zone CEMAC \u00bb, un livre qui aborde l\u2019histoire, les enjeux politiques et socioe\u0301conomiques, les de\u0301fis majeurs et les perspectives de l\u2019harmonisation fiscale en CEMAC.<\/p>\n<p>Enseignant dans de nombreuses universite\u0301s, Roger Athanase Meyong Abath remplace Modeste Mopa Fatoing. Ce dernier a passe\u0301 une de\u0301cennie a\u0300 la te\u0302te de la Direction des Impo\u0302ts a\u0300 Yaounde\u0301 avant d\u2019aller s\u2019installer en janvier dernier a\u0300 Washington aux Etats-Unis ou\u0300 en sa qualite\u0301 de nouvelle recrue du Fonds mone\u0301taire international (FMI), il occupera pendant trois ans le poste de Chef du secre\u0301tariat du TADAT, qui est un outil d\u2019e\u0301valuation diagnostique de l\u2019administration fiscale.<\/p>\n<p><strong>Pour plus d&rsquo;informations et d&rsquo;analyses sur la <a href=\"https:\/\/www.africa-press.net\/cameroun\">Cameroun<\/a>, suivez <a href=\"https:\/\/www.africa-press.net\/\">Africa-Press<\/a><\/strong><\/p>\n","protected":false},"excerpt":{"rendered":"<p>Africa-Press &#8211; Cameroun. Cet Inspecteur principal des Re\u0301gies financie\u0300res (Impo\u0302ts), a e\u0301te\u0301 nomme\u0301 ce lundi 20 mars 2023 par un de\u0301cret du Chef de l\u2019Etat Paul Biya. Roger Athanase Meyong Abath prend les re\u0302nes d\u2019une direction ge\u0301ne\u0301rale qu\u2019il connai\u0302t tre\u0300s bien car avant sa nomination au poste de Directeur ge\u0301ne\u0301ral, il assurait les fonctions de [&hellip;]<\/p>\n","protected":false},"author":82,"featured_media":39842,"comment_status":"open","ping_status":"closed","sticky":false,"template":"","format":"standard","meta":{"footnotes":""},"categories":[21,10],"tags":[36,50,49],"class_list":["post-39843","post","type-post","status-publish","format-standard","has-post-thumbnail","hentry","category-communaute","category-toutes-les-actualites","tag-africa-press","tag-africa-press-cameroun","tag-cameroun"],"yoast_head":"<!-- This site is optimized with the Yoast SEO Premium plugin v26.1 (Yoast SEO v27.0) - https:\/\/yoast.com\/product\/yoast-seo-premium-wordpress\/ -->\n<title>Cameroun\u00a0: Le Pr\u00e9sident Paul Biya nomme un nouveau Directeur g\u00e9n\u00e9ral des Imp\u00f4ts en remplacement de Modeste Mopa Fatoing. - Cameroun<\/title>\n<meta name=\"description\" content=\"Cet Inspecteur principal des Re\u0301gies financie\u0300res (Impo\u0302ts), a e\u0301te\u0301 nomme\u0301 ce lundi 20 mars 2023 par un de\u0301cret du Chef ...\" \/>\n<meta name=\"robots\" content=\"index, follow, max-snippet:-1, max-image-preview:large, max-video-preview:-1\" \/>\n<link rel=\"canonical\" href=\"https:\/\/www.africa-press.net\/cameroun\/toutes-les-actualites\/cameroun-le-president-paul-biya-nomme-un-nouveau-directeur-general-des-impots-en-remplacement-de-modeste-mopa-fatoing\" \/>\n<meta property=\"og:locale\" content=\"fr_FR\" \/>\n<meta property=\"og:type\" content=\"article\" \/>\n<meta property=\"og:title\" content=\"Cameroun\u00a0: Le Pr\u00e9sident Paul Biya nomme un nouveau Directeur g\u00e9n\u00e9ral des Imp\u00f4ts en remplacement de Modeste Mopa Fatoing.\" \/>\n<meta property=\"og:description\" content=\"Cet Inspecteur principal des Re\u0301gies financie\u0300res (Impo\u0302ts), a e\u0301te\u0301 nomme\u0301 ce lundi 20 mars 2023 par un de\u0301cret du Chef ...\" \/>\n<meta property=\"og:url\" content=\"https:\/\/www.africa-press.net\/cameroun\/toutes-les-actualites\/cameroun-le-president-paul-biya-nomme-un-nouveau-directeur-general-des-impots-en-remplacement-de-modeste-mopa-fatoing\" \/>\n<meta property=\"og:site_name\" content=\"Cameroun\" \/>\n<meta property=\"article:published_time\" content=\"2023-03-20T18:26:57+00:00\" \/>\n<meta property=\"article:modified_time\" content=\"2023-03-20T18:59:28+00:00\" \/>\n<meta property=\"og:image\" content=\"https:\/\/static.africa-press.net\/cameroun\/sites\/57\/2023\/03\/postQueueImg_1679324224.57.jpg\" \/>\n\t<meta property=\"og:image:width\" content=\"1280\" \/>\n\t<meta property=\"og:image:height\" content=\"720\" \/>\n\t<meta property=\"og:image:type\" content=\"image\/jpeg\" \/>\n<meta name=\"author\" content=\"cfeditorfr\" \/>\n<meta name=\"twitter:card\" content=\"summary_large_image\" \/>\n<meta name=\"twitter:label1\" content=\"\u00c9crit par\" \/>\n\t<meta name=\"twitter:data1\" content=\"cfeditorfr\" \/>\n\t<meta name=\"twitter:label2\" content=\"Dur\u00e9e de lecture estim\u00e9e\" \/>\n\t<meta name=\"twitter:data2\" content=\"1 minute\" \/>\n<script type=\"application\/ld+json\" class=\"yoast-schema-graph\">{\"@context\":\"https:\/\/schema.org\",\"@graph\":[{\"@type\":\"Article\",\"@id\":\"https:\/\/www.africa-press.net\/cameroun\/toutes-les-actualites\/cameroun-le-president-paul-biya-nomme-un-nouveau-directeur-general-des-impots-en-remplacement-de-modeste-mopa-fatoing#article\",\"isPartOf\":{\"@id\":\"https:\/\/www.africa-press.net\/cameroun\/toutes-les-actualites\/cameroun-le-president-paul-biya-nomme-un-nouveau-directeur-general-des-impots-en-remplacement-de-modeste-mopa-fatoing\"},\"author\":{\"name\":\"cfeditorfr\",\"@id\":\"https:\/\/www.africa-press.net\/cameroun\/#\/schema\/person\/2b1cf3cd81a31e3cd26889ca66d677f1\"},\"headline\":\"Cameroun\u00a0: Le Pr\u00e9sident Paul Biya nomme un nouveau Directeur g\u00e9n\u00e9ral des Imp\u00f4ts en remplacement de Modeste Mopa Fatoing.\",\"datePublished\":\"2023-03-20T18:26:57+00:00\",\"dateModified\":\"2023-03-20T18:59:28+00:00\",\"mainEntityOfPage\":{\"@id\":\"https:\/\/www.africa-press.net\/cameroun\/toutes-les-actualites\/cameroun-le-president-paul-biya-nomme-un-nouveau-directeur-general-des-impots-en-remplacement-de-modeste-mopa-fatoing\"},\"wordCount\":258,\"commentCount\":0,\"image\":{\"@id\":\"https:\/\/www.africa-press.net\/cameroun\/toutes-les-actualites\/cameroun-le-president-paul-biya-nomme-un-nouveau-directeur-general-des-impots-en-remplacement-de-modeste-mopa-fatoing#primaryimage\"},\"thumbnailUrl\":\"https:\/\/static.africa-press.net\/cameroun\/sites\/57\/2023\/03\/postQueueImg_1679324224.57.jpg\",\"keywords\":[\"Africa Press\",\"Africa Press-Cameroun\",\"Cameroun\"],\"articleSection\":[\"Communaut\u00e9\",\"Toutes les actualit\u00e9s\"],\"inLanguage\":\"fr-FR\",\"potentialAction\":[{\"@type\":\"CommentAction\",\"name\":\"Comment\",\"target\":[\"https:\/\/www.africa-press.net\/cameroun\/toutes-les-actualites\/cameroun-le-president-paul-biya-nomme-un-nouveau-directeur-general-des-impots-en-remplacement-de-modeste-mopa-fatoing#respond\"]}]},{\"@type\":\"WebPage\",\"@id\":\"https:\/\/www.africa-press.net\/cameroun\/toutes-les-actualites\/cameroun-le-president-paul-biya-nomme-un-nouveau-directeur-general-des-impots-en-remplacement-de-modeste-mopa-fatoing\",\"url\":\"https:\/\/www.africa-press.net\/cameroun\/toutes-les-actualites\/cameroun-le-president-paul-biya-nomme-un-nouveau-directeur-general-des-impots-en-remplacement-de-modeste-mopa-fatoing\",\"name\":\"Cameroun\u00a0: Le Pr\u00e9sident Paul Biya nomme un nouveau Directeur g\u00e9n\u00e9ral des Imp\u00f4ts en remplacement de Modeste Mopa Fatoing. - Cameroun\",\"isPartOf\":{\"@id\":\"https:\/\/www.africa-press.net\/cameroun\/#website\"},\"primaryImageOfPage\":{\"@id\":\"https:\/\/www.africa-press.net\/cameroun\/toutes-les-actualites\/cameroun-le-president-paul-biya-nomme-un-nouveau-directeur-general-des-impots-en-remplacement-de-modeste-mopa-fatoing#primaryimage\"},\"image\":{\"@id\":\"https:\/\/www.africa-press.net\/cameroun\/toutes-les-actualites\/cameroun-le-president-paul-biya-nomme-un-nouveau-directeur-general-des-impots-en-remplacement-de-modeste-mopa-fatoing#primaryimage\"},\"thumbnailUrl\":\"https:\/\/static.africa-press.net\/cameroun\/sites\/57\/2023\/03\/postQueueImg_1679324224.57.jpg\",\"datePublished\":\"2023-03-20T18:26:57+00:00\",\"dateModified\":\"2023-03-20T18:59:28+00:00\",\"author\":{\"@id\":\"https:\/\/www.africa-press.net\/cameroun\/#\/schema\/person\/2b1cf3cd81a31e3cd26889ca66d677f1\"},\"description\":\"Cet Inspecteur principal des Re\u0301gies financie\u0300res (Impo\u0302ts), a e\u0301te\u0301 nomme\u0301 ce lundi 20 mars 2023 par un de\u0301cret du Chef ...\",\"breadcrumb\":{\"@id\":\"https:\/\/www.africa-press.net\/cameroun\/toutes-les-actualites\/cameroun-le-president-paul-biya-nomme-un-nouveau-directeur-general-des-impots-en-remplacement-de-modeste-mopa-fatoing#breadcrumb\"},\"inLanguage\":\"fr-FR\",\"potentialAction\":[{\"@type\":\"ReadAction\",\"target\":[\"https:\/\/www.africa-press.net\/cameroun\/toutes-les-actualites\/cameroun-le-president-paul-biya-nomme-un-nouveau-directeur-general-des-impots-en-remplacement-de-modeste-mopa-fatoing\"]}]},{\"@type\":\"ImageObject\",\"inLanguage\":\"fr-FR\",\"@id\":\"https:\/\/www.africa-press.net\/cameroun\/toutes-les-actualites\/cameroun-le-president-paul-biya-nomme-un-nouveau-directeur-general-des-impots-en-remplacement-de-modeste-mopa-fatoing#primaryimage\",\"url\":\"https:\/\/static.africa-press.net\/cameroun\/sites\/57\/2023\/03\/postQueueImg_1679324224.57.jpg\",\"contentUrl\":\"https:\/\/static.africa-press.net\/cameroun\/sites\/57\/2023\/03\/postQueueImg_1679324224.57.jpg\",\"width\":1280,\"height\":720,\"caption\":\"Cameroun\u00a0: Le Pr\u00e9sident Paul Biya nomme un nouveau Directeur g\u00e9n\u00e9ral des Imp\u00f4ts en remplacement de Modeste Mopa Fatoing.\"},{\"@type\":\"BreadcrumbList\",\"@id\":\"https:\/\/www.africa-press.net\/cameroun\/toutes-les-actualites\/cameroun-le-president-paul-biya-nomme-un-nouveau-directeur-general-des-impots-en-remplacement-de-modeste-mopa-fatoing#breadcrumb\",\"itemListElement\":[{\"@type\":\"ListItem\",\"position\":1,\"name\":\"Accueil\",\"item\":\"https:\/\/www.africa-press.net\/cameroun\/\"},{\"@type\":\"ListItem\",\"position\":2,\"name\":\"Cameroun\u00a0: Le Pr\u00e9sident Paul Biya nomme un nouveau Directeur g\u00e9n\u00e9ral des Imp\u00f4ts en remplacement de Modeste Mopa Fatoing.\"}]},{\"@type\":\"WebSite\",\"@id\":\"https:\/\/www.africa-press.net\/cameroun\/#website\",\"url\":\"https:\/\/www.africa-press.net\/cameroun\/\",\"name\":\"Cameroun\",\"description\":\"Just another Africa News Agency Sites site\",\"potentialAction\":[{\"@type\":\"SearchAction\",\"target\":{\"@type\":\"EntryPoint\",\"urlTemplate\":\"https:\/\/www.africa-press.net\/cameroun\/?s={search_term_string}\"},\"query-input\":{\"@type\":\"PropertyValueSpecification\",\"valueRequired\":true,\"valueName\":\"search_term_string\"}}],\"inLanguage\":\"fr-FR\"},{\"@type\":\"Person\",\"@id\":\"https:\/\/www.africa-press.net\/cameroun\/#\/schema\/person\/2b1cf3cd81a31e3cd26889ca66d677f1\",\"name\":\"cfeditorfr\"}]}<\/script>\n<!-- \/ Yoast SEO Premium plugin. -->","yoast_head_json":{"title":"Cameroun\u00a0: Le Pr\u00e9sident Paul Biya nomme un nouveau Directeur g\u00e9n\u00e9ral des Imp\u00f4ts en remplacement de Modeste Mopa Fatoing. - Cameroun","description":"Cet Inspecteur principal des Re\u0301gies financie\u0300res (Impo\u0302ts), a e\u0301te\u0301 nomme\u0301 ce lundi 20 mars 2023 par un de\u0301cret du Chef ...","robots":{"index":"index","follow":"follow","max-snippet":"max-snippet:-1","max-image-preview":"max-image-preview:large","max-video-preview":"max-video-preview:-1"},"canonical":"https:\/\/www.africa-press.net\/cameroun\/toutes-les-actualites\/cameroun-le-president-paul-biya-nomme-un-nouveau-directeur-general-des-impots-en-remplacement-de-modeste-mopa-fatoing","og_locale":"fr_FR","og_type":"article","og_title":"Cameroun\u00a0: Le Pr\u00e9sident Paul Biya nomme un nouveau Directeur g\u00e9n\u00e9ral des Imp\u00f4ts en remplacement de Modeste Mopa Fatoing.","og_description":"Cet Inspecteur principal des Re\u0301gies financie\u0300res (Impo\u0302ts), a e\u0301te\u0301 nomme\u0301 ce lundi 20 mars 2023 par un de\u0301cret du Chef ...","og_url":"https:\/\/www.africa-press.net\/cameroun\/toutes-les-actualites\/cameroun-le-president-paul-biya-nomme-un-nouveau-directeur-general-des-impots-en-remplacement-de-modeste-mopa-fatoing","og_site_name":"Cameroun","article_published_time":"2023-03-20T18:26:57+00:00","article_modified_time":"2023-03-20T18:59:28+00:00","og_image":[{"width":1280,"height":720,"url":"https:\/\/static.africa-press.net\/cameroun\/sites\/57\/2023\/03\/postQueueImg_1679324224.57.jpg","type":"image\/jpeg"}],"author":"cfeditorfr","twitter_card":"summary_large_image","twitter_misc":{"\u00c9crit par":"cfeditorfr","Dur\u00e9e de lecture estim\u00e9e":"1 minute"},"schema":{"@context":"https:\/\/schema.org","@graph":[{"@type":"Article","@id":"https:\/\/www.africa-press.net\/cameroun\/toutes-les-actualites\/cameroun-le-president-paul-biya-nomme-un-nouveau-directeur-general-des-impots-en-remplacement-de-modeste-mopa-fatoing#article","isPartOf":{"@id":"https:\/\/www.africa-press.net\/cameroun\/toutes-les-actualites\/cameroun-le-president-paul-biya-nomme-un-nouveau-directeur-general-des-impots-en-remplacement-de-modeste-mopa-fatoing"},"author":{"name":"cfeditorfr","@id":"https:\/\/www.africa-press.net\/cameroun\/#\/schema\/person\/2b1cf3cd81a31e3cd26889ca66d677f1"},"headline":"Cameroun\u00a0: Le Pr\u00e9sident Paul Biya nomme un nouveau Directeur g\u00e9n\u00e9ral des Imp\u00f4ts en remplacement de Modeste Mopa Fatoing.","datePublished":"2023-03-20T18:26:57+00:00","dateModified":"2023-03-20T18:59:28+00:00","mainEntityOfPage":{"@id":"https:\/\/www.africa-press.net\/cameroun\/toutes-les-actualites\/cameroun-le-president-paul-biya-nomme-un-nouveau-directeur-general-des-impots-en-remplacement-de-modeste-mopa-fatoing"},"wordCount":258,"commentCount":0,"image":{"@id":"https:\/\/www.africa-press.net\/cameroun\/toutes-les-actualites\/cameroun-le-president-paul-biya-nomme-un-nouveau-directeur-general-des-impots-en-remplacement-de-modeste-mopa-fatoing#primaryimage"},"thumbnailUrl":"https:\/\/static.africa-press.net\/cameroun\/sites\/57\/2023\/03\/postQueueImg_1679324224.57.jpg","keywords":["Africa Press","Africa Press-Cameroun","Cameroun"],"articleSection":["Communaut\u00e9","Toutes les actualit\u00e9s"],"inLanguage":"fr-FR","potentialAction":[{"@type":"CommentAction","name":"Comment","target":["https:\/\/www.africa-press.net\/cameroun\/toutes-les-actualites\/cameroun-le-president-paul-biya-nomme-un-nouveau-directeur-general-des-impots-en-remplacement-de-modeste-mopa-fatoing#respond"]}]},{"@type":"WebPage","@id":"https:\/\/www.africa-press.net\/cameroun\/toutes-les-actualites\/cameroun-le-president-paul-biya-nomme-un-nouveau-directeur-general-des-impots-en-remplacement-de-modeste-mopa-fatoing","url":"https:\/\/www.africa-press.net\/cameroun\/toutes-les-actualites\/cameroun-le-president-paul-biya-nomme-un-nouveau-directeur-general-des-impots-en-remplacement-de-modeste-mopa-fatoing","name":"Cameroun\u00a0: Le Pr\u00e9sident Paul Biya nomme un nouveau Directeur g\u00e9n\u00e9ral des Imp\u00f4ts en remplacement de Modeste Mopa Fatoing. - Cameroun","isPartOf":{"@id":"https:\/\/www.africa-press.net\/cameroun\/#website"},"primaryImageOfPage":{"@id":"https:\/\/www.africa-press.net\/cameroun\/toutes-les-actualites\/cameroun-le-president-paul-biya-nomme-un-nouveau-directeur-general-des-impots-en-remplacement-de-modeste-mopa-fatoing#primaryimage"},"image":{"@id":"https:\/\/www.africa-press.net\/cameroun\/toutes-les-actualites\/cameroun-le-president-paul-biya-nomme-un-nouveau-directeur-general-des-impots-en-remplacement-de-modeste-mopa-fatoing#primaryimage"},"thumbnailUrl":"https:\/\/static.africa-press.net\/cameroun\/sites\/57\/2023\/03\/postQueueImg_1679324224.57.jpg","datePublished":"2023-03-20T18:26:57+00:00","dateModified":"2023-03-20T18:59:28+00:00","author":{"@id":"https:\/\/www.africa-press.net\/cameroun\/#\/schema\/person\/2b1cf3cd81a31e3cd26889ca66d677f1"},"description":"Cet Inspecteur principal des Re\u0301gies financie\u0300res (Impo\u0302ts), a e\u0301te\u0301 nomme\u0301 ce lundi 20 mars 2023 par un de\u0301cret du Chef ...","breadcrumb":{"@id":"https:\/\/www.africa-press.net\/cameroun\/toutes-les-actualites\/cameroun-le-president-paul-biya-nomme-un-nouveau-directeur-general-des-impots-en-remplacement-de-modeste-mopa-fatoing#breadcrumb"},"inLanguage":"fr-FR","potentialAction":[{"@type":"ReadAction","target":["https:\/\/www.africa-press.net\/cameroun\/toutes-les-actualites\/cameroun-le-president-paul-biya-nomme-un-nouveau-directeur-general-des-impots-en-remplacement-de-modeste-mopa-fatoing"]}]},{"@type":"ImageObject","inLanguage":"fr-FR","@id":"https:\/\/www.africa-press.net\/cameroun\/toutes-les-actualites\/cameroun-le-president-paul-biya-nomme-un-nouveau-directeur-general-des-impots-en-remplacement-de-modeste-mopa-fatoing#primaryimage","url":"https:\/\/static.africa-press.net\/cameroun\/sites\/57\/2023\/03\/postQueueImg_1679324224.57.jpg","contentUrl":"https:\/\/static.africa-press.net\/cameroun\/sites\/57\/2023\/03\/postQueueImg_1679324224.57.jpg","width":1280,"height":720,"caption":"Cameroun\u00a0: Le Pr\u00e9sident Paul Biya nomme un nouveau Directeur g\u00e9n\u00e9ral des Imp\u00f4ts en remplacement de Modeste Mopa Fatoing."},{"@type":"BreadcrumbList","@id":"https:\/\/www.africa-press.net\/cameroun\/toutes-les-actualites\/cameroun-le-president-paul-biya-nomme-un-nouveau-directeur-general-des-impots-en-remplacement-de-modeste-mopa-fatoing#breadcrumb","itemListElement":[{"@type":"ListItem","position":1,"name":"Accueil","item":"https:\/\/www.africa-press.net\/cameroun\/"},{"@type":"ListItem","position":2,"name":"Cameroun\u00a0: Le Pr\u00e9sident Paul Biya nomme un nouveau Directeur g\u00e9n\u00e9ral des Imp\u00f4ts en remplacement de Modeste Mopa Fatoing."}]},{"@type":"WebSite","@id":"https:\/\/www.africa-press.net\/cameroun\/#website","url":"https:\/\/www.africa-press.net\/cameroun\/","name":"Cameroun","description":"Just another Africa News Agency Sites site","potentialAction":[{"@type":"SearchAction","target":{"@type":"EntryPoint","urlTemplate":"https:\/\/www.africa-press.net\/cameroun\/?s={search_term_string}"},"query-input":{"@type":"PropertyValueSpecification","valueRequired":true,"valueName":"search_term_string"}}],"inLanguage":"fr-FR"},{"@type":"Person","@id":"https:\/\/www.africa-press.net\/cameroun\/#\/schema\/person\/2b1cf3cd81a31e3cd26889ca66d677f1","name":"cfeditorfr"}]}},"_links":{"self":[{"href":"https:\/\/www.africa-press.net\/cameroun\/wp-json\/wp\/v2\/posts\/39843","targetHints":{"allow":["GET"]}}],"collection":[{"href":"https:\/\/www.africa-press.net\/cameroun\/wp-json\/wp\/v2\/posts"}],"about":[{"href":"https:\/\/www.africa-press.net\/cameroun\/wp-json\/wp\/v2\/types\/post"}],"author":[{"embeddable":true,"href":"https:\/\/www.africa-press.net\/cameroun\/wp-json\/wp\/v2\/users\/82"}],"replies":[{"embeddable":true,"href":"https:\/\/www.africa-press.net\/cameroun\/wp-json\/wp\/v2\/comments?post=39843"}],"version-history":[{"count":0,"href":"https:\/\/www.africa-press.net\/cameroun\/wp-json\/wp\/v2\/posts\/39843\/revisions"}],"wp:featuredmedia":[{"embeddable":true,"href":"https:\/\/www.africa-press.net\/cameroun\/wp-json\/wp\/v2\/media\/39842"}],"wp:attachment":[{"href":"https:\/\/www.africa-press.net\/cameroun\/wp-json\/wp\/v2\/media?parent=39843"}],"wp:term":[{"taxonomy":"category","embeddable":true,"href":"https:\/\/www.africa-press.net\/cameroun\/wp-json\/wp\/v2\/categories?post=39843"},{"taxonomy":"post_tag","embeddable":true,"href":"https:\/\/www.africa-press.net\/cameroun\/wp-json\/wp\/v2\/tags?post=39843"}],"curies":[{"name":"wp","href":"https:\/\/api.w.org\/{rel}","templated":true}]}}