{"id":39849,"date":"2023-03-20T18:27:46","date_gmt":"2023-03-20T18:27:46","guid":{"rendered":"https:\/\/www.africa-press.net\/cameroun\/politique\/je-vais-consulter-les-autres-chefs-detat-touadera-se-prononce-apres-son-election-a-la-tete-de-la-cemac-amougou-peut-encore-esperer"},"modified":"2023-03-20T19:01:00","modified_gmt":"2023-03-20T19:01:00","slug":"je-vais-consulter-les-autres-chefs-detat-touadera-se-prononce-apres-son-election-a-la-tete-de-la-cemac-amougou-peut-encore-esperer","status":"publish","type":"post","link":"https:\/\/www.africa-press.net\/cameroun\/politique\/je-vais-consulter-les-autres-chefs-detat-touadera-se-prononce-apres-son-election-a-la-tete-de-la-cemac-amougou-peut-encore-esperer","title":{"rendered":"\u2018Je vais consulter les autres Chefs d\u2019\u00c9tat\u2019 : Touad\u00e9ra se prononce apr\u00e8s son \u00e9lection \u00e0 la t\u00eate de la CEMAC ; Amougou peut encore esp\u00e9rer"},"content":{"rendered":"<p><span style=\"color: #ff6600\"><strong>Africa-Press &#8211; Cameroun. <\/strong><\/span>Archange Faustin Touadera, le pre\u0301sident centrafricain a e\u0301te\u0301 porte\u0301 a\u0300 la te\u0302te de la CEMAC. Le nouveau pre\u0301sident, de retour a\u0300 Bangui, a e\u0301te\u0301 accueilli par une foule en liesse jusqu\u2019a\u0300 son domicile.<\/p>\n<p>Le Pre\u0301sident de la Re\u0301publique, Son Excellence Pr Faustin Archange TOUADERA est rentre\u0301 a\u0300 Bangui en fin d\u2019apre\u0300s-midi du samedi 18 mars 2023 apre\u0300s avoir pris part a\u0300 la 15e session de la Confe\u0301rence des Chefs de la CEMAC qui s\u2019est tenue a\u0300 Yaounde\u0301 au Cameroun le 17 mars 2023.<\/p>\n<p>A son arrive\u0301e a\u0300 l&rsquo;ae\u0301roport de Bangui M&rsquo;Poko, le Pre\u0301sident TOUADERA a e\u0301te\u0301 accueilli par le Premier Ministre Fe\u0301lix MOLOUA et les membres de son gouvernement.<\/p>\n<p>L&rsquo;on a e\u0301galement note\u0301 la pre\u0301sence des membres du cabinet pre\u0301sidentiel conduits par le Ministre Chef de Cabinet particulier du Chef de l&rsquo;Etat, M. Donatien MALEYOMBO.<\/p>\n<p>C\u2019est dans une ambiance festive qu\u2019une foule en liesse s&rsquo;est installe\u0301e tout au long de l\u2019avenue menant de l\u2019ae\u0301roport jusqu\u2019au domicile du Pre\u0301sident TOUADERA.<\/p>\n<p>Hommes, femmes et enfants ont entonne\u0301 des chants a\u0300 la gloire de la Re\u0301publique Centrafricaine dont la pre\u0301sidence tournante de la CEMAC a e\u0301te\u0301 interdite depuis 10 ans en raison d&rsquo;une se\u0301rie des crises militaro-politique.<\/p>\n<p>La Re\u0301publique Centrafricaine consolide de\u0301finitivement le retour de la paix a\u0300 travers l&rsquo;e\u0301lection du Pre\u0301sident TOUADERA pour une dure\u0301e d&rsquo;un an a\u0300 la te\u0302te de la CEMAC.<\/p>\n<p>L&rsquo;artisan du retour de la paix en Centrafrique s&rsquo;est confie\u0301 a\u0300 la presse sur les de\u0301fis qui l\u2019attendent : \u00ab Merci beaucoup. Comme vous savez, c\u2019est notre communaute\u0301 de la CEMAC et la Re\u0301publique Centrafricaine y appartient. Aujourd\u2019hui, les Chefs d\u2019E\u0301tat, lors de cette confe\u0301rence qui a e\u0301te\u0301 initie\u0301e par le Pre\u0301sident en exercice sortant, Paul BIYA que je remercie d\u2019ailleurs et, que je fe\u0301licite pour la qualite\u0301 de l\u2019organisation qui nous a e\u0301te\u0301 re\u0301serve\u0301e par le peuple et le gouvernement camerounais. Je remercie aussi les autres Chefs d\u2019E\u0301tat qui, suivant les principes de rotation m\u2019ont fait confiance et ont honore\u0301 la Re\u0301publique Centrafricaine, pour conduire pendant 1 an notre communaute\u0301. Et comme vous savez, nous avons des re\u0300gles au sein de la communaute\u0301. Ce sont les de\u0301cisions et orientations qui sont prises par la confe\u0301rence des Chefs qui doivent guider la communaute\u0301 \u00bb, a-t-il confie\u0301.<\/p>\n<p>\u00ab Nous nous e\u0301tions re\u0301unis et les orientations ont e\u0301te\u0301 donne\u0301es et, ma mission est de mettre en \u0153uvre ces orientations auxquelles je vais m\u2019y atteler, pour que nous ayons des re\u0301sultats a\u0300 court terme. E\u0301videmment, nous avons des urgences qui sont la\u0300, et il m\u2019appartient de pouvoir consulter les autres Chefs d\u2019E\u0301tat et de voir comment y apporter des solutions. Car, vous savez qu\u2019au sein de la communaute\u0301, c\u2019est le principe de la solidarite\u0301. Il y\u2019a des questions qui concernent tous nos pays face auxquels je serai appele\u0301 a\u0300 y trouver des solutions \u00bb, a ajoute\u0301 le nouveau pre\u0301sident de la CEMAC.<\/p>\n<p><strong>Pour plus d&rsquo;informations et d&rsquo;analyses sur la <a href=\"https:\/\/www.africa-press.net\/cameroun\">Cameroun<\/a>, suivez <a href=\"https:\/\/www.africa-press.net\/\">Africa-Press<\/a><\/strong><\/p>\n","protected":false},"excerpt":{"rendered":"<p>Africa-Press &#8211; Cameroun. Archange Faustin Touadera, le pre\u0301sident centrafricain a e\u0301te\u0301 porte\u0301 a\u0300 la te\u0302te de la CEMAC. Le nouveau pre\u0301sident, de retour a\u0300 Bangui, a e\u0301te\u0301 accueilli par une foule en liesse jusqu\u2019a\u0300 son domicile. Le Pre\u0301sident de la Re\u0301publique, Son Excellence Pr Faustin Archange TOUADERA est rentre\u0301 a\u0300 Bangui en fin d\u2019apre\u0300s-midi du [&hellip;]<\/p>\n","protected":false},"author":82,"featured_media":39847,"comment_status":"open","ping_status":"closed","sticky":false,"template":"","format":"standard","meta":{"footnotes":""},"categories":[2,10],"tags":[36,50,49],"class_list":["post-39849","post","type-post","status-publish","format-standard","has-post-thumbnail","hentry","category-politique","category-toutes-les-actualites","tag-africa-press","tag-africa-press-cameroun","tag-cameroun"],"yoast_head":"<!-- This site is optimized with the Yoast SEO Premium plugin v26.1 (Yoast SEO v27.0) - https:\/\/yoast.com\/product\/yoast-seo-premium-wordpress\/ -->\n<title>\u2018Je vais consulter les autres Chefs d\u2019\u00c9tat\u2019 : Touad\u00e9ra se prononce apr\u00e8s son \u00e9lection \u00e0 la t\u00eate de la CEMAC ; Amougou peut encore esp\u00e9rer - Cameroun<\/title>\n<meta name=\"description\" content=\"Archange Faustin Touadera, le pre\u0301sident centrafricain a e\u0301te\u0301 porte\u0301 a\u0300 la te\u0302te de la CEMAC. Le nouveau pre\u0301sident, de ...\" \/>\n<meta name=\"robots\" content=\"index, follow, max-snippet:-1, max-image-preview:large, max-video-preview:-1\" \/>\n<link rel=\"canonical\" href=\"https:\/\/www.africa-press.net\/cameroun\/politique\/je-vais-consulter-les-autres-chefs-detat-touadera-se-prononce-apres-son-election-a-la-tete-de-la-cemac-amougou-peut-encore-esperer\" \/>\n<meta property=\"og:locale\" content=\"fr_FR\" \/>\n<meta property=\"og:type\" content=\"article\" \/>\n<meta property=\"og:title\" content=\"\u2018Je vais consulter les autres Chefs d\u2019\u00c9tat\u2019 : Touad\u00e9ra se prononce apr\u00e8s son \u00e9lection \u00e0 la t\u00eate de la CEMAC ; Amougou peut encore esp\u00e9rer\" \/>\n<meta property=\"og:description\" content=\"Archange Faustin Touadera, le pre\u0301sident centrafricain a e\u0301te\u0301 porte\u0301 a\u0300 la te\u0302te de la CEMAC. Le nouveau pre\u0301sident, de ...\" \/>\n<meta property=\"og:url\" content=\"https:\/\/www.africa-press.net\/cameroun\/politique\/je-vais-consulter-les-autres-chefs-detat-touadera-se-prononce-apres-son-election-a-la-tete-de-la-cemac-amougou-peut-encore-esperer\" \/>\n<meta property=\"og:site_name\" content=\"Cameroun\" \/>\n<meta property=\"article:published_time\" content=\"2023-03-20T18:27:46+00:00\" \/>\n<meta property=\"article:modified_time\" content=\"2023-03-20T19:01:00+00:00\" \/>\n<meta property=\"og:image\" content=\"https:\/\/static.africa-press.net\/cameroun\/sites\/57\/2023\/03\/postQueueImg_1679324295.56.jpg\" \/>\n\t<meta property=\"og:image:width\" content=\"720\" \/>\n\t<meta property=\"og:image:height\" content=\"390\" \/>\n\t<meta property=\"og:image:type\" content=\"image\/jpeg\" \/>\n<meta name=\"author\" content=\"cfeditorfr\" \/>\n<meta name=\"twitter:card\" content=\"summary_large_image\" \/>\n<meta name=\"twitter:label1\" content=\"\u00c9crit par\" \/>\n\t<meta name=\"twitter:data1\" content=\"cfeditorfr\" \/>\n\t<meta name=\"twitter:label2\" content=\"Dur\u00e9e de lecture estim\u00e9e\" \/>\n\t<meta name=\"twitter:data2\" content=\"3 minutes\" \/>\n<script type=\"application\/ld+json\" class=\"yoast-schema-graph\">{\"@context\":\"https:\/\/schema.org\",\"@graph\":[{\"@type\":\"Article\",\"@id\":\"https:\/\/www.africa-press.net\/cameroun\/politique\/je-vais-consulter-les-autres-chefs-detat-touadera-se-prononce-apres-son-election-a-la-tete-de-la-cemac-amougou-peut-encore-esperer#article\",\"isPartOf\":{\"@id\":\"https:\/\/www.africa-press.net\/cameroun\/politique\/je-vais-consulter-les-autres-chefs-detat-touadera-se-prononce-apres-son-election-a-la-tete-de-la-cemac-amougou-peut-encore-esperer\"},\"author\":{\"name\":\"cfeditorfr\",\"@id\":\"https:\/\/www.africa-press.net\/cameroun\/#\/schema\/person\/2b1cf3cd81a31e3cd26889ca66d677f1\"},\"headline\":\"\u2018Je vais consulter les autres Chefs d\u2019\u00c9tat\u2019 : Touad\u00e9ra se prononce apr\u00e8s son \u00e9lection \u00e0 la t\u00eate de la CEMAC ; Amougou peut encore esp\u00e9rer\",\"datePublished\":\"2023-03-20T18:27:46+00:00\",\"dateModified\":\"2023-03-20T19:01:00+00:00\",\"mainEntityOfPage\":{\"@id\":\"https:\/\/www.africa-press.net\/cameroun\/politique\/je-vais-consulter-les-autres-chefs-detat-touadera-se-prononce-apres-son-election-a-la-tete-de-la-cemac-amougou-peut-encore-esperer\"},\"wordCount\":588,\"commentCount\":0,\"image\":{\"@id\":\"https:\/\/www.africa-press.net\/cameroun\/politique\/je-vais-consulter-les-autres-chefs-detat-touadera-se-prononce-apres-son-election-a-la-tete-de-la-cemac-amougou-peut-encore-esperer#primaryimage\"},\"thumbnailUrl\":\"https:\/\/static.africa-press.net\/cameroun\/sites\/57\/2023\/03\/postQueueImg_1679324295.56.jpg\",\"keywords\":[\"Africa Press\",\"Africa Press-Cameroun\",\"Cameroun\"],\"articleSection\":[\"Politique\",\"Toutes les actualit\u00e9s\"],\"inLanguage\":\"fr-FR\",\"potentialAction\":[{\"@type\":\"CommentAction\",\"name\":\"Comment\",\"target\":[\"https:\/\/www.africa-press.net\/cameroun\/politique\/je-vais-consulter-les-autres-chefs-detat-touadera-se-prononce-apres-son-election-a-la-tete-de-la-cemac-amougou-peut-encore-esperer#respond\"]}]},{\"@type\":\"WebPage\",\"@id\":\"https:\/\/www.africa-press.net\/cameroun\/politique\/je-vais-consulter-les-autres-chefs-detat-touadera-se-prononce-apres-son-election-a-la-tete-de-la-cemac-amougou-peut-encore-esperer\",\"url\":\"https:\/\/www.africa-press.net\/cameroun\/politique\/je-vais-consulter-les-autres-chefs-detat-touadera-se-prononce-apres-son-election-a-la-tete-de-la-cemac-amougou-peut-encore-esperer\",\"name\":\"\u2018Je vais consulter les autres Chefs d\u2019\u00c9tat\u2019 : Touad\u00e9ra se prononce apr\u00e8s son \u00e9lection \u00e0 la t\u00eate de la CEMAC ; Amougou peut encore esp\u00e9rer - Cameroun\",\"isPartOf\":{\"@id\":\"https:\/\/www.africa-press.net\/cameroun\/#website\"},\"primaryImageOfPage\":{\"@id\":\"https:\/\/www.africa-press.net\/cameroun\/politique\/je-vais-consulter-les-autres-chefs-detat-touadera-se-prononce-apres-son-election-a-la-tete-de-la-cemac-amougou-peut-encore-esperer#primaryimage\"},\"image\":{\"@id\":\"https:\/\/www.africa-press.net\/cameroun\/politique\/je-vais-consulter-les-autres-chefs-detat-touadera-se-prononce-apres-son-election-a-la-tete-de-la-cemac-amougou-peut-encore-esperer#primaryimage\"},\"thumbnailUrl\":\"https:\/\/static.africa-press.net\/cameroun\/sites\/57\/2023\/03\/postQueueImg_1679324295.56.jpg\",\"datePublished\":\"2023-03-20T18:27:46+00:00\",\"dateModified\":\"2023-03-20T19:01:00+00:00\",\"author\":{\"@id\":\"https:\/\/www.africa-press.net\/cameroun\/#\/schema\/person\/2b1cf3cd81a31e3cd26889ca66d677f1\"},\"description\":\"Archange Faustin Touadera, le pre\u0301sident centrafricain a e\u0301te\u0301 porte\u0301 a\u0300 la te\u0302te de la CEMAC. Le nouveau pre\u0301sident, de ...\",\"breadcrumb\":{\"@id\":\"https:\/\/www.africa-press.net\/cameroun\/politique\/je-vais-consulter-les-autres-chefs-detat-touadera-se-prononce-apres-son-election-a-la-tete-de-la-cemac-amougou-peut-encore-esperer#breadcrumb\"},\"inLanguage\":\"fr-FR\",\"potentialAction\":[{\"@type\":\"ReadAction\",\"target\":[\"https:\/\/www.africa-press.net\/cameroun\/politique\/je-vais-consulter-les-autres-chefs-detat-touadera-se-prononce-apres-son-election-a-la-tete-de-la-cemac-amougou-peut-encore-esperer\"]}]},{\"@type\":\"ImageObject\",\"inLanguage\":\"fr-FR\",\"@id\":\"https:\/\/www.africa-press.net\/cameroun\/politique\/je-vais-consulter-les-autres-chefs-detat-touadera-se-prononce-apres-son-election-a-la-tete-de-la-cemac-amougou-peut-encore-esperer#primaryimage\",\"url\":\"https:\/\/static.africa-press.net\/cameroun\/sites\/57\/2023\/03\/postQueueImg_1679324295.56.jpg\",\"contentUrl\":\"https:\/\/static.africa-press.net\/cameroun\/sites\/57\/2023\/03\/postQueueImg_1679324295.56.jpg\",\"width\":720,\"height\":390,\"caption\":\"\u2018Je vais consulter les autres Chefs d\u2019\u00c9tat\u2019 : Touad\u00e9ra se prononce apr\u00e8s son \u00e9lection \u00e0 la t\u00eate de la CEMAC ; Amougou peut encore esp\u00e9rer\"},{\"@type\":\"BreadcrumbList\",\"@id\":\"https:\/\/www.africa-press.net\/cameroun\/politique\/je-vais-consulter-les-autres-chefs-detat-touadera-se-prononce-apres-son-election-a-la-tete-de-la-cemac-amougou-peut-encore-esperer#breadcrumb\",\"itemListElement\":[{\"@type\":\"ListItem\",\"position\":1,\"name\":\"Accueil\",\"item\":\"https:\/\/www.africa-press.net\/cameroun\/\"},{\"@type\":\"ListItem\",\"position\":2,\"name\":\"\u2018Je vais consulter les autres Chefs d\u2019\u00c9tat\u2019 : Touad\u00e9ra se prononce apr\u00e8s son \u00e9lection \u00e0 la t\u00eate de la CEMAC ; Amougou peut encore esp\u00e9rer\"}]},{\"@type\":\"WebSite\",\"@id\":\"https:\/\/www.africa-press.net\/cameroun\/#website\",\"url\":\"https:\/\/www.africa-press.net\/cameroun\/\",\"name\":\"Cameroun\",\"description\":\"Just another Africa News Agency Sites site\",\"potentialAction\":[{\"@type\":\"SearchAction\",\"target\":{\"@type\":\"EntryPoint\",\"urlTemplate\":\"https:\/\/www.africa-press.net\/cameroun\/?s={search_term_string}\"},\"query-input\":{\"@type\":\"PropertyValueSpecification\",\"valueRequired\":true,\"valueName\":\"search_term_string\"}}],\"inLanguage\":\"fr-FR\"},{\"@type\":\"Person\",\"@id\":\"https:\/\/www.africa-press.net\/cameroun\/#\/schema\/person\/2b1cf3cd81a31e3cd26889ca66d677f1\",\"name\":\"cfeditorfr\"}]}<\/script>\n<!-- \/ Yoast SEO Premium plugin. -->","yoast_head_json":{"title":"\u2018Je vais consulter les autres Chefs d\u2019\u00c9tat\u2019 : Touad\u00e9ra se prononce apr\u00e8s son \u00e9lection \u00e0 la t\u00eate de la CEMAC ; Amougou peut encore esp\u00e9rer - Cameroun","description":"Archange Faustin Touadera, le pre\u0301sident centrafricain a e\u0301te\u0301 porte\u0301 a\u0300 la te\u0302te de la CEMAC. Le nouveau pre\u0301sident, de ...","robots":{"index":"index","follow":"follow","max-snippet":"max-snippet:-1","max-image-preview":"max-image-preview:large","max-video-preview":"max-video-preview:-1"},"canonical":"https:\/\/www.africa-press.net\/cameroun\/politique\/je-vais-consulter-les-autres-chefs-detat-touadera-se-prononce-apres-son-election-a-la-tete-de-la-cemac-amougou-peut-encore-esperer","og_locale":"fr_FR","og_type":"article","og_title":"\u2018Je vais consulter les autres Chefs d\u2019\u00c9tat\u2019 : Touad\u00e9ra se prononce apr\u00e8s son \u00e9lection \u00e0 la t\u00eate de la CEMAC ; Amougou peut encore esp\u00e9rer","og_description":"Archange Faustin Touadera, le pre\u0301sident centrafricain a e\u0301te\u0301 porte\u0301 a\u0300 la te\u0302te de la CEMAC. Le nouveau pre\u0301sident, de ...","og_url":"https:\/\/www.africa-press.net\/cameroun\/politique\/je-vais-consulter-les-autres-chefs-detat-touadera-se-prononce-apres-son-election-a-la-tete-de-la-cemac-amougou-peut-encore-esperer","og_site_name":"Cameroun","article_published_time":"2023-03-20T18:27:46+00:00","article_modified_time":"2023-03-20T19:01:00+00:00","og_image":[{"width":720,"height":390,"url":"https:\/\/static.africa-press.net\/cameroun\/sites\/57\/2023\/03\/postQueueImg_1679324295.56.jpg","type":"image\/jpeg"}],"author":"cfeditorfr","twitter_card":"summary_large_image","twitter_misc":{"\u00c9crit par":"cfeditorfr","Dur\u00e9e de lecture estim\u00e9e":"3 minutes"},"schema":{"@context":"https:\/\/schema.org","@graph":[{"@type":"Article","@id":"https:\/\/www.africa-press.net\/cameroun\/politique\/je-vais-consulter-les-autres-chefs-detat-touadera-se-prononce-apres-son-election-a-la-tete-de-la-cemac-amougou-peut-encore-esperer#article","isPartOf":{"@id":"https:\/\/www.africa-press.net\/cameroun\/politique\/je-vais-consulter-les-autres-chefs-detat-touadera-se-prononce-apres-son-election-a-la-tete-de-la-cemac-amougou-peut-encore-esperer"},"author":{"name":"cfeditorfr","@id":"https:\/\/www.africa-press.net\/cameroun\/#\/schema\/person\/2b1cf3cd81a31e3cd26889ca66d677f1"},"headline":"\u2018Je vais consulter les autres Chefs d\u2019\u00c9tat\u2019 : Touad\u00e9ra se prononce apr\u00e8s son \u00e9lection \u00e0 la t\u00eate de la CEMAC ; Amougou peut encore esp\u00e9rer","datePublished":"2023-03-20T18:27:46+00:00","dateModified":"2023-03-20T19:01:00+00:00","mainEntityOfPage":{"@id":"https:\/\/www.africa-press.net\/cameroun\/politique\/je-vais-consulter-les-autres-chefs-detat-touadera-se-prononce-apres-son-election-a-la-tete-de-la-cemac-amougou-peut-encore-esperer"},"wordCount":588,"commentCount":0,"image":{"@id":"https:\/\/www.africa-press.net\/cameroun\/politique\/je-vais-consulter-les-autres-chefs-detat-touadera-se-prononce-apres-son-election-a-la-tete-de-la-cemac-amougou-peut-encore-esperer#primaryimage"},"thumbnailUrl":"https:\/\/static.africa-press.net\/cameroun\/sites\/57\/2023\/03\/postQueueImg_1679324295.56.jpg","keywords":["Africa Press","Africa Press-Cameroun","Cameroun"],"articleSection":["Politique","Toutes les actualit\u00e9s"],"inLanguage":"fr-FR","potentialAction":[{"@type":"CommentAction","name":"Comment","target":["https:\/\/www.africa-press.net\/cameroun\/politique\/je-vais-consulter-les-autres-chefs-detat-touadera-se-prononce-apres-son-election-a-la-tete-de-la-cemac-amougou-peut-encore-esperer#respond"]}]},{"@type":"WebPage","@id":"https:\/\/www.africa-press.net\/cameroun\/politique\/je-vais-consulter-les-autres-chefs-detat-touadera-se-prononce-apres-son-election-a-la-tete-de-la-cemac-amougou-peut-encore-esperer","url":"https:\/\/www.africa-press.net\/cameroun\/politique\/je-vais-consulter-les-autres-chefs-detat-touadera-se-prononce-apres-son-election-a-la-tete-de-la-cemac-amougou-peut-encore-esperer","name":"\u2018Je vais consulter les autres Chefs d\u2019\u00c9tat\u2019 : Touad\u00e9ra se prononce apr\u00e8s son \u00e9lection \u00e0 la t\u00eate de la CEMAC ; Amougou peut encore esp\u00e9rer - Cameroun","isPartOf":{"@id":"https:\/\/www.africa-press.net\/cameroun\/#website"},"primaryImageOfPage":{"@id":"https:\/\/www.africa-press.net\/cameroun\/politique\/je-vais-consulter-les-autres-chefs-detat-touadera-se-prononce-apres-son-election-a-la-tete-de-la-cemac-amougou-peut-encore-esperer#primaryimage"},"image":{"@id":"https:\/\/www.africa-press.net\/cameroun\/politique\/je-vais-consulter-les-autres-chefs-detat-touadera-se-prononce-apres-son-election-a-la-tete-de-la-cemac-amougou-peut-encore-esperer#primaryimage"},"thumbnailUrl":"https:\/\/static.africa-press.net\/cameroun\/sites\/57\/2023\/03\/postQueueImg_1679324295.56.jpg","datePublished":"2023-03-20T18:27:46+00:00","dateModified":"2023-03-20T19:01:00+00:00","author":{"@id":"https:\/\/www.africa-press.net\/cameroun\/#\/schema\/person\/2b1cf3cd81a31e3cd26889ca66d677f1"},"description":"Archange Faustin Touadera, le pre\u0301sident centrafricain a e\u0301te\u0301 porte\u0301 a\u0300 la te\u0302te de la CEMAC. Le nouveau pre\u0301sident, de ...","breadcrumb":{"@id":"https:\/\/www.africa-press.net\/cameroun\/politique\/je-vais-consulter-les-autres-chefs-detat-touadera-se-prononce-apres-son-election-a-la-tete-de-la-cemac-amougou-peut-encore-esperer#breadcrumb"},"inLanguage":"fr-FR","potentialAction":[{"@type":"ReadAction","target":["https:\/\/www.africa-press.net\/cameroun\/politique\/je-vais-consulter-les-autres-chefs-detat-touadera-se-prononce-apres-son-election-a-la-tete-de-la-cemac-amougou-peut-encore-esperer"]}]},{"@type":"ImageObject","inLanguage":"fr-FR","@id":"https:\/\/www.africa-press.net\/cameroun\/politique\/je-vais-consulter-les-autres-chefs-detat-touadera-se-prononce-apres-son-election-a-la-tete-de-la-cemac-amougou-peut-encore-esperer#primaryimage","url":"https:\/\/static.africa-press.net\/cameroun\/sites\/57\/2023\/03\/postQueueImg_1679324295.56.jpg","contentUrl":"https:\/\/static.africa-press.net\/cameroun\/sites\/57\/2023\/03\/postQueueImg_1679324295.56.jpg","width":720,"height":390,"caption":"\u2018Je vais consulter les autres Chefs d\u2019\u00c9tat\u2019 : Touad\u00e9ra se prononce apr\u00e8s son \u00e9lection \u00e0 la t\u00eate de la CEMAC ; Amougou peut encore esp\u00e9rer"},{"@type":"BreadcrumbList","@id":"https:\/\/www.africa-press.net\/cameroun\/politique\/je-vais-consulter-les-autres-chefs-detat-touadera-se-prononce-apres-son-election-a-la-tete-de-la-cemac-amougou-peut-encore-esperer#breadcrumb","itemListElement":[{"@type":"ListItem","position":1,"name":"Accueil","item":"https:\/\/www.africa-press.net\/cameroun\/"},{"@type":"ListItem","position":2,"name":"\u2018Je vais consulter les autres Chefs d\u2019\u00c9tat\u2019 : Touad\u00e9ra se prononce apr\u00e8s son \u00e9lection \u00e0 la t\u00eate de la CEMAC ; Amougou peut encore esp\u00e9rer"}]},{"@type":"WebSite","@id":"https:\/\/www.africa-press.net\/cameroun\/#website","url":"https:\/\/www.africa-press.net\/cameroun\/","name":"Cameroun","description":"Just another Africa News Agency Sites site","potentialAction":[{"@type":"SearchAction","target":{"@type":"EntryPoint","urlTemplate":"https:\/\/www.africa-press.net\/cameroun\/?s={search_term_string}"},"query-input":{"@type":"PropertyValueSpecification","valueRequired":true,"valueName":"search_term_string"}}],"inLanguage":"fr-FR"},{"@type":"Person","@id":"https:\/\/www.africa-press.net\/cameroun\/#\/schema\/person\/2b1cf3cd81a31e3cd26889ca66d677f1","name":"cfeditorfr"}]}},"_links":{"self":[{"href":"https:\/\/www.africa-press.net\/cameroun\/wp-json\/wp\/v2\/posts\/39849","targetHints":{"allow":["GET"]}}],"collection":[{"href":"https:\/\/www.africa-press.net\/cameroun\/wp-json\/wp\/v2\/posts"}],"about":[{"href":"https:\/\/www.africa-press.net\/cameroun\/wp-json\/wp\/v2\/types\/post"}],"author":[{"embeddable":true,"href":"https:\/\/www.africa-press.net\/cameroun\/wp-json\/wp\/v2\/users\/82"}],"replies":[{"embeddable":true,"href":"https:\/\/www.africa-press.net\/cameroun\/wp-json\/wp\/v2\/comments?post=39849"}],"version-history":[{"count":0,"href":"https:\/\/www.africa-press.net\/cameroun\/wp-json\/wp\/v2\/posts\/39849\/revisions"}],"wp:featuredmedia":[{"embeddable":true,"href":"https:\/\/www.africa-press.net\/cameroun\/wp-json\/wp\/v2\/media\/39847"}],"wp:attachment":[{"href":"https:\/\/www.africa-press.net\/cameroun\/wp-json\/wp\/v2\/media?parent=39849"}],"wp:term":[{"taxonomy":"category","embeddable":true,"href":"https:\/\/www.africa-press.net\/cameroun\/wp-json\/wp\/v2\/categories?post=39849"},{"taxonomy":"post_tag","embeddable":true,"href":"https:\/\/www.africa-press.net\/cameroun\/wp-json\/wp\/v2\/tags?post=39849"}],"curies":[{"name":"wp","href":"https:\/\/api.w.org\/{rel}","templated":true}]}}