{"id":39852,"date":"2023-03-20T18:28:21","date_gmt":"2023-03-20T18:28:21","guid":{"rendered":"https:\/\/www.africa-press.net\/cameroun\/politique\/complicite-sebastien-ebala-crache-du-feu-sur-les-amis-de-kamto-et-de-biya"},"modified":"2023-03-20T19:01:43","modified_gmt":"2023-03-20T19:01:43","slug":"complicite-sebastien-ebala-crache-du-feu-sur-les-amis-de-kamto-et-de-biya","status":"publish","type":"post","link":"https:\/\/www.africa-press.net\/cameroun\/politique\/complicite-sebastien-ebala-crache-du-feu-sur-les-amis-de-kamto-et-de-biya","title":{"rendered":"Complicit\u00e9 : Sebastien Ebala crache du feu sur les amis de Kamto et de Biya"},"content":{"rendered":"<p><span style=\"color: #ff6600\"><strong>Africa-Press &#8211; Cameroun. <\/strong><\/span>Sebastien Ebala n\u2019est plus a\u0300 pre\u0301senter. Il a encore sorti sa sulfateuse et de\u0301gaine\u0301 sur les membres de l\u2019opposition camerounaise qu\u2019il conside\u0300re comme des complices du re\u0301gime de Biya<\/p>\n<p>SEBASTIEN EBALLA CRITIQUE L\u2019OPPOSITION COMPLICE DU RE\u0301GIME BIYA.<\/p>\n<p>\u00ab Je fais cette tribune pour de\u0301noncer les acteurs politiques complices de la confiscation du pouvoir par le syste\u0300me ille\u0301gitime depuis le vol de la victoire du pre\u0301sident e\u0301lu Maurice kamto en 202018.<\/p>\n<p>Nous avons constate\u0301 que certains responsables de l&rsquo;opposition passent le clair de leur temps a\u0300 combattre d&rsquo;autres pour des raisons de positionnement aupre\u0300s du syste\u0300me ille\u0301gitime. Pendant ce temps le pays est dans un e\u0301tat comateux, rien n&rsquo;avance sur le plan du de\u0301veloppement. Aucune pression n&rsquo;est faite pour mettre dos au mur ce qui disent gouverner. Autre fait marquant, le manque de concertation et des partis de l&rsquo;opposition.<\/p>\n<p>Pas de cercle de re\u0301flexion pour e\u0301valuer l&rsquo;e\u0301tat de pourriture de notre pays dans certains domaines comme les coupures de l&rsquo;e\u0301nergie e\u0301lectrique, le manque d&rsquo;eau dans les robinets sans oublier les cas d&rsquo;inse\u0301curite\u0301 qui pre\u0301vaut dans nos grandes villes, Yaounde\u0301, Douala, bafoussam et autres. L&rsquo;e\u0301ducation est aussi en lambeau avec les violences orchestre\u0301es par des e\u0301le\u0300ves qui se livrent a\u0300 des de\u0301fiances telles que la pratique de l&rsquo;homosexualite\u0301, le lesbianisme, la drogue l&rsquo;alcool et la corruption venant des parents pour soudoyer les enseignants. Tout cela au vu et au su de nos opposant qui regardent faire. Certains qui sont me\u0302me membres du parlement sont aussi complices. Ce qui les inte\u0301resse, c&rsquo;est leurs e\u0301moluments entant que de\u0301pute\u0301s.<\/p>\n<p>D&rsquo;autres sont des agents doubles apre\u0300s plusieurs investigations faits dans certains partis politiques, il ressort que certains responsables des partis en question rec\u0327oivent des avantages aupre\u0300s des responsables du syste\u0300me gouvernant : les marche\u0301s publics, les recrutements dans les grandes e\u0301coles Les e\u0301pouses qui gagnent aussi des marche\u0301s : traiteurs dans des ce\u0301re\u0301monies soit prive\u0301es au publiques. Autre constat fait c&rsquo;est la source de financement des partis en question beaucoup rec\u0327oivent de l&rsquo;argent a\u0300 la pre\u0301sidence de la Re\u0301publique pour distraire l&rsquo;opposition dans son ensemble.\u00bb<\/p>\n<p><strong>Pour plus d&rsquo;informations et d&rsquo;analyses sur la <a href=\"https:\/\/www.africa-press.net\/cameroun\">Cameroun<\/a>, suivez <a href=\"https:\/\/www.africa-press.net\/\">Africa-Press<\/a><\/strong><\/p>\n","protected":false},"excerpt":{"rendered":"<p>Africa-Press &#8211; Cameroun. Sebastien Ebala n\u2019est plus a\u0300 pre\u0301senter. Il a encore sorti sa sulfateuse et de\u0301gaine\u0301 sur les membres de l\u2019opposition camerounaise qu\u2019il conside\u0300re comme des complices du re\u0301gime de Biya SEBASTIEN EBALLA CRITIQUE L\u2019OPPOSITION COMPLICE DU RE\u0301GIME BIYA. \u00ab Je fais cette tribune pour de\u0301noncer les acteurs politiques complices de la confiscation du [&hellip;]<\/p>\n","protected":false},"author":82,"featured_media":39851,"comment_status":"open","ping_status":"closed","sticky":false,"template":"","format":"standard","meta":{"footnotes":""},"categories":[2,10],"tags":[36,50,49],"class_list":["post-39852","post","type-post","status-publish","format-standard","has-post-thumbnail","hentry","category-politique","category-toutes-les-actualites","tag-africa-press","tag-africa-press-cameroun","tag-cameroun"],"yoast_head":"<!-- This site is optimized with the Yoast SEO Premium plugin v26.1 (Yoast SEO v27.0) - https:\/\/yoast.com\/product\/yoast-seo-premium-wordpress\/ -->\n<title>Complicit\u00e9 : Sebastien Ebala crache du feu sur les amis de Kamto et de Biya - Cameroun<\/title>\n<meta name=\"description\" content=\"Sebastien Ebala n\u2019est plus a\u0300 pre\u0301senter. Il a encore sorti sa sulfateuse et de\u0301gaine\u0301 sur les membres de l\u2019opposition c ...\" \/>\n<meta name=\"robots\" content=\"index, follow, max-snippet:-1, max-image-preview:large, max-video-preview:-1\" \/>\n<link rel=\"canonical\" href=\"https:\/\/www.africa-press.net\/cameroun\/politique\/complicite-sebastien-ebala-crache-du-feu-sur-les-amis-de-kamto-et-de-biya\" \/>\n<meta property=\"og:locale\" content=\"fr_FR\" \/>\n<meta property=\"og:type\" content=\"article\" \/>\n<meta property=\"og:title\" content=\"Complicit\u00e9 : Sebastien Ebala crache du feu sur les amis de Kamto et de Biya\" \/>\n<meta property=\"og:description\" content=\"Sebastien Ebala n\u2019est plus a\u0300 pre\u0301senter. Il a encore sorti sa sulfateuse et de\u0301gaine\u0301 sur les membres de l\u2019opposition c ...\" \/>\n<meta property=\"og:url\" content=\"https:\/\/www.africa-press.net\/cameroun\/politique\/complicite-sebastien-ebala-crache-du-feu-sur-les-amis-de-kamto-et-de-biya\" \/>\n<meta property=\"og:site_name\" content=\"Cameroun\" \/>\n<meta property=\"article:published_time\" content=\"2023-03-20T18:28:21+00:00\" \/>\n<meta property=\"article:modified_time\" content=\"2023-03-20T19:01:43+00:00\" \/>\n<meta property=\"og:image\" content=\"https:\/\/static.africa-press.net\/cameroun\/sites\/57\/2023\/03\/postQueueImg_1679324314.99.jpg\" \/>\n\t<meta property=\"og:image:width\" content=\"720\" \/>\n\t<meta property=\"og:image:height\" content=\"360\" \/>\n\t<meta property=\"og:image:type\" content=\"image\/jpeg\" \/>\n<meta name=\"author\" content=\"cfeditorfr\" \/>\n<meta name=\"twitter:card\" content=\"summary_large_image\" \/>\n<meta name=\"twitter:label1\" content=\"\u00c9crit par\" \/>\n\t<meta name=\"twitter:data1\" content=\"cfeditorfr\" \/>\n\t<meta name=\"twitter:label2\" content=\"Dur\u00e9e de lecture estim\u00e9e\" \/>\n\t<meta name=\"twitter:data2\" content=\"2 minutes\" \/>\n<script type=\"application\/ld+json\" class=\"yoast-schema-graph\">{\"@context\":\"https:\/\/schema.org\",\"@graph\":[{\"@type\":\"Article\",\"@id\":\"https:\/\/www.africa-press.net\/cameroun\/politique\/complicite-sebastien-ebala-crache-du-feu-sur-les-amis-de-kamto-et-de-biya#article\",\"isPartOf\":{\"@id\":\"https:\/\/www.africa-press.net\/cameroun\/politique\/complicite-sebastien-ebala-crache-du-feu-sur-les-amis-de-kamto-et-de-biya\"},\"author\":{\"name\":\"cfeditorfr\",\"@id\":\"https:\/\/www.africa-press.net\/cameroun\/#\/schema\/person\/2b1cf3cd81a31e3cd26889ca66d677f1\"},\"headline\":\"Complicit\u00e9 : Sebastien Ebala crache du feu sur les amis de Kamto et de Biya\",\"datePublished\":\"2023-03-20T18:28:21+00:00\",\"dateModified\":\"2023-03-20T19:01:43+00:00\",\"mainEntityOfPage\":{\"@id\":\"https:\/\/www.africa-press.net\/cameroun\/politique\/complicite-sebastien-ebala-crache-du-feu-sur-les-amis-de-kamto-et-de-biya\"},\"wordCount\":431,\"commentCount\":0,\"image\":{\"@id\":\"https:\/\/www.africa-press.net\/cameroun\/politique\/complicite-sebastien-ebala-crache-du-feu-sur-les-amis-de-kamto-et-de-biya#primaryimage\"},\"thumbnailUrl\":\"https:\/\/static.africa-press.net\/cameroun\/sites\/57\/2023\/03\/postQueueImg_1679324314.99.jpg\",\"keywords\":[\"Africa Press\",\"Africa Press-Cameroun\",\"Cameroun\"],\"articleSection\":[\"Politique\",\"Toutes les actualit\u00e9s\"],\"inLanguage\":\"fr-FR\",\"potentialAction\":[{\"@type\":\"CommentAction\",\"name\":\"Comment\",\"target\":[\"https:\/\/www.africa-press.net\/cameroun\/politique\/complicite-sebastien-ebala-crache-du-feu-sur-les-amis-de-kamto-et-de-biya#respond\"]}]},{\"@type\":\"WebPage\",\"@id\":\"https:\/\/www.africa-press.net\/cameroun\/politique\/complicite-sebastien-ebala-crache-du-feu-sur-les-amis-de-kamto-et-de-biya\",\"url\":\"https:\/\/www.africa-press.net\/cameroun\/politique\/complicite-sebastien-ebala-crache-du-feu-sur-les-amis-de-kamto-et-de-biya\",\"name\":\"Complicit\u00e9 : Sebastien Ebala crache du feu sur les amis de Kamto et de Biya - Cameroun\",\"isPartOf\":{\"@id\":\"https:\/\/www.africa-press.net\/cameroun\/#website\"},\"primaryImageOfPage\":{\"@id\":\"https:\/\/www.africa-press.net\/cameroun\/politique\/complicite-sebastien-ebala-crache-du-feu-sur-les-amis-de-kamto-et-de-biya#primaryimage\"},\"image\":{\"@id\":\"https:\/\/www.africa-press.net\/cameroun\/politique\/complicite-sebastien-ebala-crache-du-feu-sur-les-amis-de-kamto-et-de-biya#primaryimage\"},\"thumbnailUrl\":\"https:\/\/static.africa-press.net\/cameroun\/sites\/57\/2023\/03\/postQueueImg_1679324314.99.jpg\",\"datePublished\":\"2023-03-20T18:28:21+00:00\",\"dateModified\":\"2023-03-20T19:01:43+00:00\",\"author\":{\"@id\":\"https:\/\/www.africa-press.net\/cameroun\/#\/schema\/person\/2b1cf3cd81a31e3cd26889ca66d677f1\"},\"description\":\"Sebastien Ebala n\u2019est plus a\u0300 pre\u0301senter. Il a encore sorti sa sulfateuse et de\u0301gaine\u0301 sur les membres de l\u2019opposition c ...\",\"breadcrumb\":{\"@id\":\"https:\/\/www.africa-press.net\/cameroun\/politique\/complicite-sebastien-ebala-crache-du-feu-sur-les-amis-de-kamto-et-de-biya#breadcrumb\"},\"inLanguage\":\"fr-FR\",\"potentialAction\":[{\"@type\":\"ReadAction\",\"target\":[\"https:\/\/www.africa-press.net\/cameroun\/politique\/complicite-sebastien-ebala-crache-du-feu-sur-les-amis-de-kamto-et-de-biya\"]}]},{\"@type\":\"ImageObject\",\"inLanguage\":\"fr-FR\",\"@id\":\"https:\/\/www.africa-press.net\/cameroun\/politique\/complicite-sebastien-ebala-crache-du-feu-sur-les-amis-de-kamto-et-de-biya#primaryimage\",\"url\":\"https:\/\/static.africa-press.net\/cameroun\/sites\/57\/2023\/03\/postQueueImg_1679324314.99.jpg\",\"contentUrl\":\"https:\/\/static.africa-press.net\/cameroun\/sites\/57\/2023\/03\/postQueueImg_1679324314.99.jpg\",\"width\":720,\"height\":360,\"caption\":\"Complicit\u00e9 : Sebastien Ebala crache du feu sur les amis de Kamto et de Biya\"},{\"@type\":\"BreadcrumbList\",\"@id\":\"https:\/\/www.africa-press.net\/cameroun\/politique\/complicite-sebastien-ebala-crache-du-feu-sur-les-amis-de-kamto-et-de-biya#breadcrumb\",\"itemListElement\":[{\"@type\":\"ListItem\",\"position\":1,\"name\":\"Accueil\",\"item\":\"https:\/\/www.africa-press.net\/cameroun\/\"},{\"@type\":\"ListItem\",\"position\":2,\"name\":\"Complicit\u00e9 : Sebastien Ebala crache du feu sur les amis de Kamto et de Biya\"}]},{\"@type\":\"WebSite\",\"@id\":\"https:\/\/www.africa-press.net\/cameroun\/#website\",\"url\":\"https:\/\/www.africa-press.net\/cameroun\/\",\"name\":\"Cameroun\",\"description\":\"Just another Africa News Agency Sites site\",\"potentialAction\":[{\"@type\":\"SearchAction\",\"target\":{\"@type\":\"EntryPoint\",\"urlTemplate\":\"https:\/\/www.africa-press.net\/cameroun\/?s={search_term_string}\"},\"query-input\":{\"@type\":\"PropertyValueSpecification\",\"valueRequired\":true,\"valueName\":\"search_term_string\"}}],\"inLanguage\":\"fr-FR\"},{\"@type\":\"Person\",\"@id\":\"https:\/\/www.africa-press.net\/cameroun\/#\/schema\/person\/2b1cf3cd81a31e3cd26889ca66d677f1\",\"name\":\"cfeditorfr\"}]}<\/script>\n<!-- \/ Yoast SEO Premium plugin. -->","yoast_head_json":{"title":"Complicit\u00e9 : Sebastien Ebala crache du feu sur les amis de Kamto et de Biya - Cameroun","description":"Sebastien Ebala n\u2019est plus a\u0300 pre\u0301senter. Il a encore sorti sa sulfateuse et de\u0301gaine\u0301 sur les membres de l\u2019opposition c ...","robots":{"index":"index","follow":"follow","max-snippet":"max-snippet:-1","max-image-preview":"max-image-preview:large","max-video-preview":"max-video-preview:-1"},"canonical":"https:\/\/www.africa-press.net\/cameroun\/politique\/complicite-sebastien-ebala-crache-du-feu-sur-les-amis-de-kamto-et-de-biya","og_locale":"fr_FR","og_type":"article","og_title":"Complicit\u00e9 : Sebastien Ebala crache du feu sur les amis de Kamto et de Biya","og_description":"Sebastien Ebala n\u2019est plus a\u0300 pre\u0301senter. Il a encore sorti sa sulfateuse et de\u0301gaine\u0301 sur les membres de l\u2019opposition c ...","og_url":"https:\/\/www.africa-press.net\/cameroun\/politique\/complicite-sebastien-ebala-crache-du-feu-sur-les-amis-de-kamto-et-de-biya","og_site_name":"Cameroun","article_published_time":"2023-03-20T18:28:21+00:00","article_modified_time":"2023-03-20T19:01:43+00:00","og_image":[{"width":720,"height":360,"url":"https:\/\/static.africa-press.net\/cameroun\/sites\/57\/2023\/03\/postQueueImg_1679324314.99.jpg","type":"image\/jpeg"}],"author":"cfeditorfr","twitter_card":"summary_large_image","twitter_misc":{"\u00c9crit par":"cfeditorfr","Dur\u00e9e de lecture estim\u00e9e":"2 minutes"},"schema":{"@context":"https:\/\/schema.org","@graph":[{"@type":"Article","@id":"https:\/\/www.africa-press.net\/cameroun\/politique\/complicite-sebastien-ebala-crache-du-feu-sur-les-amis-de-kamto-et-de-biya#article","isPartOf":{"@id":"https:\/\/www.africa-press.net\/cameroun\/politique\/complicite-sebastien-ebala-crache-du-feu-sur-les-amis-de-kamto-et-de-biya"},"author":{"name":"cfeditorfr","@id":"https:\/\/www.africa-press.net\/cameroun\/#\/schema\/person\/2b1cf3cd81a31e3cd26889ca66d677f1"},"headline":"Complicit\u00e9 : Sebastien Ebala crache du feu sur les amis de Kamto et de Biya","datePublished":"2023-03-20T18:28:21+00:00","dateModified":"2023-03-20T19:01:43+00:00","mainEntityOfPage":{"@id":"https:\/\/www.africa-press.net\/cameroun\/politique\/complicite-sebastien-ebala-crache-du-feu-sur-les-amis-de-kamto-et-de-biya"},"wordCount":431,"commentCount":0,"image":{"@id":"https:\/\/www.africa-press.net\/cameroun\/politique\/complicite-sebastien-ebala-crache-du-feu-sur-les-amis-de-kamto-et-de-biya#primaryimage"},"thumbnailUrl":"https:\/\/static.africa-press.net\/cameroun\/sites\/57\/2023\/03\/postQueueImg_1679324314.99.jpg","keywords":["Africa Press","Africa Press-Cameroun","Cameroun"],"articleSection":["Politique","Toutes les actualit\u00e9s"],"inLanguage":"fr-FR","potentialAction":[{"@type":"CommentAction","name":"Comment","target":["https:\/\/www.africa-press.net\/cameroun\/politique\/complicite-sebastien-ebala-crache-du-feu-sur-les-amis-de-kamto-et-de-biya#respond"]}]},{"@type":"WebPage","@id":"https:\/\/www.africa-press.net\/cameroun\/politique\/complicite-sebastien-ebala-crache-du-feu-sur-les-amis-de-kamto-et-de-biya","url":"https:\/\/www.africa-press.net\/cameroun\/politique\/complicite-sebastien-ebala-crache-du-feu-sur-les-amis-de-kamto-et-de-biya","name":"Complicit\u00e9 : Sebastien Ebala crache du feu sur les amis de Kamto et de Biya - Cameroun","isPartOf":{"@id":"https:\/\/www.africa-press.net\/cameroun\/#website"},"primaryImageOfPage":{"@id":"https:\/\/www.africa-press.net\/cameroun\/politique\/complicite-sebastien-ebala-crache-du-feu-sur-les-amis-de-kamto-et-de-biya#primaryimage"},"image":{"@id":"https:\/\/www.africa-press.net\/cameroun\/politique\/complicite-sebastien-ebala-crache-du-feu-sur-les-amis-de-kamto-et-de-biya#primaryimage"},"thumbnailUrl":"https:\/\/static.africa-press.net\/cameroun\/sites\/57\/2023\/03\/postQueueImg_1679324314.99.jpg","datePublished":"2023-03-20T18:28:21+00:00","dateModified":"2023-03-20T19:01:43+00:00","author":{"@id":"https:\/\/www.africa-press.net\/cameroun\/#\/schema\/person\/2b1cf3cd81a31e3cd26889ca66d677f1"},"description":"Sebastien Ebala n\u2019est plus a\u0300 pre\u0301senter. Il a encore sorti sa sulfateuse et de\u0301gaine\u0301 sur les membres de l\u2019opposition c ...","breadcrumb":{"@id":"https:\/\/www.africa-press.net\/cameroun\/politique\/complicite-sebastien-ebala-crache-du-feu-sur-les-amis-de-kamto-et-de-biya#breadcrumb"},"inLanguage":"fr-FR","potentialAction":[{"@type":"ReadAction","target":["https:\/\/www.africa-press.net\/cameroun\/politique\/complicite-sebastien-ebala-crache-du-feu-sur-les-amis-de-kamto-et-de-biya"]}]},{"@type":"ImageObject","inLanguage":"fr-FR","@id":"https:\/\/www.africa-press.net\/cameroun\/politique\/complicite-sebastien-ebala-crache-du-feu-sur-les-amis-de-kamto-et-de-biya#primaryimage","url":"https:\/\/static.africa-press.net\/cameroun\/sites\/57\/2023\/03\/postQueueImg_1679324314.99.jpg","contentUrl":"https:\/\/static.africa-press.net\/cameroun\/sites\/57\/2023\/03\/postQueueImg_1679324314.99.jpg","width":720,"height":360,"caption":"Complicit\u00e9 : Sebastien Ebala crache du feu sur les amis de Kamto et de Biya"},{"@type":"BreadcrumbList","@id":"https:\/\/www.africa-press.net\/cameroun\/politique\/complicite-sebastien-ebala-crache-du-feu-sur-les-amis-de-kamto-et-de-biya#breadcrumb","itemListElement":[{"@type":"ListItem","position":1,"name":"Accueil","item":"https:\/\/www.africa-press.net\/cameroun\/"},{"@type":"ListItem","position":2,"name":"Complicit\u00e9 : Sebastien Ebala crache du feu sur les amis de Kamto et de Biya"}]},{"@type":"WebSite","@id":"https:\/\/www.africa-press.net\/cameroun\/#website","url":"https:\/\/www.africa-press.net\/cameroun\/","name":"Cameroun","description":"Just another Africa News Agency Sites site","potentialAction":[{"@type":"SearchAction","target":{"@type":"EntryPoint","urlTemplate":"https:\/\/www.africa-press.net\/cameroun\/?s={search_term_string}"},"query-input":{"@type":"PropertyValueSpecification","valueRequired":true,"valueName":"search_term_string"}}],"inLanguage":"fr-FR"},{"@type":"Person","@id":"https:\/\/www.africa-press.net\/cameroun\/#\/schema\/person\/2b1cf3cd81a31e3cd26889ca66d677f1","name":"cfeditorfr"}]}},"_links":{"self":[{"href":"https:\/\/www.africa-press.net\/cameroun\/wp-json\/wp\/v2\/posts\/39852","targetHints":{"allow":["GET"]}}],"collection":[{"href":"https:\/\/www.africa-press.net\/cameroun\/wp-json\/wp\/v2\/posts"}],"about":[{"href":"https:\/\/www.africa-press.net\/cameroun\/wp-json\/wp\/v2\/types\/post"}],"author":[{"embeddable":true,"href":"https:\/\/www.africa-press.net\/cameroun\/wp-json\/wp\/v2\/users\/82"}],"replies":[{"embeddable":true,"href":"https:\/\/www.africa-press.net\/cameroun\/wp-json\/wp\/v2\/comments?post=39852"}],"version-history":[{"count":0,"href":"https:\/\/www.africa-press.net\/cameroun\/wp-json\/wp\/v2\/posts\/39852\/revisions"}],"wp:featuredmedia":[{"embeddable":true,"href":"https:\/\/www.africa-press.net\/cameroun\/wp-json\/wp\/v2\/media\/39851"}],"wp:attachment":[{"href":"https:\/\/www.africa-press.net\/cameroun\/wp-json\/wp\/v2\/media?parent=39852"}],"wp:term":[{"taxonomy":"category","embeddable":true,"href":"https:\/\/www.africa-press.net\/cameroun\/wp-json\/wp\/v2\/categories?post=39852"},{"taxonomy":"post_tag","embeddable":true,"href":"https:\/\/www.africa-press.net\/cameroun\/wp-json\/wp\/v2\/tags?post=39852"}],"curies":[{"name":"wp","href":"https:\/\/api.w.org\/{rel}","templated":true}]}}