{"id":39861,"date":"2023-03-20T18:29:00","date_gmt":"2023-03-20T18:29:00","guid":{"rendered":"https:\/\/www.africa-press.net\/cameroun\/politique\/cemac-regards-strategiques-sur-une-sous-integration"},"modified":"2023-03-20T19:04:34","modified_gmt":"2023-03-20T19:04:34","slug":"cemac-regards-strategiques-sur-une-sous-integration","status":"publish","type":"post","link":"https:\/\/www.africa-press.net\/cameroun\/politique\/cemac-regards-strategiques-sur-une-sous-integration","title":{"rendered":"Cemac : Regards strat\u00e9giques sur une sous-int\u00e9gration"},"content":{"rendered":"<p><span style=\"color: #ff6600\"><strong>Africa-Press &#8211; Cameroun. <\/strong><\/span>La 15e\u0300me Confe\u0301rence des chefs d&rsquo;E\u0301tat de la Communaute\u0301 e\u0301conomique des E\u0301tats de l&rsquo;Afrique centrale ( Cemac) s&rsquo;est tenue a\u0300 Yaounde\u0301 ce 17 mars 2023 dans la me\u0302me ambiance que ses devancie\u0300res. Questionnements !<\/p>\n<p>La population de la Cemac, chauffe\u0301e a\u0300 blanc d&rsquo;une part par toute la rhe\u0301torique peu ou peu fonde\u0301e e\u0301manant des milieux inde\u0301pendistes qui foisonnent sur le continent et au sein de la diaspora, et d&rsquo;autre part par la tournure de l&rsquo;actualite\u0301 dans les pays africains francophnes, e\u0301tait anime\u0301e par la croyance que cette 15 e\u0300me rencontre du genre des chefs d&rsquo;E\u0301tat allait satisfaire leur attente majeure: la question du Franc Cfa par exemple.<\/p>\n<p>Il n&rsquo;en a e\u0301te\u0301 rien. Les six hommes d&rsquo;E\u0301tat se sont bien garde\u0301s de suivre l&rsquo;exemple de leurs pairs de l&rsquo;Afrique de l&rsquo;Ouest investis dans la lancinante question de se de\u0301barrasser de cette monnaie bouc- e\u0301missaire de toute la gale\u0300re e\u0301conomique des pays africains francophones.<\/p>\n<p>Les institutions financie\u0300res de la sous-re\u0301gion, de concert avec les ministe\u0300res en charge des questions financie\u0300res et e\u0301conomiques sont vivement appele\u0301s comme il en avait e\u0301te\u0301 le cas lors des pre\u0301ce\u0301dents sommets, de mener une re\u0301flexion idoine et approprie\u0301e pour e\u0301clairer ces six E\u0301tats sur les tenants et les aboutissants de battre une monnaie commune nouvelle prioritairement sur le sol de la Cemac.<\/p>\n<p>C&rsquo;est un v\u0153u, comme on l&rsquo;a vu au sein de la Communaute\u0301 e\u0301conomique des E\u0301tats de l&rsquo;Afrique de l&rsquo;Ouest ( Cedeao), qui a atterri sur la table de la Confe\u0301rence des chefs d&rsquo;E\u0301tat comme un mort-ne\u0301 ou comme un pre\u0301mature\u0301 dont le pronostic vital e\u0301tait gravement engage\u0301.<\/p>\n<p>De ce fait, l&rsquo;Eco, la nouvelle monnaie commune tant espe\u0301re\u0301e entre les 15 pays de l&rsquo;Afrique de l&rsquo;Ouest aura ve\u0301cu. Les tiraillements entre les pays anglophones et francophones de la Communaute\u0301 auront eu raison de l&rsquo;essence de la question.<\/p>\n<p>Les Anglophones, a\u0300 l&rsquo;exemple du Nigeria et du Ghana, ne voulaient pas du tout d&rsquo;une monnaie dont la parite\u0301 serait adosse\u0301e a\u0300 l&rsquo;Euro, ce que voulaient les francophones comme il en allait et en va toujours du Fcfa.<\/p>\n<p>Personne n&rsquo;oublie pas qu&rsquo;il y a quelques anne\u0301es, il a fallu que Paul Biya le pre\u0301sident camerounais pe\u0300se de tout son poids aupre\u0300s des institutions de Betton Woods pour empe\u0302cher ou retarder l&rsquo;e\u0301che\u0301ance d&rsquo;une de\u0301valuation inexorable.<\/p>\n<p>Dans une communaute\u0301 ou\u0300 la diversite\u0301 de l&rsquo;e\u0301conomie est un leurre, ou\u0300 l&rsquo;e\u0301conomie extractile a ses lettres d&rsquo;or, il va sans dire que la de\u0301valuation du Fcfa de &lsquo;Afrique centrale est une impe\u0301rativite\u0301 apre\u0300s celle de 1994.<\/p>\n<p>Jusqu&rsquo;a\u0300 quand donc Paul Biya avec son pays le Cameroun qui a une e\u0301conomie relativement diversifie\u0301e pourra re\u0301sister contre la bourrasque ? Le pari est pris comme il se sussurre dans les chancelleries occidentales que d&rsquo;ici 5 ans, s&rsquo;il n&rsquo;y a pas une embellie significative du prix du baril de pe\u0301trole sur le marche\u0301 international, la de\u0301valuation sera ine\u0301vitable<\/p>\n<p>La question de l&rsquo;inte\u0301gration La Cemac se re\u0301duirait-elle a\u0300 un syndicat des chefs d&rsquo;E\u0301tat comme les langues fourchues asse\u0300nent a\u0300 tout vent? Me\u0302me si par chauvinisme et autres on pourrait e\u0302tre tente\u0301 de re\u0301pondre tout de go par l&rsquo;affirmative, il n&rsquo;en demeure pas pour autant moins vraii que la Cemac ressemble a\u0300 s&rsquo;y me\u0301prendre a\u0300 une coquille vide.<\/p>\n<p>En dehors des pays comme le Cameroun, le Tchad, la Rca et le Congo, le Gabon et la Guine\u0301e E\u0301quatoriale sont le ventre mou de la communaute\u0301. Pour quitter Yaounde\u0301 et arriver a\u0300 Libreville, il faut franchir plus d&rsquo;une trentaine de barrie\u0300res ou plus d&rsquo;une quinzaine pour arriver a\u0300 Bata.<\/p>\n<p>Tout ceci explique ou affirme la difficulte\u0301 de circulation entre les autres pays de la communaute\u0301 et ces deux pays. Cerise sur le ga\u0302teau, on a vu ces derniers temps la chasse ouverte aux Camerounais a\u0300 Bata et Malabo, comme ce fut le cas autrefois au Gabon.<\/p>\n<p>Au cours de cette 15e\u0300me Confe\u0301rence, on a entendu le pre\u0301sident camerounais revenir sans cesse sur la ne\u0301cessite\u0301 de donner de l&rsquo;impulsion au niveau de chaque Etat a\u0300 l&rsquo;imple\u0301mentation du passeport Cemac.<\/p>\n<p>Est-il compris par ses pairs? C&rsquo;est une e\u0301pineuse question car la Cemac des peuples semble un leurre au moment ou\u0300 les E\u0301tats affirment prioritairement leur souverainete\u0301 aux de\u0301pens des inte\u0301re\u0302ts communautaires Comment expliquer qu&rsquo;entre le Cameroun et la Guine\u0301e E\u0301quatoriale par exemple, les autorite\u0301s de ce dernier pays en viennent a\u0300 construire un mur? Comment comprendre que Paul Biya continue de tenir un discours diplomatique avec ses pairs de la Cemac qui pourchassent les citoyens camerounais? Il y a lieu cependant d&rsquo;indiquer pour affirmer les acquis de la volonte\u0301 communautaire, qu&rsquo;entre le Cameroun, le Tchad, la Rca et le Congo, la circulation des biens et des personnes n&rsquo;est pas de la mer a\u0300 boire, ces pays e\u0301tant pe\u0301ne\u0301tre\u0301s de l&rsquo;esprit du vivre ensemble communautaire.<\/p>\n<p>Il y a lieu aussi d&rsquo;indiquer qu&rsquo;entre ces E\u0301tats de la Cemac re\u0300gne un esprit de suspicion quasi ge\u0301ne\u0301ral. Qu&rsquo;on se souvienne. A la mort d&rsquo;Idriss Deby Itno au champ de bataille en 2020, on a vu qu&rsquo;a\u0300 Ndjamena pour les obse\u0300ques, en dehors du pre\u0301sident Faustin Archange Touadera aupre\u0300s d&rsquo;Emmanuel Macron, aucun chef d&rsquo;E\u0301tat de la Cemac ne fit le de\u0301placement.<\/p>\n<p>Une re\u0301alite\u0301 pe\u0301nible et stressante qui interroge toute la dimension communautaire dans un tel contexte. Bien plus, avec la situation se\u0301curitaire pre\u0301occupante en Rca, ce ne sont pas les contingents de la Cemac qui sont en premie\u0300re ligne dans la se\u0301curite\u0301 du nume\u0301ro un centrafricain, mais pluto\u0302t le groupe Wagner russe et les forces rwandaises.<\/p>\n<p>C&rsquo;est tout dire. En outre, entre le Tchad et la Rca, la se\u0301re\u0301nite\u0301 n&rsquo;est pas au beau fixe car aujourd&rsquo;hui, Bozize\u0301 le parrain de la re\u0301bellion a\u0300 Bangui a toutes les bonnes gra\u0302ces au Tchad ou\u0300 il vit en toute impunite\u0301, couroussant au plus haut point Bangui.<\/p>\n<p>A co\u0302te\u0301 de ceci, on peut relever la me\u0301fiance de Malabo vis-a\u0300-vis du Cameroun et du Tchad, qu&rsquo;elle suspecte sans cesse de vouloir lui chercher des noises.<\/p>\n<p>Dans un tel contexte, que vaut le concept de communaute\u0301 en zone Cemac qui visiblement est la zone la plus sous-inte\u0301gre\u0301e de l&rsquo;Union africaine ? Le poids des souverainete\u0301s nationales dans de nombreux secteurs n&rsquo;a pas encore fini d&rsquo;exposer au grand jour les e\u0301gos des chefs d&rsquo;E\u0301tat qui s&rsquo;identifient aux E\u0301tats, leur personnalite\u0301 tre\u0300s forte e\u0301crasant alle\u0300grement les institutions communautaires en gestation.<\/p>\n<p>C&rsquo;est le moins juin puisse dire d&rsquo;une zone ou\u0300 le Cameroun qui est sense\u0301 e\u0302tre la locomotive se trouve finalement pie\u0300ge\u0301 de ce fait. A ce niveau, des experts avise\u0301s recommandent de plus en plus au pays de Paul Biya de sortir de regroupement, qui a la longue sera un vrai pie\u0300ge, tant politique qu&rsquo;e\u0301conomique. C&rsquo;est a\u0300 voir!<\/p>\n<p><strong>Pour plus d&rsquo;informations et d&rsquo;analyses sur la <a href=\"https:\/\/www.africa-press.net\/cameroun\">Cameroun<\/a>, suivez <a href=\"https:\/\/www.africa-press.net\/\">Africa-Press<\/a><\/strong><\/p>\n","protected":false},"excerpt":{"rendered":"<p>Africa-Press &#8211; Cameroun. La 15e\u0300me Confe\u0301rence des chefs d&rsquo;E\u0301tat de la Communaute\u0301 e\u0301conomique des E\u0301tats de l&rsquo;Afrique centrale ( Cemac) s&rsquo;est tenue a\u0300 Yaounde\u0301 ce 17 mars 2023 dans la me\u0302me ambiance que ses devancie\u0300res. Questionnements ! La population de la Cemac, chauffe\u0301e a\u0300 blanc d&rsquo;une part par toute la rhe\u0301torique peu ou peu fonde\u0301e [&hellip;]<\/p>\n","protected":false},"author":82,"featured_media":39859,"comment_status":"open","ping_status":"closed","sticky":false,"template":"","format":"standard","meta":{"footnotes":""},"categories":[2,10],"tags":[36,50,49],"class_list":["post-39861","post","type-post","status-publish","format-standard","has-post-thumbnail","hentry","category-politique","category-toutes-les-actualites","tag-africa-press","tag-africa-press-cameroun","tag-cameroun"],"yoast_head":"<!-- This site is optimized with the Yoast SEO Premium plugin v26.1 (Yoast SEO v27.0) - https:\/\/yoast.com\/product\/yoast-seo-premium-wordpress\/ -->\n<title>Cemac : Regards strat\u00e9giques sur une sous-int\u00e9gration - Cameroun<\/title>\n<meta name=\"description\" content=\"La 15e\u0300me Confe\u0301rence des chefs d&#039;E\u0301tat de la Communaute\u0301 e\u0301conomique des E\u0301tats de l&#039;Afrique centrale ( Cemac) s&#039;est te ...\" \/>\n<meta name=\"robots\" content=\"index, follow, max-snippet:-1, max-image-preview:large, max-video-preview:-1\" \/>\n<link rel=\"canonical\" href=\"https:\/\/www.africa-press.net\/cameroun\/politique\/cemac-regards-strategiques-sur-une-sous-integration\" \/>\n<meta property=\"og:locale\" content=\"fr_FR\" \/>\n<meta property=\"og:type\" content=\"article\" \/>\n<meta property=\"og:title\" content=\"Cemac : Regards strat\u00e9giques sur une sous-int\u00e9gration\" \/>\n<meta property=\"og:description\" content=\"La 15e\u0300me Confe\u0301rence des chefs d&#039;E\u0301tat de la Communaute\u0301 e\u0301conomique des E\u0301tats de l&#039;Afrique centrale ( Cemac) s&#039;est te ...\" \/>\n<meta property=\"og:url\" content=\"https:\/\/www.africa-press.net\/cameroun\/politique\/cemac-regards-strategiques-sur-une-sous-integration\" \/>\n<meta property=\"og:site_name\" content=\"Cameroun\" \/>\n<meta property=\"article:published_time\" content=\"2023-03-20T18:29:00+00:00\" \/>\n<meta property=\"article:modified_time\" content=\"2023-03-20T19:04:34+00:00\" \/>\n<meta property=\"og:image\" content=\"https:\/\/static.africa-press.net\/cameroun\/sites\/57\/2023\/03\/postQueueImg_1679324349.45.jpg\" \/>\n\t<meta property=\"og:image:width\" content=\"720\" \/>\n\t<meta property=\"og:image:height\" content=\"357\" \/>\n\t<meta property=\"og:image:type\" content=\"image\/jpeg\" \/>\n<meta name=\"author\" content=\"cfeditorfr\" \/>\n<meta name=\"twitter:card\" content=\"summary_large_image\" \/>\n<meta name=\"twitter:label1\" content=\"\u00c9crit par\" \/>\n\t<meta name=\"twitter:data1\" content=\"cfeditorfr\" \/>\n\t<meta name=\"twitter:label2\" content=\"Dur\u00e9e de lecture estim\u00e9e\" \/>\n\t<meta name=\"twitter:data2\" content=\"6 minutes\" \/>\n<script type=\"application\/ld+json\" class=\"yoast-schema-graph\">{\"@context\":\"https:\/\/schema.org\",\"@graph\":[{\"@type\":\"Article\",\"@id\":\"https:\/\/www.africa-press.net\/cameroun\/politique\/cemac-regards-strategiques-sur-une-sous-integration#article\",\"isPartOf\":{\"@id\":\"https:\/\/www.africa-press.net\/cameroun\/politique\/cemac-regards-strategiques-sur-une-sous-integration\"},\"author\":{\"name\":\"cfeditorfr\",\"@id\":\"https:\/\/www.africa-press.net\/cameroun\/#\/schema\/person\/2b1cf3cd81a31e3cd26889ca66d677f1\"},\"headline\":\"Cemac : Regards strat\u00e9giques sur une sous-int\u00e9gration\",\"datePublished\":\"2023-03-20T18:29:00+00:00\",\"dateModified\":\"2023-03-20T19:04:34+00:00\",\"mainEntityOfPage\":{\"@id\":\"https:\/\/www.africa-press.net\/cameroun\/politique\/cemac-regards-strategiques-sur-une-sous-integration\"},\"wordCount\":1307,\"commentCount\":0,\"image\":{\"@id\":\"https:\/\/www.africa-press.net\/cameroun\/politique\/cemac-regards-strategiques-sur-une-sous-integration#primaryimage\"},\"thumbnailUrl\":\"https:\/\/static.africa-press.net\/cameroun\/sites\/57\/2023\/03\/postQueueImg_1679324349.45.jpg\",\"keywords\":[\"Africa Press\",\"Africa Press-Cameroun\",\"Cameroun\"],\"articleSection\":[\"Politique\",\"Toutes les actualit\u00e9s\"],\"inLanguage\":\"fr-FR\",\"potentialAction\":[{\"@type\":\"CommentAction\",\"name\":\"Comment\",\"target\":[\"https:\/\/www.africa-press.net\/cameroun\/politique\/cemac-regards-strategiques-sur-une-sous-integration#respond\"]}]},{\"@type\":\"WebPage\",\"@id\":\"https:\/\/www.africa-press.net\/cameroun\/politique\/cemac-regards-strategiques-sur-une-sous-integration\",\"url\":\"https:\/\/www.africa-press.net\/cameroun\/politique\/cemac-regards-strategiques-sur-une-sous-integration\",\"name\":\"Cemac : Regards strat\u00e9giques sur une sous-int\u00e9gration - Cameroun\",\"isPartOf\":{\"@id\":\"https:\/\/www.africa-press.net\/cameroun\/#website\"},\"primaryImageOfPage\":{\"@id\":\"https:\/\/www.africa-press.net\/cameroun\/politique\/cemac-regards-strategiques-sur-une-sous-integration#primaryimage\"},\"image\":{\"@id\":\"https:\/\/www.africa-press.net\/cameroun\/politique\/cemac-regards-strategiques-sur-une-sous-integration#primaryimage\"},\"thumbnailUrl\":\"https:\/\/static.africa-press.net\/cameroun\/sites\/57\/2023\/03\/postQueueImg_1679324349.45.jpg\",\"datePublished\":\"2023-03-20T18:29:00+00:00\",\"dateModified\":\"2023-03-20T19:04:34+00:00\",\"author\":{\"@id\":\"https:\/\/www.africa-press.net\/cameroun\/#\/schema\/person\/2b1cf3cd81a31e3cd26889ca66d677f1\"},\"description\":\"La 15e\u0300me Confe\u0301rence des chefs d'E\u0301tat de la Communaute\u0301 e\u0301conomique des E\u0301tats de l'Afrique centrale ( Cemac) s'est te ...\",\"breadcrumb\":{\"@id\":\"https:\/\/www.africa-press.net\/cameroun\/politique\/cemac-regards-strategiques-sur-une-sous-integration#breadcrumb\"},\"inLanguage\":\"fr-FR\",\"potentialAction\":[{\"@type\":\"ReadAction\",\"target\":[\"https:\/\/www.africa-press.net\/cameroun\/politique\/cemac-regards-strategiques-sur-une-sous-integration\"]}]},{\"@type\":\"ImageObject\",\"inLanguage\":\"fr-FR\",\"@id\":\"https:\/\/www.africa-press.net\/cameroun\/politique\/cemac-regards-strategiques-sur-une-sous-integration#primaryimage\",\"url\":\"https:\/\/static.africa-press.net\/cameroun\/sites\/57\/2023\/03\/postQueueImg_1679324349.45.jpg\",\"contentUrl\":\"https:\/\/static.africa-press.net\/cameroun\/sites\/57\/2023\/03\/postQueueImg_1679324349.45.jpg\",\"width\":720,\"height\":357,\"caption\":\"Cemac : Regards strat\u00e9giques sur une sous-int\u00e9gration\"},{\"@type\":\"BreadcrumbList\",\"@id\":\"https:\/\/www.africa-press.net\/cameroun\/politique\/cemac-regards-strategiques-sur-une-sous-integration#breadcrumb\",\"itemListElement\":[{\"@type\":\"ListItem\",\"position\":1,\"name\":\"Accueil\",\"item\":\"https:\/\/www.africa-press.net\/cameroun\/\"},{\"@type\":\"ListItem\",\"position\":2,\"name\":\"Cemac : Regards strat\u00e9giques sur une sous-int\u00e9gration\"}]},{\"@type\":\"WebSite\",\"@id\":\"https:\/\/www.africa-press.net\/cameroun\/#website\",\"url\":\"https:\/\/www.africa-press.net\/cameroun\/\",\"name\":\"Cameroun\",\"description\":\"Just another Africa News Agency Sites site\",\"potentialAction\":[{\"@type\":\"SearchAction\",\"target\":{\"@type\":\"EntryPoint\",\"urlTemplate\":\"https:\/\/www.africa-press.net\/cameroun\/?s={search_term_string}\"},\"query-input\":{\"@type\":\"PropertyValueSpecification\",\"valueRequired\":true,\"valueName\":\"search_term_string\"}}],\"inLanguage\":\"fr-FR\"},{\"@type\":\"Person\",\"@id\":\"https:\/\/www.africa-press.net\/cameroun\/#\/schema\/person\/2b1cf3cd81a31e3cd26889ca66d677f1\",\"name\":\"cfeditorfr\"}]}<\/script>\n<!-- \/ Yoast SEO Premium plugin. -->","yoast_head_json":{"title":"Cemac : Regards strat\u00e9giques sur une sous-int\u00e9gration - Cameroun","description":"La 15e\u0300me Confe\u0301rence des chefs d'E\u0301tat de la Communaute\u0301 e\u0301conomique des E\u0301tats de l'Afrique centrale ( Cemac) s'est te ...","robots":{"index":"index","follow":"follow","max-snippet":"max-snippet:-1","max-image-preview":"max-image-preview:large","max-video-preview":"max-video-preview:-1"},"canonical":"https:\/\/www.africa-press.net\/cameroun\/politique\/cemac-regards-strategiques-sur-une-sous-integration","og_locale":"fr_FR","og_type":"article","og_title":"Cemac : Regards strat\u00e9giques sur une sous-int\u00e9gration","og_description":"La 15e\u0300me Confe\u0301rence des chefs d'E\u0301tat de la Communaute\u0301 e\u0301conomique des E\u0301tats de l'Afrique centrale ( Cemac) s'est te ...","og_url":"https:\/\/www.africa-press.net\/cameroun\/politique\/cemac-regards-strategiques-sur-une-sous-integration","og_site_name":"Cameroun","article_published_time":"2023-03-20T18:29:00+00:00","article_modified_time":"2023-03-20T19:04:34+00:00","og_image":[{"width":720,"height":357,"url":"https:\/\/static.africa-press.net\/cameroun\/sites\/57\/2023\/03\/postQueueImg_1679324349.45.jpg","type":"image\/jpeg"}],"author":"cfeditorfr","twitter_card":"summary_large_image","twitter_misc":{"\u00c9crit par":"cfeditorfr","Dur\u00e9e de lecture estim\u00e9e":"6 minutes"},"schema":{"@context":"https:\/\/schema.org","@graph":[{"@type":"Article","@id":"https:\/\/www.africa-press.net\/cameroun\/politique\/cemac-regards-strategiques-sur-une-sous-integration#article","isPartOf":{"@id":"https:\/\/www.africa-press.net\/cameroun\/politique\/cemac-regards-strategiques-sur-une-sous-integration"},"author":{"name":"cfeditorfr","@id":"https:\/\/www.africa-press.net\/cameroun\/#\/schema\/person\/2b1cf3cd81a31e3cd26889ca66d677f1"},"headline":"Cemac : Regards strat\u00e9giques sur une sous-int\u00e9gration","datePublished":"2023-03-20T18:29:00+00:00","dateModified":"2023-03-20T19:04:34+00:00","mainEntityOfPage":{"@id":"https:\/\/www.africa-press.net\/cameroun\/politique\/cemac-regards-strategiques-sur-une-sous-integration"},"wordCount":1307,"commentCount":0,"image":{"@id":"https:\/\/www.africa-press.net\/cameroun\/politique\/cemac-regards-strategiques-sur-une-sous-integration#primaryimage"},"thumbnailUrl":"https:\/\/static.africa-press.net\/cameroun\/sites\/57\/2023\/03\/postQueueImg_1679324349.45.jpg","keywords":["Africa Press","Africa Press-Cameroun","Cameroun"],"articleSection":["Politique","Toutes les actualit\u00e9s"],"inLanguage":"fr-FR","potentialAction":[{"@type":"CommentAction","name":"Comment","target":["https:\/\/www.africa-press.net\/cameroun\/politique\/cemac-regards-strategiques-sur-une-sous-integration#respond"]}]},{"@type":"WebPage","@id":"https:\/\/www.africa-press.net\/cameroun\/politique\/cemac-regards-strategiques-sur-une-sous-integration","url":"https:\/\/www.africa-press.net\/cameroun\/politique\/cemac-regards-strategiques-sur-une-sous-integration","name":"Cemac : Regards strat\u00e9giques sur une sous-int\u00e9gration - Cameroun","isPartOf":{"@id":"https:\/\/www.africa-press.net\/cameroun\/#website"},"primaryImageOfPage":{"@id":"https:\/\/www.africa-press.net\/cameroun\/politique\/cemac-regards-strategiques-sur-une-sous-integration#primaryimage"},"image":{"@id":"https:\/\/www.africa-press.net\/cameroun\/politique\/cemac-regards-strategiques-sur-une-sous-integration#primaryimage"},"thumbnailUrl":"https:\/\/static.africa-press.net\/cameroun\/sites\/57\/2023\/03\/postQueueImg_1679324349.45.jpg","datePublished":"2023-03-20T18:29:00+00:00","dateModified":"2023-03-20T19:04:34+00:00","author":{"@id":"https:\/\/www.africa-press.net\/cameroun\/#\/schema\/person\/2b1cf3cd81a31e3cd26889ca66d677f1"},"description":"La 15e\u0300me Confe\u0301rence des chefs d'E\u0301tat de la Communaute\u0301 e\u0301conomique des E\u0301tats de l'Afrique centrale ( Cemac) s'est te ...","breadcrumb":{"@id":"https:\/\/www.africa-press.net\/cameroun\/politique\/cemac-regards-strategiques-sur-une-sous-integration#breadcrumb"},"inLanguage":"fr-FR","potentialAction":[{"@type":"ReadAction","target":["https:\/\/www.africa-press.net\/cameroun\/politique\/cemac-regards-strategiques-sur-une-sous-integration"]}]},{"@type":"ImageObject","inLanguage":"fr-FR","@id":"https:\/\/www.africa-press.net\/cameroun\/politique\/cemac-regards-strategiques-sur-une-sous-integration#primaryimage","url":"https:\/\/static.africa-press.net\/cameroun\/sites\/57\/2023\/03\/postQueueImg_1679324349.45.jpg","contentUrl":"https:\/\/static.africa-press.net\/cameroun\/sites\/57\/2023\/03\/postQueueImg_1679324349.45.jpg","width":720,"height":357,"caption":"Cemac : Regards strat\u00e9giques sur une sous-int\u00e9gration"},{"@type":"BreadcrumbList","@id":"https:\/\/www.africa-press.net\/cameroun\/politique\/cemac-regards-strategiques-sur-une-sous-integration#breadcrumb","itemListElement":[{"@type":"ListItem","position":1,"name":"Accueil","item":"https:\/\/www.africa-press.net\/cameroun\/"},{"@type":"ListItem","position":2,"name":"Cemac : Regards strat\u00e9giques sur une sous-int\u00e9gration"}]},{"@type":"WebSite","@id":"https:\/\/www.africa-press.net\/cameroun\/#website","url":"https:\/\/www.africa-press.net\/cameroun\/","name":"Cameroun","description":"Just another Africa News Agency Sites site","potentialAction":[{"@type":"SearchAction","target":{"@type":"EntryPoint","urlTemplate":"https:\/\/www.africa-press.net\/cameroun\/?s={search_term_string}"},"query-input":{"@type":"PropertyValueSpecification","valueRequired":true,"valueName":"search_term_string"}}],"inLanguage":"fr-FR"},{"@type":"Person","@id":"https:\/\/www.africa-press.net\/cameroun\/#\/schema\/person\/2b1cf3cd81a31e3cd26889ca66d677f1","name":"cfeditorfr"}]}},"_links":{"self":[{"href":"https:\/\/www.africa-press.net\/cameroun\/wp-json\/wp\/v2\/posts\/39861","targetHints":{"allow":["GET"]}}],"collection":[{"href":"https:\/\/www.africa-press.net\/cameroun\/wp-json\/wp\/v2\/posts"}],"about":[{"href":"https:\/\/www.africa-press.net\/cameroun\/wp-json\/wp\/v2\/types\/post"}],"author":[{"embeddable":true,"href":"https:\/\/www.africa-press.net\/cameroun\/wp-json\/wp\/v2\/users\/82"}],"replies":[{"embeddable":true,"href":"https:\/\/www.africa-press.net\/cameroun\/wp-json\/wp\/v2\/comments?post=39861"}],"version-history":[{"count":0,"href":"https:\/\/www.africa-press.net\/cameroun\/wp-json\/wp\/v2\/posts\/39861\/revisions"}],"wp:featuredmedia":[{"embeddable":true,"href":"https:\/\/www.africa-press.net\/cameroun\/wp-json\/wp\/v2\/media\/39859"}],"wp:attachment":[{"href":"https:\/\/www.africa-press.net\/cameroun\/wp-json\/wp\/v2\/media?parent=39861"}],"wp:term":[{"taxonomy":"category","embeddable":true,"href":"https:\/\/www.africa-press.net\/cameroun\/wp-json\/wp\/v2\/categories?post=39861"},{"taxonomy":"post_tag","embeddable":true,"href":"https:\/\/www.africa-press.net\/cameroun\/wp-json\/wp\/v2\/tags?post=39861"}],"curies":[{"name":"wp","href":"https:\/\/api.w.org\/{rel}","templated":true}]}}