{"id":39868,"date":"2023-03-20T18:29:20","date_gmt":"2023-03-20T18:29:20","guid":{"rendered":"https:\/\/www.africa-press.net\/cameroun\/politique\/tribalisme-a-douala-le-maire-de-la-region-du-littoral-sort-de-son-silence-et-va-sevir"},"modified":"2023-03-20T19:05:54","modified_gmt":"2023-03-20T19:05:54","slug":"tribalisme-a-douala-le-maire-de-la-region-du-littoral-sort-de-son-silence-et-va-sevir","status":"publish","type":"post","link":"https:\/\/www.africa-press.net\/cameroun\/toutes-les-actualites\/tribalisme-a-douala-le-maire-de-la-region-du-littoral-sort-de-son-silence-et-va-sevir","title":{"rendered":"Tribalisme \u00e0 Douala : le Maire de la r\u00e9gion du littoral sort de son silence et va s\u00e9vir"},"content":{"rendered":"<p><span style=\"color: #ff6600\"><strong>Africa-Press &#8211; Cameroun. <\/strong><\/span>Depuis quelques heures, circule un tract non signe\u0301 nomme\u0301ment, e\u0301manant d&rsquo;une association qui se fait appeler \u00ab JEUNESSE SAWA \u00bb. Ce tract qui circule dans divers me\u0301dias sociaux appelle le peuple Sawa et les peuples des autres Re\u0301gions du Cameroun a\u0300 re\u0301agir de\u0301sormais avec fermete\u0301 aux \u00ab provocations de l&rsquo;organisation de la B.A.S \u00bb et de\u0301clarant le 20 mars 2023, journe\u0301e morte pour toutes les activite\u0301s des ressortissants de la Re\u0301gion de l&rsquo;Ouest.<\/p>\n<p>Ce tract invite les commerc\u0327ants originaires de l&rsquo;Ouest exerc\u0327ant leurs activite\u0301s dans la Ville de Douala a\u0300 fermer boutique, II profe\u0300re diverses menaces inconside\u0301re\u0301es a\u0300 l&rsquo;endroit de ces derniers. Le Maire de la ville de Douala, Commandeur de l&rsquo;Ordre National de la Valeur a re\u0301agi a\u0300 cet appel a\u0300 tribalisme.<\/p>\n<p>Le Maire de la Ville de Douala, informe l&rsquo;opinion publique, apre\u0300s consultation des plus hautes Autorite\u0301s Traditionnelles du Wouri, qu&rsquo;il rappelle que l&rsquo;association de\u0301nomme\u0301e \u00ab JEUNESSE SAWA\u00bb est totalement inconnue dans cette aire culturelle. Elle n&rsquo;est pas non plus le\u0301galement de\u0301clare\u0301e dans les registres de la Pre\u0301fecture du Wouri.<\/p>\n<p>Tout en condamnant les actes d&rsquo;intole\u0301rance et de violence gratuite perpe\u0301tre\u0301s a\u0300 l&rsquo;exte\u0301rieur par un regroupement d&rsquo;activistes de\u0301nomme\u0301s \u00ab B.A.S \u00bb, le Maire de la Ville de Douala, rejette fermement les appels a\u0300 des \u00ab journe\u0301es mortes \u00bb et invite par conse\u0301quent les auteurs anonymes de ce tract a\u0300 s&rsquo;abstenir de toute action visant a\u0300 mettre en \u0153uvre leurs menaces.<\/p>\n<p>\u00ab Il informe l&rsquo;opinion publique qu&rsquo;aucune tentative d&rsquo;imposition de \u00ab Journe\u0301es Mortes \u00bb dans la Ville de Douala et d&rsquo;atteinte par ce biais a\u0300 la volonte\u0301 partage\u0301e des habitants de cette Ville a\u0300 Vivre- ensemble dans la paix, ne sera tole\u0301re\u0301e et sera re\u0301prime\u0301e avec fermete\u0301, sans la moindre faiblesse. Il appelle enfin toutes les populations de la Ville de Douala, toutes origines confondues, a\u0300 vaquer paisiblement a\u0300 leurs occupations le 20 mars 2023 et les jours et semaines qui suivent et a\u0300 de\u0301noncer sans he\u0301sitation aupre\u0300s des autorite\u0301s administratives et des forces de maintien de l&rsquo;ordre toute tentative de perturbation de l&rsquo;ordre public. Afin que force demeure a\u0300 la loi sur toute l&rsquo;e\u0301tendue du pe\u0301rime\u0300tre de la Ville de Douala \u00bb, a conclu Dr Roger MBASSA NDINE, le Maire de la Ville de Douala.<\/p>\n<p><strong>Pour plus d&rsquo;informations et d&rsquo;analyses sur la <a href=\"https:\/\/www.africa-press.net\/cameroun\">Cameroun<\/a>, suivez <a href=\"https:\/\/www.africa-press.net\/\">Africa-Press<\/a><\/strong><\/p>\n","protected":false},"excerpt":{"rendered":"<p>Africa-Press &#8211; Cameroun. Depuis quelques heures, circule un tract non signe\u0301 nomme\u0301ment, e\u0301manant d&rsquo;une association qui se fait appeler \u00ab JEUNESSE SAWA \u00bb. Ce tract qui circule dans divers me\u0301dias sociaux appelle le peuple Sawa et les peuples des autres Re\u0301gions du Cameroun a\u0300 re\u0301agir de\u0301sormais avec fermete\u0301 aux \u00ab provocations de l&rsquo;organisation de la [&hellip;]<\/p>\n","protected":false},"author":82,"featured_media":39866,"comment_status":"open","ping_status":"closed","sticky":false,"template":"","format":"standard","meta":{"footnotes":""},"categories":[21,10],"tags":[36,50,49],"class_list":["post-39868","post","type-post","status-publish","format-standard","has-post-thumbnail","hentry","category-communaute","category-toutes-les-actualites","tag-africa-press","tag-africa-press-cameroun","tag-cameroun"],"yoast_head":"<!-- This site is optimized with the Yoast SEO Premium plugin v26.1 (Yoast SEO v27.0) - https:\/\/yoast.com\/product\/yoast-seo-premium-wordpress\/ -->\n<title>Tribalisme \u00e0 Douala : le Maire de la r\u00e9gion du littoral sort de son silence et va s\u00e9vir - Cameroun<\/title>\n<meta name=\"description\" content=\"Depuis quelques heures, circule un tract non signe\u0301 nomme\u0301ment, e\u0301manant d&#039;une association qui se fait appeler \u00ab JEUNESS ...\" \/>\n<meta name=\"robots\" content=\"index, follow, max-snippet:-1, max-image-preview:large, max-video-preview:-1\" \/>\n<link rel=\"canonical\" href=\"https:\/\/www.africa-press.net\/cameroun\/toutes-les-actualites\/tribalisme-a-douala-le-maire-de-la-region-du-littoral-sort-de-son-silence-et-va-sevir\" \/>\n<meta property=\"og:locale\" content=\"fr_FR\" \/>\n<meta property=\"og:type\" content=\"article\" \/>\n<meta property=\"og:title\" content=\"Tribalisme \u00e0 Douala : le Maire de la r\u00e9gion du littoral sort de son silence et va s\u00e9vir\" \/>\n<meta property=\"og:description\" content=\"Depuis quelques heures, circule un tract non signe\u0301 nomme\u0301ment, e\u0301manant d&#039;une association qui se fait appeler \u00ab JEUNESS ...\" \/>\n<meta property=\"og:url\" content=\"https:\/\/www.africa-press.net\/cameroun\/toutes-les-actualites\/tribalisme-a-douala-le-maire-de-la-region-du-littoral-sort-de-son-silence-et-va-sevir\" \/>\n<meta property=\"og:site_name\" content=\"Cameroun\" \/>\n<meta property=\"article:published_time\" content=\"2023-03-20T18:29:20+00:00\" \/>\n<meta property=\"article:modified_time\" content=\"2023-03-20T19:05:54+00:00\" \/>\n<meta property=\"og:image\" content=\"https:\/\/static.africa-press.net\/cameroun\/sites\/57\/2023\/03\/postQueueImg_1679324365.53.jpg\" \/>\n\t<meta property=\"og:image:width\" content=\"720\" \/>\n\t<meta property=\"og:image:height\" content=\"357\" \/>\n\t<meta property=\"og:image:type\" content=\"image\/jpeg\" \/>\n<meta name=\"author\" content=\"cfeditorfr\" \/>\n<meta name=\"twitter:card\" content=\"summary_large_image\" \/>\n<meta name=\"twitter:label1\" content=\"\u00c9crit par\" \/>\n\t<meta name=\"twitter:data1\" content=\"cfeditorfr\" \/>\n\t<meta name=\"twitter:label2\" content=\"Dur\u00e9e de lecture estim\u00e9e\" \/>\n\t<meta name=\"twitter:data2\" content=\"2 minutes\" \/>\n<script type=\"application\/ld+json\" class=\"yoast-schema-graph\">{\"@context\":\"https:\/\/schema.org\",\"@graph\":[{\"@type\":\"Article\",\"@id\":\"https:\/\/www.africa-press.net\/cameroun\/toutes-les-actualites\/tribalisme-a-douala-le-maire-de-la-region-du-littoral-sort-de-son-silence-et-va-sevir#article\",\"isPartOf\":{\"@id\":\"https:\/\/www.africa-press.net\/cameroun\/toutes-les-actualites\/tribalisme-a-douala-le-maire-de-la-region-du-littoral-sort-de-son-silence-et-va-sevir\"},\"author\":{\"name\":\"cfeditorfr\",\"@id\":\"https:\/\/www.africa-press.net\/cameroun\/#\/schema\/person\/2b1cf3cd81a31e3cd26889ca66d677f1\"},\"headline\":\"Tribalisme \u00e0 Douala : le Maire de la r\u00e9gion du littoral sort de son silence et va s\u00e9vir\",\"datePublished\":\"2023-03-20T18:29:20+00:00\",\"dateModified\":\"2023-03-20T19:05:54+00:00\",\"mainEntityOfPage\":{\"@id\":\"https:\/\/www.africa-press.net\/cameroun\/toutes-les-actualites\/tribalisme-a-douala-le-maire-de-la-region-du-littoral-sort-de-son-silence-et-va-sevir\"},\"wordCount\":454,\"commentCount\":0,\"image\":{\"@id\":\"https:\/\/www.africa-press.net\/cameroun\/toutes-les-actualites\/tribalisme-a-douala-le-maire-de-la-region-du-littoral-sort-de-son-silence-et-va-sevir#primaryimage\"},\"thumbnailUrl\":\"https:\/\/static.africa-press.net\/cameroun\/sites\/57\/2023\/03\/postQueueImg_1679324365.53.jpg\",\"keywords\":[\"Africa Press\",\"Africa Press-Cameroun\",\"Cameroun\"],\"articleSection\":[\"Communaut\u00e9\",\"Toutes les actualit\u00e9s\"],\"inLanguage\":\"fr-FR\",\"potentialAction\":[{\"@type\":\"CommentAction\",\"name\":\"Comment\",\"target\":[\"https:\/\/www.africa-press.net\/cameroun\/toutes-les-actualites\/tribalisme-a-douala-le-maire-de-la-region-du-littoral-sort-de-son-silence-et-va-sevir#respond\"]}]},{\"@type\":\"WebPage\",\"@id\":\"https:\/\/www.africa-press.net\/cameroun\/toutes-les-actualites\/tribalisme-a-douala-le-maire-de-la-region-du-littoral-sort-de-son-silence-et-va-sevir\",\"url\":\"https:\/\/www.africa-press.net\/cameroun\/toutes-les-actualites\/tribalisme-a-douala-le-maire-de-la-region-du-littoral-sort-de-son-silence-et-va-sevir\",\"name\":\"Tribalisme \u00e0 Douala : le Maire de la r\u00e9gion du littoral sort de son silence et va s\u00e9vir - Cameroun\",\"isPartOf\":{\"@id\":\"https:\/\/www.africa-press.net\/cameroun\/#website\"},\"primaryImageOfPage\":{\"@id\":\"https:\/\/www.africa-press.net\/cameroun\/toutes-les-actualites\/tribalisme-a-douala-le-maire-de-la-region-du-littoral-sort-de-son-silence-et-va-sevir#primaryimage\"},\"image\":{\"@id\":\"https:\/\/www.africa-press.net\/cameroun\/toutes-les-actualites\/tribalisme-a-douala-le-maire-de-la-region-du-littoral-sort-de-son-silence-et-va-sevir#primaryimage\"},\"thumbnailUrl\":\"https:\/\/static.africa-press.net\/cameroun\/sites\/57\/2023\/03\/postQueueImg_1679324365.53.jpg\",\"datePublished\":\"2023-03-20T18:29:20+00:00\",\"dateModified\":\"2023-03-20T19:05:54+00:00\",\"author\":{\"@id\":\"https:\/\/www.africa-press.net\/cameroun\/#\/schema\/person\/2b1cf3cd81a31e3cd26889ca66d677f1\"},\"description\":\"Depuis quelques heures, circule un tract non signe\u0301 nomme\u0301ment, e\u0301manant d'une association qui se fait appeler \u00ab JEUNESS ...\",\"breadcrumb\":{\"@id\":\"https:\/\/www.africa-press.net\/cameroun\/toutes-les-actualites\/tribalisme-a-douala-le-maire-de-la-region-du-littoral-sort-de-son-silence-et-va-sevir#breadcrumb\"},\"inLanguage\":\"fr-FR\",\"potentialAction\":[{\"@type\":\"ReadAction\",\"target\":[\"https:\/\/www.africa-press.net\/cameroun\/toutes-les-actualites\/tribalisme-a-douala-le-maire-de-la-region-du-littoral-sort-de-son-silence-et-va-sevir\"]}]},{\"@type\":\"ImageObject\",\"inLanguage\":\"fr-FR\",\"@id\":\"https:\/\/www.africa-press.net\/cameroun\/toutes-les-actualites\/tribalisme-a-douala-le-maire-de-la-region-du-littoral-sort-de-son-silence-et-va-sevir#primaryimage\",\"url\":\"https:\/\/static.africa-press.net\/cameroun\/sites\/57\/2023\/03\/postQueueImg_1679324365.53.jpg\",\"contentUrl\":\"https:\/\/static.africa-press.net\/cameroun\/sites\/57\/2023\/03\/postQueueImg_1679324365.53.jpg\",\"width\":720,\"height\":357,\"caption\":\"Tribalisme \u00e0 Douala : le Maire de la r\u00e9gion du littoral sort de son silence et va s\u00e9vir\"},{\"@type\":\"BreadcrumbList\",\"@id\":\"https:\/\/www.africa-press.net\/cameroun\/toutes-les-actualites\/tribalisme-a-douala-le-maire-de-la-region-du-littoral-sort-de-son-silence-et-va-sevir#breadcrumb\",\"itemListElement\":[{\"@type\":\"ListItem\",\"position\":1,\"name\":\"Accueil\",\"item\":\"https:\/\/www.africa-press.net\/cameroun\/\"},{\"@type\":\"ListItem\",\"position\":2,\"name\":\"Tribalisme \u00e0 Douala : le Maire de la r\u00e9gion du littoral sort de son silence et va s\u00e9vir\"}]},{\"@type\":\"WebSite\",\"@id\":\"https:\/\/www.africa-press.net\/cameroun\/#website\",\"url\":\"https:\/\/www.africa-press.net\/cameroun\/\",\"name\":\"Cameroun\",\"description\":\"Just another Africa News Agency Sites site\",\"potentialAction\":[{\"@type\":\"SearchAction\",\"target\":{\"@type\":\"EntryPoint\",\"urlTemplate\":\"https:\/\/www.africa-press.net\/cameroun\/?s={search_term_string}\"},\"query-input\":{\"@type\":\"PropertyValueSpecification\",\"valueRequired\":true,\"valueName\":\"search_term_string\"}}],\"inLanguage\":\"fr-FR\"},{\"@type\":\"Person\",\"@id\":\"https:\/\/www.africa-press.net\/cameroun\/#\/schema\/person\/2b1cf3cd81a31e3cd26889ca66d677f1\",\"name\":\"cfeditorfr\"}]}<\/script>\n<!-- \/ Yoast SEO Premium plugin. -->","yoast_head_json":{"title":"Tribalisme \u00e0 Douala : le Maire de la r\u00e9gion du littoral sort de son silence et va s\u00e9vir - Cameroun","description":"Depuis quelques heures, circule un tract non signe\u0301 nomme\u0301ment, e\u0301manant d'une association qui se fait appeler \u00ab JEUNESS ...","robots":{"index":"index","follow":"follow","max-snippet":"max-snippet:-1","max-image-preview":"max-image-preview:large","max-video-preview":"max-video-preview:-1"},"canonical":"https:\/\/www.africa-press.net\/cameroun\/toutes-les-actualites\/tribalisme-a-douala-le-maire-de-la-region-du-littoral-sort-de-son-silence-et-va-sevir","og_locale":"fr_FR","og_type":"article","og_title":"Tribalisme \u00e0 Douala : le Maire de la r\u00e9gion du littoral sort de son silence et va s\u00e9vir","og_description":"Depuis quelques heures, circule un tract non signe\u0301 nomme\u0301ment, e\u0301manant d'une association qui se fait appeler \u00ab JEUNESS ...","og_url":"https:\/\/www.africa-press.net\/cameroun\/toutes-les-actualites\/tribalisme-a-douala-le-maire-de-la-region-du-littoral-sort-de-son-silence-et-va-sevir","og_site_name":"Cameroun","article_published_time":"2023-03-20T18:29:20+00:00","article_modified_time":"2023-03-20T19:05:54+00:00","og_image":[{"width":720,"height":357,"url":"https:\/\/static.africa-press.net\/cameroun\/sites\/57\/2023\/03\/postQueueImg_1679324365.53.jpg","type":"image\/jpeg"}],"author":"cfeditorfr","twitter_card":"summary_large_image","twitter_misc":{"\u00c9crit par":"cfeditorfr","Dur\u00e9e de lecture estim\u00e9e":"2 minutes"},"schema":{"@context":"https:\/\/schema.org","@graph":[{"@type":"Article","@id":"https:\/\/www.africa-press.net\/cameroun\/toutes-les-actualites\/tribalisme-a-douala-le-maire-de-la-region-du-littoral-sort-de-son-silence-et-va-sevir#article","isPartOf":{"@id":"https:\/\/www.africa-press.net\/cameroun\/toutes-les-actualites\/tribalisme-a-douala-le-maire-de-la-region-du-littoral-sort-de-son-silence-et-va-sevir"},"author":{"name":"cfeditorfr","@id":"https:\/\/www.africa-press.net\/cameroun\/#\/schema\/person\/2b1cf3cd81a31e3cd26889ca66d677f1"},"headline":"Tribalisme \u00e0 Douala : le Maire de la r\u00e9gion du littoral sort de son silence et va s\u00e9vir","datePublished":"2023-03-20T18:29:20+00:00","dateModified":"2023-03-20T19:05:54+00:00","mainEntityOfPage":{"@id":"https:\/\/www.africa-press.net\/cameroun\/toutes-les-actualites\/tribalisme-a-douala-le-maire-de-la-region-du-littoral-sort-de-son-silence-et-va-sevir"},"wordCount":454,"commentCount":0,"image":{"@id":"https:\/\/www.africa-press.net\/cameroun\/toutes-les-actualites\/tribalisme-a-douala-le-maire-de-la-region-du-littoral-sort-de-son-silence-et-va-sevir#primaryimage"},"thumbnailUrl":"https:\/\/static.africa-press.net\/cameroun\/sites\/57\/2023\/03\/postQueueImg_1679324365.53.jpg","keywords":["Africa Press","Africa Press-Cameroun","Cameroun"],"articleSection":["Communaut\u00e9","Toutes les actualit\u00e9s"],"inLanguage":"fr-FR","potentialAction":[{"@type":"CommentAction","name":"Comment","target":["https:\/\/www.africa-press.net\/cameroun\/toutes-les-actualites\/tribalisme-a-douala-le-maire-de-la-region-du-littoral-sort-de-son-silence-et-va-sevir#respond"]}]},{"@type":"WebPage","@id":"https:\/\/www.africa-press.net\/cameroun\/toutes-les-actualites\/tribalisme-a-douala-le-maire-de-la-region-du-littoral-sort-de-son-silence-et-va-sevir","url":"https:\/\/www.africa-press.net\/cameroun\/toutes-les-actualites\/tribalisme-a-douala-le-maire-de-la-region-du-littoral-sort-de-son-silence-et-va-sevir","name":"Tribalisme \u00e0 Douala : le Maire de la r\u00e9gion du littoral sort de son silence et va s\u00e9vir - Cameroun","isPartOf":{"@id":"https:\/\/www.africa-press.net\/cameroun\/#website"},"primaryImageOfPage":{"@id":"https:\/\/www.africa-press.net\/cameroun\/toutes-les-actualites\/tribalisme-a-douala-le-maire-de-la-region-du-littoral-sort-de-son-silence-et-va-sevir#primaryimage"},"image":{"@id":"https:\/\/www.africa-press.net\/cameroun\/toutes-les-actualites\/tribalisme-a-douala-le-maire-de-la-region-du-littoral-sort-de-son-silence-et-va-sevir#primaryimage"},"thumbnailUrl":"https:\/\/static.africa-press.net\/cameroun\/sites\/57\/2023\/03\/postQueueImg_1679324365.53.jpg","datePublished":"2023-03-20T18:29:20+00:00","dateModified":"2023-03-20T19:05:54+00:00","author":{"@id":"https:\/\/www.africa-press.net\/cameroun\/#\/schema\/person\/2b1cf3cd81a31e3cd26889ca66d677f1"},"description":"Depuis quelques heures, circule un tract non signe\u0301 nomme\u0301ment, e\u0301manant d'une association qui se fait appeler \u00ab JEUNESS ...","breadcrumb":{"@id":"https:\/\/www.africa-press.net\/cameroun\/toutes-les-actualites\/tribalisme-a-douala-le-maire-de-la-region-du-littoral-sort-de-son-silence-et-va-sevir#breadcrumb"},"inLanguage":"fr-FR","potentialAction":[{"@type":"ReadAction","target":["https:\/\/www.africa-press.net\/cameroun\/toutes-les-actualites\/tribalisme-a-douala-le-maire-de-la-region-du-littoral-sort-de-son-silence-et-va-sevir"]}]},{"@type":"ImageObject","inLanguage":"fr-FR","@id":"https:\/\/www.africa-press.net\/cameroun\/toutes-les-actualites\/tribalisme-a-douala-le-maire-de-la-region-du-littoral-sort-de-son-silence-et-va-sevir#primaryimage","url":"https:\/\/static.africa-press.net\/cameroun\/sites\/57\/2023\/03\/postQueueImg_1679324365.53.jpg","contentUrl":"https:\/\/static.africa-press.net\/cameroun\/sites\/57\/2023\/03\/postQueueImg_1679324365.53.jpg","width":720,"height":357,"caption":"Tribalisme \u00e0 Douala : le Maire de la r\u00e9gion du littoral sort de son silence et va s\u00e9vir"},{"@type":"BreadcrumbList","@id":"https:\/\/www.africa-press.net\/cameroun\/toutes-les-actualites\/tribalisme-a-douala-le-maire-de-la-region-du-littoral-sort-de-son-silence-et-va-sevir#breadcrumb","itemListElement":[{"@type":"ListItem","position":1,"name":"Accueil","item":"https:\/\/www.africa-press.net\/cameroun\/"},{"@type":"ListItem","position":2,"name":"Tribalisme \u00e0 Douala : le Maire de la r\u00e9gion du littoral sort de son silence et va s\u00e9vir"}]},{"@type":"WebSite","@id":"https:\/\/www.africa-press.net\/cameroun\/#website","url":"https:\/\/www.africa-press.net\/cameroun\/","name":"Cameroun","description":"Just another Africa News Agency Sites site","potentialAction":[{"@type":"SearchAction","target":{"@type":"EntryPoint","urlTemplate":"https:\/\/www.africa-press.net\/cameroun\/?s={search_term_string}"},"query-input":{"@type":"PropertyValueSpecification","valueRequired":true,"valueName":"search_term_string"}}],"inLanguage":"fr-FR"},{"@type":"Person","@id":"https:\/\/www.africa-press.net\/cameroun\/#\/schema\/person\/2b1cf3cd81a31e3cd26889ca66d677f1","name":"cfeditorfr"}]}},"_links":{"self":[{"href":"https:\/\/www.africa-press.net\/cameroun\/wp-json\/wp\/v2\/posts\/39868","targetHints":{"allow":["GET"]}}],"collection":[{"href":"https:\/\/www.africa-press.net\/cameroun\/wp-json\/wp\/v2\/posts"}],"about":[{"href":"https:\/\/www.africa-press.net\/cameroun\/wp-json\/wp\/v2\/types\/post"}],"author":[{"embeddable":true,"href":"https:\/\/www.africa-press.net\/cameroun\/wp-json\/wp\/v2\/users\/82"}],"replies":[{"embeddable":true,"href":"https:\/\/www.africa-press.net\/cameroun\/wp-json\/wp\/v2\/comments?post=39868"}],"version-history":[{"count":0,"href":"https:\/\/www.africa-press.net\/cameroun\/wp-json\/wp\/v2\/posts\/39868\/revisions"}],"wp:featuredmedia":[{"embeddable":true,"href":"https:\/\/www.africa-press.net\/cameroun\/wp-json\/wp\/v2\/media\/39866"}],"wp:attachment":[{"href":"https:\/\/www.africa-press.net\/cameroun\/wp-json\/wp\/v2\/media?parent=39868"}],"wp:term":[{"taxonomy":"category","embeddable":true,"href":"https:\/\/www.africa-press.net\/cameroun\/wp-json\/wp\/v2\/categories?post=39868"},{"taxonomy":"post_tag","embeddable":true,"href":"https:\/\/www.africa-press.net\/cameroun\/wp-json\/wp\/v2\/tags?post=39868"}],"curies":[{"name":"wp","href":"https:\/\/api.w.org\/{rel}","templated":true}]}}