{"id":39874,"date":"2023-03-20T18:29:37","date_gmt":"2023-03-20T18:29:37","guid":{"rendered":"https:\/\/www.africa-press.net\/cameroun\/politique\/ajpc-une-ag-pour-sapproprier-les-defis-actuels"},"modified":"2023-03-20T19:07:20","modified_gmt":"2023-03-20T19:07:20","slug":"ajpc-une-ag-pour-sapproprier-les-defis-actuels","status":"publish","type":"post","link":"https:\/\/www.africa-press.net\/cameroun\/toutes-les-actualites\/ajpc-une-ag-pour-sapproprier-les-defis-actuels","title":{"rendered":"AJPC : une AG pour s\u2019approprier les d\u00e9fis actuels"},"content":{"rendered":"<p><span style=\"color: #ff6600\"><strong>Africa-Press &#8211; Cameroun. <\/strong><\/span>L\u2019Association des Journalistes Patriotes du Cameroun (AJPC), tient son Assemble\u0301e ge\u0301ne\u0301rale e\u0301lective, fin avril prochain a\u0300 Ede\u0301a. Ces assises se tiendront dans un contexte marque\u0301 par l\u2019expe\u0301rimentation de la de\u0301centralisation, la re\u0301currence des attaques exte\u0301rieures contre le Cameroun et l\u2019e\u0301pineuse question de la responsabilite\u0301 sociale du journaliste.<\/p>\n<p>Cre\u0301e\u0301e en 2006, L\u2019Association des Journalistes Patriotes du Cameroun (AJPC) s\u2019est donne\u0301e pour leitmotiv d\u2019accompagner et de soutenir l\u2019action gouvernementale. Par cette de\u0301marche patriotique, ces journalistes conscients du respect de la Constitution du Cameroun, des engagements pris par le pre\u0301sident de la Re\u0301publique pour la re\u0301habilitation de la morale publique, de la vision d\u2019imple\u0301mentation des leviers devant concourir au de\u0301veloppement du Cameroun et de la contribution effective de Paul BIYA a\u0300 l\u2019e\u0301mergence d\u2019une Re\u0301publique exemplaire a\u0300 travers la promotion des re\u0301flexes citoyens et re\u0301publicains dans la gestion des biens publics, fixent le cap des activite\u0301s de l\u2019assemble\u0301e ge\u0301ne\u0301rale e\u0301lective d\u2019avril prochain vers l\u2019appropriation des de\u0301fis actuels par les professionnels de me\u0301dias. Dans une communication officielle signe\u0301e du pre\u0301sident de son bureau exe\u0301cutif, Richard Bondol, \u00ab les assises d\u2019avril seront donc l\u2019occasion d\u2019aboutir a\u0300 l\u2019e\u0301closion d\u2019une presse nationale plus unie, et encore plus forte au service du Cameroun \u00bb, a-t-il publie\u0301, le 9 mars 2023.<\/p>\n<p>Des actions sur le terrain<\/p>\n<p>Pre\u0301alablement, l\u2019AJPC depuis sa cre\u0301ation a mene\u0301 des actions multiples en droite ligne avec ses pre\u0301rogatives et ses missions. Selon des informations mises a\u0300 notre disposition par le pre\u0301sident du bureau exe\u0301cutif de l\u2019association, on peut citer la sensibilisation des populations sur l\u2019importance de la paix ; l\u2019accompagnement des pouvoirs publics dans les missions d\u2019encadrement des populations ; la contribution effective aux appels de fonds sur les sujets qui interpellent le Cameroun. Ve\u0301ritable partenaire de l\u2019E\u0301tat, l\u2019Association des Journalistes Patriotes du Cameroun a contribue\u0301 a\u0300 hauteur de 700 000 FCFA, dans le cadre du plan de reconstruction des e\u0301difices endommage\u0301s du fait des affres des revendications se\u0301cessionnistes engage\u0301es depuis plusieurs anne\u0301es dans les re\u0301gions du Nord-Ouest et du Sud-Ouest.<\/p>\n<p>Selon Richard bondol, l\u2019AJPC a aussi participe\u0301 aux co\u0302te\u0301s de l\u2019E\u0301tat, a\u0300 la lutte contre la pande\u0301mie a\u0300 coronavirus. Apre\u0300s une pe\u0301riode de cessation volontaire d\u2019activite\u0301s, c\u2019est dans un nouveau pied que ces professionnels de me\u0301dias voudraient de\u0301coller, question de mieux asseoir ses ide\u0301aux de promotion de paix et de renforcement des liens de fraternite\u0301 au sein de la corporation. Au menu des futures assises, le renouvellement des instances dirigeantes de l\u2019association<\/p>\n<p><strong>Pour plus d&rsquo;informations et d&rsquo;analyses sur la <a href=\"https:\/\/www.africa-press.net\/cameroun\">Cameroun<\/a>, suivez <a href=\"https:\/\/www.africa-press.net\/\">Africa-Press<\/a><\/strong><\/p>\n","protected":false},"excerpt":{"rendered":"<p>Africa-Press &#8211; Cameroun. L\u2019Association des Journalistes Patriotes du Cameroun (AJPC), tient son Assemble\u0301e ge\u0301ne\u0301rale e\u0301lective, fin avril prochain a\u0300 Ede\u0301a. Ces assises se tiendront dans un contexte marque\u0301 par l\u2019expe\u0301rimentation de la de\u0301centralisation, la re\u0301currence des attaques exte\u0301rieures contre le Cameroun et l\u2019e\u0301pineuse question de la responsabilite\u0301 sociale du journaliste. Cre\u0301e\u0301e en 2006, L\u2019Association des [&hellip;]<\/p>\n","protected":false},"author":82,"featured_media":39872,"comment_status":"open","ping_status":"closed","sticky":false,"template":"","format":"standard","meta":{"footnotes":""},"categories":[21,10],"tags":[36,50,49],"class_list":["post-39874","post","type-post","status-publish","format-standard","has-post-thumbnail","hentry","category-communaute","category-toutes-les-actualites","tag-africa-press","tag-africa-press-cameroun","tag-cameroun"],"yoast_head":"<!-- This site is optimized with the Yoast SEO Premium plugin v26.1 (Yoast SEO v27.0) - https:\/\/yoast.com\/product\/yoast-seo-premium-wordpress\/ -->\n<title>AJPC : une AG pour s\u2019approprier les d\u00e9fis actuels - Cameroun<\/title>\n<meta name=\"description\" content=\"L\u2019Association des Journalistes Patriotes du Cameroun (AJPC), tient son Assemble\u0301e ge\u0301ne\u0301rale e\u0301lective, fin avril procha ...\" \/>\n<meta name=\"robots\" content=\"index, follow, max-snippet:-1, max-image-preview:large, max-video-preview:-1\" \/>\n<link rel=\"canonical\" href=\"https:\/\/www.africa-press.net\/cameroun\/toutes-les-actualites\/ajpc-une-ag-pour-sapproprier-les-defis-actuels\" \/>\n<meta property=\"og:locale\" content=\"fr_FR\" \/>\n<meta property=\"og:type\" content=\"article\" \/>\n<meta property=\"og:title\" content=\"AJPC : une AG pour s\u2019approprier les d\u00e9fis actuels\" \/>\n<meta property=\"og:description\" content=\"L\u2019Association des Journalistes Patriotes du Cameroun (AJPC), tient son Assemble\u0301e ge\u0301ne\u0301rale e\u0301lective, fin avril procha ...\" \/>\n<meta property=\"og:url\" content=\"https:\/\/www.africa-press.net\/cameroun\/toutes-les-actualites\/ajpc-une-ag-pour-sapproprier-les-defis-actuels\" \/>\n<meta property=\"og:site_name\" content=\"Cameroun\" \/>\n<meta property=\"article:published_time\" content=\"2023-03-20T18:29:37+00:00\" \/>\n<meta property=\"article:modified_time\" content=\"2023-03-20T19:07:20+00:00\" \/>\n<meta property=\"og:image\" content=\"https:\/\/static.africa-press.net\/cameroun\/sites\/57\/2023\/03\/postQueueImg_1679324382.19.jpg\" \/>\n\t<meta property=\"og:image:width\" content=\"720\" \/>\n\t<meta property=\"og:image:height\" content=\"540\" \/>\n\t<meta property=\"og:image:type\" content=\"image\/jpeg\" \/>\n<meta name=\"author\" content=\"cfeditorfr\" \/>\n<meta name=\"twitter:card\" content=\"summary_large_image\" \/>\n<meta name=\"twitter:label1\" content=\"\u00c9crit par\" \/>\n\t<meta name=\"twitter:data1\" content=\"cfeditorfr\" \/>\n\t<meta name=\"twitter:label2\" content=\"Dur\u00e9e de lecture estim\u00e9e\" \/>\n\t<meta name=\"twitter:data2\" content=\"2 minutes\" \/>\n<script type=\"application\/ld+json\" class=\"yoast-schema-graph\">{\"@context\":\"https:\/\/schema.org\",\"@graph\":[{\"@type\":\"Article\",\"@id\":\"https:\/\/www.africa-press.net\/cameroun\/toutes-les-actualites\/ajpc-une-ag-pour-sapproprier-les-defis-actuels#article\",\"isPartOf\":{\"@id\":\"https:\/\/www.africa-press.net\/cameroun\/toutes-les-actualites\/ajpc-une-ag-pour-sapproprier-les-defis-actuels\"},\"author\":{\"name\":\"cfeditorfr\",\"@id\":\"https:\/\/www.africa-press.net\/cameroun\/#\/schema\/person\/2b1cf3cd81a31e3cd26889ca66d677f1\"},\"headline\":\"AJPC : une AG pour s\u2019approprier les d\u00e9fis actuels\",\"datePublished\":\"2023-03-20T18:29:37+00:00\",\"dateModified\":\"2023-03-20T19:07:20+00:00\",\"mainEntityOfPage\":{\"@id\":\"https:\/\/www.africa-press.net\/cameroun\/toutes-les-actualites\/ajpc-une-ag-pour-sapproprier-les-defis-actuels\"},\"wordCount\":500,\"commentCount\":0,\"image\":{\"@id\":\"https:\/\/www.africa-press.net\/cameroun\/toutes-les-actualites\/ajpc-une-ag-pour-sapproprier-les-defis-actuels#primaryimage\"},\"thumbnailUrl\":\"https:\/\/static.africa-press.net\/cameroun\/sites\/57\/2023\/03\/postQueueImg_1679324382.19.jpg\",\"keywords\":[\"Africa Press\",\"Africa Press-Cameroun\",\"Cameroun\"],\"articleSection\":[\"Communaut\u00e9\",\"Toutes les actualit\u00e9s\"],\"inLanguage\":\"fr-FR\",\"potentialAction\":[{\"@type\":\"CommentAction\",\"name\":\"Comment\",\"target\":[\"https:\/\/www.africa-press.net\/cameroun\/toutes-les-actualites\/ajpc-une-ag-pour-sapproprier-les-defis-actuels#respond\"]}]},{\"@type\":\"WebPage\",\"@id\":\"https:\/\/www.africa-press.net\/cameroun\/toutes-les-actualites\/ajpc-une-ag-pour-sapproprier-les-defis-actuels\",\"url\":\"https:\/\/www.africa-press.net\/cameroun\/toutes-les-actualites\/ajpc-une-ag-pour-sapproprier-les-defis-actuels\",\"name\":\"AJPC : une AG pour s\u2019approprier les d\u00e9fis actuels - Cameroun\",\"isPartOf\":{\"@id\":\"https:\/\/www.africa-press.net\/cameroun\/#website\"},\"primaryImageOfPage\":{\"@id\":\"https:\/\/www.africa-press.net\/cameroun\/toutes-les-actualites\/ajpc-une-ag-pour-sapproprier-les-defis-actuels#primaryimage\"},\"image\":{\"@id\":\"https:\/\/www.africa-press.net\/cameroun\/toutes-les-actualites\/ajpc-une-ag-pour-sapproprier-les-defis-actuels#primaryimage\"},\"thumbnailUrl\":\"https:\/\/static.africa-press.net\/cameroun\/sites\/57\/2023\/03\/postQueueImg_1679324382.19.jpg\",\"datePublished\":\"2023-03-20T18:29:37+00:00\",\"dateModified\":\"2023-03-20T19:07:20+00:00\",\"author\":{\"@id\":\"https:\/\/www.africa-press.net\/cameroun\/#\/schema\/person\/2b1cf3cd81a31e3cd26889ca66d677f1\"},\"description\":\"L\u2019Association des Journalistes Patriotes du Cameroun (AJPC), tient son Assemble\u0301e ge\u0301ne\u0301rale e\u0301lective, fin avril procha ...\",\"breadcrumb\":{\"@id\":\"https:\/\/www.africa-press.net\/cameroun\/toutes-les-actualites\/ajpc-une-ag-pour-sapproprier-les-defis-actuels#breadcrumb\"},\"inLanguage\":\"fr-FR\",\"potentialAction\":[{\"@type\":\"ReadAction\",\"target\":[\"https:\/\/www.africa-press.net\/cameroun\/toutes-les-actualites\/ajpc-une-ag-pour-sapproprier-les-defis-actuels\"]}]},{\"@type\":\"ImageObject\",\"inLanguage\":\"fr-FR\",\"@id\":\"https:\/\/www.africa-press.net\/cameroun\/toutes-les-actualites\/ajpc-une-ag-pour-sapproprier-les-defis-actuels#primaryimage\",\"url\":\"https:\/\/static.africa-press.net\/cameroun\/sites\/57\/2023\/03\/postQueueImg_1679324382.19.jpg\",\"contentUrl\":\"https:\/\/static.africa-press.net\/cameroun\/sites\/57\/2023\/03\/postQueueImg_1679324382.19.jpg\",\"width\":720,\"height\":540,\"caption\":\"AJPC : une AG pour s\u2019approprier les d\u00e9fis actuels\"},{\"@type\":\"BreadcrumbList\",\"@id\":\"https:\/\/www.africa-press.net\/cameroun\/toutes-les-actualites\/ajpc-une-ag-pour-sapproprier-les-defis-actuels#breadcrumb\",\"itemListElement\":[{\"@type\":\"ListItem\",\"position\":1,\"name\":\"Accueil\",\"item\":\"https:\/\/www.africa-press.net\/cameroun\/\"},{\"@type\":\"ListItem\",\"position\":2,\"name\":\"AJPC : une AG pour s\u2019approprier les d\u00e9fis actuels\"}]},{\"@type\":\"WebSite\",\"@id\":\"https:\/\/www.africa-press.net\/cameroun\/#website\",\"url\":\"https:\/\/www.africa-press.net\/cameroun\/\",\"name\":\"Cameroun\",\"description\":\"Just another Africa News Agency Sites site\",\"potentialAction\":[{\"@type\":\"SearchAction\",\"target\":{\"@type\":\"EntryPoint\",\"urlTemplate\":\"https:\/\/www.africa-press.net\/cameroun\/?s={search_term_string}\"},\"query-input\":{\"@type\":\"PropertyValueSpecification\",\"valueRequired\":true,\"valueName\":\"search_term_string\"}}],\"inLanguage\":\"fr-FR\"},{\"@type\":\"Person\",\"@id\":\"https:\/\/www.africa-press.net\/cameroun\/#\/schema\/person\/2b1cf3cd81a31e3cd26889ca66d677f1\",\"name\":\"cfeditorfr\"}]}<\/script>\n<!-- \/ Yoast SEO Premium plugin. -->","yoast_head_json":{"title":"AJPC : une AG pour s\u2019approprier les d\u00e9fis actuels - Cameroun","description":"L\u2019Association des Journalistes Patriotes du Cameroun (AJPC), tient son Assemble\u0301e ge\u0301ne\u0301rale e\u0301lective, fin avril procha ...","robots":{"index":"index","follow":"follow","max-snippet":"max-snippet:-1","max-image-preview":"max-image-preview:large","max-video-preview":"max-video-preview:-1"},"canonical":"https:\/\/www.africa-press.net\/cameroun\/toutes-les-actualites\/ajpc-une-ag-pour-sapproprier-les-defis-actuels","og_locale":"fr_FR","og_type":"article","og_title":"AJPC : une AG pour s\u2019approprier les d\u00e9fis actuels","og_description":"L\u2019Association des Journalistes Patriotes du Cameroun (AJPC), tient son Assemble\u0301e ge\u0301ne\u0301rale e\u0301lective, fin avril procha ...","og_url":"https:\/\/www.africa-press.net\/cameroun\/toutes-les-actualites\/ajpc-une-ag-pour-sapproprier-les-defis-actuels","og_site_name":"Cameroun","article_published_time":"2023-03-20T18:29:37+00:00","article_modified_time":"2023-03-20T19:07:20+00:00","og_image":[{"width":720,"height":540,"url":"https:\/\/static.africa-press.net\/cameroun\/sites\/57\/2023\/03\/postQueueImg_1679324382.19.jpg","type":"image\/jpeg"}],"author":"cfeditorfr","twitter_card":"summary_large_image","twitter_misc":{"\u00c9crit par":"cfeditorfr","Dur\u00e9e de lecture estim\u00e9e":"2 minutes"},"schema":{"@context":"https:\/\/schema.org","@graph":[{"@type":"Article","@id":"https:\/\/www.africa-press.net\/cameroun\/toutes-les-actualites\/ajpc-une-ag-pour-sapproprier-les-defis-actuels#article","isPartOf":{"@id":"https:\/\/www.africa-press.net\/cameroun\/toutes-les-actualites\/ajpc-une-ag-pour-sapproprier-les-defis-actuels"},"author":{"name":"cfeditorfr","@id":"https:\/\/www.africa-press.net\/cameroun\/#\/schema\/person\/2b1cf3cd81a31e3cd26889ca66d677f1"},"headline":"AJPC : une AG pour s\u2019approprier les d\u00e9fis actuels","datePublished":"2023-03-20T18:29:37+00:00","dateModified":"2023-03-20T19:07:20+00:00","mainEntityOfPage":{"@id":"https:\/\/www.africa-press.net\/cameroun\/toutes-les-actualites\/ajpc-une-ag-pour-sapproprier-les-defis-actuels"},"wordCount":500,"commentCount":0,"image":{"@id":"https:\/\/www.africa-press.net\/cameroun\/toutes-les-actualites\/ajpc-une-ag-pour-sapproprier-les-defis-actuels#primaryimage"},"thumbnailUrl":"https:\/\/static.africa-press.net\/cameroun\/sites\/57\/2023\/03\/postQueueImg_1679324382.19.jpg","keywords":["Africa Press","Africa Press-Cameroun","Cameroun"],"articleSection":["Communaut\u00e9","Toutes les actualit\u00e9s"],"inLanguage":"fr-FR","potentialAction":[{"@type":"CommentAction","name":"Comment","target":["https:\/\/www.africa-press.net\/cameroun\/toutes-les-actualites\/ajpc-une-ag-pour-sapproprier-les-defis-actuels#respond"]}]},{"@type":"WebPage","@id":"https:\/\/www.africa-press.net\/cameroun\/toutes-les-actualites\/ajpc-une-ag-pour-sapproprier-les-defis-actuels","url":"https:\/\/www.africa-press.net\/cameroun\/toutes-les-actualites\/ajpc-une-ag-pour-sapproprier-les-defis-actuels","name":"AJPC : une AG pour s\u2019approprier les d\u00e9fis actuels - Cameroun","isPartOf":{"@id":"https:\/\/www.africa-press.net\/cameroun\/#website"},"primaryImageOfPage":{"@id":"https:\/\/www.africa-press.net\/cameroun\/toutes-les-actualites\/ajpc-une-ag-pour-sapproprier-les-defis-actuels#primaryimage"},"image":{"@id":"https:\/\/www.africa-press.net\/cameroun\/toutes-les-actualites\/ajpc-une-ag-pour-sapproprier-les-defis-actuels#primaryimage"},"thumbnailUrl":"https:\/\/static.africa-press.net\/cameroun\/sites\/57\/2023\/03\/postQueueImg_1679324382.19.jpg","datePublished":"2023-03-20T18:29:37+00:00","dateModified":"2023-03-20T19:07:20+00:00","author":{"@id":"https:\/\/www.africa-press.net\/cameroun\/#\/schema\/person\/2b1cf3cd81a31e3cd26889ca66d677f1"},"description":"L\u2019Association des Journalistes Patriotes du Cameroun (AJPC), tient son Assemble\u0301e ge\u0301ne\u0301rale e\u0301lective, fin avril procha ...","breadcrumb":{"@id":"https:\/\/www.africa-press.net\/cameroun\/toutes-les-actualites\/ajpc-une-ag-pour-sapproprier-les-defis-actuels#breadcrumb"},"inLanguage":"fr-FR","potentialAction":[{"@type":"ReadAction","target":["https:\/\/www.africa-press.net\/cameroun\/toutes-les-actualites\/ajpc-une-ag-pour-sapproprier-les-defis-actuels"]}]},{"@type":"ImageObject","inLanguage":"fr-FR","@id":"https:\/\/www.africa-press.net\/cameroun\/toutes-les-actualites\/ajpc-une-ag-pour-sapproprier-les-defis-actuels#primaryimage","url":"https:\/\/static.africa-press.net\/cameroun\/sites\/57\/2023\/03\/postQueueImg_1679324382.19.jpg","contentUrl":"https:\/\/static.africa-press.net\/cameroun\/sites\/57\/2023\/03\/postQueueImg_1679324382.19.jpg","width":720,"height":540,"caption":"AJPC : une AG pour s\u2019approprier les d\u00e9fis actuels"},{"@type":"BreadcrumbList","@id":"https:\/\/www.africa-press.net\/cameroun\/toutes-les-actualites\/ajpc-une-ag-pour-sapproprier-les-defis-actuels#breadcrumb","itemListElement":[{"@type":"ListItem","position":1,"name":"Accueil","item":"https:\/\/www.africa-press.net\/cameroun\/"},{"@type":"ListItem","position":2,"name":"AJPC : une AG pour s\u2019approprier les d\u00e9fis actuels"}]},{"@type":"WebSite","@id":"https:\/\/www.africa-press.net\/cameroun\/#website","url":"https:\/\/www.africa-press.net\/cameroun\/","name":"Cameroun","description":"Just another Africa News Agency Sites site","potentialAction":[{"@type":"SearchAction","target":{"@type":"EntryPoint","urlTemplate":"https:\/\/www.africa-press.net\/cameroun\/?s={search_term_string}"},"query-input":{"@type":"PropertyValueSpecification","valueRequired":true,"valueName":"search_term_string"}}],"inLanguage":"fr-FR"},{"@type":"Person","@id":"https:\/\/www.africa-press.net\/cameroun\/#\/schema\/person\/2b1cf3cd81a31e3cd26889ca66d677f1","name":"cfeditorfr"}]}},"_links":{"self":[{"href":"https:\/\/www.africa-press.net\/cameroun\/wp-json\/wp\/v2\/posts\/39874","targetHints":{"allow":["GET"]}}],"collection":[{"href":"https:\/\/www.africa-press.net\/cameroun\/wp-json\/wp\/v2\/posts"}],"about":[{"href":"https:\/\/www.africa-press.net\/cameroun\/wp-json\/wp\/v2\/types\/post"}],"author":[{"embeddable":true,"href":"https:\/\/www.africa-press.net\/cameroun\/wp-json\/wp\/v2\/users\/82"}],"replies":[{"embeddable":true,"href":"https:\/\/www.africa-press.net\/cameroun\/wp-json\/wp\/v2\/comments?post=39874"}],"version-history":[{"count":0,"href":"https:\/\/www.africa-press.net\/cameroun\/wp-json\/wp\/v2\/posts\/39874\/revisions"}],"wp:featuredmedia":[{"embeddable":true,"href":"https:\/\/www.africa-press.net\/cameroun\/wp-json\/wp\/v2\/media\/39872"}],"wp:attachment":[{"href":"https:\/\/www.africa-press.net\/cameroun\/wp-json\/wp\/v2\/media?parent=39874"}],"wp:term":[{"taxonomy":"category","embeddable":true,"href":"https:\/\/www.africa-press.net\/cameroun\/wp-json\/wp\/v2\/categories?post=39874"},{"taxonomy":"post_tag","embeddable":true,"href":"https:\/\/www.africa-press.net\/cameroun\/wp-json\/wp\/v2\/tags?post=39874"}],"curies":[{"name":"wp","href":"https:\/\/api.w.org\/{rel}","templated":true}]}}