{"id":39880,"date":"2023-03-20T18:29:53","date_gmt":"2023-03-20T18:29:53","guid":{"rendered":"https:\/\/www.africa-press.net\/cameroun\/politique\/vision-4-livre-les-veritables-causes-de-larrestation-damougou-belinga"},"modified":"2023-03-20T19:08:48","modified_gmt":"2023-03-20T19:08:48","slug":"vision-4-livre-les-veritables-causes-de-larrestation-damougou-belinga","status":"publish","type":"post","link":"https:\/\/www.africa-press.net\/cameroun\/politique\/vision-4-livre-les-veritables-causes-de-larrestation-damougou-belinga","title":{"rendered":"Vision 4 livre les v\u00e9ritables causes de l\u2019arrestation d\u2019Amougou Belinga"},"content":{"rendered":"<p><span style=\"color: #ff6600\"><strong>Africa-Press &#8211; Cameroun. <\/strong><\/span>Sur les plateaux de Vision 4, chaque intervenant tente de relativiser l\u2019incarce\u0301ration de Amougou Belinga a\u0300 la prison centrale de Yaounde\u0301 Kondengui pour complicite\u0301 de torture sur le journaliste Martinez Zogo dont la de\u0301pouille\u0301 e\u0301te\u0301 de\u0301couverte le 22 fe\u0301vrier dernier en de\u0301composition. Si la quasi-totalite\u0301 des pane\u0301listes de l\u2019e\u0301mission Club d\u2019Elites re\u0301clame justice pour Martinez Zogo, ils tentent cependant de jeter le doute sur la direction que prend l\u2019enque\u0302te. Indirectement, ils font croire aux te\u0301le\u0301spectateurs que Amougou Belinga n\u2019est pas la bonne personne recherche\u0301e par la justice camerounaise.<\/p>\n<p>\u00ab Tout camerounais normalement constitue\u0301 souhaite que la justice soit effectivement dite sur cette question. Parce que moi qui suis porteur d\u2019un certain nombre de points de vue, un quidam peut se lever un beau matin et dire que la te\u0302te de Claude Abe ne me plait plus. On m\u2019enle\u0300ve, on me supplicie jusqu\u2019a\u0300 la mort. Donc tout le monde souhaite que la justice soit dite. Mais que la justice soit vraiment dite. C\u2019est-a\u0300-dire pas une certaine justice \u00bb, a de\u0301clare\u0301 l\u2019universitaire Claude Abe.<\/p>\n<p>Il est d\u2019ailleurs convaincu que ce qui se de\u0301roule actuellement ressemble plus a\u0300 une guerre de succession qu\u2019a\u0300 autre chose. Amougou Belinga serait donc victime d\u2019une guerre de clan. \u00ab Il y a beaucoup de choses qui montrent que cette histoire a beaucoup a\u0300 voir avec le jour, pas la nuit des longs couteaux qui a commence\u0301 au Cameroun pour la question de la succes-sion \u00bb, poursuit-il.<\/p>\n<p>Vale\u0300re Bessala<\/p>\n<p>Il sera difficile pour Vale\u0300re Bessala de revenir sur le plateaux d la chaine Vision4. Il y a quelques mois, l&rsquo;analyste me\u0301dia a eu un violent clash avec le DG des me\u0301dias du groupe l&rsquo;Anecdote en direct, lors d&rsquo;une e\u0301mission.<\/p>\n<p>Vale\u0300re Bessala n&rsquo;a pas sa langue dans la poche et Bidjang qui l&rsquo;a invite\u0301 le sait tre\u0300s bien. Mais pouvait-il savoir que l&rsquo;homme qu&rsquo;ils invitent souvent sur leurs plateaux, pouvait aller aussi loin dans ses de\u0301clarations?<\/p>\n<p>En pleine e\u0301mission sur l&rsquo;affaire de redressement fiscal dont la chaine de te\u0301le\u0301vision Vision4 faisait l&rsquo;objet, Vale\u0300re Bessala n&rsquo;a pas voulu faire comme les autres invite\u0301s au de\u0301bat sur la te\u0301le\u0301vision, qui ont exprime\u0301 leurs indigna-tion par rapport a\u0300 \u00ab\u00a0l&rsquo;acharnement\u00a0\u00bb de la DGI sur le patron du groupe l&rsquo;Anecdote.<\/p>\n<p>Tout d&rsquo;un coup, Bessala fait des de\u0301clarations a\u0300 contre-courant de celles faites par ses co-pane\u0301listes et invite Amougou Belinga a\u0300 s&rsquo;entourer de bonnes personnes dans le cadre du traitement du dossier des impo\u0302ts et de ne pas jouer avec le fisc.<\/p>\n<p>Ces de\u0301clarations de l&rsquo;analyste a suscite\u0301 une cole\u0300re noire de Bruno Bid-jang, alors pre\u0301sentateur de l&rsquo;e\u0301mission \u00ab\u00a0Club d&rsquo;Elites\u00a0\u00bb.<\/p>\n<p>On pouvait lire la cole\u0300re de ce dernier qui a tente\u0301 de recadrer en vain Bessala et a imme\u0301diatement mis fin a\u0300 l&rsquo;e\u0301mission.<\/p>\n<p><a href=\"https:\/\/www.facebook.com\/100070205192450\/videos\/1166767880661907\/\"><b>vide\u0301o<\/b><\/a><\/p>\n<p><strong>Pour plus d&rsquo;informations et d&rsquo;analyses sur la <a href=\"https:\/\/www.africa-press.net\/cameroun\">Cameroun<\/a>, suivez <a href=\"https:\/\/www.africa-press.net\/\">Africa-Press<\/a><\/strong><\/p>\n","protected":false},"excerpt":{"rendered":"<p>Africa-Press &#8211; Cameroun. Sur les plateaux de Vision 4, chaque intervenant tente de relativiser l\u2019incarce\u0301ration de Amougou Belinga a\u0300 la prison centrale de Yaounde\u0301 Kondengui pour complicite\u0301 de torture sur le journaliste Martinez Zogo dont la de\u0301pouille\u0301 e\u0301te\u0301 de\u0301couverte le 22 fe\u0301vrier dernier en de\u0301composition. Si la quasi-totalite\u0301 des pane\u0301listes de l\u2019e\u0301mission Club d\u2019Elites re\u0301clame [&hellip;]<\/p>\n","protected":false},"author":82,"featured_media":39878,"comment_status":"open","ping_status":"closed","sticky":false,"template":"","format":"standard","meta":{"footnotes":""},"categories":[2,10,9],"tags":[36,50,49],"class_list":["post-39880","post","type-post","status-publish","format-standard","has-post-thumbnail","hentry","category-politique","category-toutes-les-actualites","category-video","tag-africa-press","tag-africa-press-cameroun","tag-cameroun"],"yoast_head":"<!-- This site is optimized with the Yoast SEO Premium plugin v26.1 (Yoast SEO v27.0) - https:\/\/yoast.com\/product\/yoast-seo-premium-wordpress\/ -->\n<title>Vision 4 livre les v\u00e9ritables causes de l\u2019arrestation d\u2019Amougou Belinga - Cameroun<\/title>\n<meta name=\"description\" content=\"Sur les plateaux de Vision 4, chaque intervenant tente de relativiser l\u2019incarce\u0301ration de Amougou Belinga a\u0300 la prison c ...\" \/>\n<meta name=\"robots\" content=\"index, follow, max-snippet:-1, max-image-preview:large, max-video-preview:-1\" \/>\n<link rel=\"canonical\" href=\"https:\/\/www.africa-press.net\/cameroun\/politique\/vision-4-livre-les-veritables-causes-de-larrestation-damougou-belinga\" \/>\n<meta property=\"og:locale\" content=\"fr_FR\" \/>\n<meta property=\"og:type\" content=\"article\" \/>\n<meta property=\"og:title\" content=\"Vision 4 livre les v\u00e9ritables causes de l\u2019arrestation d\u2019Amougou Belinga\" \/>\n<meta property=\"og:description\" content=\"Sur les plateaux de Vision 4, chaque intervenant tente de relativiser l\u2019incarce\u0301ration de Amougou Belinga a\u0300 la prison c ...\" \/>\n<meta property=\"og:url\" content=\"https:\/\/www.africa-press.net\/cameroun\/politique\/vision-4-livre-les-veritables-causes-de-larrestation-damougou-belinga\" \/>\n<meta property=\"og:site_name\" content=\"Cameroun\" \/>\n<meta property=\"article:published_time\" content=\"2023-03-20T18:29:53+00:00\" \/>\n<meta property=\"article:modified_time\" content=\"2023-03-20T19:08:48+00:00\" \/>\n<meta property=\"og:image\" content=\"https:\/\/static.africa-press.net\/cameroun\/sites\/57\/2023\/03\/postQueueImg_1679324399.91.jpg\" \/>\n\t<meta property=\"og:image:width\" content=\"720\" \/>\n\t<meta property=\"og:image:height\" content=\"440\" \/>\n\t<meta property=\"og:image:type\" content=\"image\/jpeg\" \/>\n<meta name=\"author\" content=\"cfeditorfr\" \/>\n<meta name=\"twitter:card\" content=\"summary_large_image\" \/>\n<meta name=\"twitter:label1\" content=\"\u00c9crit par\" \/>\n\t<meta name=\"twitter:data1\" content=\"cfeditorfr\" \/>\n\t<meta name=\"twitter:label2\" content=\"Dur\u00e9e de lecture estim\u00e9e\" \/>\n\t<meta name=\"twitter:data2\" content=\"3 minutes\" \/>\n<script type=\"application\/ld+json\" class=\"yoast-schema-graph\">{\"@context\":\"https:\/\/schema.org\",\"@graph\":[{\"@type\":\"Article\",\"@id\":\"https:\/\/www.africa-press.net\/cameroun\/politique\/vision-4-livre-les-veritables-causes-de-larrestation-damougou-belinga#article\",\"isPartOf\":{\"@id\":\"https:\/\/www.africa-press.net\/cameroun\/politique\/vision-4-livre-les-veritables-causes-de-larrestation-damougou-belinga\"},\"author\":{\"name\":\"cfeditorfr\",\"@id\":\"https:\/\/www.africa-press.net\/cameroun\/#\/schema\/person\/2b1cf3cd81a31e3cd26889ca66d677f1\"},\"headline\":\"Vision 4 livre les v\u00e9ritables causes de l\u2019arrestation d\u2019Amougou Belinga\",\"datePublished\":\"2023-03-20T18:29:53+00:00\",\"dateModified\":\"2023-03-20T19:08:48+00:00\",\"mainEntityOfPage\":{\"@id\":\"https:\/\/www.africa-press.net\/cameroun\/politique\/vision-4-livre-les-veritables-causes-de-larrestation-damougou-belinga\"},\"wordCount\":546,\"commentCount\":0,\"image\":{\"@id\":\"https:\/\/www.africa-press.net\/cameroun\/politique\/vision-4-livre-les-veritables-causes-de-larrestation-damougou-belinga#primaryimage\"},\"thumbnailUrl\":\"https:\/\/static.africa-press.net\/cameroun\/sites\/57\/2023\/03\/postQueueImg_1679324399.91.jpg\",\"keywords\":[\"Africa Press\",\"Africa Press-Cameroun\",\"Cameroun\"],\"articleSection\":[\"Politique\",\"Toutes les actualit\u00e9s\",\"vid\u00e9o\"],\"inLanguage\":\"fr-FR\",\"potentialAction\":[{\"@type\":\"CommentAction\",\"name\":\"Comment\",\"target\":[\"https:\/\/www.africa-press.net\/cameroun\/politique\/vision-4-livre-les-veritables-causes-de-larrestation-damougou-belinga#respond\"]}]},{\"@type\":\"WebPage\",\"@id\":\"https:\/\/www.africa-press.net\/cameroun\/politique\/vision-4-livre-les-veritables-causes-de-larrestation-damougou-belinga\",\"url\":\"https:\/\/www.africa-press.net\/cameroun\/politique\/vision-4-livre-les-veritables-causes-de-larrestation-damougou-belinga\",\"name\":\"Vision 4 livre les v\u00e9ritables causes de l\u2019arrestation d\u2019Amougou Belinga - Cameroun\",\"isPartOf\":{\"@id\":\"https:\/\/www.africa-press.net\/cameroun\/#website\"},\"primaryImageOfPage\":{\"@id\":\"https:\/\/www.africa-press.net\/cameroun\/politique\/vision-4-livre-les-veritables-causes-de-larrestation-damougou-belinga#primaryimage\"},\"image\":{\"@id\":\"https:\/\/www.africa-press.net\/cameroun\/politique\/vision-4-livre-les-veritables-causes-de-larrestation-damougou-belinga#primaryimage\"},\"thumbnailUrl\":\"https:\/\/static.africa-press.net\/cameroun\/sites\/57\/2023\/03\/postQueueImg_1679324399.91.jpg\",\"datePublished\":\"2023-03-20T18:29:53+00:00\",\"dateModified\":\"2023-03-20T19:08:48+00:00\",\"author\":{\"@id\":\"https:\/\/www.africa-press.net\/cameroun\/#\/schema\/person\/2b1cf3cd81a31e3cd26889ca66d677f1\"},\"description\":\"Sur les plateaux de Vision 4, chaque intervenant tente de relativiser l\u2019incarce\u0301ration de Amougou Belinga a\u0300 la prison c ...\",\"breadcrumb\":{\"@id\":\"https:\/\/www.africa-press.net\/cameroun\/politique\/vision-4-livre-les-veritables-causes-de-larrestation-damougou-belinga#breadcrumb\"},\"inLanguage\":\"fr-FR\",\"potentialAction\":[{\"@type\":\"ReadAction\",\"target\":[\"https:\/\/www.africa-press.net\/cameroun\/politique\/vision-4-livre-les-veritables-causes-de-larrestation-damougou-belinga\"]}]},{\"@type\":\"ImageObject\",\"inLanguage\":\"fr-FR\",\"@id\":\"https:\/\/www.africa-press.net\/cameroun\/politique\/vision-4-livre-les-veritables-causes-de-larrestation-damougou-belinga#primaryimage\",\"url\":\"https:\/\/static.africa-press.net\/cameroun\/sites\/57\/2023\/03\/postQueueImg_1679324399.91.jpg\",\"contentUrl\":\"https:\/\/static.africa-press.net\/cameroun\/sites\/57\/2023\/03\/postQueueImg_1679324399.91.jpg\",\"width\":720,\"height\":440,\"caption\":\"Vision 4 livre les v\u00e9ritables causes de l\u2019arrestation d\u2019Amougou Belinga\"},{\"@type\":\"BreadcrumbList\",\"@id\":\"https:\/\/www.africa-press.net\/cameroun\/politique\/vision-4-livre-les-veritables-causes-de-larrestation-damougou-belinga#breadcrumb\",\"itemListElement\":[{\"@type\":\"ListItem\",\"position\":1,\"name\":\"Accueil\",\"item\":\"https:\/\/www.africa-press.net\/cameroun\/\"},{\"@type\":\"ListItem\",\"position\":2,\"name\":\"Vision 4 livre les v\u00e9ritables causes de l\u2019arrestation d\u2019Amougou Belinga\"}]},{\"@type\":\"WebSite\",\"@id\":\"https:\/\/www.africa-press.net\/cameroun\/#website\",\"url\":\"https:\/\/www.africa-press.net\/cameroun\/\",\"name\":\"Cameroun\",\"description\":\"Just another Africa News Agency Sites site\",\"potentialAction\":[{\"@type\":\"SearchAction\",\"target\":{\"@type\":\"EntryPoint\",\"urlTemplate\":\"https:\/\/www.africa-press.net\/cameroun\/?s={search_term_string}\"},\"query-input\":{\"@type\":\"PropertyValueSpecification\",\"valueRequired\":true,\"valueName\":\"search_term_string\"}}],\"inLanguage\":\"fr-FR\"},{\"@type\":\"Person\",\"@id\":\"https:\/\/www.africa-press.net\/cameroun\/#\/schema\/person\/2b1cf3cd81a31e3cd26889ca66d677f1\",\"name\":\"cfeditorfr\"}]}<\/script>\n<!-- \/ Yoast SEO Premium plugin. -->","yoast_head_json":{"title":"Vision 4 livre les v\u00e9ritables causes de l\u2019arrestation d\u2019Amougou Belinga - Cameroun","description":"Sur les plateaux de Vision 4, chaque intervenant tente de relativiser l\u2019incarce\u0301ration de Amougou Belinga a\u0300 la prison c ...","robots":{"index":"index","follow":"follow","max-snippet":"max-snippet:-1","max-image-preview":"max-image-preview:large","max-video-preview":"max-video-preview:-1"},"canonical":"https:\/\/www.africa-press.net\/cameroun\/politique\/vision-4-livre-les-veritables-causes-de-larrestation-damougou-belinga","og_locale":"fr_FR","og_type":"article","og_title":"Vision 4 livre les v\u00e9ritables causes de l\u2019arrestation d\u2019Amougou Belinga","og_description":"Sur les plateaux de Vision 4, chaque intervenant tente de relativiser l\u2019incarce\u0301ration de Amougou Belinga a\u0300 la prison c ...","og_url":"https:\/\/www.africa-press.net\/cameroun\/politique\/vision-4-livre-les-veritables-causes-de-larrestation-damougou-belinga","og_site_name":"Cameroun","article_published_time":"2023-03-20T18:29:53+00:00","article_modified_time":"2023-03-20T19:08:48+00:00","og_image":[{"width":720,"height":440,"url":"https:\/\/static.africa-press.net\/cameroun\/sites\/57\/2023\/03\/postQueueImg_1679324399.91.jpg","type":"image\/jpeg"}],"author":"cfeditorfr","twitter_card":"summary_large_image","twitter_misc":{"\u00c9crit par":"cfeditorfr","Dur\u00e9e de lecture estim\u00e9e":"3 minutes"},"schema":{"@context":"https:\/\/schema.org","@graph":[{"@type":"Article","@id":"https:\/\/www.africa-press.net\/cameroun\/politique\/vision-4-livre-les-veritables-causes-de-larrestation-damougou-belinga#article","isPartOf":{"@id":"https:\/\/www.africa-press.net\/cameroun\/politique\/vision-4-livre-les-veritables-causes-de-larrestation-damougou-belinga"},"author":{"name":"cfeditorfr","@id":"https:\/\/www.africa-press.net\/cameroun\/#\/schema\/person\/2b1cf3cd81a31e3cd26889ca66d677f1"},"headline":"Vision 4 livre les v\u00e9ritables causes de l\u2019arrestation d\u2019Amougou Belinga","datePublished":"2023-03-20T18:29:53+00:00","dateModified":"2023-03-20T19:08:48+00:00","mainEntityOfPage":{"@id":"https:\/\/www.africa-press.net\/cameroun\/politique\/vision-4-livre-les-veritables-causes-de-larrestation-damougou-belinga"},"wordCount":546,"commentCount":0,"image":{"@id":"https:\/\/www.africa-press.net\/cameroun\/politique\/vision-4-livre-les-veritables-causes-de-larrestation-damougou-belinga#primaryimage"},"thumbnailUrl":"https:\/\/static.africa-press.net\/cameroun\/sites\/57\/2023\/03\/postQueueImg_1679324399.91.jpg","keywords":["Africa Press","Africa Press-Cameroun","Cameroun"],"articleSection":["Politique","Toutes les actualit\u00e9s","vid\u00e9o"],"inLanguage":"fr-FR","potentialAction":[{"@type":"CommentAction","name":"Comment","target":["https:\/\/www.africa-press.net\/cameroun\/politique\/vision-4-livre-les-veritables-causes-de-larrestation-damougou-belinga#respond"]}]},{"@type":"WebPage","@id":"https:\/\/www.africa-press.net\/cameroun\/politique\/vision-4-livre-les-veritables-causes-de-larrestation-damougou-belinga","url":"https:\/\/www.africa-press.net\/cameroun\/politique\/vision-4-livre-les-veritables-causes-de-larrestation-damougou-belinga","name":"Vision 4 livre les v\u00e9ritables causes de l\u2019arrestation d\u2019Amougou Belinga - Cameroun","isPartOf":{"@id":"https:\/\/www.africa-press.net\/cameroun\/#website"},"primaryImageOfPage":{"@id":"https:\/\/www.africa-press.net\/cameroun\/politique\/vision-4-livre-les-veritables-causes-de-larrestation-damougou-belinga#primaryimage"},"image":{"@id":"https:\/\/www.africa-press.net\/cameroun\/politique\/vision-4-livre-les-veritables-causes-de-larrestation-damougou-belinga#primaryimage"},"thumbnailUrl":"https:\/\/static.africa-press.net\/cameroun\/sites\/57\/2023\/03\/postQueueImg_1679324399.91.jpg","datePublished":"2023-03-20T18:29:53+00:00","dateModified":"2023-03-20T19:08:48+00:00","author":{"@id":"https:\/\/www.africa-press.net\/cameroun\/#\/schema\/person\/2b1cf3cd81a31e3cd26889ca66d677f1"},"description":"Sur les plateaux de Vision 4, chaque intervenant tente de relativiser l\u2019incarce\u0301ration de Amougou Belinga a\u0300 la prison c ...","breadcrumb":{"@id":"https:\/\/www.africa-press.net\/cameroun\/politique\/vision-4-livre-les-veritables-causes-de-larrestation-damougou-belinga#breadcrumb"},"inLanguage":"fr-FR","potentialAction":[{"@type":"ReadAction","target":["https:\/\/www.africa-press.net\/cameroun\/politique\/vision-4-livre-les-veritables-causes-de-larrestation-damougou-belinga"]}]},{"@type":"ImageObject","inLanguage":"fr-FR","@id":"https:\/\/www.africa-press.net\/cameroun\/politique\/vision-4-livre-les-veritables-causes-de-larrestation-damougou-belinga#primaryimage","url":"https:\/\/static.africa-press.net\/cameroun\/sites\/57\/2023\/03\/postQueueImg_1679324399.91.jpg","contentUrl":"https:\/\/static.africa-press.net\/cameroun\/sites\/57\/2023\/03\/postQueueImg_1679324399.91.jpg","width":720,"height":440,"caption":"Vision 4 livre les v\u00e9ritables causes de l\u2019arrestation d\u2019Amougou Belinga"},{"@type":"BreadcrumbList","@id":"https:\/\/www.africa-press.net\/cameroun\/politique\/vision-4-livre-les-veritables-causes-de-larrestation-damougou-belinga#breadcrumb","itemListElement":[{"@type":"ListItem","position":1,"name":"Accueil","item":"https:\/\/www.africa-press.net\/cameroun\/"},{"@type":"ListItem","position":2,"name":"Vision 4 livre les v\u00e9ritables causes de l\u2019arrestation d\u2019Amougou Belinga"}]},{"@type":"WebSite","@id":"https:\/\/www.africa-press.net\/cameroun\/#website","url":"https:\/\/www.africa-press.net\/cameroun\/","name":"Cameroun","description":"Just another Africa News Agency Sites site","potentialAction":[{"@type":"SearchAction","target":{"@type":"EntryPoint","urlTemplate":"https:\/\/www.africa-press.net\/cameroun\/?s={search_term_string}"},"query-input":{"@type":"PropertyValueSpecification","valueRequired":true,"valueName":"search_term_string"}}],"inLanguage":"fr-FR"},{"@type":"Person","@id":"https:\/\/www.africa-press.net\/cameroun\/#\/schema\/person\/2b1cf3cd81a31e3cd26889ca66d677f1","name":"cfeditorfr"}]}},"_links":{"self":[{"href":"https:\/\/www.africa-press.net\/cameroun\/wp-json\/wp\/v2\/posts\/39880","targetHints":{"allow":["GET"]}}],"collection":[{"href":"https:\/\/www.africa-press.net\/cameroun\/wp-json\/wp\/v2\/posts"}],"about":[{"href":"https:\/\/www.africa-press.net\/cameroun\/wp-json\/wp\/v2\/types\/post"}],"author":[{"embeddable":true,"href":"https:\/\/www.africa-press.net\/cameroun\/wp-json\/wp\/v2\/users\/82"}],"replies":[{"embeddable":true,"href":"https:\/\/www.africa-press.net\/cameroun\/wp-json\/wp\/v2\/comments?post=39880"}],"version-history":[{"count":0,"href":"https:\/\/www.africa-press.net\/cameroun\/wp-json\/wp\/v2\/posts\/39880\/revisions"}],"wp:featuredmedia":[{"embeddable":true,"href":"https:\/\/www.africa-press.net\/cameroun\/wp-json\/wp\/v2\/media\/39878"}],"wp:attachment":[{"href":"https:\/\/www.africa-press.net\/cameroun\/wp-json\/wp\/v2\/media?parent=39880"}],"wp:term":[{"taxonomy":"category","embeddable":true,"href":"https:\/\/www.africa-press.net\/cameroun\/wp-json\/wp\/v2\/categories?post=39880"},{"taxonomy":"post_tag","embeddable":true,"href":"https:\/\/www.africa-press.net\/cameroun\/wp-json\/wp\/v2\/tags?post=39880"}],"curies":[{"name":"wp","href":"https:\/\/api.w.org\/{rel}","templated":true}]}}