{"id":39883,"date":"2023-03-20T18:30:05","date_gmt":"2023-03-20T18:30:05","guid":{"rendered":"https:\/\/www.africa-press.net\/cameroun\/politique\/coupures-delectricite-cabral-libii-recoit-un-soutien-inattendu-dans-sa-lutte"},"modified":"2023-03-20T19:09:47","modified_gmt":"2023-03-20T19:09:47","slug":"coupures-delectricite-cabral-libii-recoit-un-soutien-inattendu-dans-sa-lutte","status":"publish","type":"post","link":"https:\/\/www.africa-press.net\/cameroun\/toutes-les-actualites\/coupures-delectricite-cabral-libii-recoit-un-soutien-inattendu-dans-sa-lutte","title":{"rendered":"Coupures d\u2019\u00e9lectricit\u00e9 : Cabral Libii re\u00e7oit un soutien inattendu dans sa lutte"},"content":{"rendered":"<p><span style=\"color: #ff6600\"><strong>Africa-Press &#8211; Cameroun. <\/strong><\/span>Le pre\u0301sident du Parti camerounais pour la re\u0301conciliation nationale (Pcrn), Cabral Libii a de\u0301fie\u0301 les autorite\u0301s en maintenant sa marche contre les coupures d\u2019e\u0301lectricite\u0301 ce 19 mars 2023.<\/p>\n<p>De\u0301passe\u0301 par les coupures d\u2019e\u0301lectricite\u0301 re\u0301currentes, Cabral Libii, veut faire bouger les lignes en organisant une grande manifestation.<\/p>\n<p>Me\u0302me si de nombreuses personnes n\u2019ont pas pu se joindre a\u0300 la partie a\u0300 cause de l\u2019interdiction, le pre\u0301sident du Pcrn a pu compter sur une dizaine de ses partisans. Objectif : emmener le gouvernement a\u0300 se remuer et a\u0300 prendre les mesures ne\u0301cessaires pour re\u0301gler la situation.<\/p>\n<p>Pour cet acte de bravoure, l\u2019avocate camerounaise Miche\u0300le Ndoki a fe\u0301licite\u0301 le pre\u0301sident du Pcrn et a joint sa voix a\u0300 la tienne.<\/p>\n<p>\u00ab Merci merci merci Honorable. Vous portez la\u0300 la voix de vos e\u0301lecteurs, la voix de vos concitoyens, la voix des Enfants de ma Terre. Dieu vous be\u0301nisse pour votre volonte\u0301 de faire bouger les lignes. Je veux joindre ma voix a\u0300 la vo\u0302tre, et prier les Enfants de ma Terre de faire de me\u0302me. Plusieurs voix portent mieux qu\u2019une.<\/p>\n<p>Aux redresseurs de torts, a\u0300 ceux qui sont experts dans l\u2019art de sonder les c\u0153urs et juger les hommes, disons, Enfants de ma Terre : l\u2019important ce n\u2019est pas le doigt que tu pointes vers l\u2019autre et ses travers, ce sont les quatre doigts pointe\u0301s vers toi. Moi j\u2019aime ce qu\u2019il fait, parce qu\u2019il de\u0301fend ce que je de\u0301fends. Vous ? Kamerun, Ekombo\u2019a mwaye \u00bb, a e\u0301crit Miche\u0300le Ndoki sur Facebook. Elle illustre sa publication par une vide\u0301o de Cabral Libii qui raconte comment les policiers envoye\u0301s se sont oppose\u0301s a\u0300 la manifestation.<\/p>\n<p><strong>Pour plus d&rsquo;informations et d&rsquo;analyses sur la <a href=\"https:\/\/www.africa-press.net\/cameroun\">Cameroun<\/a>, suivez <a href=\"https:\/\/www.africa-press.net\/\">Africa-Press<\/a><\/strong><\/p>\n","protected":false},"excerpt":{"rendered":"<p>Africa-Press &#8211; Cameroun. Le pre\u0301sident du Parti camerounais pour la re\u0301conciliation nationale (Pcrn), Cabral Libii a de\u0301fie\u0301 les autorite\u0301s en maintenant sa marche contre les coupures d\u2019e\u0301lectricite\u0301 ce 19 mars 2023. De\u0301passe\u0301 par les coupures d\u2019e\u0301lectricite\u0301 re\u0301currentes, Cabral Libii, veut faire bouger les lignes en organisant une grande manifestation. Me\u0302me si de nombreuses personnes n\u2019ont [&hellip;]<\/p>\n","protected":false},"author":82,"featured_media":39882,"comment_status":"open","ping_status":"closed","sticky":false,"template":"","format":"standard","meta":{"footnotes":""},"categories":[21,10],"tags":[36,50,49],"class_list":["post-39883","post","type-post","status-publish","format-standard","has-post-thumbnail","hentry","category-communaute","category-toutes-les-actualites","tag-africa-press","tag-africa-press-cameroun","tag-cameroun"],"yoast_head":"<!-- This site is optimized with the Yoast SEO Premium plugin v26.1 (Yoast SEO v27.0) - https:\/\/yoast.com\/product\/yoast-seo-premium-wordpress\/ -->\n<title>Coupures d\u2019\u00e9lectricit\u00e9 : Cabral Libii re\u00e7oit un soutien inattendu dans sa lutte - Cameroun<\/title>\n<meta name=\"description\" content=\"Le pre\u0301sident du Parti camerounais pour la re\u0301conciliation nationale (Pcrn), Cabral Libii a de\u0301fie\u0301 les autorite\u0301s en ma ...\" \/>\n<meta name=\"robots\" content=\"index, follow, max-snippet:-1, max-image-preview:large, max-video-preview:-1\" \/>\n<link rel=\"canonical\" href=\"https:\/\/www.africa-press.net\/cameroun\/toutes-les-actualites\/coupures-delectricite-cabral-libii-recoit-un-soutien-inattendu-dans-sa-lutte\" \/>\n<meta property=\"og:locale\" content=\"fr_FR\" \/>\n<meta property=\"og:type\" content=\"article\" \/>\n<meta property=\"og:title\" content=\"Coupures d\u2019\u00e9lectricit\u00e9 : Cabral Libii re\u00e7oit un soutien inattendu dans sa lutte\" \/>\n<meta property=\"og:description\" content=\"Le pre\u0301sident du Parti camerounais pour la re\u0301conciliation nationale (Pcrn), Cabral Libii a de\u0301fie\u0301 les autorite\u0301s en ma ...\" \/>\n<meta property=\"og:url\" content=\"https:\/\/www.africa-press.net\/cameroun\/toutes-les-actualites\/coupures-delectricite-cabral-libii-recoit-un-soutien-inattendu-dans-sa-lutte\" \/>\n<meta property=\"og:site_name\" content=\"Cameroun\" \/>\n<meta property=\"article:published_time\" content=\"2023-03-20T18:30:05+00:00\" \/>\n<meta property=\"article:modified_time\" content=\"2023-03-20T19:09:47+00:00\" \/>\n<meta property=\"og:image\" content=\"https:\/\/static.africa-press.net\/cameroun\/sites\/57\/2023\/03\/postQueueImg_1679324410.05.jpg\" \/>\n\t<meta property=\"og:image:width\" content=\"720\" \/>\n\t<meta property=\"og:image:height\" content=\"444\" \/>\n\t<meta property=\"og:image:type\" content=\"image\/jpeg\" \/>\n<meta name=\"author\" content=\"cfeditorfr\" \/>\n<meta name=\"twitter:card\" content=\"summary_large_image\" \/>\n<meta name=\"twitter:label1\" content=\"\u00c9crit par\" \/>\n\t<meta name=\"twitter:data1\" content=\"cfeditorfr\" \/>\n\t<meta name=\"twitter:label2\" content=\"Dur\u00e9e de lecture estim\u00e9e\" \/>\n\t<meta name=\"twitter:data2\" content=\"2 minutes\" \/>\n<script type=\"application\/ld+json\" class=\"yoast-schema-graph\">{\"@context\":\"https:\/\/schema.org\",\"@graph\":[{\"@type\":\"Article\",\"@id\":\"https:\/\/www.africa-press.net\/cameroun\/toutes-les-actualites\/coupures-delectricite-cabral-libii-recoit-un-soutien-inattendu-dans-sa-lutte#article\",\"isPartOf\":{\"@id\":\"https:\/\/www.africa-press.net\/cameroun\/toutes-les-actualites\/coupures-delectricite-cabral-libii-recoit-un-soutien-inattendu-dans-sa-lutte\"},\"author\":{\"name\":\"cfeditorfr\",\"@id\":\"https:\/\/www.africa-press.net\/cameroun\/#\/schema\/person\/2b1cf3cd81a31e3cd26889ca66d677f1\"},\"headline\":\"Coupures d\u2019\u00e9lectricit\u00e9 : Cabral Libii re\u00e7oit un soutien inattendu dans sa lutte\",\"datePublished\":\"2023-03-20T18:30:05+00:00\",\"dateModified\":\"2023-03-20T19:09:47+00:00\",\"mainEntityOfPage\":{\"@id\":\"https:\/\/www.africa-press.net\/cameroun\/toutes-les-actualites\/coupures-delectricite-cabral-libii-recoit-un-soutien-inattendu-dans-sa-lutte\"},\"wordCount\":333,\"commentCount\":0,\"image\":{\"@id\":\"https:\/\/www.africa-press.net\/cameroun\/toutes-les-actualites\/coupures-delectricite-cabral-libii-recoit-un-soutien-inattendu-dans-sa-lutte#primaryimage\"},\"thumbnailUrl\":\"https:\/\/static.africa-press.net\/cameroun\/sites\/57\/2023\/03\/postQueueImg_1679324410.05.jpg\",\"keywords\":[\"Africa Press\",\"Africa Press-Cameroun\",\"Cameroun\"],\"articleSection\":[\"Communaut\u00e9\",\"Toutes les actualit\u00e9s\"],\"inLanguage\":\"fr-FR\",\"potentialAction\":[{\"@type\":\"CommentAction\",\"name\":\"Comment\",\"target\":[\"https:\/\/www.africa-press.net\/cameroun\/toutes-les-actualites\/coupures-delectricite-cabral-libii-recoit-un-soutien-inattendu-dans-sa-lutte#respond\"]}]},{\"@type\":\"WebPage\",\"@id\":\"https:\/\/www.africa-press.net\/cameroun\/toutes-les-actualites\/coupures-delectricite-cabral-libii-recoit-un-soutien-inattendu-dans-sa-lutte\",\"url\":\"https:\/\/www.africa-press.net\/cameroun\/toutes-les-actualites\/coupures-delectricite-cabral-libii-recoit-un-soutien-inattendu-dans-sa-lutte\",\"name\":\"Coupures d\u2019\u00e9lectricit\u00e9 : Cabral Libii re\u00e7oit un soutien inattendu dans sa lutte - Cameroun\",\"isPartOf\":{\"@id\":\"https:\/\/www.africa-press.net\/cameroun\/#website\"},\"primaryImageOfPage\":{\"@id\":\"https:\/\/www.africa-press.net\/cameroun\/toutes-les-actualites\/coupures-delectricite-cabral-libii-recoit-un-soutien-inattendu-dans-sa-lutte#primaryimage\"},\"image\":{\"@id\":\"https:\/\/www.africa-press.net\/cameroun\/toutes-les-actualites\/coupures-delectricite-cabral-libii-recoit-un-soutien-inattendu-dans-sa-lutte#primaryimage\"},\"thumbnailUrl\":\"https:\/\/static.africa-press.net\/cameroun\/sites\/57\/2023\/03\/postQueueImg_1679324410.05.jpg\",\"datePublished\":\"2023-03-20T18:30:05+00:00\",\"dateModified\":\"2023-03-20T19:09:47+00:00\",\"author\":{\"@id\":\"https:\/\/www.africa-press.net\/cameroun\/#\/schema\/person\/2b1cf3cd81a31e3cd26889ca66d677f1\"},\"description\":\"Le pre\u0301sident du Parti camerounais pour la re\u0301conciliation nationale (Pcrn), Cabral Libii a de\u0301fie\u0301 les autorite\u0301s en ma ...\",\"breadcrumb\":{\"@id\":\"https:\/\/www.africa-press.net\/cameroun\/toutes-les-actualites\/coupures-delectricite-cabral-libii-recoit-un-soutien-inattendu-dans-sa-lutte#breadcrumb\"},\"inLanguage\":\"fr-FR\",\"potentialAction\":[{\"@type\":\"ReadAction\",\"target\":[\"https:\/\/www.africa-press.net\/cameroun\/toutes-les-actualites\/coupures-delectricite-cabral-libii-recoit-un-soutien-inattendu-dans-sa-lutte\"]}]},{\"@type\":\"ImageObject\",\"inLanguage\":\"fr-FR\",\"@id\":\"https:\/\/www.africa-press.net\/cameroun\/toutes-les-actualites\/coupures-delectricite-cabral-libii-recoit-un-soutien-inattendu-dans-sa-lutte#primaryimage\",\"url\":\"https:\/\/static.africa-press.net\/cameroun\/sites\/57\/2023\/03\/postQueueImg_1679324410.05.jpg\",\"contentUrl\":\"https:\/\/static.africa-press.net\/cameroun\/sites\/57\/2023\/03\/postQueueImg_1679324410.05.jpg\",\"width\":720,\"height\":444,\"caption\":\"Coupures d\u2019\u00e9lectricit\u00e9 : Cabral Libii re\u00e7oit un soutien inattendu dans sa lutte\"},{\"@type\":\"BreadcrumbList\",\"@id\":\"https:\/\/www.africa-press.net\/cameroun\/toutes-les-actualites\/coupures-delectricite-cabral-libii-recoit-un-soutien-inattendu-dans-sa-lutte#breadcrumb\",\"itemListElement\":[{\"@type\":\"ListItem\",\"position\":1,\"name\":\"Accueil\",\"item\":\"https:\/\/www.africa-press.net\/cameroun\/\"},{\"@type\":\"ListItem\",\"position\":2,\"name\":\"Coupures d\u2019\u00e9lectricit\u00e9 : Cabral Libii re\u00e7oit un soutien inattendu dans sa lutte\"}]},{\"@type\":\"WebSite\",\"@id\":\"https:\/\/www.africa-press.net\/cameroun\/#website\",\"url\":\"https:\/\/www.africa-press.net\/cameroun\/\",\"name\":\"Cameroun\",\"description\":\"Just another Africa News Agency Sites site\",\"potentialAction\":[{\"@type\":\"SearchAction\",\"target\":{\"@type\":\"EntryPoint\",\"urlTemplate\":\"https:\/\/www.africa-press.net\/cameroun\/?s={search_term_string}\"},\"query-input\":{\"@type\":\"PropertyValueSpecification\",\"valueRequired\":true,\"valueName\":\"search_term_string\"}}],\"inLanguage\":\"fr-FR\"},{\"@type\":\"Person\",\"@id\":\"https:\/\/www.africa-press.net\/cameroun\/#\/schema\/person\/2b1cf3cd81a31e3cd26889ca66d677f1\",\"name\":\"cfeditorfr\"}]}<\/script>\n<!-- \/ Yoast SEO Premium plugin. -->","yoast_head_json":{"title":"Coupures d\u2019\u00e9lectricit\u00e9 : Cabral Libii re\u00e7oit un soutien inattendu dans sa lutte - Cameroun","description":"Le pre\u0301sident du Parti camerounais pour la re\u0301conciliation nationale (Pcrn), Cabral Libii a de\u0301fie\u0301 les autorite\u0301s en ma ...","robots":{"index":"index","follow":"follow","max-snippet":"max-snippet:-1","max-image-preview":"max-image-preview:large","max-video-preview":"max-video-preview:-1"},"canonical":"https:\/\/www.africa-press.net\/cameroun\/toutes-les-actualites\/coupures-delectricite-cabral-libii-recoit-un-soutien-inattendu-dans-sa-lutte","og_locale":"fr_FR","og_type":"article","og_title":"Coupures d\u2019\u00e9lectricit\u00e9 : Cabral Libii re\u00e7oit un soutien inattendu dans sa lutte","og_description":"Le pre\u0301sident du Parti camerounais pour la re\u0301conciliation nationale (Pcrn), Cabral Libii a de\u0301fie\u0301 les autorite\u0301s en ma ...","og_url":"https:\/\/www.africa-press.net\/cameroun\/toutes-les-actualites\/coupures-delectricite-cabral-libii-recoit-un-soutien-inattendu-dans-sa-lutte","og_site_name":"Cameroun","article_published_time":"2023-03-20T18:30:05+00:00","article_modified_time":"2023-03-20T19:09:47+00:00","og_image":[{"width":720,"height":444,"url":"https:\/\/static.africa-press.net\/cameroun\/sites\/57\/2023\/03\/postQueueImg_1679324410.05.jpg","type":"image\/jpeg"}],"author":"cfeditorfr","twitter_card":"summary_large_image","twitter_misc":{"\u00c9crit par":"cfeditorfr","Dur\u00e9e de lecture estim\u00e9e":"2 minutes"},"schema":{"@context":"https:\/\/schema.org","@graph":[{"@type":"Article","@id":"https:\/\/www.africa-press.net\/cameroun\/toutes-les-actualites\/coupures-delectricite-cabral-libii-recoit-un-soutien-inattendu-dans-sa-lutte#article","isPartOf":{"@id":"https:\/\/www.africa-press.net\/cameroun\/toutes-les-actualites\/coupures-delectricite-cabral-libii-recoit-un-soutien-inattendu-dans-sa-lutte"},"author":{"name":"cfeditorfr","@id":"https:\/\/www.africa-press.net\/cameroun\/#\/schema\/person\/2b1cf3cd81a31e3cd26889ca66d677f1"},"headline":"Coupures d\u2019\u00e9lectricit\u00e9 : Cabral Libii re\u00e7oit un soutien inattendu dans sa lutte","datePublished":"2023-03-20T18:30:05+00:00","dateModified":"2023-03-20T19:09:47+00:00","mainEntityOfPage":{"@id":"https:\/\/www.africa-press.net\/cameroun\/toutes-les-actualites\/coupures-delectricite-cabral-libii-recoit-un-soutien-inattendu-dans-sa-lutte"},"wordCount":333,"commentCount":0,"image":{"@id":"https:\/\/www.africa-press.net\/cameroun\/toutes-les-actualites\/coupures-delectricite-cabral-libii-recoit-un-soutien-inattendu-dans-sa-lutte#primaryimage"},"thumbnailUrl":"https:\/\/static.africa-press.net\/cameroun\/sites\/57\/2023\/03\/postQueueImg_1679324410.05.jpg","keywords":["Africa Press","Africa Press-Cameroun","Cameroun"],"articleSection":["Communaut\u00e9","Toutes les actualit\u00e9s"],"inLanguage":"fr-FR","potentialAction":[{"@type":"CommentAction","name":"Comment","target":["https:\/\/www.africa-press.net\/cameroun\/toutes-les-actualites\/coupures-delectricite-cabral-libii-recoit-un-soutien-inattendu-dans-sa-lutte#respond"]}]},{"@type":"WebPage","@id":"https:\/\/www.africa-press.net\/cameroun\/toutes-les-actualites\/coupures-delectricite-cabral-libii-recoit-un-soutien-inattendu-dans-sa-lutte","url":"https:\/\/www.africa-press.net\/cameroun\/toutes-les-actualites\/coupures-delectricite-cabral-libii-recoit-un-soutien-inattendu-dans-sa-lutte","name":"Coupures d\u2019\u00e9lectricit\u00e9 : Cabral Libii re\u00e7oit un soutien inattendu dans sa lutte - Cameroun","isPartOf":{"@id":"https:\/\/www.africa-press.net\/cameroun\/#website"},"primaryImageOfPage":{"@id":"https:\/\/www.africa-press.net\/cameroun\/toutes-les-actualites\/coupures-delectricite-cabral-libii-recoit-un-soutien-inattendu-dans-sa-lutte#primaryimage"},"image":{"@id":"https:\/\/www.africa-press.net\/cameroun\/toutes-les-actualites\/coupures-delectricite-cabral-libii-recoit-un-soutien-inattendu-dans-sa-lutte#primaryimage"},"thumbnailUrl":"https:\/\/static.africa-press.net\/cameroun\/sites\/57\/2023\/03\/postQueueImg_1679324410.05.jpg","datePublished":"2023-03-20T18:30:05+00:00","dateModified":"2023-03-20T19:09:47+00:00","author":{"@id":"https:\/\/www.africa-press.net\/cameroun\/#\/schema\/person\/2b1cf3cd81a31e3cd26889ca66d677f1"},"description":"Le pre\u0301sident du Parti camerounais pour la re\u0301conciliation nationale (Pcrn), Cabral Libii a de\u0301fie\u0301 les autorite\u0301s en ma ...","breadcrumb":{"@id":"https:\/\/www.africa-press.net\/cameroun\/toutes-les-actualites\/coupures-delectricite-cabral-libii-recoit-un-soutien-inattendu-dans-sa-lutte#breadcrumb"},"inLanguage":"fr-FR","potentialAction":[{"@type":"ReadAction","target":["https:\/\/www.africa-press.net\/cameroun\/toutes-les-actualites\/coupures-delectricite-cabral-libii-recoit-un-soutien-inattendu-dans-sa-lutte"]}]},{"@type":"ImageObject","inLanguage":"fr-FR","@id":"https:\/\/www.africa-press.net\/cameroun\/toutes-les-actualites\/coupures-delectricite-cabral-libii-recoit-un-soutien-inattendu-dans-sa-lutte#primaryimage","url":"https:\/\/static.africa-press.net\/cameroun\/sites\/57\/2023\/03\/postQueueImg_1679324410.05.jpg","contentUrl":"https:\/\/static.africa-press.net\/cameroun\/sites\/57\/2023\/03\/postQueueImg_1679324410.05.jpg","width":720,"height":444,"caption":"Coupures d\u2019\u00e9lectricit\u00e9 : Cabral Libii re\u00e7oit un soutien inattendu dans sa lutte"},{"@type":"BreadcrumbList","@id":"https:\/\/www.africa-press.net\/cameroun\/toutes-les-actualites\/coupures-delectricite-cabral-libii-recoit-un-soutien-inattendu-dans-sa-lutte#breadcrumb","itemListElement":[{"@type":"ListItem","position":1,"name":"Accueil","item":"https:\/\/www.africa-press.net\/cameroun\/"},{"@type":"ListItem","position":2,"name":"Coupures d\u2019\u00e9lectricit\u00e9 : Cabral Libii re\u00e7oit un soutien inattendu dans sa lutte"}]},{"@type":"WebSite","@id":"https:\/\/www.africa-press.net\/cameroun\/#website","url":"https:\/\/www.africa-press.net\/cameroun\/","name":"Cameroun","description":"Just another Africa News Agency Sites site","potentialAction":[{"@type":"SearchAction","target":{"@type":"EntryPoint","urlTemplate":"https:\/\/www.africa-press.net\/cameroun\/?s={search_term_string}"},"query-input":{"@type":"PropertyValueSpecification","valueRequired":true,"valueName":"search_term_string"}}],"inLanguage":"fr-FR"},{"@type":"Person","@id":"https:\/\/www.africa-press.net\/cameroun\/#\/schema\/person\/2b1cf3cd81a31e3cd26889ca66d677f1","name":"cfeditorfr"}]}},"_links":{"self":[{"href":"https:\/\/www.africa-press.net\/cameroun\/wp-json\/wp\/v2\/posts\/39883","targetHints":{"allow":["GET"]}}],"collection":[{"href":"https:\/\/www.africa-press.net\/cameroun\/wp-json\/wp\/v2\/posts"}],"about":[{"href":"https:\/\/www.africa-press.net\/cameroun\/wp-json\/wp\/v2\/types\/post"}],"author":[{"embeddable":true,"href":"https:\/\/www.africa-press.net\/cameroun\/wp-json\/wp\/v2\/users\/82"}],"replies":[{"embeddable":true,"href":"https:\/\/www.africa-press.net\/cameroun\/wp-json\/wp\/v2\/comments?post=39883"}],"version-history":[{"count":0,"href":"https:\/\/www.africa-press.net\/cameroun\/wp-json\/wp\/v2\/posts\/39883\/revisions"}],"wp:featuredmedia":[{"embeddable":true,"href":"https:\/\/www.africa-press.net\/cameroun\/wp-json\/wp\/v2\/media\/39882"}],"wp:attachment":[{"href":"https:\/\/www.africa-press.net\/cameroun\/wp-json\/wp\/v2\/media?parent=39883"}],"wp:term":[{"taxonomy":"category","embeddable":true,"href":"https:\/\/www.africa-press.net\/cameroun\/wp-json\/wp\/v2\/categories?post=39883"},{"taxonomy":"post_tag","embeddable":true,"href":"https:\/\/www.africa-press.net\/cameroun\/wp-json\/wp\/v2\/tags?post=39883"}],"curies":[{"name":"wp","href":"https:\/\/api.w.org\/{rel}","templated":true}]}}