{"id":39898,"date":"2023-03-20T18:31:11","date_gmt":"2023-03-20T18:31:11","guid":{"rendered":"https:\/\/www.africa-press.net\/cameroun\/politique\/cemac-le-cameroun-decroche-les-postes-de-vice-president-de-la-commission-president-de-la-cosumaf-et-dg-a-la-beac"},"modified":"2023-03-20T19:13:56","modified_gmt":"2023-03-20T19:13:56","slug":"cemac-le-cameroun-decroche-les-postes-de-vice-president-de-la-commission-president-de-la-cosumaf-et-dg-a-la-beac","status":"publish","type":"post","link":"https:\/\/www.africa-press.net\/cameroun\/politique\/cemac-le-cameroun-decroche-les-postes-de-vice-president-de-la-commission-president-de-la-cosumaf-et-dg-a-la-beac","title":{"rendered":"Cemac\u00a0: le Cameroun d\u00e9croche les postes de vice-pr\u00e9sident de la Commission, pr\u00e9sident de la Cosumaf et DG \u00e0 la Beac"},"content":{"rendered":"<p><span style=\"color: #ff6600\"><strong>Africa-Press &#8211; Cameroun. <\/strong><\/span>Investir au Cameroun) &#8211; Comme pre\u0301vu, la 15e Confe\u0301rence des chefs d\u2019Etat de la Cemac (Cameroun, Congo, Gabon, Tchad, RCA et Guine\u0301e e\u0301quatoriale), tenue le 17 mars 2023 a\u0300 Yaounde\u0301, la capitale camerounaise, a de\u0301bouche\u0301 sur des nominations a\u0300 la te\u0302te de certaines institutions communautaires. Ces de\u0301cisions n\u2019ont pas encore e\u0301te\u0301 rendues publiques. Mais Investir au Cameroun est a\u0300 mesure d\u2019affirmer qu\u2019en plus du poste de pre\u0301sident de la Banque de de\u0301veloppement des Etats de l\u2019Afrique centrale (BDEAC), qui e\u0301choit au Camerounais Dieudonne\u0301 Evou Mekou depuis avril 2022, la locomotive e\u0301conomique de la Cemac de\u0301croche de nouveaux postes au sortir du conclave de Yaounde\u0301.<\/p>\n<p>Il s\u2019agit d\u2019abord de la vice-pre\u0301sidence de la Commission de la Cemac. Pour ce poste, le Cameroun a jete\u0301 son de\u0301volu sur Charles Assamba Ongodo. Ce diplomate va seconder l\u2019Equato-guine\u0301en Baltasar Engonga Edjo, qui devient le nouveau pre\u0301sident de la Commission de la Cemac, en remplacement du Gabonais Daniel Ona Ondo. Jusqu\u2019a\u0300 sa promotion, Charles Assamba Ongodo occupait le poste de directeur ge\u0301ne\u0301ral de la coope\u0301ration et de l\u2019inte\u0301gration re\u0301gionale au ministe\u0300re de l\u2019Economie. Gouverneur supple\u0301ant du Cameroun a\u0300 la banque mondiale, entre 2016 et 2018, puis gouverneur supple\u0301ant du Cameroun a\u0300 la Banque africaine de de\u0301veloppement (BAD) depuis avril 2013, ce haut fonctionnaire camerounais est aussi, depuis mai 2019, le pre\u0301sident du comite\u0301 de gestion du fonds de de\u0301veloppement de la Cemac.<\/p>\n<p>Ensuite, la Confe\u0301rence des chefs d\u2019Etat de la Cemac a valide\u0301 la nomination de la Camerounaise Jacqueline Nkembe, e\u0301pouse Adiaba, au poste de pre\u0301sidente de la Commission de surveillance du marche\u0301 financier de l\u2019Afrique centrale (Cosumaf), le re\u0301gulateur de la Bourse des valeurs mobilie\u0300res de l\u2019Afrique centrale (Bvmac), base\u0301e a\u0300 Douala. Cette banquie\u0300re camerounaise devient ainsi la toute premie\u0300re femme a\u0300 diriger l\u2019organe de re\u0301gulation du marche\u0301 financier unifie\u0301 de la Cemac. Diplo\u0302me\u0301e de banque, monnaie et finance, Mme Adiaba est e\u0301galement ancienne pensionnaire de l\u2019Institut des techniques bancaires de Paris. Cette ex-cadre de la Socie\u0301te\u0301 Ge\u0301ne\u0301rale avait rejoint la Cosumaf en 2018, apre\u0300s avoir chapeaute\u0301 pendant de nombreuses anne\u0301es la direction des marche\u0301s de la Douala Stock Exchange (DSX), le marche\u0301 financier du Cameroun, qui finira par fusionner avec la Bvmac en 2019.<\/p>\n<p><b>Gouvernement de la Beac <\/b><\/p>\n<p>La Confe\u0301rence des chefs d\u2019Etat de la Cemac du 17 mars 2023 a e\u0301galement pourvu au remplacement du Camerounais Dieudonne\u0301 Evou Mekou, devenu pre\u0301sident de la BDEAC, au poste de vice-gouverneur de la Beac, l\u2019institut d\u2019e\u0301mission des pays de la Cemac. Le poste revient de\u0301sormais au Congolais Michel Dzombala, ancien directeur national de la Beac pour le Congo, qui a e\u0301galement tenu le secre\u0301tariat du Comite\u0301 de politique mone\u0301taire de la Beac pendant des anne\u0301es. Avant cette nomination, M. Dzombala e\u0301tait le secre\u0301taire ge\u0301ne\u0301ral adjoint de la Commission bancaire de l\u2019Afrique centrale (Cobac), le re\u0301gulateur du secteur bancaire dans la Cemac. Il ce\u0300de son fauteuil a\u0300 son compatriote, Marcel Onde\u0301le\u0301, jusque-la\u0300 vice-pre\u0301sident de la BDEAC.<\/p>\n<p>Le Cameroun reste ne\u0301anmoins pre\u0301sent dans le gouvernement de la Beac avec l\u2019entre\u0301e de Euge\u0300ne Nsom au poste de directeur ge\u0301ne\u0301ral des e\u0301tudes, finances et relations internationales. Celui qui e\u0301tait le directeur national de la Beac pour le Cameroun, jusqu\u2019a\u0300 son de\u0301part a\u0300 la retraite en 2022, remplace a\u0300 ce poste l\u2019E\u0301quato-Guine\u0301en Ivan Bacale Ebe Molina. L\u2019administrateur civil principal, sorti de l\u2019E\u0301cole nationale d\u2019administration et de magistrature (Enam) en 1997, par ailleurs titulaire d\u2019un DEA en monnaie et financement, devient donc la 5e personnalite\u0301 de la banque centrale de la Cemac apre\u0300s y e\u0302tre entre\u0301 en 2014 comme directeur central en charge des syste\u0300mes et moyens de paiement.<\/p>\n<p>Dans cette redistribution des cartes, qui a de\u0301bute\u0301 par l\u2019arrive\u0301e a\u0300 la te\u0302te de la Confe\u0301rence des chefs d\u2019Etat de la Cemac du Centrafricain Faustin Archange Touade\u0301ra, en remplacement du Cameroun Paul Biya, le Tchad ne devrait be\u0301ne\u0301ficier que d\u2019un poste de commissaire de la Cemac, en dehors du mandat encore en cours a\u0300 la te\u0302te de la banque centrale (Beac). Mais, selon le communique\u0301 final, au cours du conclave de Yaounde\u0301, ce pays a rec\u0327u la promesse des autres pays de la Cemac de soutenir son candidat lors de la de\u0301signation du directeur ge\u0301ne\u0301ral de l\u2019Agence pour la se\u0301curite\u0301 de la navigation ae\u0301rienne en Afrique et a\u0300 Madagascar (Asecna).<\/p>\n<p><b>Brice R. Mbodiam<\/b><\/p>\n<p><strong>Pour plus d&rsquo;informations et d&rsquo;analyses sur la <a href=\"https:\/\/www.africa-press.net\/cameroun\">Cameroun<\/a>, suivez <a href=\"https:\/\/www.africa-press.net\/\">Africa-Press<\/a><\/strong><\/p>\n","protected":false},"excerpt":{"rendered":"<p>Africa-Press &#8211; Cameroun. Investir au Cameroun) &#8211; Comme pre\u0301vu, la 15e Confe\u0301rence des chefs d\u2019Etat de la Cemac (Cameroun, Congo, Gabon, Tchad, RCA et Guine\u0301e e\u0301quatoriale), tenue le 17 mars 2023 a\u0300 Yaounde\u0301, la capitale camerounaise, a de\u0301bouche\u0301 sur des nominations a\u0300 la te\u0302te de certaines institutions communautaires. Ces de\u0301cisions n\u2019ont pas encore e\u0301te\u0301 rendues [&hellip;]<\/p>\n","protected":false},"author":82,"featured_media":39896,"comment_status":"open","ping_status":"closed","sticky":false,"template":"","format":"standard","meta":{"footnotes":""},"categories":[2,10],"tags":[36,50,49],"class_list":["post-39898","post","type-post","status-publish","format-standard","has-post-thumbnail","hentry","category-politique","category-toutes-les-actualites","tag-africa-press","tag-africa-press-cameroun","tag-cameroun"],"yoast_head":"<!-- This site is optimized with the Yoast SEO Premium plugin v26.1 (Yoast SEO v27.0) - https:\/\/yoast.com\/product\/yoast-seo-premium-wordpress\/ -->\n<title>Cemac\u00a0: le Cameroun d\u00e9croche les postes de vice-pr\u00e9sident de la Commission, pr\u00e9sident de la Cosumaf et DG \u00e0 la Beac - Cameroun<\/title>\n<meta name=\"description\" content=\"Investir au Cameroun) - Comme pre\u0301vu, la 15e Confe\u0301rence des chefs d\u2019Etat de la Cemac (Cameroun, Congo, Gabon, Tchad, RC ...\" \/>\n<meta name=\"robots\" content=\"index, follow, max-snippet:-1, max-image-preview:large, max-video-preview:-1\" \/>\n<link rel=\"canonical\" href=\"https:\/\/www.africa-press.net\/cameroun\/politique\/cemac-le-cameroun-decroche-les-postes-de-vice-president-de-la-commission-president-de-la-cosumaf-et-dg-a-la-beac\" \/>\n<meta property=\"og:locale\" content=\"fr_FR\" \/>\n<meta property=\"og:type\" content=\"article\" \/>\n<meta property=\"og:title\" content=\"Cemac\u00a0: le Cameroun d\u00e9croche les postes de vice-pr\u00e9sident de la Commission, pr\u00e9sident de la Cosumaf et DG \u00e0 la Beac\" \/>\n<meta property=\"og:description\" content=\"Investir au Cameroun) - Comme pre\u0301vu, la 15e Confe\u0301rence des chefs d\u2019Etat de la Cemac (Cameroun, Congo, Gabon, Tchad, RC ...\" \/>\n<meta property=\"og:url\" content=\"https:\/\/www.africa-press.net\/cameroun\/politique\/cemac-le-cameroun-decroche-les-postes-de-vice-president-de-la-commission-president-de-la-cosumaf-et-dg-a-la-beac\" \/>\n<meta property=\"og:site_name\" content=\"Cameroun\" \/>\n<meta property=\"article:published_time\" content=\"2023-03-20T18:31:11+00:00\" \/>\n<meta property=\"article:modified_time\" content=\"2023-03-20T19:13:56+00:00\" \/>\n<meta property=\"og:image\" content=\"https:\/\/static.africa-press.net\/cameroun\/sites\/57\/2023\/03\/postQueueImg_1679324482.11.jpg\" \/>\n\t<meta property=\"og:image:width\" content=\"720\" \/>\n\t<meta property=\"og:image:height\" content=\"498\" \/>\n\t<meta property=\"og:image:type\" content=\"image\/jpeg\" \/>\n<meta name=\"author\" content=\"cfeditorfr\" \/>\n<meta name=\"twitter:card\" content=\"summary_large_image\" \/>\n<meta name=\"twitter:label1\" content=\"\u00c9crit par\" \/>\n\t<meta name=\"twitter:data1\" content=\"cfeditorfr\" \/>\n\t<meta name=\"twitter:label2\" content=\"Dur\u00e9e de lecture estim\u00e9e\" \/>\n\t<meta name=\"twitter:data2\" content=\"4 minutes\" \/>\n<script type=\"application\/ld+json\" class=\"yoast-schema-graph\">{\"@context\":\"https:\/\/schema.org\",\"@graph\":[{\"@type\":\"Article\",\"@id\":\"https:\/\/www.africa-press.net\/cameroun\/politique\/cemac-le-cameroun-decroche-les-postes-de-vice-president-de-la-commission-president-de-la-cosumaf-et-dg-a-la-beac#article\",\"isPartOf\":{\"@id\":\"https:\/\/www.africa-press.net\/cameroun\/politique\/cemac-le-cameroun-decroche-les-postes-de-vice-president-de-la-commission-president-de-la-cosumaf-et-dg-a-la-beac\"},\"author\":{\"name\":\"cfeditorfr\",\"@id\":\"https:\/\/www.africa-press.net\/cameroun\/#\/schema\/person\/2b1cf3cd81a31e3cd26889ca66d677f1\"},\"headline\":\"Cemac\u00a0: le Cameroun d\u00e9croche les postes de vice-pr\u00e9sident de la Commission, pr\u00e9sident de la Cosumaf et DG \u00e0 la Beac\",\"datePublished\":\"2023-03-20T18:31:11+00:00\",\"dateModified\":\"2023-03-20T19:13:56+00:00\",\"mainEntityOfPage\":{\"@id\":\"https:\/\/www.africa-press.net\/cameroun\/politique\/cemac-le-cameroun-decroche-les-postes-de-vice-president-de-la-commission-president-de-la-cosumaf-et-dg-a-la-beac\"},\"wordCount\":847,\"commentCount\":0,\"image\":{\"@id\":\"https:\/\/www.africa-press.net\/cameroun\/politique\/cemac-le-cameroun-decroche-les-postes-de-vice-president-de-la-commission-president-de-la-cosumaf-et-dg-a-la-beac#primaryimage\"},\"thumbnailUrl\":\"https:\/\/static.africa-press.net\/cameroun\/sites\/57\/2023\/03\/postQueueImg_1679324482.11.jpg\",\"keywords\":[\"Africa Press\",\"Africa Press-Cameroun\",\"Cameroun\"],\"articleSection\":[\"Politique\",\"Toutes les actualit\u00e9s\"],\"inLanguage\":\"fr-FR\",\"potentialAction\":[{\"@type\":\"CommentAction\",\"name\":\"Comment\",\"target\":[\"https:\/\/www.africa-press.net\/cameroun\/politique\/cemac-le-cameroun-decroche-les-postes-de-vice-president-de-la-commission-president-de-la-cosumaf-et-dg-a-la-beac#respond\"]}]},{\"@type\":\"WebPage\",\"@id\":\"https:\/\/www.africa-press.net\/cameroun\/politique\/cemac-le-cameroun-decroche-les-postes-de-vice-president-de-la-commission-president-de-la-cosumaf-et-dg-a-la-beac\",\"url\":\"https:\/\/www.africa-press.net\/cameroun\/politique\/cemac-le-cameroun-decroche-les-postes-de-vice-president-de-la-commission-president-de-la-cosumaf-et-dg-a-la-beac\",\"name\":\"Cemac\u00a0: le Cameroun d\u00e9croche les postes de vice-pr\u00e9sident de la Commission, pr\u00e9sident de la Cosumaf et DG \u00e0 la Beac - Cameroun\",\"isPartOf\":{\"@id\":\"https:\/\/www.africa-press.net\/cameroun\/#website\"},\"primaryImageOfPage\":{\"@id\":\"https:\/\/www.africa-press.net\/cameroun\/politique\/cemac-le-cameroun-decroche-les-postes-de-vice-president-de-la-commission-president-de-la-cosumaf-et-dg-a-la-beac#primaryimage\"},\"image\":{\"@id\":\"https:\/\/www.africa-press.net\/cameroun\/politique\/cemac-le-cameroun-decroche-les-postes-de-vice-president-de-la-commission-president-de-la-cosumaf-et-dg-a-la-beac#primaryimage\"},\"thumbnailUrl\":\"https:\/\/static.africa-press.net\/cameroun\/sites\/57\/2023\/03\/postQueueImg_1679324482.11.jpg\",\"datePublished\":\"2023-03-20T18:31:11+00:00\",\"dateModified\":\"2023-03-20T19:13:56+00:00\",\"author\":{\"@id\":\"https:\/\/www.africa-press.net\/cameroun\/#\/schema\/person\/2b1cf3cd81a31e3cd26889ca66d677f1\"},\"description\":\"Investir au Cameroun) - Comme pre\u0301vu, la 15e Confe\u0301rence des chefs d\u2019Etat de la Cemac (Cameroun, Congo, Gabon, Tchad, RC ...\",\"breadcrumb\":{\"@id\":\"https:\/\/www.africa-press.net\/cameroun\/politique\/cemac-le-cameroun-decroche-les-postes-de-vice-president-de-la-commission-president-de-la-cosumaf-et-dg-a-la-beac#breadcrumb\"},\"inLanguage\":\"fr-FR\",\"potentialAction\":[{\"@type\":\"ReadAction\",\"target\":[\"https:\/\/www.africa-press.net\/cameroun\/politique\/cemac-le-cameroun-decroche-les-postes-de-vice-president-de-la-commission-president-de-la-cosumaf-et-dg-a-la-beac\"]}]},{\"@type\":\"ImageObject\",\"inLanguage\":\"fr-FR\",\"@id\":\"https:\/\/www.africa-press.net\/cameroun\/politique\/cemac-le-cameroun-decroche-les-postes-de-vice-president-de-la-commission-president-de-la-cosumaf-et-dg-a-la-beac#primaryimage\",\"url\":\"https:\/\/static.africa-press.net\/cameroun\/sites\/57\/2023\/03\/postQueueImg_1679324482.11.jpg\",\"contentUrl\":\"https:\/\/static.africa-press.net\/cameroun\/sites\/57\/2023\/03\/postQueueImg_1679324482.11.jpg\",\"width\":720,\"height\":498,\"caption\":\"Cemac\u00a0: le Cameroun d\u00e9croche les postes de vice-pr\u00e9sident de la Commission, pr\u00e9sident de la Cosumaf et DG \u00e0 la Beac\"},{\"@type\":\"BreadcrumbList\",\"@id\":\"https:\/\/www.africa-press.net\/cameroun\/politique\/cemac-le-cameroun-decroche-les-postes-de-vice-president-de-la-commission-president-de-la-cosumaf-et-dg-a-la-beac#breadcrumb\",\"itemListElement\":[{\"@type\":\"ListItem\",\"position\":1,\"name\":\"Accueil\",\"item\":\"https:\/\/www.africa-press.net\/cameroun\/\"},{\"@type\":\"ListItem\",\"position\":2,\"name\":\"Cemac\u00a0: le Cameroun d\u00e9croche les postes de vice-pr\u00e9sident de la Commission, pr\u00e9sident de la Cosumaf et DG \u00e0 la Beac\"}]},{\"@type\":\"WebSite\",\"@id\":\"https:\/\/www.africa-press.net\/cameroun\/#website\",\"url\":\"https:\/\/www.africa-press.net\/cameroun\/\",\"name\":\"Cameroun\",\"description\":\"Just another Africa News Agency Sites site\",\"potentialAction\":[{\"@type\":\"SearchAction\",\"target\":{\"@type\":\"EntryPoint\",\"urlTemplate\":\"https:\/\/www.africa-press.net\/cameroun\/?s={search_term_string}\"},\"query-input\":{\"@type\":\"PropertyValueSpecification\",\"valueRequired\":true,\"valueName\":\"search_term_string\"}}],\"inLanguage\":\"fr-FR\"},{\"@type\":\"Person\",\"@id\":\"https:\/\/www.africa-press.net\/cameroun\/#\/schema\/person\/2b1cf3cd81a31e3cd26889ca66d677f1\",\"name\":\"cfeditorfr\"}]}<\/script>\n<!-- \/ Yoast SEO Premium plugin. -->","yoast_head_json":{"title":"Cemac\u00a0: le Cameroun d\u00e9croche les postes de vice-pr\u00e9sident de la Commission, pr\u00e9sident de la Cosumaf et DG \u00e0 la Beac - Cameroun","description":"Investir au Cameroun) - Comme pre\u0301vu, la 15e Confe\u0301rence des chefs d\u2019Etat de la Cemac (Cameroun, Congo, Gabon, Tchad, RC ...","robots":{"index":"index","follow":"follow","max-snippet":"max-snippet:-1","max-image-preview":"max-image-preview:large","max-video-preview":"max-video-preview:-1"},"canonical":"https:\/\/www.africa-press.net\/cameroun\/politique\/cemac-le-cameroun-decroche-les-postes-de-vice-president-de-la-commission-president-de-la-cosumaf-et-dg-a-la-beac","og_locale":"fr_FR","og_type":"article","og_title":"Cemac\u00a0: le Cameroun d\u00e9croche les postes de vice-pr\u00e9sident de la Commission, pr\u00e9sident de la Cosumaf et DG \u00e0 la Beac","og_description":"Investir au Cameroun) - Comme pre\u0301vu, la 15e Confe\u0301rence des chefs d\u2019Etat de la Cemac (Cameroun, Congo, Gabon, Tchad, RC ...","og_url":"https:\/\/www.africa-press.net\/cameroun\/politique\/cemac-le-cameroun-decroche-les-postes-de-vice-president-de-la-commission-president-de-la-cosumaf-et-dg-a-la-beac","og_site_name":"Cameroun","article_published_time":"2023-03-20T18:31:11+00:00","article_modified_time":"2023-03-20T19:13:56+00:00","og_image":[{"width":720,"height":498,"url":"https:\/\/static.africa-press.net\/cameroun\/sites\/57\/2023\/03\/postQueueImg_1679324482.11.jpg","type":"image\/jpeg"}],"author":"cfeditorfr","twitter_card":"summary_large_image","twitter_misc":{"\u00c9crit par":"cfeditorfr","Dur\u00e9e de lecture estim\u00e9e":"4 minutes"},"schema":{"@context":"https:\/\/schema.org","@graph":[{"@type":"Article","@id":"https:\/\/www.africa-press.net\/cameroun\/politique\/cemac-le-cameroun-decroche-les-postes-de-vice-president-de-la-commission-president-de-la-cosumaf-et-dg-a-la-beac#article","isPartOf":{"@id":"https:\/\/www.africa-press.net\/cameroun\/politique\/cemac-le-cameroun-decroche-les-postes-de-vice-president-de-la-commission-president-de-la-cosumaf-et-dg-a-la-beac"},"author":{"name":"cfeditorfr","@id":"https:\/\/www.africa-press.net\/cameroun\/#\/schema\/person\/2b1cf3cd81a31e3cd26889ca66d677f1"},"headline":"Cemac\u00a0: le Cameroun d\u00e9croche les postes de vice-pr\u00e9sident de la Commission, pr\u00e9sident de la Cosumaf et DG \u00e0 la Beac","datePublished":"2023-03-20T18:31:11+00:00","dateModified":"2023-03-20T19:13:56+00:00","mainEntityOfPage":{"@id":"https:\/\/www.africa-press.net\/cameroun\/politique\/cemac-le-cameroun-decroche-les-postes-de-vice-president-de-la-commission-president-de-la-cosumaf-et-dg-a-la-beac"},"wordCount":847,"commentCount":0,"image":{"@id":"https:\/\/www.africa-press.net\/cameroun\/politique\/cemac-le-cameroun-decroche-les-postes-de-vice-president-de-la-commission-president-de-la-cosumaf-et-dg-a-la-beac#primaryimage"},"thumbnailUrl":"https:\/\/static.africa-press.net\/cameroun\/sites\/57\/2023\/03\/postQueueImg_1679324482.11.jpg","keywords":["Africa Press","Africa Press-Cameroun","Cameroun"],"articleSection":["Politique","Toutes les actualit\u00e9s"],"inLanguage":"fr-FR","potentialAction":[{"@type":"CommentAction","name":"Comment","target":["https:\/\/www.africa-press.net\/cameroun\/politique\/cemac-le-cameroun-decroche-les-postes-de-vice-president-de-la-commission-president-de-la-cosumaf-et-dg-a-la-beac#respond"]}]},{"@type":"WebPage","@id":"https:\/\/www.africa-press.net\/cameroun\/politique\/cemac-le-cameroun-decroche-les-postes-de-vice-president-de-la-commission-president-de-la-cosumaf-et-dg-a-la-beac","url":"https:\/\/www.africa-press.net\/cameroun\/politique\/cemac-le-cameroun-decroche-les-postes-de-vice-president-de-la-commission-president-de-la-cosumaf-et-dg-a-la-beac","name":"Cemac\u00a0: le Cameroun d\u00e9croche les postes de vice-pr\u00e9sident de la Commission, pr\u00e9sident de la Cosumaf et DG \u00e0 la Beac - Cameroun","isPartOf":{"@id":"https:\/\/www.africa-press.net\/cameroun\/#website"},"primaryImageOfPage":{"@id":"https:\/\/www.africa-press.net\/cameroun\/politique\/cemac-le-cameroun-decroche-les-postes-de-vice-president-de-la-commission-president-de-la-cosumaf-et-dg-a-la-beac#primaryimage"},"image":{"@id":"https:\/\/www.africa-press.net\/cameroun\/politique\/cemac-le-cameroun-decroche-les-postes-de-vice-president-de-la-commission-president-de-la-cosumaf-et-dg-a-la-beac#primaryimage"},"thumbnailUrl":"https:\/\/static.africa-press.net\/cameroun\/sites\/57\/2023\/03\/postQueueImg_1679324482.11.jpg","datePublished":"2023-03-20T18:31:11+00:00","dateModified":"2023-03-20T19:13:56+00:00","author":{"@id":"https:\/\/www.africa-press.net\/cameroun\/#\/schema\/person\/2b1cf3cd81a31e3cd26889ca66d677f1"},"description":"Investir au Cameroun) - Comme pre\u0301vu, la 15e Confe\u0301rence des chefs d\u2019Etat de la Cemac (Cameroun, Congo, Gabon, Tchad, RC ...","breadcrumb":{"@id":"https:\/\/www.africa-press.net\/cameroun\/politique\/cemac-le-cameroun-decroche-les-postes-de-vice-president-de-la-commission-president-de-la-cosumaf-et-dg-a-la-beac#breadcrumb"},"inLanguage":"fr-FR","potentialAction":[{"@type":"ReadAction","target":["https:\/\/www.africa-press.net\/cameroun\/politique\/cemac-le-cameroun-decroche-les-postes-de-vice-president-de-la-commission-president-de-la-cosumaf-et-dg-a-la-beac"]}]},{"@type":"ImageObject","inLanguage":"fr-FR","@id":"https:\/\/www.africa-press.net\/cameroun\/politique\/cemac-le-cameroun-decroche-les-postes-de-vice-president-de-la-commission-president-de-la-cosumaf-et-dg-a-la-beac#primaryimage","url":"https:\/\/static.africa-press.net\/cameroun\/sites\/57\/2023\/03\/postQueueImg_1679324482.11.jpg","contentUrl":"https:\/\/static.africa-press.net\/cameroun\/sites\/57\/2023\/03\/postQueueImg_1679324482.11.jpg","width":720,"height":498,"caption":"Cemac\u00a0: le Cameroun d\u00e9croche les postes de vice-pr\u00e9sident de la Commission, pr\u00e9sident de la Cosumaf et DG \u00e0 la Beac"},{"@type":"BreadcrumbList","@id":"https:\/\/www.africa-press.net\/cameroun\/politique\/cemac-le-cameroun-decroche-les-postes-de-vice-president-de-la-commission-president-de-la-cosumaf-et-dg-a-la-beac#breadcrumb","itemListElement":[{"@type":"ListItem","position":1,"name":"Accueil","item":"https:\/\/www.africa-press.net\/cameroun\/"},{"@type":"ListItem","position":2,"name":"Cemac\u00a0: le Cameroun d\u00e9croche les postes de vice-pr\u00e9sident de la Commission, pr\u00e9sident de la Cosumaf et DG \u00e0 la Beac"}]},{"@type":"WebSite","@id":"https:\/\/www.africa-press.net\/cameroun\/#website","url":"https:\/\/www.africa-press.net\/cameroun\/","name":"Cameroun","description":"Just another Africa News Agency Sites site","potentialAction":[{"@type":"SearchAction","target":{"@type":"EntryPoint","urlTemplate":"https:\/\/www.africa-press.net\/cameroun\/?s={search_term_string}"},"query-input":{"@type":"PropertyValueSpecification","valueRequired":true,"valueName":"search_term_string"}}],"inLanguage":"fr-FR"},{"@type":"Person","@id":"https:\/\/www.africa-press.net\/cameroun\/#\/schema\/person\/2b1cf3cd81a31e3cd26889ca66d677f1","name":"cfeditorfr"}]}},"_links":{"self":[{"href":"https:\/\/www.africa-press.net\/cameroun\/wp-json\/wp\/v2\/posts\/39898","targetHints":{"allow":["GET"]}}],"collection":[{"href":"https:\/\/www.africa-press.net\/cameroun\/wp-json\/wp\/v2\/posts"}],"about":[{"href":"https:\/\/www.africa-press.net\/cameroun\/wp-json\/wp\/v2\/types\/post"}],"author":[{"embeddable":true,"href":"https:\/\/www.africa-press.net\/cameroun\/wp-json\/wp\/v2\/users\/82"}],"replies":[{"embeddable":true,"href":"https:\/\/www.africa-press.net\/cameroun\/wp-json\/wp\/v2\/comments?post=39898"}],"version-history":[{"count":0,"href":"https:\/\/www.africa-press.net\/cameroun\/wp-json\/wp\/v2\/posts\/39898\/revisions"}],"wp:featuredmedia":[{"embeddable":true,"href":"https:\/\/www.africa-press.net\/cameroun\/wp-json\/wp\/v2\/media\/39896"}],"wp:attachment":[{"href":"https:\/\/www.africa-press.net\/cameroun\/wp-json\/wp\/v2\/media?parent=39898"}],"wp:term":[{"taxonomy":"category","embeddable":true,"href":"https:\/\/www.africa-press.net\/cameroun\/wp-json\/wp\/v2\/categories?post=39898"},{"taxonomy":"post_tag","embeddable":true,"href":"https:\/\/www.africa-press.net\/cameroun\/wp-json\/wp\/v2\/tags?post=39898"}],"curies":[{"name":"wp","href":"https:\/\/api.w.org\/{rel}","templated":true}]}}