{"id":39921,"date":"2023-03-21T18:19:47","date_gmt":"2023-03-21T18:19:47","guid":{"rendered":"https:\/\/www.africa-press.net\/cameroun\/politique\/drame-a-douala-les-employes-de-lentreprise-acero-metal-sarl-calcines-par-une-violente-explosion"},"modified":"2023-03-21T18:54:53","modified_gmt":"2023-03-21T18:54:53","slug":"drame-a-douala-les-employes-de-lentreprise-acero-metal-sarl-calcines-par-une-violente-explosion","status":"publish","type":"post","link":"https:\/\/www.africa-press.net\/cameroun\/toutes-les-actualites\/drame-a-douala-les-employes-de-lentreprise-acero-metal-sarl-calcines-par-une-violente-explosion","title":{"rendered":"Drame \u00e0 Douala:  les employ\u00e9s de l&rsquo;entreprise Acero M\u00e9tal Sarl calcin\u00e9s par une violente explosion"},"content":{"rendered":"<p><span style=\"color: #ff6600\"><strong>Africa-Press &#8211; Cameroun. <\/strong><\/span>La chaudie\u0300re de l&rsquo;entreprise me\u0301tallurgique Acero Me\u0301tal Sarl a explose\u0301 hier lundi 20 mars a\u0300 Bonaberi(douala), causant des blesse\u0301s graves et des morts.<\/p>\n<p>Selon les informations officielles, l&rsquo;explosion de la chaudie\u0300re a cause\u0301 un incendie qui a brule\u0301 17 personnes. L&rsquo;on note des blesse\u0301s graves.<\/p>\n<p>\u00ab\u00a017 Employe\u0301s de l&rsquo;entreprise me\u0301tallurgique Acero Me\u0301tal Sarl situe\u0301e au quartier Bonassama a\u0300 Bonaberi ont e\u0301te\u0301 grie\u0300vement blesse\u0301s suite a\u0300 l&rsquo;explosion de la chaudie\u0300re cet apre\u0300s midi aux environs de 14h. Informe\u0301es, les autorite\u0301s administratives conduites par le gouverneur du Littoral Samuel Dieudonne\u0301 Ivaha Diboua sont actuellement sur les lieux pour e\u0301valuer les de\u0301ga\u0302ts humains et mate\u0301riels\u00a0\u00bb, e\u0301crit une source officielle.<\/p>\n<p>\u00ab\u00a0Les blesse\u0301s ont e\u0301te\u0301 conduits a\u0300 l&rsquo;ho\u0302pital de district de Bonassama. 10 blesse\u0301s graves ont ensuite e\u0301te\u0301 e\u0301vacue\u0301s a\u0300 l&rsquo;ho\u0302pital ge\u0301ne\u0301ral de Douala. Le gouverneur et son e\u0301tat major sont sur le site de l&rsquo;entreprise pour toucher du doigt l&rsquo;ampleur des de\u0301ga\u0302ts\u00a0\u00bb, ajoute cette dernie\u0300re.<\/p>\n<p>Mais d&rsquo;apre\u0300s d&rsquo;autres sources, les de\u0301ga\u0302ts de l&rsquo;explosion ont e\u0301te\u0301 plus grave. Une cre\u0301atrice de contenu tre\u0300s connue parle de morts dont certains ont de\u0301ja\u0300 e\u0301te\u0301 de\u0301pose\u0301s a\u0300 la morgue de l&rsquo;ho\u0302pital de Douala.<\/p>\n<p>\u00ab\u00a0Il y a une entreprise qui fabrique le fer a\u0300 la zone industrielle a\u0300 Bonaberi. Une citerne s\u2019est verse\u0301e sur les employe\u0301s tous actuellement calcine\u0301s et une partie a\u0300 la morgue (signalez a\u0300 vos proches) n\u2019attendez pas seulement 00h\u00a0\u00bb, e\u0301crit cette dernie\u0300re.<\/p>\n<p><strong>Pour plus d&rsquo;informations et d&rsquo;analyses sur la <a href=\"https:\/\/www.africa-press.net\/cameroun\">Cameroun<\/a>, suivez <a href=\"https:\/\/www.africa-press.net\/\">Africa-Press<\/a><\/strong><\/p>\n","protected":false},"excerpt":{"rendered":"<p>Africa-Press &#8211; Cameroun. La chaudie\u0300re de l&rsquo;entreprise me\u0301tallurgique Acero Me\u0301tal Sarl a explose\u0301 hier lundi 20 mars a\u0300 Bonaberi(douala), causant des blesse\u0301s graves et des morts. Selon les informations officielles, l&rsquo;explosion de la chaudie\u0300re a cause\u0301 un incendie qui a brule\u0301 17 personnes. L&rsquo;on note des blesse\u0301s graves. \u00ab\u00a017 Employe\u0301s de l&rsquo;entreprise me\u0301tallurgique Acero Me\u0301tal [&hellip;]<\/p>\n","protected":false},"author":82,"featured_media":39920,"comment_status":"open","ping_status":"closed","sticky":false,"template":"","format":"standard","meta":{"footnotes":""},"categories":[21,10],"tags":[36,50,49],"class_list":["post-39921","post","type-post","status-publish","format-standard","has-post-thumbnail","hentry","category-communaute","category-toutes-les-actualites","tag-africa-press","tag-africa-press-cameroun","tag-cameroun"],"yoast_head":"<!-- This site is optimized with the Yoast SEO Premium plugin v26.1 (Yoast SEO v27.0) - https:\/\/yoast.com\/product\/yoast-seo-premium-wordpress\/ -->\n<title>Drame \u00e0 Douala: les employ\u00e9s de l&#039;entreprise Acero M\u00e9tal Sarl calcin\u00e9s par une violente explosion - Cameroun<\/title>\n<meta name=\"description\" content=\"La chaudie\u0300re de l&#039;entreprise me\u0301tallurgique Acero Me\u0301tal Sarl a explose\u0301 hier lundi 20 mars a\u0300 Bonaberi(douala), causan ...\" \/>\n<meta name=\"robots\" content=\"index, follow, max-snippet:-1, max-image-preview:large, max-video-preview:-1\" \/>\n<link rel=\"canonical\" href=\"https:\/\/www.africa-press.net\/cameroun\/toutes-les-actualites\/drame-a-douala-les-employes-de-lentreprise-acero-metal-sarl-calcines-par-une-violente-explosion\" \/>\n<meta property=\"og:locale\" content=\"fr_FR\" \/>\n<meta property=\"og:type\" content=\"article\" \/>\n<meta property=\"og:title\" content=\"Drame \u00e0 Douala: les employ\u00e9s de l&#039;entreprise Acero M\u00e9tal Sarl calcin\u00e9s par une violente explosion\" \/>\n<meta property=\"og:description\" content=\"La chaudie\u0300re de l&#039;entreprise me\u0301tallurgique Acero Me\u0301tal Sarl a explose\u0301 hier lundi 20 mars a\u0300 Bonaberi(douala), causan ...\" \/>\n<meta property=\"og:url\" content=\"https:\/\/www.africa-press.net\/cameroun\/toutes-les-actualites\/drame-a-douala-les-employes-de-lentreprise-acero-metal-sarl-calcines-par-une-violente-explosion\" \/>\n<meta property=\"og:site_name\" content=\"Cameroun\" \/>\n<meta property=\"article:published_time\" content=\"2023-03-21T18:19:47+00:00\" \/>\n<meta property=\"article:modified_time\" content=\"2023-03-21T18:54:53+00:00\" \/>\n<meta property=\"og:image\" content=\"https:\/\/static.africa-press.net\/cameroun\/sites\/57\/2023\/03\/postQueueImg_1679410189.84.jpg\" \/>\n\t<meta property=\"og:image:width\" content=\"720\" \/>\n\t<meta property=\"og:image:height\" content=\"360\" \/>\n\t<meta property=\"og:image:type\" content=\"image\/jpeg\" \/>\n<meta name=\"author\" content=\"cfeditorfr\" \/>\n<meta name=\"twitter:card\" content=\"summary_large_image\" \/>\n<meta name=\"twitter:label1\" content=\"\u00c9crit par\" \/>\n\t<meta name=\"twitter:data1\" content=\"cfeditorfr\" \/>\n\t<meta name=\"twitter:label2\" content=\"Dur\u00e9e de lecture estim\u00e9e\" \/>\n\t<meta name=\"twitter:data2\" content=\"1 minute\" \/>\n<script type=\"application\/ld+json\" class=\"yoast-schema-graph\">{\"@context\":\"https:\/\/schema.org\",\"@graph\":[{\"@type\":\"Article\",\"@id\":\"https:\/\/www.africa-press.net\/cameroun\/toutes-les-actualites\/drame-a-douala-les-employes-de-lentreprise-acero-metal-sarl-calcines-par-une-violente-explosion#article\",\"isPartOf\":{\"@id\":\"https:\/\/www.africa-press.net\/cameroun\/toutes-les-actualites\/drame-a-douala-les-employes-de-lentreprise-acero-metal-sarl-calcines-par-une-violente-explosion\"},\"author\":{\"name\":\"cfeditorfr\",\"@id\":\"https:\/\/www.africa-press.net\/cameroun\/#\/schema\/person\/2b1cf3cd81a31e3cd26889ca66d677f1\"},\"headline\":\"Drame \u00e0 Douala: les employ\u00e9s de l&rsquo;entreprise Acero M\u00e9tal Sarl calcin\u00e9s par une violente explosion\",\"datePublished\":\"2023-03-21T18:19:47+00:00\",\"dateModified\":\"2023-03-21T18:54:53+00:00\",\"mainEntityOfPage\":{\"@id\":\"https:\/\/www.africa-press.net\/cameroun\/toutes-les-actualites\/drame-a-douala-les-employes-de-lentreprise-acero-metal-sarl-calcines-par-une-violente-explosion\"},\"wordCount\":324,\"commentCount\":0,\"image\":{\"@id\":\"https:\/\/www.africa-press.net\/cameroun\/toutes-les-actualites\/drame-a-douala-les-employes-de-lentreprise-acero-metal-sarl-calcines-par-une-violente-explosion#primaryimage\"},\"thumbnailUrl\":\"https:\/\/static.africa-press.net\/cameroun\/sites\/57\/2023\/03\/postQueueImg_1679410189.84.jpg\",\"keywords\":[\"Africa Press\",\"Africa Press-Cameroun\",\"Cameroun\"],\"articleSection\":[\"Communaut\u00e9\",\"Toutes les actualit\u00e9s\"],\"inLanguage\":\"fr-FR\",\"potentialAction\":[{\"@type\":\"CommentAction\",\"name\":\"Comment\",\"target\":[\"https:\/\/www.africa-press.net\/cameroun\/toutes-les-actualites\/drame-a-douala-les-employes-de-lentreprise-acero-metal-sarl-calcines-par-une-violente-explosion#respond\"]}]},{\"@type\":\"WebPage\",\"@id\":\"https:\/\/www.africa-press.net\/cameroun\/toutes-les-actualites\/drame-a-douala-les-employes-de-lentreprise-acero-metal-sarl-calcines-par-une-violente-explosion\",\"url\":\"https:\/\/www.africa-press.net\/cameroun\/toutes-les-actualites\/drame-a-douala-les-employes-de-lentreprise-acero-metal-sarl-calcines-par-une-violente-explosion\",\"name\":\"Drame \u00e0 Douala: les employ\u00e9s de l'entreprise Acero M\u00e9tal Sarl calcin\u00e9s par une violente explosion - Cameroun\",\"isPartOf\":{\"@id\":\"https:\/\/www.africa-press.net\/cameroun\/#website\"},\"primaryImageOfPage\":{\"@id\":\"https:\/\/www.africa-press.net\/cameroun\/toutes-les-actualites\/drame-a-douala-les-employes-de-lentreprise-acero-metal-sarl-calcines-par-une-violente-explosion#primaryimage\"},\"image\":{\"@id\":\"https:\/\/www.africa-press.net\/cameroun\/toutes-les-actualites\/drame-a-douala-les-employes-de-lentreprise-acero-metal-sarl-calcines-par-une-violente-explosion#primaryimage\"},\"thumbnailUrl\":\"https:\/\/static.africa-press.net\/cameroun\/sites\/57\/2023\/03\/postQueueImg_1679410189.84.jpg\",\"datePublished\":\"2023-03-21T18:19:47+00:00\",\"dateModified\":\"2023-03-21T18:54:53+00:00\",\"author\":{\"@id\":\"https:\/\/www.africa-press.net\/cameroun\/#\/schema\/person\/2b1cf3cd81a31e3cd26889ca66d677f1\"},\"description\":\"La chaudie\u0300re de l'entreprise me\u0301tallurgique Acero Me\u0301tal Sarl a explose\u0301 hier lundi 20 mars a\u0300 Bonaberi(douala), causan ...\",\"breadcrumb\":{\"@id\":\"https:\/\/www.africa-press.net\/cameroun\/toutes-les-actualites\/drame-a-douala-les-employes-de-lentreprise-acero-metal-sarl-calcines-par-une-violente-explosion#breadcrumb\"},\"inLanguage\":\"fr-FR\",\"potentialAction\":[{\"@type\":\"ReadAction\",\"target\":[\"https:\/\/www.africa-press.net\/cameroun\/toutes-les-actualites\/drame-a-douala-les-employes-de-lentreprise-acero-metal-sarl-calcines-par-une-violente-explosion\"]}]},{\"@type\":\"ImageObject\",\"inLanguage\":\"fr-FR\",\"@id\":\"https:\/\/www.africa-press.net\/cameroun\/toutes-les-actualites\/drame-a-douala-les-employes-de-lentreprise-acero-metal-sarl-calcines-par-une-violente-explosion#primaryimage\",\"url\":\"https:\/\/static.africa-press.net\/cameroun\/sites\/57\/2023\/03\/postQueueImg_1679410189.84.jpg\",\"contentUrl\":\"https:\/\/static.africa-press.net\/cameroun\/sites\/57\/2023\/03\/postQueueImg_1679410189.84.jpg\",\"width\":720,\"height\":360,\"caption\":\"Drame \u00e0 Douala: les employ\u00e9s de l'entreprise Acero M\u00e9tal Sarl calcin\u00e9s par une violente explosion\"},{\"@type\":\"BreadcrumbList\",\"@id\":\"https:\/\/www.africa-press.net\/cameroun\/toutes-les-actualites\/drame-a-douala-les-employes-de-lentreprise-acero-metal-sarl-calcines-par-une-violente-explosion#breadcrumb\",\"itemListElement\":[{\"@type\":\"ListItem\",\"position\":1,\"name\":\"Accueil\",\"item\":\"https:\/\/www.africa-press.net\/cameroun\/\"},{\"@type\":\"ListItem\",\"position\":2,\"name\":\"Drame \u00e0 Douala: les employ\u00e9s de l&rsquo;entreprise Acero M\u00e9tal Sarl calcin\u00e9s par une violente explosion\"}]},{\"@type\":\"WebSite\",\"@id\":\"https:\/\/www.africa-press.net\/cameroun\/#website\",\"url\":\"https:\/\/www.africa-press.net\/cameroun\/\",\"name\":\"Cameroun\",\"description\":\"Just another Africa News Agency Sites site\",\"potentialAction\":[{\"@type\":\"SearchAction\",\"target\":{\"@type\":\"EntryPoint\",\"urlTemplate\":\"https:\/\/www.africa-press.net\/cameroun\/?s={search_term_string}\"},\"query-input\":{\"@type\":\"PropertyValueSpecification\",\"valueRequired\":true,\"valueName\":\"search_term_string\"}}],\"inLanguage\":\"fr-FR\"},{\"@type\":\"Person\",\"@id\":\"https:\/\/www.africa-press.net\/cameroun\/#\/schema\/person\/2b1cf3cd81a31e3cd26889ca66d677f1\",\"name\":\"cfeditorfr\"}]}<\/script>\n<!-- \/ Yoast SEO Premium plugin. -->","yoast_head_json":{"title":"Drame \u00e0 Douala: les employ\u00e9s de l'entreprise Acero M\u00e9tal Sarl calcin\u00e9s par une violente explosion - Cameroun","description":"La chaudie\u0300re de l'entreprise me\u0301tallurgique Acero Me\u0301tal Sarl a explose\u0301 hier lundi 20 mars a\u0300 Bonaberi(douala), causan ...","robots":{"index":"index","follow":"follow","max-snippet":"max-snippet:-1","max-image-preview":"max-image-preview:large","max-video-preview":"max-video-preview:-1"},"canonical":"https:\/\/www.africa-press.net\/cameroun\/toutes-les-actualites\/drame-a-douala-les-employes-de-lentreprise-acero-metal-sarl-calcines-par-une-violente-explosion","og_locale":"fr_FR","og_type":"article","og_title":"Drame \u00e0 Douala: les employ\u00e9s de l'entreprise Acero M\u00e9tal Sarl calcin\u00e9s par une violente explosion","og_description":"La chaudie\u0300re de l'entreprise me\u0301tallurgique Acero Me\u0301tal Sarl a explose\u0301 hier lundi 20 mars a\u0300 Bonaberi(douala), causan ...","og_url":"https:\/\/www.africa-press.net\/cameroun\/toutes-les-actualites\/drame-a-douala-les-employes-de-lentreprise-acero-metal-sarl-calcines-par-une-violente-explosion","og_site_name":"Cameroun","article_published_time":"2023-03-21T18:19:47+00:00","article_modified_time":"2023-03-21T18:54:53+00:00","og_image":[{"width":720,"height":360,"url":"https:\/\/static.africa-press.net\/cameroun\/sites\/57\/2023\/03\/postQueueImg_1679410189.84.jpg","type":"image\/jpeg"}],"author":"cfeditorfr","twitter_card":"summary_large_image","twitter_misc":{"\u00c9crit par":"cfeditorfr","Dur\u00e9e de lecture estim\u00e9e":"1 minute"},"schema":{"@context":"https:\/\/schema.org","@graph":[{"@type":"Article","@id":"https:\/\/www.africa-press.net\/cameroun\/toutes-les-actualites\/drame-a-douala-les-employes-de-lentreprise-acero-metal-sarl-calcines-par-une-violente-explosion#article","isPartOf":{"@id":"https:\/\/www.africa-press.net\/cameroun\/toutes-les-actualites\/drame-a-douala-les-employes-de-lentreprise-acero-metal-sarl-calcines-par-une-violente-explosion"},"author":{"name":"cfeditorfr","@id":"https:\/\/www.africa-press.net\/cameroun\/#\/schema\/person\/2b1cf3cd81a31e3cd26889ca66d677f1"},"headline":"Drame \u00e0 Douala: les employ\u00e9s de l&rsquo;entreprise Acero M\u00e9tal Sarl calcin\u00e9s par une violente explosion","datePublished":"2023-03-21T18:19:47+00:00","dateModified":"2023-03-21T18:54:53+00:00","mainEntityOfPage":{"@id":"https:\/\/www.africa-press.net\/cameroun\/toutes-les-actualites\/drame-a-douala-les-employes-de-lentreprise-acero-metal-sarl-calcines-par-une-violente-explosion"},"wordCount":324,"commentCount":0,"image":{"@id":"https:\/\/www.africa-press.net\/cameroun\/toutes-les-actualites\/drame-a-douala-les-employes-de-lentreprise-acero-metal-sarl-calcines-par-une-violente-explosion#primaryimage"},"thumbnailUrl":"https:\/\/static.africa-press.net\/cameroun\/sites\/57\/2023\/03\/postQueueImg_1679410189.84.jpg","keywords":["Africa Press","Africa Press-Cameroun","Cameroun"],"articleSection":["Communaut\u00e9","Toutes les actualit\u00e9s"],"inLanguage":"fr-FR","potentialAction":[{"@type":"CommentAction","name":"Comment","target":["https:\/\/www.africa-press.net\/cameroun\/toutes-les-actualites\/drame-a-douala-les-employes-de-lentreprise-acero-metal-sarl-calcines-par-une-violente-explosion#respond"]}]},{"@type":"WebPage","@id":"https:\/\/www.africa-press.net\/cameroun\/toutes-les-actualites\/drame-a-douala-les-employes-de-lentreprise-acero-metal-sarl-calcines-par-une-violente-explosion","url":"https:\/\/www.africa-press.net\/cameroun\/toutes-les-actualites\/drame-a-douala-les-employes-de-lentreprise-acero-metal-sarl-calcines-par-une-violente-explosion","name":"Drame \u00e0 Douala: les employ\u00e9s de l'entreprise Acero M\u00e9tal Sarl calcin\u00e9s par une violente explosion - Cameroun","isPartOf":{"@id":"https:\/\/www.africa-press.net\/cameroun\/#website"},"primaryImageOfPage":{"@id":"https:\/\/www.africa-press.net\/cameroun\/toutes-les-actualites\/drame-a-douala-les-employes-de-lentreprise-acero-metal-sarl-calcines-par-une-violente-explosion#primaryimage"},"image":{"@id":"https:\/\/www.africa-press.net\/cameroun\/toutes-les-actualites\/drame-a-douala-les-employes-de-lentreprise-acero-metal-sarl-calcines-par-une-violente-explosion#primaryimage"},"thumbnailUrl":"https:\/\/static.africa-press.net\/cameroun\/sites\/57\/2023\/03\/postQueueImg_1679410189.84.jpg","datePublished":"2023-03-21T18:19:47+00:00","dateModified":"2023-03-21T18:54:53+00:00","author":{"@id":"https:\/\/www.africa-press.net\/cameroun\/#\/schema\/person\/2b1cf3cd81a31e3cd26889ca66d677f1"},"description":"La chaudie\u0300re de l'entreprise me\u0301tallurgique Acero Me\u0301tal Sarl a explose\u0301 hier lundi 20 mars a\u0300 Bonaberi(douala), causan ...","breadcrumb":{"@id":"https:\/\/www.africa-press.net\/cameroun\/toutes-les-actualites\/drame-a-douala-les-employes-de-lentreprise-acero-metal-sarl-calcines-par-une-violente-explosion#breadcrumb"},"inLanguage":"fr-FR","potentialAction":[{"@type":"ReadAction","target":["https:\/\/www.africa-press.net\/cameroun\/toutes-les-actualites\/drame-a-douala-les-employes-de-lentreprise-acero-metal-sarl-calcines-par-une-violente-explosion"]}]},{"@type":"ImageObject","inLanguage":"fr-FR","@id":"https:\/\/www.africa-press.net\/cameroun\/toutes-les-actualites\/drame-a-douala-les-employes-de-lentreprise-acero-metal-sarl-calcines-par-une-violente-explosion#primaryimage","url":"https:\/\/static.africa-press.net\/cameroun\/sites\/57\/2023\/03\/postQueueImg_1679410189.84.jpg","contentUrl":"https:\/\/static.africa-press.net\/cameroun\/sites\/57\/2023\/03\/postQueueImg_1679410189.84.jpg","width":720,"height":360,"caption":"Drame \u00e0 Douala: les employ\u00e9s de l'entreprise Acero M\u00e9tal Sarl calcin\u00e9s par une violente explosion"},{"@type":"BreadcrumbList","@id":"https:\/\/www.africa-press.net\/cameroun\/toutes-les-actualites\/drame-a-douala-les-employes-de-lentreprise-acero-metal-sarl-calcines-par-une-violente-explosion#breadcrumb","itemListElement":[{"@type":"ListItem","position":1,"name":"Accueil","item":"https:\/\/www.africa-press.net\/cameroun\/"},{"@type":"ListItem","position":2,"name":"Drame \u00e0 Douala: les employ\u00e9s de l&rsquo;entreprise Acero M\u00e9tal Sarl calcin\u00e9s par une violente explosion"}]},{"@type":"WebSite","@id":"https:\/\/www.africa-press.net\/cameroun\/#website","url":"https:\/\/www.africa-press.net\/cameroun\/","name":"Cameroun","description":"Just another Africa News Agency Sites site","potentialAction":[{"@type":"SearchAction","target":{"@type":"EntryPoint","urlTemplate":"https:\/\/www.africa-press.net\/cameroun\/?s={search_term_string}"},"query-input":{"@type":"PropertyValueSpecification","valueRequired":true,"valueName":"search_term_string"}}],"inLanguage":"fr-FR"},{"@type":"Person","@id":"https:\/\/www.africa-press.net\/cameroun\/#\/schema\/person\/2b1cf3cd81a31e3cd26889ca66d677f1","name":"cfeditorfr"}]}},"_links":{"self":[{"href":"https:\/\/www.africa-press.net\/cameroun\/wp-json\/wp\/v2\/posts\/39921","targetHints":{"allow":["GET"]}}],"collection":[{"href":"https:\/\/www.africa-press.net\/cameroun\/wp-json\/wp\/v2\/posts"}],"about":[{"href":"https:\/\/www.africa-press.net\/cameroun\/wp-json\/wp\/v2\/types\/post"}],"author":[{"embeddable":true,"href":"https:\/\/www.africa-press.net\/cameroun\/wp-json\/wp\/v2\/users\/82"}],"replies":[{"embeddable":true,"href":"https:\/\/www.africa-press.net\/cameroun\/wp-json\/wp\/v2\/comments?post=39921"}],"version-history":[{"count":0,"href":"https:\/\/www.africa-press.net\/cameroun\/wp-json\/wp\/v2\/posts\/39921\/revisions"}],"wp:featuredmedia":[{"embeddable":true,"href":"https:\/\/www.africa-press.net\/cameroun\/wp-json\/wp\/v2\/media\/39920"}],"wp:attachment":[{"href":"https:\/\/www.africa-press.net\/cameroun\/wp-json\/wp\/v2\/media?parent=39921"}],"wp:term":[{"taxonomy":"category","embeddable":true,"href":"https:\/\/www.africa-press.net\/cameroun\/wp-json\/wp\/v2\/categories?post=39921"},{"taxonomy":"post_tag","embeddable":true,"href":"https:\/\/www.africa-press.net\/cameroun\/wp-json\/wp\/v2\/tags?post=39921"}],"curies":[{"name":"wp","href":"https:\/\/api.w.org\/{rel}","templated":true}]}}