{"id":39933,"date":"2023-03-21T18:20:27","date_gmt":"2023-03-21T18:20:27","guid":{"rendered":"https:\/\/www.africa-press.net\/cameroun\/politique\/tribunal-militaire-les-enfants-de-martinez-reclament-le-corps-de-leur-pere-au-juge-dinstruction"},"modified":"2023-03-21T18:56:15","modified_gmt":"2023-03-21T18:56:15","slug":"tribunal-militaire-les-enfants-de-martinez-reclament-le-corps-de-leur-pere-au-juge-dinstruction","status":"publish","type":"post","link":"https:\/\/www.africa-press.net\/cameroun\/toutes-les-actualites\/tribunal-militaire-les-enfants-de-martinez-reclament-le-corps-de-leur-pere-au-juge-dinstruction","title":{"rendered":"Tribunal militaire: les enfants de Martinez r\u00e9clament le corps de leur p\u00e8re au juge d&rsquo;instruction"},"content":{"rendered":"<p><span style=\"color: #ff6600\"><strong>Africa-Press &#8211; Cameroun. <\/strong><\/span>Lass d&rsquo;attendre les re\u0301sultats des enque\u0302tes ouvertes pour e\u0301lucider le meurtre de leur pe\u0300re, les enfants de Martinez Zogo demandent au juge d&rsquo;instruction du Tribunal Militaire de leur remettre le corps de leur pe\u0300re.<\/p>\n<p>Dans une lettre, les avocats des ayants droit de Martinez Zogo ont demande\u0301 au juge la leve\u0301e du scelle\u0301 judiciaire sur le corps de Martinez Zogo, afin que ce dernier soit enfin inhume\u0301.<\/p>\n<p>\u00ab\u00a0Les ayant droit sollicitent pour des raisons d&rsquo;ordre familiales, la leve\u0301e du scelle\u0301 pour leur permettre d&rsquo;entreprendre sereinement les obse\u0300ques de leur pe\u0300re\u00a0\u00bb, lit-on dans la reque\u0302te de Me Manyim au Juge d&rsquo;instruction du Tribunal militaire.<\/p>\n<p>Cette de\u0301marche pose un proble\u0300me, selon le journaliste Boris Bertolt qui l&rsquo;exprime clairement dans une publication sur sa page Facebook.<\/p>\n<p>\u00ab\u00a0Le proble\u0300me c\u2019est que Diane Zogo, celle qui e\u0301tait jusque la\u0300 connue comme la compagne de Martinez Zogo, qui a me\u0302me e\u0301te\u0301 auditionne\u0301 par la commission mixte n\u2019est pas favorable a\u0300 cette de\u0301marche. Le 17 mars 2023, Me Manyim signait un communique\u0301 Lequel on peut lire: \u00ab Une certaine Diane Zogo qui se pre\u0301sente comme veuve du de\u0301funt et me\u0300re de ses enfants alors qu\u2019elle ne l\u2019a jamais e\u0301te\u0301 ni pour l\u2019un pour l\u2019autre\u00bb\u00a0\u00bb, e\u0301crit-il.<\/p>\n<p>Il y a quelques jours, une partie de la famille du journaliste retrouve\u0301 assassine\u0301 le 22 janvier dernier voudrait absolument proce\u0301der a\u0300 son inhumation malgre\u0301 l\u2019opposition de ses ayants droits. Selon le programme des obse\u0300ques dont la s\u0153ur consanguine de Martinez Zogo serait l\u2019instigatrice, Mbani Zogo Arse\u0300ne Salomon de son vrai nom sera enterre\u0301 le 1er avril prochain a\u0300 Etam-Kouma, une localite\u0301 de l\u2019arrondissement de Sa\u2019a.<\/p>\n<p>Alors que les enque\u0302tes sur le meurtre du journaliste d\u2019Amplitude Fm sont en cours avec l\u2019inculpation d\u2019une dizaine de suspects, ledit programme re\u0301ve\u0300le que le pre\u0301sentateur de l\u2019e\u0301mission \u00ab\u00a0Embouteillage\u00a0\u00bb a e\u0301te\u0301 assassine\u0301 le 18 janvier.<\/p>\n<p><strong>Pour plus d&rsquo;informations et d&rsquo;analyses sur la <a href=\"https:\/\/www.africa-press.net\/cameroun\">Cameroun<\/a>, suivez <a href=\"https:\/\/www.africa-press.net\/\">Africa-Press<\/a><\/strong><\/p>\n","protected":false},"excerpt":{"rendered":"<p>Africa-Press &#8211; Cameroun. Lass d&rsquo;attendre les re\u0301sultats des enque\u0302tes ouvertes pour e\u0301lucider le meurtre de leur pe\u0300re, les enfants de Martinez Zogo demandent au juge d&rsquo;instruction du Tribunal Militaire de leur remettre le corps de leur pe\u0300re. Dans une lettre, les avocats des ayants droit de Martinez Zogo ont demande\u0301 au juge la leve\u0301e du [&hellip;]<\/p>\n","protected":false},"author":82,"featured_media":39931,"comment_status":"open","ping_status":"closed","sticky":false,"template":"","format":"standard","meta":{"footnotes":""},"categories":[21,10],"tags":[36,50,49],"class_list":["post-39933","post","type-post","status-publish","format-standard","has-post-thumbnail","hentry","category-communaute","category-toutes-les-actualites","tag-africa-press","tag-africa-press-cameroun","tag-cameroun"],"yoast_head":"<!-- This site is optimized with the Yoast SEO Premium plugin v26.1 (Yoast SEO v27.0) - https:\/\/yoast.com\/product\/yoast-seo-premium-wordpress\/ -->\n<title>Tribunal militaire: les enfants de Martinez r\u00e9clament le corps de leur p\u00e8re au juge d&#039;instruction - Cameroun<\/title>\n<meta name=\"description\" content=\"Lass d&#039;attendre les re\u0301sultats des enque\u0302tes ouvertes pour e\u0301lucider le meurtre de leur pe\u0300re, les enfants de Martinez Z ...\" \/>\n<meta name=\"robots\" content=\"index, follow, max-snippet:-1, max-image-preview:large, max-video-preview:-1\" \/>\n<link rel=\"canonical\" href=\"https:\/\/www.africa-press.net\/cameroun\/toutes-les-actualites\/tribunal-militaire-les-enfants-de-martinez-reclament-le-corps-de-leur-pere-au-juge-dinstruction\" \/>\n<meta property=\"og:locale\" content=\"fr_FR\" \/>\n<meta property=\"og:type\" content=\"article\" \/>\n<meta property=\"og:title\" content=\"Tribunal militaire: les enfants de Martinez r\u00e9clament le corps de leur p\u00e8re au juge d&#039;instruction\" \/>\n<meta property=\"og:description\" content=\"Lass d&#039;attendre les re\u0301sultats des enque\u0302tes ouvertes pour e\u0301lucider le meurtre de leur pe\u0300re, les enfants de Martinez Z ...\" \/>\n<meta property=\"og:url\" content=\"https:\/\/www.africa-press.net\/cameroun\/toutes-les-actualites\/tribunal-militaire-les-enfants-de-martinez-reclament-le-corps-de-leur-pere-au-juge-dinstruction\" \/>\n<meta property=\"og:site_name\" content=\"Cameroun\" \/>\n<meta property=\"article:published_time\" content=\"2023-03-21T18:20:27+00:00\" \/>\n<meta property=\"article:modified_time\" content=\"2023-03-21T18:56:15+00:00\" \/>\n<meta property=\"og:image\" content=\"https:\/\/static.africa-press.net\/cameroun\/sites\/57\/2023\/03\/postQueueImg_1679410242.39.jpg\" \/>\n\t<meta property=\"og:image:width\" content=\"720\" \/>\n\t<meta property=\"og:image:height\" content=\"398\" \/>\n\t<meta property=\"og:image:type\" content=\"image\/jpeg\" \/>\n<meta name=\"author\" content=\"cfeditorfr\" \/>\n<meta name=\"twitter:card\" content=\"summary_large_image\" \/>\n<meta name=\"twitter:label1\" content=\"\u00c9crit par\" \/>\n\t<meta name=\"twitter:data1\" content=\"cfeditorfr\" \/>\n\t<meta name=\"twitter:label2\" content=\"Dur\u00e9e de lecture estim\u00e9e\" \/>\n\t<meta name=\"twitter:data2\" content=\"2 minutes\" \/>\n<script type=\"application\/ld+json\" class=\"yoast-schema-graph\">{\"@context\":\"https:\/\/schema.org\",\"@graph\":[{\"@type\":\"Article\",\"@id\":\"https:\/\/www.africa-press.net\/cameroun\/toutes-les-actualites\/tribunal-militaire-les-enfants-de-martinez-reclament-le-corps-de-leur-pere-au-juge-dinstruction#article\",\"isPartOf\":{\"@id\":\"https:\/\/www.africa-press.net\/cameroun\/toutes-les-actualites\/tribunal-militaire-les-enfants-de-martinez-reclament-le-corps-de-leur-pere-au-juge-dinstruction\"},\"author\":{\"name\":\"cfeditorfr\",\"@id\":\"https:\/\/www.africa-press.net\/cameroun\/#\/schema\/person\/2b1cf3cd81a31e3cd26889ca66d677f1\"},\"headline\":\"Tribunal militaire: les enfants de Martinez r\u00e9clament le corps de leur p\u00e8re au juge d&rsquo;instruction\",\"datePublished\":\"2023-03-21T18:20:27+00:00\",\"dateModified\":\"2023-03-21T18:56:15+00:00\",\"mainEntityOfPage\":{\"@id\":\"https:\/\/www.africa-press.net\/cameroun\/toutes-les-actualites\/tribunal-militaire-les-enfants-de-martinez-reclament-le-corps-de-leur-pere-au-juge-dinstruction\"},\"wordCount\":379,\"commentCount\":0,\"image\":{\"@id\":\"https:\/\/www.africa-press.net\/cameroun\/toutes-les-actualites\/tribunal-militaire-les-enfants-de-martinez-reclament-le-corps-de-leur-pere-au-juge-dinstruction#primaryimage\"},\"thumbnailUrl\":\"https:\/\/static.africa-press.net\/cameroun\/sites\/57\/2023\/03\/postQueueImg_1679410242.39.jpg\",\"keywords\":[\"Africa Press\",\"Africa Press-Cameroun\",\"Cameroun\"],\"articleSection\":[\"Communaut\u00e9\",\"Toutes les actualit\u00e9s\"],\"inLanguage\":\"fr-FR\",\"potentialAction\":[{\"@type\":\"CommentAction\",\"name\":\"Comment\",\"target\":[\"https:\/\/www.africa-press.net\/cameroun\/toutes-les-actualites\/tribunal-militaire-les-enfants-de-martinez-reclament-le-corps-de-leur-pere-au-juge-dinstruction#respond\"]}]},{\"@type\":\"WebPage\",\"@id\":\"https:\/\/www.africa-press.net\/cameroun\/toutes-les-actualites\/tribunal-militaire-les-enfants-de-martinez-reclament-le-corps-de-leur-pere-au-juge-dinstruction\",\"url\":\"https:\/\/www.africa-press.net\/cameroun\/toutes-les-actualites\/tribunal-militaire-les-enfants-de-martinez-reclament-le-corps-de-leur-pere-au-juge-dinstruction\",\"name\":\"Tribunal militaire: les enfants de Martinez r\u00e9clament le corps de leur p\u00e8re au juge d'instruction - Cameroun\",\"isPartOf\":{\"@id\":\"https:\/\/www.africa-press.net\/cameroun\/#website\"},\"primaryImageOfPage\":{\"@id\":\"https:\/\/www.africa-press.net\/cameroun\/toutes-les-actualites\/tribunal-militaire-les-enfants-de-martinez-reclament-le-corps-de-leur-pere-au-juge-dinstruction#primaryimage\"},\"image\":{\"@id\":\"https:\/\/www.africa-press.net\/cameroun\/toutes-les-actualites\/tribunal-militaire-les-enfants-de-martinez-reclament-le-corps-de-leur-pere-au-juge-dinstruction#primaryimage\"},\"thumbnailUrl\":\"https:\/\/static.africa-press.net\/cameroun\/sites\/57\/2023\/03\/postQueueImg_1679410242.39.jpg\",\"datePublished\":\"2023-03-21T18:20:27+00:00\",\"dateModified\":\"2023-03-21T18:56:15+00:00\",\"author\":{\"@id\":\"https:\/\/www.africa-press.net\/cameroun\/#\/schema\/person\/2b1cf3cd81a31e3cd26889ca66d677f1\"},\"description\":\"Lass d'attendre les re\u0301sultats des enque\u0302tes ouvertes pour e\u0301lucider le meurtre de leur pe\u0300re, les enfants de Martinez Z ...\",\"breadcrumb\":{\"@id\":\"https:\/\/www.africa-press.net\/cameroun\/toutes-les-actualites\/tribunal-militaire-les-enfants-de-martinez-reclament-le-corps-de-leur-pere-au-juge-dinstruction#breadcrumb\"},\"inLanguage\":\"fr-FR\",\"potentialAction\":[{\"@type\":\"ReadAction\",\"target\":[\"https:\/\/www.africa-press.net\/cameroun\/toutes-les-actualites\/tribunal-militaire-les-enfants-de-martinez-reclament-le-corps-de-leur-pere-au-juge-dinstruction\"]}]},{\"@type\":\"ImageObject\",\"inLanguage\":\"fr-FR\",\"@id\":\"https:\/\/www.africa-press.net\/cameroun\/toutes-les-actualites\/tribunal-militaire-les-enfants-de-martinez-reclament-le-corps-de-leur-pere-au-juge-dinstruction#primaryimage\",\"url\":\"https:\/\/static.africa-press.net\/cameroun\/sites\/57\/2023\/03\/postQueueImg_1679410242.39.jpg\",\"contentUrl\":\"https:\/\/static.africa-press.net\/cameroun\/sites\/57\/2023\/03\/postQueueImg_1679410242.39.jpg\",\"width\":720,\"height\":398,\"caption\":\"Tribunal militaire: les enfants de Martinez r\u00e9clament le corps de leur p\u00e8re au juge d'instruction\"},{\"@type\":\"BreadcrumbList\",\"@id\":\"https:\/\/www.africa-press.net\/cameroun\/toutes-les-actualites\/tribunal-militaire-les-enfants-de-martinez-reclament-le-corps-de-leur-pere-au-juge-dinstruction#breadcrumb\",\"itemListElement\":[{\"@type\":\"ListItem\",\"position\":1,\"name\":\"Accueil\",\"item\":\"https:\/\/www.africa-press.net\/cameroun\/\"},{\"@type\":\"ListItem\",\"position\":2,\"name\":\"Tribunal militaire: les enfants de Martinez r\u00e9clament le corps de leur p\u00e8re au juge d&rsquo;instruction\"}]},{\"@type\":\"WebSite\",\"@id\":\"https:\/\/www.africa-press.net\/cameroun\/#website\",\"url\":\"https:\/\/www.africa-press.net\/cameroun\/\",\"name\":\"Cameroun\",\"description\":\"Just another Africa News Agency Sites site\",\"potentialAction\":[{\"@type\":\"SearchAction\",\"target\":{\"@type\":\"EntryPoint\",\"urlTemplate\":\"https:\/\/www.africa-press.net\/cameroun\/?s={search_term_string}\"},\"query-input\":{\"@type\":\"PropertyValueSpecification\",\"valueRequired\":true,\"valueName\":\"search_term_string\"}}],\"inLanguage\":\"fr-FR\"},{\"@type\":\"Person\",\"@id\":\"https:\/\/www.africa-press.net\/cameroun\/#\/schema\/person\/2b1cf3cd81a31e3cd26889ca66d677f1\",\"name\":\"cfeditorfr\"}]}<\/script>\n<!-- \/ Yoast SEO Premium plugin. -->","yoast_head_json":{"title":"Tribunal militaire: les enfants de Martinez r\u00e9clament le corps de leur p\u00e8re au juge d'instruction - Cameroun","description":"Lass d'attendre les re\u0301sultats des enque\u0302tes ouvertes pour e\u0301lucider le meurtre de leur pe\u0300re, les enfants de Martinez Z ...","robots":{"index":"index","follow":"follow","max-snippet":"max-snippet:-1","max-image-preview":"max-image-preview:large","max-video-preview":"max-video-preview:-1"},"canonical":"https:\/\/www.africa-press.net\/cameroun\/toutes-les-actualites\/tribunal-militaire-les-enfants-de-martinez-reclament-le-corps-de-leur-pere-au-juge-dinstruction","og_locale":"fr_FR","og_type":"article","og_title":"Tribunal militaire: les enfants de Martinez r\u00e9clament le corps de leur p\u00e8re au juge d'instruction","og_description":"Lass d'attendre les re\u0301sultats des enque\u0302tes ouvertes pour e\u0301lucider le meurtre de leur pe\u0300re, les enfants de Martinez Z ...","og_url":"https:\/\/www.africa-press.net\/cameroun\/toutes-les-actualites\/tribunal-militaire-les-enfants-de-martinez-reclament-le-corps-de-leur-pere-au-juge-dinstruction","og_site_name":"Cameroun","article_published_time":"2023-03-21T18:20:27+00:00","article_modified_time":"2023-03-21T18:56:15+00:00","og_image":[{"width":720,"height":398,"url":"https:\/\/static.africa-press.net\/cameroun\/sites\/57\/2023\/03\/postQueueImg_1679410242.39.jpg","type":"image\/jpeg"}],"author":"cfeditorfr","twitter_card":"summary_large_image","twitter_misc":{"\u00c9crit par":"cfeditorfr","Dur\u00e9e de lecture estim\u00e9e":"2 minutes"},"schema":{"@context":"https:\/\/schema.org","@graph":[{"@type":"Article","@id":"https:\/\/www.africa-press.net\/cameroun\/toutes-les-actualites\/tribunal-militaire-les-enfants-de-martinez-reclament-le-corps-de-leur-pere-au-juge-dinstruction#article","isPartOf":{"@id":"https:\/\/www.africa-press.net\/cameroun\/toutes-les-actualites\/tribunal-militaire-les-enfants-de-martinez-reclament-le-corps-de-leur-pere-au-juge-dinstruction"},"author":{"name":"cfeditorfr","@id":"https:\/\/www.africa-press.net\/cameroun\/#\/schema\/person\/2b1cf3cd81a31e3cd26889ca66d677f1"},"headline":"Tribunal militaire: les enfants de Martinez r\u00e9clament le corps de leur p\u00e8re au juge d&rsquo;instruction","datePublished":"2023-03-21T18:20:27+00:00","dateModified":"2023-03-21T18:56:15+00:00","mainEntityOfPage":{"@id":"https:\/\/www.africa-press.net\/cameroun\/toutes-les-actualites\/tribunal-militaire-les-enfants-de-martinez-reclament-le-corps-de-leur-pere-au-juge-dinstruction"},"wordCount":379,"commentCount":0,"image":{"@id":"https:\/\/www.africa-press.net\/cameroun\/toutes-les-actualites\/tribunal-militaire-les-enfants-de-martinez-reclament-le-corps-de-leur-pere-au-juge-dinstruction#primaryimage"},"thumbnailUrl":"https:\/\/static.africa-press.net\/cameroun\/sites\/57\/2023\/03\/postQueueImg_1679410242.39.jpg","keywords":["Africa Press","Africa Press-Cameroun","Cameroun"],"articleSection":["Communaut\u00e9","Toutes les actualit\u00e9s"],"inLanguage":"fr-FR","potentialAction":[{"@type":"CommentAction","name":"Comment","target":["https:\/\/www.africa-press.net\/cameroun\/toutes-les-actualites\/tribunal-militaire-les-enfants-de-martinez-reclament-le-corps-de-leur-pere-au-juge-dinstruction#respond"]}]},{"@type":"WebPage","@id":"https:\/\/www.africa-press.net\/cameroun\/toutes-les-actualites\/tribunal-militaire-les-enfants-de-martinez-reclament-le-corps-de-leur-pere-au-juge-dinstruction","url":"https:\/\/www.africa-press.net\/cameroun\/toutes-les-actualites\/tribunal-militaire-les-enfants-de-martinez-reclament-le-corps-de-leur-pere-au-juge-dinstruction","name":"Tribunal militaire: les enfants de Martinez r\u00e9clament le corps de leur p\u00e8re au juge d'instruction - Cameroun","isPartOf":{"@id":"https:\/\/www.africa-press.net\/cameroun\/#website"},"primaryImageOfPage":{"@id":"https:\/\/www.africa-press.net\/cameroun\/toutes-les-actualites\/tribunal-militaire-les-enfants-de-martinez-reclament-le-corps-de-leur-pere-au-juge-dinstruction#primaryimage"},"image":{"@id":"https:\/\/www.africa-press.net\/cameroun\/toutes-les-actualites\/tribunal-militaire-les-enfants-de-martinez-reclament-le-corps-de-leur-pere-au-juge-dinstruction#primaryimage"},"thumbnailUrl":"https:\/\/static.africa-press.net\/cameroun\/sites\/57\/2023\/03\/postQueueImg_1679410242.39.jpg","datePublished":"2023-03-21T18:20:27+00:00","dateModified":"2023-03-21T18:56:15+00:00","author":{"@id":"https:\/\/www.africa-press.net\/cameroun\/#\/schema\/person\/2b1cf3cd81a31e3cd26889ca66d677f1"},"description":"Lass d'attendre les re\u0301sultats des enque\u0302tes ouvertes pour e\u0301lucider le meurtre de leur pe\u0300re, les enfants de Martinez Z ...","breadcrumb":{"@id":"https:\/\/www.africa-press.net\/cameroun\/toutes-les-actualites\/tribunal-militaire-les-enfants-de-martinez-reclament-le-corps-de-leur-pere-au-juge-dinstruction#breadcrumb"},"inLanguage":"fr-FR","potentialAction":[{"@type":"ReadAction","target":["https:\/\/www.africa-press.net\/cameroun\/toutes-les-actualites\/tribunal-militaire-les-enfants-de-martinez-reclament-le-corps-de-leur-pere-au-juge-dinstruction"]}]},{"@type":"ImageObject","inLanguage":"fr-FR","@id":"https:\/\/www.africa-press.net\/cameroun\/toutes-les-actualites\/tribunal-militaire-les-enfants-de-martinez-reclament-le-corps-de-leur-pere-au-juge-dinstruction#primaryimage","url":"https:\/\/static.africa-press.net\/cameroun\/sites\/57\/2023\/03\/postQueueImg_1679410242.39.jpg","contentUrl":"https:\/\/static.africa-press.net\/cameroun\/sites\/57\/2023\/03\/postQueueImg_1679410242.39.jpg","width":720,"height":398,"caption":"Tribunal militaire: les enfants de Martinez r\u00e9clament le corps de leur p\u00e8re au juge d'instruction"},{"@type":"BreadcrumbList","@id":"https:\/\/www.africa-press.net\/cameroun\/toutes-les-actualites\/tribunal-militaire-les-enfants-de-martinez-reclament-le-corps-de-leur-pere-au-juge-dinstruction#breadcrumb","itemListElement":[{"@type":"ListItem","position":1,"name":"Accueil","item":"https:\/\/www.africa-press.net\/cameroun\/"},{"@type":"ListItem","position":2,"name":"Tribunal militaire: les enfants de Martinez r\u00e9clament le corps de leur p\u00e8re au juge d&rsquo;instruction"}]},{"@type":"WebSite","@id":"https:\/\/www.africa-press.net\/cameroun\/#website","url":"https:\/\/www.africa-press.net\/cameroun\/","name":"Cameroun","description":"Just another Africa News Agency Sites site","potentialAction":[{"@type":"SearchAction","target":{"@type":"EntryPoint","urlTemplate":"https:\/\/www.africa-press.net\/cameroun\/?s={search_term_string}"},"query-input":{"@type":"PropertyValueSpecification","valueRequired":true,"valueName":"search_term_string"}}],"inLanguage":"fr-FR"},{"@type":"Person","@id":"https:\/\/www.africa-press.net\/cameroun\/#\/schema\/person\/2b1cf3cd81a31e3cd26889ca66d677f1","name":"cfeditorfr"}]}},"_links":{"self":[{"href":"https:\/\/www.africa-press.net\/cameroun\/wp-json\/wp\/v2\/posts\/39933","targetHints":{"allow":["GET"]}}],"collection":[{"href":"https:\/\/www.africa-press.net\/cameroun\/wp-json\/wp\/v2\/posts"}],"about":[{"href":"https:\/\/www.africa-press.net\/cameroun\/wp-json\/wp\/v2\/types\/post"}],"author":[{"embeddable":true,"href":"https:\/\/www.africa-press.net\/cameroun\/wp-json\/wp\/v2\/users\/82"}],"replies":[{"embeddable":true,"href":"https:\/\/www.africa-press.net\/cameroun\/wp-json\/wp\/v2\/comments?post=39933"}],"version-history":[{"count":0,"href":"https:\/\/www.africa-press.net\/cameroun\/wp-json\/wp\/v2\/posts\/39933\/revisions"}],"wp:featuredmedia":[{"embeddable":true,"href":"https:\/\/www.africa-press.net\/cameroun\/wp-json\/wp\/v2\/media\/39931"}],"wp:attachment":[{"href":"https:\/\/www.africa-press.net\/cameroun\/wp-json\/wp\/v2\/media?parent=39933"}],"wp:term":[{"taxonomy":"category","embeddable":true,"href":"https:\/\/www.africa-press.net\/cameroun\/wp-json\/wp\/v2\/categories?post=39933"},{"taxonomy":"post_tag","embeddable":true,"href":"https:\/\/www.africa-press.net\/cameroun\/wp-json\/wp\/v2\/tags?post=39933"}],"curies":[{"name":"wp","href":"https:\/\/api.w.org\/{rel}","templated":true}]}}