{"id":39937,"date":"2023-03-21T18:20:46","date_gmt":"2023-03-21T18:20:46","guid":{"rendered":"https:\/\/www.africa-press.net\/cameroun\/politique\/le-ton-est-donne-pour-le-remaniement-nominations-en-cascade-ce-lundi"},"modified":"2023-03-21T18:56:38","modified_gmt":"2023-03-21T18:56:38","slug":"le-ton-est-donne-pour-le-remaniement-nominations-en-cascade-ce-lundi","status":"publish","type":"post","link":"https:\/\/www.africa-press.net\/cameroun\/politique\/le-ton-est-donne-pour-le-remaniement-nominations-en-cascade-ce-lundi","title":{"rendered":"Le ton est donn\u00e9 pour le remaniement : nominations en cascade ce lundi"},"content":{"rendered":"<p><span style=\"color: #ff6600\"><strong>Africa-Press &#8211; Cameroun. <\/strong><\/span>Ce lundi 20 mars, le ministe\u0300re de la Sante\u0301 publique, Malachie Manaouda, a proce\u0301de\u0301 la signature de plusieurs nominations.<\/p>\n<p>Il s&rsquo;agit de la nomination de responsables dans les Services de\u0301concentre\u0301s du Ministe\u0300re de la Sante\u0301 Publique.<\/p>\n<p>Ainsi, sont, a\u0300 compter de la date de signature du pre\u0301sent arre\u0302te\u0301, nomme\u0301s aux postes ci-apre\u0300s dans les services de\u0301concentre\u0301s du Ministe\u0300re de la Sante\u0301 Publique:<\/p>\n<p>CENTRES HOSPITALIERS REGIONAUX<\/p>\n<p>CENTRE HOSPITALIER REGIONAL DE NGAOUNDERE<\/p>\n<p>Directeur-Adjoint: Monsieur NCHARE MFONDI Arouna, Me\u0301decin, Matricule 608 631-D, pre\u0301ce\u0301demment en service dans ledit Centre, poste cre\u0301e\u0301.<\/p>\n<p>CENTRE HOSPITALIER REGIONAL DE GAROUA<\/p>\n<p>Directeur-Adjoint:<\/p>\n<p>Monsieur AMADOU LOUAC, Me\u0301decin, Matricule 569 733-V, pre\u0301ce\u0301demment Directeur de l&rsquo;Ho\u0302pital Re\u0301gional Annexe de Mokolo, poste cre\u0301e\u0301.<\/p>\n<p>Directeur-Adjoint: Monsieur NGEUGOUE TCHOKOUAHA Franc\u0327ois, Me\u0301decin, Matricule 692 256-X pre\u0301ce\u0301demment en service dans ledit Centre, poste cre\u0301e\u0301.<\/p>\n<p>CENTRE HOSPITALIER REGIONAL D&rsquo;EBOLOWA<\/p>\n<p>Directeur-Adjoint: Madame EDZIMBI Annick Laure, Me\u0301decin, Matricule 667 810-C, pre\u0301ce\u0301demment en service dans ledit centre, poste cre\u0301e\u0301<\/p>\n<p>DELEGATION REGIONALE DE LA SANTE PUBLIQUE DE L&rsquo;EXTREME-<\/p>\n<p>NORD HOPITAL REGIONAL ANNEXE DE MOKOLO<\/p>\n<p>Directeur: Monsieur DADAO Franc\u0327ois, Me\u0301decin, Matricule 561 694-C, pre\u0301ce\u0301demment en service au Centre Hospitalier Re\u0301gional de Garoua en remplacement de Monsieur AMADOU LOUAC, appele\u0301 a\u0300 d&rsquo;autres fonctions.<\/p>\n<p>DELEGATION REGIONALE DE LA SANTE PUBLIQUE DU NORD<\/p>\n<p>HOPITAL REGIONAL ANNEXE DE GUIDER<\/p>\n<p>Directeur : Monsieur OUSMANA OUMAROU, Me\u0301decin, Matricule 680 101-H, pre\u0301ce\u0301demment Directeur de l&rsquo;ex Ho\u0302pital de District de Guider, poste cre\u0301e\u0301<\/p>\n<p>DELEGATION REGIONALE DE LA SANTE PUBLIQUE DE L&rsquo;OUEST<\/p>\n<p>HOPITAL REGIONAL ANNEXE DE DSCHANG<\/p>\n<p>Directeur : Monsieur NOUBOM Michel, Maitre de confe\u0301rences, Matricule 549 408-Z, pre\u0301ce\u0301demment Directeur de l&rsquo;ex Ho\u0302pital de District de Dschang, poste cre\u0301e\u0301.<\/p>\n<p>DELEGATION REGIONALE DE LA SANTE PUBLIQUE DU SUD-OUEST<\/p>\n<p>HOPITAL REGIONAL ANNEXE DE KUMBA<\/p>\n<p>Directeur : Monsieur NGANG Paul ENONGENE, Me\u0301decin Gyne\u0301cologue, Matricule 568 329-A, pre\u0301ce\u0301demment Directeur de l&rsquo;ex Ho\u0302pital de District de Kumba, poste cre\u0301e\u0301<\/p>\n<p>DELEGATION REGIONALE DE LA SANTE DE L&rsquo;ADAMAOUA<\/p>\n<p>DISTRICT DE SANTE DE BANISME<\/p>\n<p>HOPITAL DE DISTRICT<\/p>\n<p>Directeur: Monsieur DJITTA Andre\u0301 Fulber, Me\u0301decin, Matricule 135 324, pre\u0301ce\u0301demment Chef du Centre Me\u0301dical d&rsquo;Arrondissement d&rsquo;Idool, en remplacement de monsieur DJEUJATSA Etienne, appele\u0301 a\u0300 d&rsquo;autres fonctions.<\/p>\n<p>DISTRICT DE SANTE DE BANYO<\/p>\n<p>CENTRE MEDICAL D&rsquo;ARRONDISSEMENT DE MAYO DARLE<\/p>\n<p>Chef de Centre: Monsieur BILONG The\u0301odore Christian, Me\u0301decin, Matricule B-125 058, pre\u0301ce\u0301demment en service dans ledit Centre, poste vacant.<\/p>\n<p>CENTRE MEDICAL D&rsquo;ARRONDISSEMENT DE SAMBO LAMBO<\/p>\n<p>Chef de Centre: Monsieur AKOUE NGAPE Rodrigue, Me\u0301decin, Matricule D-150 390, pre\u0301ce\u0301demment en service au Centre Me\u0301dical d&rsquo;Arrondissement de Mbe\u0301, en remplacement de Madame DJIEUGOUE DIEUPE Lisette Laure, e\u0301pouse KENGNE, mute\u0301e<\/p>\n<p>DISTRICT DE SANTE DE BELEL<\/p>\n<p>Chef de District: Monsieur Monsieur MOHAMADOU TOUKOUR AHMADOU, Administrateur Principal de la Sante\u0301 Publique, Matricule 655 841-M, pre\u0301ce\u0301demment Coordonnateur de la Cellule d&rsquo;Exe\u0301cution des Projet Sante\u0301 de la Banque Islamique de De\u0301veloppement, poste cre\u0301e\u0301.<\/p>\n<p>DISTRICT DE SANTE DE DANG<\/p>\n<p>CENTRE MEDICAL D&rsquo;ARRONDISSEMENT DE NGAN&rsquo;HA<\/p>\n<p>Chef de Centre: Monsieur TEBAYA Richard, Me\u0301decin, Matricule M-137 478, pre\u0301ce\u0301demment en service a\u0300 l&rsquo;Ho\u0302pital Central de Yaounde\u0301, poste cre\u0301e\u0301<\/p>\n<p>DISTRICT DE SANTE DE DJOHONG<\/p>\n<p>Chef de District: Monsieur MOUSTAFA ELI, Administrateur Principal de la Sante\u0301 Publique, Matricule 688 985-D, pre\u0301ce\u0301demment en service a\u0300 l&rsquo;Inspection Ge\u0301ne\u0301rale des Services Administratifs.<\/p>\n<p>Les inte\u0301resse\u0301s auront droit aux avantages de toute nature pre\u0301vus par la re\u0301glementation en vigueur.<\/p>\n<p>Le pre\u0301sent arre\u0302te\u0301 sera enregistre\u0301, publie\u0301 suivant la proce\u0301dure d&rsquo;urgence, puis inse\u0301re\u0301 au Journal Officiel en franc\u0327ais et en anglais.<\/p>\n<p>Voici l&rsquo;integralite\u0301 de tous les de\u0301crets de nominations au MINSANTE.<\/p>\n<p><a href=\"\/\/www.facebook.com\/MINSANTE.PageOfficielle\/posts\/pfbid0oVqzyqeZX5whvTeLy5HJQwa128d6zEKAmGfg6pUGXMyvEequi83jLDvScpmSFYGGl\"><b>Facebook Post<\/b><\/a><br \/>\n<a href=\"\/\/www.facebook.com\/MINSANTE.PageOfficielle\/posts\/pfbid02SoBtxVC9bFEStt3mz9C6xphSwcyx8RHMZ2mWrutyCRRuLD6bx38HJWHbQwNUYKngl\"><b>Facebook Post<\/b><\/a><br \/>\n<a href=\"\/\/www.facebook.com\/MINSANTE.PageOfficielle\/posts\/pfbid0qBb6bE8rQoTLMV5RdszVvCYimLfrDL7n8CmLsLcBPo3EfFetsY2BEuRsSDSxKpBdl\"><b>Facebook Post<\/b><\/a><br \/>\n<a href=\"\/\/www.facebook.com\/MINSANTE.PageOfficielle\/posts\/pfbid02tAU46pyvb2tZcx353D3m4eAV9BronFytAY8cMhSGmnQkdhU1CyQVAUWvEtq5j8ryl\"><b>Facebook Post<\/b><\/a><br \/>\n<a href=\"\/\/www.facebook.com\/MINSANTE.PageOfficielle\/posts\/pfbid02kyioKSuwvnCQahLrsBjvYxmBstsV55iRi7NYPnXF9dFcj6XmFjs42mNWH2RsUkS6l\"><b>Facebook Post<\/b><\/a><br \/>\n<a href=\"\/\/www.facebook.com\/MINSANTE.PageOfficielle\/posts\/pfbid0ENjL4i76a4ZLg9xgcyDvtfP7ny35cdJfguFMXnBVubmZuadahD8C5yKFisRax3Czl\"><b>Facebook Post<\/b><\/a><\/p>\n<p><strong>Pour plus d&rsquo;informations et d&rsquo;analyses sur la <a href=\"https:\/\/www.africa-press.net\/cameroun\">Cameroun<\/a>, suivez <a href=\"https:\/\/www.africa-press.net\/\">Africa-Press<\/a><\/strong><\/p>\n","protected":false},"excerpt":{"rendered":"<p>Africa-Press &#8211; Cameroun. Ce lundi 20 mars, le ministe\u0300re de la Sante\u0301 publique, Malachie Manaouda, a proce\u0301de\u0301 la signature de plusieurs nominations. Il s&rsquo;agit de la nomination de responsables dans les Services de\u0301concentre\u0301s du Ministe\u0300re de la Sante\u0301 Publique. Ainsi, sont, a\u0300 compter de la date de signature du pre\u0301sent arre\u0302te\u0301, nomme\u0301s aux postes ci-apre\u0300s [&hellip;]<\/p>\n","protected":false},"author":82,"featured_media":39935,"comment_status":"open","ping_status":"closed","sticky":false,"template":"","format":"standard","meta":{"footnotes":""},"categories":[2,10],"tags":[36,50,49],"class_list":["post-39937","post","type-post","status-publish","format-standard","has-post-thumbnail","hentry","category-politique","category-toutes-les-actualites","tag-africa-press","tag-africa-press-cameroun","tag-cameroun"],"yoast_head":"<!-- This site is optimized with the Yoast SEO Premium plugin v26.1 (Yoast SEO v27.0) - https:\/\/yoast.com\/product\/yoast-seo-premium-wordpress\/ -->\n<title>Le ton est donn\u00e9 pour le remaniement : nominations en cascade ce lundi - Cameroun<\/title>\n<meta name=\"description\" content=\"Ce lundi 20 mars, le ministe\u0300re de la Sante\u0301 publique, Malachie Manaouda, a proce\u0301de\u0301 la signature de plusieurs nominati ...\" \/>\n<meta name=\"robots\" content=\"index, follow, max-snippet:-1, max-image-preview:large, max-video-preview:-1\" \/>\n<link rel=\"canonical\" href=\"https:\/\/www.africa-press.net\/cameroun\/politique\/le-ton-est-donne-pour-le-remaniement-nominations-en-cascade-ce-lundi\" \/>\n<meta property=\"og:locale\" content=\"fr_FR\" \/>\n<meta property=\"og:type\" content=\"article\" \/>\n<meta property=\"og:title\" content=\"Le ton est donn\u00e9 pour le remaniement : nominations en cascade ce lundi\" \/>\n<meta property=\"og:description\" content=\"Ce lundi 20 mars, le ministe\u0300re de la Sante\u0301 publique, Malachie Manaouda, a proce\u0301de\u0301 la signature de plusieurs nominati ...\" \/>\n<meta property=\"og:url\" content=\"https:\/\/www.africa-press.net\/cameroun\/politique\/le-ton-est-donne-pour-le-remaniement-nominations-en-cascade-ce-lundi\" \/>\n<meta property=\"og:site_name\" content=\"Cameroun\" \/>\n<meta property=\"article:published_time\" content=\"2023-03-21T18:20:46+00:00\" \/>\n<meta property=\"article:modified_time\" content=\"2023-03-21T18:56:38+00:00\" \/>\n<meta property=\"og:image\" content=\"https:\/\/static.africa-press.net\/cameroun\/sites\/57\/2023\/03\/postQueueImg_1679410263.88.jpg\" \/>\n\t<meta property=\"og:image:width\" content=\"720\" \/>\n\t<meta property=\"og:image:height\" content=\"362\" \/>\n\t<meta property=\"og:image:type\" content=\"image\/jpeg\" \/>\n<meta name=\"author\" content=\"cfeditorfr\" \/>\n<meta name=\"twitter:card\" content=\"summary_large_image\" \/>\n<meta name=\"twitter:label1\" content=\"\u00c9crit par\" \/>\n\t<meta name=\"twitter:data1\" content=\"cfeditorfr\" \/>\n\t<meta name=\"twitter:label2\" content=\"Dur\u00e9e de lecture estim\u00e9e\" \/>\n\t<meta name=\"twitter:data2\" content=\"3 minutes\" \/>\n<script type=\"application\/ld+json\" class=\"yoast-schema-graph\">{\"@context\":\"https:\/\/schema.org\",\"@graph\":[{\"@type\":\"Article\",\"@id\":\"https:\/\/www.africa-press.net\/cameroun\/politique\/le-ton-est-donne-pour-le-remaniement-nominations-en-cascade-ce-lundi#article\",\"isPartOf\":{\"@id\":\"https:\/\/www.africa-press.net\/cameroun\/politique\/le-ton-est-donne-pour-le-remaniement-nominations-en-cascade-ce-lundi\"},\"author\":{\"name\":\"cfeditorfr\",\"@id\":\"https:\/\/www.africa-press.net\/cameroun\/#\/schema\/person\/2b1cf3cd81a31e3cd26889ca66d677f1\"},\"headline\":\"Le ton est donn\u00e9 pour le remaniement : nominations en cascade ce lundi\",\"datePublished\":\"2023-03-21T18:20:46+00:00\",\"dateModified\":\"2023-03-21T18:56:38+00:00\",\"mainEntityOfPage\":{\"@id\":\"https:\/\/www.africa-press.net\/cameroun\/politique\/le-ton-est-donne-pour-le-remaniement-nominations-en-cascade-ce-lundi\"},\"wordCount\":676,\"commentCount\":0,\"image\":{\"@id\":\"https:\/\/www.africa-press.net\/cameroun\/politique\/le-ton-est-donne-pour-le-remaniement-nominations-en-cascade-ce-lundi#primaryimage\"},\"thumbnailUrl\":\"https:\/\/static.africa-press.net\/cameroun\/sites\/57\/2023\/03\/postQueueImg_1679410263.88.jpg\",\"keywords\":[\"Africa Press\",\"Africa Press-Cameroun\",\"Cameroun\"],\"articleSection\":[\"Politique\",\"Toutes les actualit\u00e9s\"],\"inLanguage\":\"fr-FR\",\"potentialAction\":[{\"@type\":\"CommentAction\",\"name\":\"Comment\",\"target\":[\"https:\/\/www.africa-press.net\/cameroun\/politique\/le-ton-est-donne-pour-le-remaniement-nominations-en-cascade-ce-lundi#respond\"]}]},{\"@type\":\"WebPage\",\"@id\":\"https:\/\/www.africa-press.net\/cameroun\/politique\/le-ton-est-donne-pour-le-remaniement-nominations-en-cascade-ce-lundi\",\"url\":\"https:\/\/www.africa-press.net\/cameroun\/politique\/le-ton-est-donne-pour-le-remaniement-nominations-en-cascade-ce-lundi\",\"name\":\"Le ton est donn\u00e9 pour le remaniement : nominations en cascade ce lundi - Cameroun\",\"isPartOf\":{\"@id\":\"https:\/\/www.africa-press.net\/cameroun\/#website\"},\"primaryImageOfPage\":{\"@id\":\"https:\/\/www.africa-press.net\/cameroun\/politique\/le-ton-est-donne-pour-le-remaniement-nominations-en-cascade-ce-lundi#primaryimage\"},\"image\":{\"@id\":\"https:\/\/www.africa-press.net\/cameroun\/politique\/le-ton-est-donne-pour-le-remaniement-nominations-en-cascade-ce-lundi#primaryimage\"},\"thumbnailUrl\":\"https:\/\/static.africa-press.net\/cameroun\/sites\/57\/2023\/03\/postQueueImg_1679410263.88.jpg\",\"datePublished\":\"2023-03-21T18:20:46+00:00\",\"dateModified\":\"2023-03-21T18:56:38+00:00\",\"author\":{\"@id\":\"https:\/\/www.africa-press.net\/cameroun\/#\/schema\/person\/2b1cf3cd81a31e3cd26889ca66d677f1\"},\"description\":\"Ce lundi 20 mars, le ministe\u0300re de la Sante\u0301 publique, Malachie Manaouda, a proce\u0301de\u0301 la signature de plusieurs nominati ...\",\"breadcrumb\":{\"@id\":\"https:\/\/www.africa-press.net\/cameroun\/politique\/le-ton-est-donne-pour-le-remaniement-nominations-en-cascade-ce-lundi#breadcrumb\"},\"inLanguage\":\"fr-FR\",\"potentialAction\":[{\"@type\":\"ReadAction\",\"target\":[\"https:\/\/www.africa-press.net\/cameroun\/politique\/le-ton-est-donne-pour-le-remaniement-nominations-en-cascade-ce-lundi\"]}]},{\"@type\":\"ImageObject\",\"inLanguage\":\"fr-FR\",\"@id\":\"https:\/\/www.africa-press.net\/cameroun\/politique\/le-ton-est-donne-pour-le-remaniement-nominations-en-cascade-ce-lundi#primaryimage\",\"url\":\"https:\/\/static.africa-press.net\/cameroun\/sites\/57\/2023\/03\/postQueueImg_1679410263.88.jpg\",\"contentUrl\":\"https:\/\/static.africa-press.net\/cameroun\/sites\/57\/2023\/03\/postQueueImg_1679410263.88.jpg\",\"width\":720,\"height\":362,\"caption\":\"Le ton est donn\u00e9 pour le remaniement : nominations en cascade ce lundi\"},{\"@type\":\"BreadcrumbList\",\"@id\":\"https:\/\/www.africa-press.net\/cameroun\/politique\/le-ton-est-donne-pour-le-remaniement-nominations-en-cascade-ce-lundi#breadcrumb\",\"itemListElement\":[{\"@type\":\"ListItem\",\"position\":1,\"name\":\"Accueil\",\"item\":\"https:\/\/www.africa-press.net\/cameroun\/\"},{\"@type\":\"ListItem\",\"position\":2,\"name\":\"Le ton est donn\u00e9 pour le remaniement : nominations en cascade ce lundi\"}]},{\"@type\":\"WebSite\",\"@id\":\"https:\/\/www.africa-press.net\/cameroun\/#website\",\"url\":\"https:\/\/www.africa-press.net\/cameroun\/\",\"name\":\"Cameroun\",\"description\":\"Just another Africa News Agency Sites site\",\"potentialAction\":[{\"@type\":\"SearchAction\",\"target\":{\"@type\":\"EntryPoint\",\"urlTemplate\":\"https:\/\/www.africa-press.net\/cameroun\/?s={search_term_string}\"},\"query-input\":{\"@type\":\"PropertyValueSpecification\",\"valueRequired\":true,\"valueName\":\"search_term_string\"}}],\"inLanguage\":\"fr-FR\"},{\"@type\":\"Person\",\"@id\":\"https:\/\/www.africa-press.net\/cameroun\/#\/schema\/person\/2b1cf3cd81a31e3cd26889ca66d677f1\",\"name\":\"cfeditorfr\"}]}<\/script>\n<!-- \/ Yoast SEO Premium plugin. -->","yoast_head_json":{"title":"Le ton est donn\u00e9 pour le remaniement : nominations en cascade ce lundi - Cameroun","description":"Ce lundi 20 mars, le ministe\u0300re de la Sante\u0301 publique, Malachie Manaouda, a proce\u0301de\u0301 la signature de plusieurs nominati ...","robots":{"index":"index","follow":"follow","max-snippet":"max-snippet:-1","max-image-preview":"max-image-preview:large","max-video-preview":"max-video-preview:-1"},"canonical":"https:\/\/www.africa-press.net\/cameroun\/politique\/le-ton-est-donne-pour-le-remaniement-nominations-en-cascade-ce-lundi","og_locale":"fr_FR","og_type":"article","og_title":"Le ton est donn\u00e9 pour le remaniement : nominations en cascade ce lundi","og_description":"Ce lundi 20 mars, le ministe\u0300re de la Sante\u0301 publique, Malachie Manaouda, a proce\u0301de\u0301 la signature de plusieurs nominati ...","og_url":"https:\/\/www.africa-press.net\/cameroun\/politique\/le-ton-est-donne-pour-le-remaniement-nominations-en-cascade-ce-lundi","og_site_name":"Cameroun","article_published_time":"2023-03-21T18:20:46+00:00","article_modified_time":"2023-03-21T18:56:38+00:00","og_image":[{"width":720,"height":362,"url":"https:\/\/static.africa-press.net\/cameroun\/sites\/57\/2023\/03\/postQueueImg_1679410263.88.jpg","type":"image\/jpeg"}],"author":"cfeditorfr","twitter_card":"summary_large_image","twitter_misc":{"\u00c9crit par":"cfeditorfr","Dur\u00e9e de lecture estim\u00e9e":"3 minutes"},"schema":{"@context":"https:\/\/schema.org","@graph":[{"@type":"Article","@id":"https:\/\/www.africa-press.net\/cameroun\/politique\/le-ton-est-donne-pour-le-remaniement-nominations-en-cascade-ce-lundi#article","isPartOf":{"@id":"https:\/\/www.africa-press.net\/cameroun\/politique\/le-ton-est-donne-pour-le-remaniement-nominations-en-cascade-ce-lundi"},"author":{"name":"cfeditorfr","@id":"https:\/\/www.africa-press.net\/cameroun\/#\/schema\/person\/2b1cf3cd81a31e3cd26889ca66d677f1"},"headline":"Le ton est donn\u00e9 pour le remaniement : nominations en cascade ce lundi","datePublished":"2023-03-21T18:20:46+00:00","dateModified":"2023-03-21T18:56:38+00:00","mainEntityOfPage":{"@id":"https:\/\/www.africa-press.net\/cameroun\/politique\/le-ton-est-donne-pour-le-remaniement-nominations-en-cascade-ce-lundi"},"wordCount":676,"commentCount":0,"image":{"@id":"https:\/\/www.africa-press.net\/cameroun\/politique\/le-ton-est-donne-pour-le-remaniement-nominations-en-cascade-ce-lundi#primaryimage"},"thumbnailUrl":"https:\/\/static.africa-press.net\/cameroun\/sites\/57\/2023\/03\/postQueueImg_1679410263.88.jpg","keywords":["Africa Press","Africa Press-Cameroun","Cameroun"],"articleSection":["Politique","Toutes les actualit\u00e9s"],"inLanguage":"fr-FR","potentialAction":[{"@type":"CommentAction","name":"Comment","target":["https:\/\/www.africa-press.net\/cameroun\/politique\/le-ton-est-donne-pour-le-remaniement-nominations-en-cascade-ce-lundi#respond"]}]},{"@type":"WebPage","@id":"https:\/\/www.africa-press.net\/cameroun\/politique\/le-ton-est-donne-pour-le-remaniement-nominations-en-cascade-ce-lundi","url":"https:\/\/www.africa-press.net\/cameroun\/politique\/le-ton-est-donne-pour-le-remaniement-nominations-en-cascade-ce-lundi","name":"Le ton est donn\u00e9 pour le remaniement : nominations en cascade ce lundi - Cameroun","isPartOf":{"@id":"https:\/\/www.africa-press.net\/cameroun\/#website"},"primaryImageOfPage":{"@id":"https:\/\/www.africa-press.net\/cameroun\/politique\/le-ton-est-donne-pour-le-remaniement-nominations-en-cascade-ce-lundi#primaryimage"},"image":{"@id":"https:\/\/www.africa-press.net\/cameroun\/politique\/le-ton-est-donne-pour-le-remaniement-nominations-en-cascade-ce-lundi#primaryimage"},"thumbnailUrl":"https:\/\/static.africa-press.net\/cameroun\/sites\/57\/2023\/03\/postQueueImg_1679410263.88.jpg","datePublished":"2023-03-21T18:20:46+00:00","dateModified":"2023-03-21T18:56:38+00:00","author":{"@id":"https:\/\/www.africa-press.net\/cameroun\/#\/schema\/person\/2b1cf3cd81a31e3cd26889ca66d677f1"},"description":"Ce lundi 20 mars, le ministe\u0300re de la Sante\u0301 publique, Malachie Manaouda, a proce\u0301de\u0301 la signature de plusieurs nominati ...","breadcrumb":{"@id":"https:\/\/www.africa-press.net\/cameroun\/politique\/le-ton-est-donne-pour-le-remaniement-nominations-en-cascade-ce-lundi#breadcrumb"},"inLanguage":"fr-FR","potentialAction":[{"@type":"ReadAction","target":["https:\/\/www.africa-press.net\/cameroun\/politique\/le-ton-est-donne-pour-le-remaniement-nominations-en-cascade-ce-lundi"]}]},{"@type":"ImageObject","inLanguage":"fr-FR","@id":"https:\/\/www.africa-press.net\/cameroun\/politique\/le-ton-est-donne-pour-le-remaniement-nominations-en-cascade-ce-lundi#primaryimage","url":"https:\/\/static.africa-press.net\/cameroun\/sites\/57\/2023\/03\/postQueueImg_1679410263.88.jpg","contentUrl":"https:\/\/static.africa-press.net\/cameroun\/sites\/57\/2023\/03\/postQueueImg_1679410263.88.jpg","width":720,"height":362,"caption":"Le ton est donn\u00e9 pour le remaniement : nominations en cascade ce lundi"},{"@type":"BreadcrumbList","@id":"https:\/\/www.africa-press.net\/cameroun\/politique\/le-ton-est-donne-pour-le-remaniement-nominations-en-cascade-ce-lundi#breadcrumb","itemListElement":[{"@type":"ListItem","position":1,"name":"Accueil","item":"https:\/\/www.africa-press.net\/cameroun\/"},{"@type":"ListItem","position":2,"name":"Le ton est donn\u00e9 pour le remaniement : nominations en cascade ce lundi"}]},{"@type":"WebSite","@id":"https:\/\/www.africa-press.net\/cameroun\/#website","url":"https:\/\/www.africa-press.net\/cameroun\/","name":"Cameroun","description":"Just another Africa News Agency Sites site","potentialAction":[{"@type":"SearchAction","target":{"@type":"EntryPoint","urlTemplate":"https:\/\/www.africa-press.net\/cameroun\/?s={search_term_string}"},"query-input":{"@type":"PropertyValueSpecification","valueRequired":true,"valueName":"search_term_string"}}],"inLanguage":"fr-FR"},{"@type":"Person","@id":"https:\/\/www.africa-press.net\/cameroun\/#\/schema\/person\/2b1cf3cd81a31e3cd26889ca66d677f1","name":"cfeditorfr"}]}},"_links":{"self":[{"href":"https:\/\/www.africa-press.net\/cameroun\/wp-json\/wp\/v2\/posts\/39937","targetHints":{"allow":["GET"]}}],"collection":[{"href":"https:\/\/www.africa-press.net\/cameroun\/wp-json\/wp\/v2\/posts"}],"about":[{"href":"https:\/\/www.africa-press.net\/cameroun\/wp-json\/wp\/v2\/types\/post"}],"author":[{"embeddable":true,"href":"https:\/\/www.africa-press.net\/cameroun\/wp-json\/wp\/v2\/users\/82"}],"replies":[{"embeddable":true,"href":"https:\/\/www.africa-press.net\/cameroun\/wp-json\/wp\/v2\/comments?post=39937"}],"version-history":[{"count":0,"href":"https:\/\/www.africa-press.net\/cameroun\/wp-json\/wp\/v2\/posts\/39937\/revisions"}],"wp:featuredmedia":[{"embeddable":true,"href":"https:\/\/www.africa-press.net\/cameroun\/wp-json\/wp\/v2\/media\/39935"}],"wp:attachment":[{"href":"https:\/\/www.africa-press.net\/cameroun\/wp-json\/wp\/v2\/media?parent=39937"}],"wp:term":[{"taxonomy":"category","embeddable":true,"href":"https:\/\/www.africa-press.net\/cameroun\/wp-json\/wp\/v2\/categories?post=39937"},{"taxonomy":"post_tag","embeddable":true,"href":"https:\/\/www.africa-press.net\/cameroun\/wp-json\/wp\/v2\/tags?post=39937"}],"curies":[{"name":"wp","href":"https:\/\/api.w.org\/{rel}","templated":true}]}}