{"id":39939,"date":"2023-03-21T18:21:14","date_gmt":"2023-03-21T18:21:14","guid":{"rendered":"https:\/\/www.africa-press.net\/cameroun\/politique\/derniere-minute-clement-atangana-reprend-du-service-une-importante-rencontre-annoncee-aujourdhui"},"modified":"2023-03-21T18:57:00","modified_gmt":"2023-03-21T18:57:00","slug":"derniere-minute-clement-atangana-reprend-du-service-une-importante-rencontre-annoncee-aujourdhui","status":"publish","type":"post","link":"https:\/\/www.africa-press.net\/cameroun\/politique\/derniere-minute-clement-atangana-reprend-du-service-une-importante-rencontre-annoncee-aujourdhui","title":{"rendered":"Derni\u00e8re minute : Cl\u00e9ment Atangana reprend du service, une importante rencontre annonc\u00e9e aujourd\u2019hui"},"content":{"rendered":"<p><span style=\"color: #ff6600\"><strong>Africa-Press &#8211; Cameroun. <\/strong><\/span>C\u2019est une lapalissade. Le Rassemblement de\u0301mocratique du peuple camerounais (RDPC) du pre\u0301sident Paul Biya, devrait remporter largement les e\u0301lections se\u0301natoriales qui ont eu lieu le 12 mars dernier au suffrage indirect. Le Conseil constitutionnel, devrait statuer sur des recours formule\u0301s devant lui. C\u2019est ce que la CRTV indique sur sa page Facebook.<\/p>\n<p>\u00ab Mais le re\u0301sultat du scrutin semble sans enjeu : le RDPC au pouvoir est le seul a\u0300 avoir pre\u0301sente\u0301 des listes dans la totalite\u0301 des dix re\u0301gions et il contro\u0302le 316 communes sur les 360 que compte le Cameroun. La chambre haute du Parlement est depuis toujours archi-domine\u0301e par le pouvoir.<\/p>\n<p>Soixante-dix se\u0301nateurs sont e\u0301lus tous les cinq ans et 30 de\u0301signe\u0301s par le pre\u0301sident de la Re\u0301publique. Dans le Se\u0301nat sortant, le RDPC et ses allie\u0301s occupent 93 sie\u0300ges sur 100, les sept restant revenant au Social Democratic Front (SDF), l\u2019un des deux principaux partis d\u2019opposition \u00bb, pre\u0301sentait Jeune Afrique.<\/p>\n<p>\u00ab Se\u0301natoriales2023, le Conseil constitutionnel, sous la pre\u0301sidence de Cle\u0301ment Atangana, examine de\u0300s ce mardi a\u0300 11 heures au Palais des Congre\u0300s de Yaounde, 4 recours de\u0301pose\u0301s par le Front des De\u0301mocrates camerounais(FDC) et l\u2019Union nationale pour la De\u0301mocratie et le Progre\u0300s (UNDP) \u00bb, indique la CRTV.<\/p>\n<p>\u00ab Sont mis au vote 70 sie\u0300ges de se\u0301nateurs, les 30 restants seront nomme\u0301s par le pre\u0301sident Paul Biya. Il y a cinq ans, le RDPC avait remporte\u0301 63 des 70 sie\u0300ges mis au vote. Avec les trente nominations qui ont suivi, par de\u0301cret, cela faisait donc 93 se\u0301nateurs sur 100 acquis au pre\u0301sident Paul Biya.<\/p>\n<p>Du co\u0302te\u0301 de l&rsquo;opposition, seul le Social Democratic Front (SDF) a des se\u0301nateurs. Ils sont au nombre de 7. Le SDF de Ni John Fru Ndi ne pre\u0301sente des candidats que dans la re\u0301gion a\u0300 majorite\u0301 anglophone du Nord-Ouest, endeuille\u0301e par un conflit depuis 2017.<\/p>\n<p><strong>Pour plus d&rsquo;informations et d&rsquo;analyses sur la <a href=\"https:\/\/www.africa-press.net\/cameroun\">Cameroun<\/a>, suivez <a href=\"https:\/\/www.africa-press.net\/\">Africa-Press<\/a><\/strong><\/p>\n","protected":false},"excerpt":{"rendered":"<p>Africa-Press &#8211; Cameroun. C\u2019est une lapalissade. Le Rassemblement de\u0301mocratique du peuple camerounais (RDPC) du pre\u0301sident Paul Biya, devrait remporter largement les e\u0301lections se\u0301natoriales qui ont eu lieu le 12 mars dernier au suffrage indirect. Le Conseil constitutionnel, devrait statuer sur des recours formule\u0301s devant lui. C\u2019est ce que la CRTV indique sur sa page Facebook. [&hellip;]<\/p>\n","protected":false},"author":82,"featured_media":39938,"comment_status":"open","ping_status":"closed","sticky":false,"template":"","format":"standard","meta":{"footnotes":""},"categories":[2,10],"tags":[36,50,49],"class_list":["post-39939","post","type-post","status-publish","format-standard","has-post-thumbnail","hentry","category-politique","category-toutes-les-actualites","tag-africa-press","tag-africa-press-cameroun","tag-cameroun"],"yoast_head":"<!-- This site is optimized with the Yoast SEO Premium plugin v26.1 (Yoast SEO v27.0) - https:\/\/yoast.com\/product\/yoast-seo-premium-wordpress\/ -->\n<title>Derni\u00e8re minute : Cl\u00e9ment Atangana reprend du service, une importante rencontre annonc\u00e9e aujourd\u2019hui - Cameroun<\/title>\n<meta name=\"description\" content=\"C\u2019est une lapalissade. Le Rassemblement de\u0301mocratique du peuple camerounais (RDPC) du pre\u0301sident Paul Biya, devrait remp ...\" \/>\n<meta name=\"robots\" content=\"index, follow, max-snippet:-1, max-image-preview:large, max-video-preview:-1\" \/>\n<link rel=\"canonical\" href=\"https:\/\/www.africa-press.net\/cameroun\/politique\/derniere-minute-clement-atangana-reprend-du-service-une-importante-rencontre-annoncee-aujourdhui\" \/>\n<meta property=\"og:locale\" content=\"fr_FR\" \/>\n<meta property=\"og:type\" content=\"article\" \/>\n<meta property=\"og:title\" content=\"Derni\u00e8re minute : Cl\u00e9ment Atangana reprend du service, une importante rencontre annonc\u00e9e aujourd\u2019hui\" \/>\n<meta property=\"og:description\" content=\"C\u2019est une lapalissade. Le Rassemblement de\u0301mocratique du peuple camerounais (RDPC) du pre\u0301sident Paul Biya, devrait remp ...\" \/>\n<meta property=\"og:url\" content=\"https:\/\/www.africa-press.net\/cameroun\/politique\/derniere-minute-clement-atangana-reprend-du-service-une-importante-rencontre-annoncee-aujourdhui\" \/>\n<meta property=\"og:site_name\" content=\"Cameroun\" \/>\n<meta property=\"article:published_time\" content=\"2023-03-21T18:21:14+00:00\" \/>\n<meta property=\"article:modified_time\" content=\"2023-03-21T18:57:00+00:00\" \/>\n<meta property=\"og:image\" content=\"https:\/\/static.africa-press.net\/cameroun\/sites\/57\/2023\/03\/postQueueImg_1679410278.03.jpg\" \/>\n\t<meta property=\"og:image:width\" content=\"720\" \/>\n\t<meta property=\"og:image:height\" content=\"360\" \/>\n\t<meta property=\"og:image:type\" content=\"image\/jpeg\" \/>\n<meta name=\"author\" content=\"cfeditorfr\" \/>\n<meta name=\"twitter:card\" content=\"summary_large_image\" \/>\n<meta name=\"twitter:label1\" content=\"\u00c9crit par\" \/>\n\t<meta name=\"twitter:data1\" content=\"cfeditorfr\" \/>\n\t<meta name=\"twitter:label2\" content=\"Dur\u00e9e de lecture estim\u00e9e\" \/>\n\t<meta name=\"twitter:data2\" content=\"2 minutes\" \/>\n<script type=\"application\/ld+json\" class=\"yoast-schema-graph\">{\"@context\":\"https:\/\/schema.org\",\"@graph\":[{\"@type\":\"Article\",\"@id\":\"https:\/\/www.africa-press.net\/cameroun\/politique\/derniere-minute-clement-atangana-reprend-du-service-une-importante-rencontre-annoncee-aujourdhui#article\",\"isPartOf\":{\"@id\":\"https:\/\/www.africa-press.net\/cameroun\/politique\/derniere-minute-clement-atangana-reprend-du-service-une-importante-rencontre-annoncee-aujourdhui\"},\"author\":{\"name\":\"cfeditorfr\",\"@id\":\"https:\/\/www.africa-press.net\/cameroun\/#\/schema\/person\/2b1cf3cd81a31e3cd26889ca66d677f1\"},\"headline\":\"Derni\u00e8re minute : Cl\u00e9ment Atangana reprend du service, une importante rencontre annonc\u00e9e aujourd\u2019hui\",\"datePublished\":\"2023-03-21T18:21:14+00:00\",\"dateModified\":\"2023-03-21T18:57:00+00:00\",\"mainEntityOfPage\":{\"@id\":\"https:\/\/www.africa-press.net\/cameroun\/politique\/derniere-minute-clement-atangana-reprend-du-service-une-importante-rencontre-annoncee-aujourdhui\"},\"wordCount\":361,\"commentCount\":0,\"image\":{\"@id\":\"https:\/\/www.africa-press.net\/cameroun\/politique\/derniere-minute-clement-atangana-reprend-du-service-une-importante-rencontre-annoncee-aujourdhui#primaryimage\"},\"thumbnailUrl\":\"https:\/\/static.africa-press.net\/cameroun\/sites\/57\/2023\/03\/postQueueImg_1679410278.03.jpg\",\"keywords\":[\"Africa Press\",\"Africa Press-Cameroun\",\"Cameroun\"],\"articleSection\":[\"Politique\",\"Toutes les actualit\u00e9s\"],\"inLanguage\":\"fr-FR\",\"potentialAction\":[{\"@type\":\"CommentAction\",\"name\":\"Comment\",\"target\":[\"https:\/\/www.africa-press.net\/cameroun\/politique\/derniere-minute-clement-atangana-reprend-du-service-une-importante-rencontre-annoncee-aujourdhui#respond\"]}]},{\"@type\":\"WebPage\",\"@id\":\"https:\/\/www.africa-press.net\/cameroun\/politique\/derniere-minute-clement-atangana-reprend-du-service-une-importante-rencontre-annoncee-aujourdhui\",\"url\":\"https:\/\/www.africa-press.net\/cameroun\/politique\/derniere-minute-clement-atangana-reprend-du-service-une-importante-rencontre-annoncee-aujourdhui\",\"name\":\"Derni\u00e8re minute : Cl\u00e9ment Atangana reprend du service, une importante rencontre annonc\u00e9e aujourd\u2019hui - Cameroun\",\"isPartOf\":{\"@id\":\"https:\/\/www.africa-press.net\/cameroun\/#website\"},\"primaryImageOfPage\":{\"@id\":\"https:\/\/www.africa-press.net\/cameroun\/politique\/derniere-minute-clement-atangana-reprend-du-service-une-importante-rencontre-annoncee-aujourdhui#primaryimage\"},\"image\":{\"@id\":\"https:\/\/www.africa-press.net\/cameroun\/politique\/derniere-minute-clement-atangana-reprend-du-service-une-importante-rencontre-annoncee-aujourdhui#primaryimage\"},\"thumbnailUrl\":\"https:\/\/static.africa-press.net\/cameroun\/sites\/57\/2023\/03\/postQueueImg_1679410278.03.jpg\",\"datePublished\":\"2023-03-21T18:21:14+00:00\",\"dateModified\":\"2023-03-21T18:57:00+00:00\",\"author\":{\"@id\":\"https:\/\/www.africa-press.net\/cameroun\/#\/schema\/person\/2b1cf3cd81a31e3cd26889ca66d677f1\"},\"description\":\"C\u2019est une lapalissade. Le Rassemblement de\u0301mocratique du peuple camerounais (RDPC) du pre\u0301sident Paul Biya, devrait remp ...\",\"breadcrumb\":{\"@id\":\"https:\/\/www.africa-press.net\/cameroun\/politique\/derniere-minute-clement-atangana-reprend-du-service-une-importante-rencontre-annoncee-aujourdhui#breadcrumb\"},\"inLanguage\":\"fr-FR\",\"potentialAction\":[{\"@type\":\"ReadAction\",\"target\":[\"https:\/\/www.africa-press.net\/cameroun\/politique\/derniere-minute-clement-atangana-reprend-du-service-une-importante-rencontre-annoncee-aujourdhui\"]}]},{\"@type\":\"ImageObject\",\"inLanguage\":\"fr-FR\",\"@id\":\"https:\/\/www.africa-press.net\/cameroun\/politique\/derniere-minute-clement-atangana-reprend-du-service-une-importante-rencontre-annoncee-aujourdhui#primaryimage\",\"url\":\"https:\/\/static.africa-press.net\/cameroun\/sites\/57\/2023\/03\/postQueueImg_1679410278.03.jpg\",\"contentUrl\":\"https:\/\/static.africa-press.net\/cameroun\/sites\/57\/2023\/03\/postQueueImg_1679410278.03.jpg\",\"width\":720,\"height\":360,\"caption\":\"Derni\u00e8re minute : Cl\u00e9ment Atangana reprend du service, une importante rencontre annonc\u00e9e aujourd\u2019hui\"},{\"@type\":\"BreadcrumbList\",\"@id\":\"https:\/\/www.africa-press.net\/cameroun\/politique\/derniere-minute-clement-atangana-reprend-du-service-une-importante-rencontre-annoncee-aujourdhui#breadcrumb\",\"itemListElement\":[{\"@type\":\"ListItem\",\"position\":1,\"name\":\"Accueil\",\"item\":\"https:\/\/www.africa-press.net\/cameroun\/\"},{\"@type\":\"ListItem\",\"position\":2,\"name\":\"Derni\u00e8re minute : Cl\u00e9ment Atangana reprend du service, une importante rencontre annonc\u00e9e aujourd\u2019hui\"}]},{\"@type\":\"WebSite\",\"@id\":\"https:\/\/www.africa-press.net\/cameroun\/#website\",\"url\":\"https:\/\/www.africa-press.net\/cameroun\/\",\"name\":\"Cameroun\",\"description\":\"Just another Africa News Agency Sites site\",\"potentialAction\":[{\"@type\":\"SearchAction\",\"target\":{\"@type\":\"EntryPoint\",\"urlTemplate\":\"https:\/\/www.africa-press.net\/cameroun\/?s={search_term_string}\"},\"query-input\":{\"@type\":\"PropertyValueSpecification\",\"valueRequired\":true,\"valueName\":\"search_term_string\"}}],\"inLanguage\":\"fr-FR\"},{\"@type\":\"Person\",\"@id\":\"https:\/\/www.africa-press.net\/cameroun\/#\/schema\/person\/2b1cf3cd81a31e3cd26889ca66d677f1\",\"name\":\"cfeditorfr\"}]}<\/script>\n<!-- \/ Yoast SEO Premium plugin. -->","yoast_head_json":{"title":"Derni\u00e8re minute : Cl\u00e9ment Atangana reprend du service, une importante rencontre annonc\u00e9e aujourd\u2019hui - Cameroun","description":"C\u2019est une lapalissade. Le Rassemblement de\u0301mocratique du peuple camerounais (RDPC) du pre\u0301sident Paul Biya, devrait remp ...","robots":{"index":"index","follow":"follow","max-snippet":"max-snippet:-1","max-image-preview":"max-image-preview:large","max-video-preview":"max-video-preview:-1"},"canonical":"https:\/\/www.africa-press.net\/cameroun\/politique\/derniere-minute-clement-atangana-reprend-du-service-une-importante-rencontre-annoncee-aujourdhui","og_locale":"fr_FR","og_type":"article","og_title":"Derni\u00e8re minute : Cl\u00e9ment Atangana reprend du service, une importante rencontre annonc\u00e9e aujourd\u2019hui","og_description":"C\u2019est une lapalissade. Le Rassemblement de\u0301mocratique du peuple camerounais (RDPC) du pre\u0301sident Paul Biya, devrait remp ...","og_url":"https:\/\/www.africa-press.net\/cameroun\/politique\/derniere-minute-clement-atangana-reprend-du-service-une-importante-rencontre-annoncee-aujourdhui","og_site_name":"Cameroun","article_published_time":"2023-03-21T18:21:14+00:00","article_modified_time":"2023-03-21T18:57:00+00:00","og_image":[{"width":720,"height":360,"url":"https:\/\/static.africa-press.net\/cameroun\/sites\/57\/2023\/03\/postQueueImg_1679410278.03.jpg","type":"image\/jpeg"}],"author":"cfeditorfr","twitter_card":"summary_large_image","twitter_misc":{"\u00c9crit par":"cfeditorfr","Dur\u00e9e de lecture estim\u00e9e":"2 minutes"},"schema":{"@context":"https:\/\/schema.org","@graph":[{"@type":"Article","@id":"https:\/\/www.africa-press.net\/cameroun\/politique\/derniere-minute-clement-atangana-reprend-du-service-une-importante-rencontre-annoncee-aujourdhui#article","isPartOf":{"@id":"https:\/\/www.africa-press.net\/cameroun\/politique\/derniere-minute-clement-atangana-reprend-du-service-une-importante-rencontre-annoncee-aujourdhui"},"author":{"name":"cfeditorfr","@id":"https:\/\/www.africa-press.net\/cameroun\/#\/schema\/person\/2b1cf3cd81a31e3cd26889ca66d677f1"},"headline":"Derni\u00e8re minute : Cl\u00e9ment Atangana reprend du service, une importante rencontre annonc\u00e9e aujourd\u2019hui","datePublished":"2023-03-21T18:21:14+00:00","dateModified":"2023-03-21T18:57:00+00:00","mainEntityOfPage":{"@id":"https:\/\/www.africa-press.net\/cameroun\/politique\/derniere-minute-clement-atangana-reprend-du-service-une-importante-rencontre-annoncee-aujourdhui"},"wordCount":361,"commentCount":0,"image":{"@id":"https:\/\/www.africa-press.net\/cameroun\/politique\/derniere-minute-clement-atangana-reprend-du-service-une-importante-rencontre-annoncee-aujourdhui#primaryimage"},"thumbnailUrl":"https:\/\/static.africa-press.net\/cameroun\/sites\/57\/2023\/03\/postQueueImg_1679410278.03.jpg","keywords":["Africa Press","Africa Press-Cameroun","Cameroun"],"articleSection":["Politique","Toutes les actualit\u00e9s"],"inLanguage":"fr-FR","potentialAction":[{"@type":"CommentAction","name":"Comment","target":["https:\/\/www.africa-press.net\/cameroun\/politique\/derniere-minute-clement-atangana-reprend-du-service-une-importante-rencontre-annoncee-aujourdhui#respond"]}]},{"@type":"WebPage","@id":"https:\/\/www.africa-press.net\/cameroun\/politique\/derniere-minute-clement-atangana-reprend-du-service-une-importante-rencontre-annoncee-aujourdhui","url":"https:\/\/www.africa-press.net\/cameroun\/politique\/derniere-minute-clement-atangana-reprend-du-service-une-importante-rencontre-annoncee-aujourdhui","name":"Derni\u00e8re minute : Cl\u00e9ment Atangana reprend du service, une importante rencontre annonc\u00e9e aujourd\u2019hui - Cameroun","isPartOf":{"@id":"https:\/\/www.africa-press.net\/cameroun\/#website"},"primaryImageOfPage":{"@id":"https:\/\/www.africa-press.net\/cameroun\/politique\/derniere-minute-clement-atangana-reprend-du-service-une-importante-rencontre-annoncee-aujourdhui#primaryimage"},"image":{"@id":"https:\/\/www.africa-press.net\/cameroun\/politique\/derniere-minute-clement-atangana-reprend-du-service-une-importante-rencontre-annoncee-aujourdhui#primaryimage"},"thumbnailUrl":"https:\/\/static.africa-press.net\/cameroun\/sites\/57\/2023\/03\/postQueueImg_1679410278.03.jpg","datePublished":"2023-03-21T18:21:14+00:00","dateModified":"2023-03-21T18:57:00+00:00","author":{"@id":"https:\/\/www.africa-press.net\/cameroun\/#\/schema\/person\/2b1cf3cd81a31e3cd26889ca66d677f1"},"description":"C\u2019est une lapalissade. Le Rassemblement de\u0301mocratique du peuple camerounais (RDPC) du pre\u0301sident Paul Biya, devrait remp ...","breadcrumb":{"@id":"https:\/\/www.africa-press.net\/cameroun\/politique\/derniere-minute-clement-atangana-reprend-du-service-une-importante-rencontre-annoncee-aujourdhui#breadcrumb"},"inLanguage":"fr-FR","potentialAction":[{"@type":"ReadAction","target":["https:\/\/www.africa-press.net\/cameroun\/politique\/derniere-minute-clement-atangana-reprend-du-service-une-importante-rencontre-annoncee-aujourdhui"]}]},{"@type":"ImageObject","inLanguage":"fr-FR","@id":"https:\/\/www.africa-press.net\/cameroun\/politique\/derniere-minute-clement-atangana-reprend-du-service-une-importante-rencontre-annoncee-aujourdhui#primaryimage","url":"https:\/\/static.africa-press.net\/cameroun\/sites\/57\/2023\/03\/postQueueImg_1679410278.03.jpg","contentUrl":"https:\/\/static.africa-press.net\/cameroun\/sites\/57\/2023\/03\/postQueueImg_1679410278.03.jpg","width":720,"height":360,"caption":"Derni\u00e8re minute : Cl\u00e9ment Atangana reprend du service, une importante rencontre annonc\u00e9e aujourd\u2019hui"},{"@type":"BreadcrumbList","@id":"https:\/\/www.africa-press.net\/cameroun\/politique\/derniere-minute-clement-atangana-reprend-du-service-une-importante-rencontre-annoncee-aujourdhui#breadcrumb","itemListElement":[{"@type":"ListItem","position":1,"name":"Accueil","item":"https:\/\/www.africa-press.net\/cameroun\/"},{"@type":"ListItem","position":2,"name":"Derni\u00e8re minute : Cl\u00e9ment Atangana reprend du service, une importante rencontre annonc\u00e9e aujourd\u2019hui"}]},{"@type":"WebSite","@id":"https:\/\/www.africa-press.net\/cameroun\/#website","url":"https:\/\/www.africa-press.net\/cameroun\/","name":"Cameroun","description":"Just another Africa News Agency Sites site","potentialAction":[{"@type":"SearchAction","target":{"@type":"EntryPoint","urlTemplate":"https:\/\/www.africa-press.net\/cameroun\/?s={search_term_string}"},"query-input":{"@type":"PropertyValueSpecification","valueRequired":true,"valueName":"search_term_string"}}],"inLanguage":"fr-FR"},{"@type":"Person","@id":"https:\/\/www.africa-press.net\/cameroun\/#\/schema\/person\/2b1cf3cd81a31e3cd26889ca66d677f1","name":"cfeditorfr"}]}},"_links":{"self":[{"href":"https:\/\/www.africa-press.net\/cameroun\/wp-json\/wp\/v2\/posts\/39939","targetHints":{"allow":["GET"]}}],"collection":[{"href":"https:\/\/www.africa-press.net\/cameroun\/wp-json\/wp\/v2\/posts"}],"about":[{"href":"https:\/\/www.africa-press.net\/cameroun\/wp-json\/wp\/v2\/types\/post"}],"author":[{"embeddable":true,"href":"https:\/\/www.africa-press.net\/cameroun\/wp-json\/wp\/v2\/users\/82"}],"replies":[{"embeddable":true,"href":"https:\/\/www.africa-press.net\/cameroun\/wp-json\/wp\/v2\/comments?post=39939"}],"version-history":[{"count":0,"href":"https:\/\/www.africa-press.net\/cameroun\/wp-json\/wp\/v2\/posts\/39939\/revisions"}],"wp:featuredmedia":[{"embeddable":true,"href":"https:\/\/www.africa-press.net\/cameroun\/wp-json\/wp\/v2\/media\/39938"}],"wp:attachment":[{"href":"https:\/\/www.africa-press.net\/cameroun\/wp-json\/wp\/v2\/media?parent=39939"}],"wp:term":[{"taxonomy":"category","embeddable":true,"href":"https:\/\/www.africa-press.net\/cameroun\/wp-json\/wp\/v2\/categories?post=39939"},{"taxonomy":"post_tag","embeddable":true,"href":"https:\/\/www.africa-press.net\/cameroun\/wp-json\/wp\/v2\/tags?post=39939"}],"curies":[{"name":"wp","href":"https:\/\/api.w.org\/{rel}","templated":true}]}}