{"id":39942,"date":"2023-03-21T18:21:24","date_gmt":"2023-03-21T18:21:24","guid":{"rendered":"https:\/\/www.africa-press.net\/cameroun\/politique\/3-camerounais-morts-dans-un-naufrage-en-turquie-la-reaction-de-lambassade"},"modified":"2023-03-21T18:57:26","modified_gmt":"2023-03-21T18:57:26","slug":"3-camerounais-morts-dans-un-naufrage-en-turquie-la-reaction-de-lambassade","status":"publish","type":"post","link":"https:\/\/www.africa-press.net\/cameroun\/toutes-les-actualites\/3-camerounais-morts-dans-un-naufrage-en-turquie-la-reaction-de-lambassade","title":{"rendered":"3 Camerounais morts dans un naufrage en Turquie : la r\u00e9action de l\u2019ambassade"},"content":{"rendered":"<p><span style=\"color: #ff6600\"><strong>Africa-Press &#8211; Cameroun. <\/strong><\/span>Il y a quelques jours, un bateau a fait naufrage aux larges des co\u0302tes Sud-Ouest de la Tu\u0308rkiye. L\u2019Ambassade du Cameroun en Turquie a fait une re\u0301action apre\u0300s la de\u0301couverte du bateau naufrage\u0301. La note a e\u0301te\u0301 adresse\u0301e a\u0300 l&rsquo;attention des membres de la communaute\u0301 camerounaise de Tu\u0308rkiye.<\/p>\n<p>L&rsquo;Ambassade de la Re\u0301publique du Cameroun en Re\u0301publique de Tu\u0308rkiye a le regret d&rsquo;informer les Membres de la Communaute\u0301 Camerounaise de Tu\u0308rkiye, qu&rsquo;a\u0300 l&rsquo;issue des de\u0301marches entreprises par le Poste Diplomatique en collaboration avec les Autorite\u0301s Turques, suite au naufrage d&rsquo;un bateau survenu aux larges des co\u0302tes Sud-Ouest de la Tu\u0308rkiye dans la nuit du lundi 13 au mardi 14 mars 2023, il a e\u0301te\u0301 identifie\u0301 a\u0300 ce jour, 03 corps de nos compatriotes (Deux femmes et un homme) qui sont a\u0300 la morgue a\u0300 Izmir.<\/p>\n<p>\u00ab L&rsquo;Ambassade poursuit le travail d&rsquo;identification et invite les familles et autres Membres de la Communaute\u0301 Camerounaise de Tu\u0308rkiye qui seraient a\u0300 la recherche d&rsquo;un proche, de bien vouloir nous faire tenir en urgence, toutes pie\u0300ces d&rsquo;identite\u0301 ou photos pouvant faciliter les recherches en cours mene\u0301es par la De\u0301le\u0301gation des responsables de l&rsquo;Ambassade qui est a\u0300 pied d&rsquo;\u0153uvre a\u0300 Izmir \u00bb, apprend-on.<\/p>\n<p>L\u2019Ambassade indique par ailleurs que \u00ab pour toute information a\u0300 ce sujet, bien vouloir contacter le point focal de l&rsquo;Ambassade au nume\u0301ro de te\u0301le\u0301phone +90 537 414 81 56. \u00bb<\/p>\n<p>L&rsquo;Ambassade dit compter sur toutes les structures associatives pour assurer une large diffusion du pre\u0301sent Communique\u0301 aupre\u0300s des Membres de la Communaute\u0301 Camerounaise de Tu\u0308rkiye.<\/p>\n<p><strong>Pour plus d&rsquo;informations et d&rsquo;analyses sur la <a href=\"https:\/\/www.africa-press.net\/cameroun\">Cameroun<\/a>, suivez <a href=\"https:\/\/www.africa-press.net\/\">Africa-Press<\/a><\/strong><\/p>\n","protected":false},"excerpt":{"rendered":"<p>Africa-Press &#8211; Cameroun. Il y a quelques jours, un bateau a fait naufrage aux larges des co\u0302tes Sud-Ouest de la Tu\u0308rkiye. L\u2019Ambassade du Cameroun en Turquie a fait une re\u0301action apre\u0300s la de\u0301couverte du bateau naufrage\u0301. La note a e\u0301te\u0301 adresse\u0301e a\u0300 l&rsquo;attention des membres de la communaute\u0301 camerounaise de Tu\u0308rkiye. L&rsquo;Ambassade de la Re\u0301publique [&hellip;]<\/p>\n","protected":false},"author":82,"featured_media":39941,"comment_status":"open","ping_status":"closed","sticky":false,"template":"","format":"standard","meta":{"footnotes":""},"categories":[21,10],"tags":[36,50,49],"class_list":["post-39942","post","type-post","status-publish","format-standard","has-post-thumbnail","hentry","category-communaute","category-toutes-les-actualites","tag-africa-press","tag-africa-press-cameroun","tag-cameroun"],"yoast_head":"<!-- This site is optimized with the Yoast SEO Premium plugin v26.1 (Yoast SEO v27.0) - https:\/\/yoast.com\/product\/yoast-seo-premium-wordpress\/ -->\n<title>3 Camerounais morts dans un naufrage en Turquie : la r\u00e9action de l\u2019ambassade - Cameroun<\/title>\n<meta name=\"description\" content=\"Il y a quelques jours, un bateau a fait naufrage aux larges des co\u0302tes Sud-Ouest de la Tu\u0308rkiye. L\u2019Ambassade du Cameroun ...\" \/>\n<meta name=\"robots\" content=\"index, follow, max-snippet:-1, max-image-preview:large, max-video-preview:-1\" \/>\n<link rel=\"canonical\" href=\"https:\/\/www.africa-press.net\/cameroun\/toutes-les-actualites\/3-camerounais-morts-dans-un-naufrage-en-turquie-la-reaction-de-lambassade\" \/>\n<meta property=\"og:locale\" content=\"fr_FR\" \/>\n<meta property=\"og:type\" content=\"article\" \/>\n<meta property=\"og:title\" content=\"3 Camerounais morts dans un naufrage en Turquie : la r\u00e9action de l\u2019ambassade\" \/>\n<meta property=\"og:description\" content=\"Il y a quelques jours, un bateau a fait naufrage aux larges des co\u0302tes Sud-Ouest de la Tu\u0308rkiye. L\u2019Ambassade du Cameroun ...\" \/>\n<meta property=\"og:url\" content=\"https:\/\/www.africa-press.net\/cameroun\/toutes-les-actualites\/3-camerounais-morts-dans-un-naufrage-en-turquie-la-reaction-de-lambassade\" \/>\n<meta property=\"og:site_name\" content=\"Cameroun\" \/>\n<meta property=\"article:published_time\" content=\"2023-03-21T18:21:24+00:00\" \/>\n<meta property=\"article:modified_time\" content=\"2023-03-21T18:57:26+00:00\" \/>\n<meta property=\"og:image\" content=\"https:\/\/static.africa-press.net\/cameroun\/sites\/57\/2023\/03\/postQueueImg_1679410287.42.jpg\" \/>\n\t<meta property=\"og:image:width\" content=\"720\" \/>\n\t<meta property=\"og:image:height\" content=\"406\" \/>\n\t<meta property=\"og:image:type\" content=\"image\/jpeg\" \/>\n<meta name=\"author\" content=\"cfeditorfr\" \/>\n<meta name=\"twitter:card\" content=\"summary_large_image\" \/>\n<meta name=\"twitter:label1\" content=\"\u00c9crit par\" \/>\n\t<meta name=\"twitter:data1\" content=\"cfeditorfr\" \/>\n\t<meta name=\"twitter:label2\" content=\"Dur\u00e9e de lecture estim\u00e9e\" \/>\n\t<meta name=\"twitter:data2\" content=\"1 minute\" \/>\n<script type=\"application\/ld+json\" class=\"yoast-schema-graph\">{\"@context\":\"https:\/\/schema.org\",\"@graph\":[{\"@type\":\"Article\",\"@id\":\"https:\/\/www.africa-press.net\/cameroun\/toutes-les-actualites\/3-camerounais-morts-dans-un-naufrage-en-turquie-la-reaction-de-lambassade#article\",\"isPartOf\":{\"@id\":\"https:\/\/www.africa-press.net\/cameroun\/toutes-les-actualites\/3-camerounais-morts-dans-un-naufrage-en-turquie-la-reaction-de-lambassade\"},\"author\":{\"name\":\"cfeditorfr\",\"@id\":\"https:\/\/www.africa-press.net\/cameroun\/#\/schema\/person\/2b1cf3cd81a31e3cd26889ca66d677f1\"},\"headline\":\"3 Camerounais morts dans un naufrage en Turquie : la r\u00e9action de l\u2019ambassade\",\"datePublished\":\"2023-03-21T18:21:24+00:00\",\"dateModified\":\"2023-03-21T18:57:26+00:00\",\"mainEntityOfPage\":{\"@id\":\"https:\/\/www.africa-press.net\/cameroun\/toutes-les-actualites\/3-camerounais-morts-dans-un-naufrage-en-turquie-la-reaction-de-lambassade\"},\"wordCount\":310,\"commentCount\":0,\"image\":{\"@id\":\"https:\/\/www.africa-press.net\/cameroun\/toutes-les-actualites\/3-camerounais-morts-dans-un-naufrage-en-turquie-la-reaction-de-lambassade#primaryimage\"},\"thumbnailUrl\":\"https:\/\/static.africa-press.net\/cameroun\/sites\/57\/2023\/03\/postQueueImg_1679410287.42.jpg\",\"keywords\":[\"Africa Press\",\"Africa Press-Cameroun\",\"Cameroun\"],\"articleSection\":[\"Communaut\u00e9\",\"Toutes les actualit\u00e9s\"],\"inLanguage\":\"fr-FR\",\"potentialAction\":[{\"@type\":\"CommentAction\",\"name\":\"Comment\",\"target\":[\"https:\/\/www.africa-press.net\/cameroun\/toutes-les-actualites\/3-camerounais-morts-dans-un-naufrage-en-turquie-la-reaction-de-lambassade#respond\"]}]},{\"@type\":\"WebPage\",\"@id\":\"https:\/\/www.africa-press.net\/cameroun\/toutes-les-actualites\/3-camerounais-morts-dans-un-naufrage-en-turquie-la-reaction-de-lambassade\",\"url\":\"https:\/\/www.africa-press.net\/cameroun\/toutes-les-actualites\/3-camerounais-morts-dans-un-naufrage-en-turquie-la-reaction-de-lambassade\",\"name\":\"3 Camerounais morts dans un naufrage en Turquie : la r\u00e9action de l\u2019ambassade - Cameroun\",\"isPartOf\":{\"@id\":\"https:\/\/www.africa-press.net\/cameroun\/#website\"},\"primaryImageOfPage\":{\"@id\":\"https:\/\/www.africa-press.net\/cameroun\/toutes-les-actualites\/3-camerounais-morts-dans-un-naufrage-en-turquie-la-reaction-de-lambassade#primaryimage\"},\"image\":{\"@id\":\"https:\/\/www.africa-press.net\/cameroun\/toutes-les-actualites\/3-camerounais-morts-dans-un-naufrage-en-turquie-la-reaction-de-lambassade#primaryimage\"},\"thumbnailUrl\":\"https:\/\/static.africa-press.net\/cameroun\/sites\/57\/2023\/03\/postQueueImg_1679410287.42.jpg\",\"datePublished\":\"2023-03-21T18:21:24+00:00\",\"dateModified\":\"2023-03-21T18:57:26+00:00\",\"author\":{\"@id\":\"https:\/\/www.africa-press.net\/cameroun\/#\/schema\/person\/2b1cf3cd81a31e3cd26889ca66d677f1\"},\"description\":\"Il y a quelques jours, un bateau a fait naufrage aux larges des co\u0302tes Sud-Ouest de la Tu\u0308rkiye. L\u2019Ambassade du Cameroun ...\",\"breadcrumb\":{\"@id\":\"https:\/\/www.africa-press.net\/cameroun\/toutes-les-actualites\/3-camerounais-morts-dans-un-naufrage-en-turquie-la-reaction-de-lambassade#breadcrumb\"},\"inLanguage\":\"fr-FR\",\"potentialAction\":[{\"@type\":\"ReadAction\",\"target\":[\"https:\/\/www.africa-press.net\/cameroun\/toutes-les-actualites\/3-camerounais-morts-dans-un-naufrage-en-turquie-la-reaction-de-lambassade\"]}]},{\"@type\":\"ImageObject\",\"inLanguage\":\"fr-FR\",\"@id\":\"https:\/\/www.africa-press.net\/cameroun\/toutes-les-actualites\/3-camerounais-morts-dans-un-naufrage-en-turquie-la-reaction-de-lambassade#primaryimage\",\"url\":\"https:\/\/static.africa-press.net\/cameroun\/sites\/57\/2023\/03\/postQueueImg_1679410287.42.jpg\",\"contentUrl\":\"https:\/\/static.africa-press.net\/cameroun\/sites\/57\/2023\/03\/postQueueImg_1679410287.42.jpg\",\"width\":720,\"height\":406,\"caption\":\"3 Camerounais morts dans un naufrage en Turquie : la r\u00e9action de l\u2019ambassade\"},{\"@type\":\"BreadcrumbList\",\"@id\":\"https:\/\/www.africa-press.net\/cameroun\/toutes-les-actualites\/3-camerounais-morts-dans-un-naufrage-en-turquie-la-reaction-de-lambassade#breadcrumb\",\"itemListElement\":[{\"@type\":\"ListItem\",\"position\":1,\"name\":\"Accueil\",\"item\":\"https:\/\/www.africa-press.net\/cameroun\/\"},{\"@type\":\"ListItem\",\"position\":2,\"name\":\"3 Camerounais morts dans un naufrage en Turquie : la r\u00e9action de l\u2019ambassade\"}]},{\"@type\":\"WebSite\",\"@id\":\"https:\/\/www.africa-press.net\/cameroun\/#website\",\"url\":\"https:\/\/www.africa-press.net\/cameroun\/\",\"name\":\"Cameroun\",\"description\":\"Just another Africa News Agency Sites site\",\"potentialAction\":[{\"@type\":\"SearchAction\",\"target\":{\"@type\":\"EntryPoint\",\"urlTemplate\":\"https:\/\/www.africa-press.net\/cameroun\/?s={search_term_string}\"},\"query-input\":{\"@type\":\"PropertyValueSpecification\",\"valueRequired\":true,\"valueName\":\"search_term_string\"}}],\"inLanguage\":\"fr-FR\"},{\"@type\":\"Person\",\"@id\":\"https:\/\/www.africa-press.net\/cameroun\/#\/schema\/person\/2b1cf3cd81a31e3cd26889ca66d677f1\",\"name\":\"cfeditorfr\"}]}<\/script>\n<!-- \/ Yoast SEO Premium plugin. -->","yoast_head_json":{"title":"3 Camerounais morts dans un naufrage en Turquie : la r\u00e9action de l\u2019ambassade - Cameroun","description":"Il y a quelques jours, un bateau a fait naufrage aux larges des co\u0302tes Sud-Ouest de la Tu\u0308rkiye. L\u2019Ambassade du Cameroun ...","robots":{"index":"index","follow":"follow","max-snippet":"max-snippet:-1","max-image-preview":"max-image-preview:large","max-video-preview":"max-video-preview:-1"},"canonical":"https:\/\/www.africa-press.net\/cameroun\/toutes-les-actualites\/3-camerounais-morts-dans-un-naufrage-en-turquie-la-reaction-de-lambassade","og_locale":"fr_FR","og_type":"article","og_title":"3 Camerounais morts dans un naufrage en Turquie : la r\u00e9action de l\u2019ambassade","og_description":"Il y a quelques jours, un bateau a fait naufrage aux larges des co\u0302tes Sud-Ouest de la Tu\u0308rkiye. L\u2019Ambassade du Cameroun ...","og_url":"https:\/\/www.africa-press.net\/cameroun\/toutes-les-actualites\/3-camerounais-morts-dans-un-naufrage-en-turquie-la-reaction-de-lambassade","og_site_name":"Cameroun","article_published_time":"2023-03-21T18:21:24+00:00","article_modified_time":"2023-03-21T18:57:26+00:00","og_image":[{"width":720,"height":406,"url":"https:\/\/static.africa-press.net\/cameroun\/sites\/57\/2023\/03\/postQueueImg_1679410287.42.jpg","type":"image\/jpeg"}],"author":"cfeditorfr","twitter_card":"summary_large_image","twitter_misc":{"\u00c9crit par":"cfeditorfr","Dur\u00e9e de lecture estim\u00e9e":"1 minute"},"schema":{"@context":"https:\/\/schema.org","@graph":[{"@type":"Article","@id":"https:\/\/www.africa-press.net\/cameroun\/toutes-les-actualites\/3-camerounais-morts-dans-un-naufrage-en-turquie-la-reaction-de-lambassade#article","isPartOf":{"@id":"https:\/\/www.africa-press.net\/cameroun\/toutes-les-actualites\/3-camerounais-morts-dans-un-naufrage-en-turquie-la-reaction-de-lambassade"},"author":{"name":"cfeditorfr","@id":"https:\/\/www.africa-press.net\/cameroun\/#\/schema\/person\/2b1cf3cd81a31e3cd26889ca66d677f1"},"headline":"3 Camerounais morts dans un naufrage en Turquie : la r\u00e9action de l\u2019ambassade","datePublished":"2023-03-21T18:21:24+00:00","dateModified":"2023-03-21T18:57:26+00:00","mainEntityOfPage":{"@id":"https:\/\/www.africa-press.net\/cameroun\/toutes-les-actualites\/3-camerounais-morts-dans-un-naufrage-en-turquie-la-reaction-de-lambassade"},"wordCount":310,"commentCount":0,"image":{"@id":"https:\/\/www.africa-press.net\/cameroun\/toutes-les-actualites\/3-camerounais-morts-dans-un-naufrage-en-turquie-la-reaction-de-lambassade#primaryimage"},"thumbnailUrl":"https:\/\/static.africa-press.net\/cameroun\/sites\/57\/2023\/03\/postQueueImg_1679410287.42.jpg","keywords":["Africa Press","Africa Press-Cameroun","Cameroun"],"articleSection":["Communaut\u00e9","Toutes les actualit\u00e9s"],"inLanguage":"fr-FR","potentialAction":[{"@type":"CommentAction","name":"Comment","target":["https:\/\/www.africa-press.net\/cameroun\/toutes-les-actualites\/3-camerounais-morts-dans-un-naufrage-en-turquie-la-reaction-de-lambassade#respond"]}]},{"@type":"WebPage","@id":"https:\/\/www.africa-press.net\/cameroun\/toutes-les-actualites\/3-camerounais-morts-dans-un-naufrage-en-turquie-la-reaction-de-lambassade","url":"https:\/\/www.africa-press.net\/cameroun\/toutes-les-actualites\/3-camerounais-morts-dans-un-naufrage-en-turquie-la-reaction-de-lambassade","name":"3 Camerounais morts dans un naufrage en Turquie : la r\u00e9action de l\u2019ambassade - Cameroun","isPartOf":{"@id":"https:\/\/www.africa-press.net\/cameroun\/#website"},"primaryImageOfPage":{"@id":"https:\/\/www.africa-press.net\/cameroun\/toutes-les-actualites\/3-camerounais-morts-dans-un-naufrage-en-turquie-la-reaction-de-lambassade#primaryimage"},"image":{"@id":"https:\/\/www.africa-press.net\/cameroun\/toutes-les-actualites\/3-camerounais-morts-dans-un-naufrage-en-turquie-la-reaction-de-lambassade#primaryimage"},"thumbnailUrl":"https:\/\/static.africa-press.net\/cameroun\/sites\/57\/2023\/03\/postQueueImg_1679410287.42.jpg","datePublished":"2023-03-21T18:21:24+00:00","dateModified":"2023-03-21T18:57:26+00:00","author":{"@id":"https:\/\/www.africa-press.net\/cameroun\/#\/schema\/person\/2b1cf3cd81a31e3cd26889ca66d677f1"},"description":"Il y a quelques jours, un bateau a fait naufrage aux larges des co\u0302tes Sud-Ouest de la Tu\u0308rkiye. L\u2019Ambassade du Cameroun ...","breadcrumb":{"@id":"https:\/\/www.africa-press.net\/cameroun\/toutes-les-actualites\/3-camerounais-morts-dans-un-naufrage-en-turquie-la-reaction-de-lambassade#breadcrumb"},"inLanguage":"fr-FR","potentialAction":[{"@type":"ReadAction","target":["https:\/\/www.africa-press.net\/cameroun\/toutes-les-actualites\/3-camerounais-morts-dans-un-naufrage-en-turquie-la-reaction-de-lambassade"]}]},{"@type":"ImageObject","inLanguage":"fr-FR","@id":"https:\/\/www.africa-press.net\/cameroun\/toutes-les-actualites\/3-camerounais-morts-dans-un-naufrage-en-turquie-la-reaction-de-lambassade#primaryimage","url":"https:\/\/static.africa-press.net\/cameroun\/sites\/57\/2023\/03\/postQueueImg_1679410287.42.jpg","contentUrl":"https:\/\/static.africa-press.net\/cameroun\/sites\/57\/2023\/03\/postQueueImg_1679410287.42.jpg","width":720,"height":406,"caption":"3 Camerounais morts dans un naufrage en Turquie : la r\u00e9action de l\u2019ambassade"},{"@type":"BreadcrumbList","@id":"https:\/\/www.africa-press.net\/cameroun\/toutes-les-actualites\/3-camerounais-morts-dans-un-naufrage-en-turquie-la-reaction-de-lambassade#breadcrumb","itemListElement":[{"@type":"ListItem","position":1,"name":"Accueil","item":"https:\/\/www.africa-press.net\/cameroun\/"},{"@type":"ListItem","position":2,"name":"3 Camerounais morts dans un naufrage en Turquie : la r\u00e9action de l\u2019ambassade"}]},{"@type":"WebSite","@id":"https:\/\/www.africa-press.net\/cameroun\/#website","url":"https:\/\/www.africa-press.net\/cameroun\/","name":"Cameroun","description":"Just another Africa News Agency Sites site","potentialAction":[{"@type":"SearchAction","target":{"@type":"EntryPoint","urlTemplate":"https:\/\/www.africa-press.net\/cameroun\/?s={search_term_string}"},"query-input":{"@type":"PropertyValueSpecification","valueRequired":true,"valueName":"search_term_string"}}],"inLanguage":"fr-FR"},{"@type":"Person","@id":"https:\/\/www.africa-press.net\/cameroun\/#\/schema\/person\/2b1cf3cd81a31e3cd26889ca66d677f1","name":"cfeditorfr"}]}},"_links":{"self":[{"href":"https:\/\/www.africa-press.net\/cameroun\/wp-json\/wp\/v2\/posts\/39942","targetHints":{"allow":["GET"]}}],"collection":[{"href":"https:\/\/www.africa-press.net\/cameroun\/wp-json\/wp\/v2\/posts"}],"about":[{"href":"https:\/\/www.africa-press.net\/cameroun\/wp-json\/wp\/v2\/types\/post"}],"author":[{"embeddable":true,"href":"https:\/\/www.africa-press.net\/cameroun\/wp-json\/wp\/v2\/users\/82"}],"replies":[{"embeddable":true,"href":"https:\/\/www.africa-press.net\/cameroun\/wp-json\/wp\/v2\/comments?post=39942"}],"version-history":[{"count":0,"href":"https:\/\/www.africa-press.net\/cameroun\/wp-json\/wp\/v2\/posts\/39942\/revisions"}],"wp:featuredmedia":[{"embeddable":true,"href":"https:\/\/www.africa-press.net\/cameroun\/wp-json\/wp\/v2\/media\/39941"}],"wp:attachment":[{"href":"https:\/\/www.africa-press.net\/cameroun\/wp-json\/wp\/v2\/media?parent=39942"}],"wp:term":[{"taxonomy":"category","embeddable":true,"href":"https:\/\/www.africa-press.net\/cameroun\/wp-json\/wp\/v2\/categories?post=39942"},{"taxonomy":"post_tag","embeddable":true,"href":"https:\/\/www.africa-press.net\/cameroun\/wp-json\/wp\/v2\/tags?post=39942"}],"curies":[{"name":"wp","href":"https:\/\/api.w.org\/{rel}","templated":true}]}}